{"id":6441,"date":"2021-05-03T11:22:12","date_gmt":"2021-05-03T11:22:12","guid":{"rendered":"https:\/\/www.africa-press.net\/centrafricaine\/?p=6441"},"modified":"2021-05-03T13:31:02","modified_gmt":"2021-05-03T13:31:02","slug":"centrafrique-rentree-parlementaire-dans-lindignite-absolue","status":"publish","type":"post","link":"https:\/\/www.africa-press.net\/centrafricaine\/politique\/centrafrique-rentree-parlementaire-dans-lindignite-absolue","title":{"rendered":"Rentr\u00e9e parlementaire dans l\u2019indignit\u00e9 absolue"},"content":{"rendered":"<p><span style=\"color: #ff6600\"><strong><a href=\"https:\/\/www.africa-press.net\/\">Africa-Press<\/a> &#8211; <a href=\"https:\/\/www.africa-press.net\/centrafricaine\">CentrAfricaine<\/a>.\u00a0 <\/strong><\/span>Les d\u00e9put\u00e9s de la 7e l\u00e9gislature prennent fonction ce jour. Un d\u00e9but de mandat marqu\u00e9 d\u2019ores et d\u00e9j\u00e0 par un scandale qui ne dit pas son nom. Les maux de tous les jours et le quotidien des l\u00e9gislateurs que sont l\u2019indignit\u00e9 et la corruption.<\/p>\n<p>1-L\u2019indignit\u00e9<\/p>\n<p>Qui peut imaginer que les \u00e9lus fraichement \u00e9lus et les anciens r\u00e9\u00e9lus ne peuvent pas avoir leurs attribues distinctifs, macaron, fanion, sacs et autres biens dont le l\u00e9gislateurs a besoin et qui naturellement l\u2019Etat devrait leur conf\u00e9rer. A la surprise nationale, l\u2019histoire se r\u00e9p\u00e8te et les b\u00eatises de la transition qui porte l\u2019emprunte de Davy Yama a encore une fois guid\u00e9e les pas de Laurent Ngon Baba pourtant une autorit\u00e9 morale. Triste et tr\u00e8s triste.<\/p>\n<p>Il faut absolument un audit de la gestion de la 6e l\u00e9gislature du Dieudonn\u00e9 Ngon-Baba (Nzapa-Mou-Na Mbi) qui excelle dans les d\u00e9tournements et qui peine \u00e0 faire un bilan elogieux de son passage \u00e0 la t\u00eate de l\u2019Assembl\u00e9e. Celui qui est capable de tout donner \u00e0 Touadera m\u00eame sa foi et \u00e0 m\u00eame de trahir ses valeurs islamiques pour plaire \u00e0 celui qui l\u2019a plac\u00e9 au seuil de ses r\u00eaves.<\/p>\n<p>Tout \u00e7a pour \u00e7a, Dieudonn\u00e9 Laurent Ngon Baba a prouv\u00e9 de quoi il est capable en mettant en place une strat\u00e9gie de d\u00e9tournement avec Gina Sanz\u00e9 pour d\u00e9tourner les subsides que l\u2019Etat a donn\u00e9 pour cr\u00e9er les conditions d\u00e9centes de si\u00e8ges pour les d\u00e9put\u00e9s de la 7e l\u00e9gislatures. Eh! Et si la honte pouvait tuer.<\/p>\n<p><b>O\u00f9 se trouve la Haute Autorit\u00e9 de la Bonne Gouvernance ?<\/b><\/p>\n<p>La Cour des Comptes qui par des vis\u00e9s politiques avaient inqui\u00e9t\u00e9 Meckassoua ne sentent t\u2019elles pas l\u2019odeur du parfum de scandale \u00e0 l\u2019Assembl\u00e9e nationale et dans les institutions de la R\u00e9publique ? Une crise morale s\u2019enracine dans ce pays d\u00e9sormais et \u00e0 l\u2019actif de Faustin Archange Touadera qui chante urbi orbi la rupture et sa fameuse ligne rouge de Damara. Il en sait bien parce qu\u2019il \u00e9tait le d\u00e9put\u00e9 de Damara quand la ligne rouge a \u00e9t\u00e9 franchie. Par cons\u00e9quent, il offre \u00e0 son peuple un march\u00e9 de dupe en parlant de la ligne rouge. Pauvre RCA et path\u00e9tiques dirigeants.<\/p>\n<p><b>La corruption<\/b><\/p>\n<p>Faustin Archange Touadera et son r\u00e9gime son la partie visible de la corruption. Simplice Mathieu Sarandji et Arthur Piri, deux grands Croix dans l\u2019ordre de la corruption en Centrafrique ont tr\u00e8s vite mis en place la machine de d\u00e9bauchage des \u00e9lus \u00e0 coup de CFA sortie tout droit du tr\u00e9sor public pour l\u2019achat de conscience des d\u00e9put\u00e9s KNK et URCA.<\/p>\n<p>Un crime pr\u00e9vu et puni, mais comme Eric Didier Tambo est le procureur g\u00e9n\u00e9ral parental et donc dans le basket de Sarandji, ce dernier fertile en d\u00e9claration hasardeuse ne peut en aucun cas inqui\u00e9ter ses parents corrompus et malveillants. Les poisons de l\u2019administrations parlementaires sont devant les objectifs qu\u2019ils ont atteint gr\u00e2ce \u00e0 l\u2019appui de la s\u0153ur Darlan et du fr\u00e8re unis Barthelemy Mathias Morouba.<\/p>\n<p><b>La r\u00e9publique d\u00e9cent en enfer avec le m\u00e9pris.<\/b><\/p>\n<p>On se demande si Firmin Ngrebada va si\u00e9ger. Plusieurs membres de son gouvernement sont aussi \u00e9lus, mais il n\u2019a pas d\u00e9missionner, une corruption morale alors que les textes en vigueur en Centrafrique interdisent le cumul de mandat. Mais comme avec les russes, les textes n\u2019ont pas droit de citer Ngrebada, Sarandji et Touadera peuvent faire du pays ce qu\u2019ils veulent. Vive le pays de Boganda.<\/p>\n<p>&nbsp;<\/p>\n","protected":false},"excerpt":{"rendered":"<p>Africa-Press &#8211; CentrAfricaine.\u00a0 Les d\u00e9put\u00e9s de la 7e l\u00e9gislature prennent fonction ce jour. Un d\u00e9but de mandat marqu\u00e9 d\u2019ores et d\u00e9j\u00e0 par un scandale qui ne dit pas son nom. Les maux de tous les jours et le quotidien des l\u00e9gislateurs que sont l\u2019indignit\u00e9 et la corruption. 1-L\u2019indignit\u00e9 Qui peut imaginer que les \u00e9lus fraichement [&hellip;]<\/p>\n","protected":false},"author":82,"featured_media":6440,"comment_status":"open","ping_status":"closed","sticky":false,"template":"","format":"standard","meta":{"footnotes":""},"categories":[11,2,20,10],"tags":[36,58,30],"class_list":["post-6441","post","type-post","status-publish","format-standard","has-post-thumbnail","hentry","category-homepage-french","category-politique","category-top-nouvelles","category-toutes-les-actualites","tag-africa-press","tag-africa-press-centrafricaine","tag-centrafricaine"],"yoast_head":"<!-- This site is optimized with the Yoast SEO Premium plugin v26.1 (Yoast SEO v27.0) - https:\/\/yoast.com\/product\/yoast-seo-premium-wordpress\/ -->\n<title>Rentr\u00e9e parlementaire dans l\u2019indignit\u00e9 absolue - centrafricaine<\/title>\n<meta name=\"description\" content=\"Bangui, R\u00e9publique centrafricaine, lundi, 8 mai 2021, 03:40:56 ( Corbeaunews-Centrafrique ). Les d\u00e9put\u00e9s de la 7 ...\" \/>\n<meta name=\"robots\" content=\"index, follow, max-snippet:-1, max-image-preview:large, max-video-preview:-1\" \/>\n<link rel=\"canonical\" href=\"https:\/\/www.africa-press.net\/centrafricaine\/politique\/centrafrique-rentree-parlementaire-dans-lindignite-absolue\" \/>\n<meta property=\"og:locale\" content=\"fr_FR\" \/>\n<meta property=\"og:type\" content=\"article\" \/>\n<meta property=\"og:title\" content=\"Rentr\u00e9e parlementaire dans l\u2019indignit\u00e9 absolue\" \/>\n<meta property=\"og:description\" content=\"Bangui, R\u00e9publique centrafricaine, lundi, 8 mai 2021, 03:40:56 ( Corbeaunews-Centrafrique ). Les d\u00e9put\u00e9s de la 7 ...\" \/>\n<meta property=\"og:url\" content=\"https:\/\/www.africa-press.net\/centrafricaine\/politique\/centrafrique-rentree-parlementaire-dans-lindignite-absolue\" \/>\n<meta property=\"og:site_name\" content=\"centrafricaine\" \/>\n<meta property=\"article:published_time\" content=\"2021-05-03T11:22:12+00:00\" \/>\n<meta property=\"article:modified_time\" content=\"2021-05-03T13:31:02+00:00\" \/>\n<meta property=\"og:image\" content=\"https:\/\/static.africa-press.net\/centrafricaine\/sites\/45\/2021\/05\/img-608fd1d157c84.jpg\" \/>\n\t<meta property=\"og:image:width\" content=\"750\" \/>\n\t<meta property=\"og:image:height\" content=\"420\" \/>\n\t<meta property=\"og:image:type\" content=\"image\/jpeg\" \/>\n<meta name=\"author\" content=\"cfeditorfr\" \/>\n<meta name=\"twitter:card\" content=\"summary_large_image\" \/>\n<meta name=\"twitter:label1\" content=\"\u00c9crit par\" \/>\n\t<meta name=\"twitter:data1\" content=\"cfeditorfr\" \/>\n\t<meta name=\"twitter:label2\" content=\"Dur\u00e9e de lecture estim\u00e9e\" \/>\n\t<meta name=\"twitter:data2\" content=\"3 minutes\" \/>\n<script type=\"application\/ld+json\" class=\"yoast-schema-graph\">{\"@context\":\"https:\/\/schema.org\",\"@graph\":[{\"@type\":\"Article\",\"@id\":\"https:\/\/www.africa-press.net\/centrafricaine\/politique\/centrafrique-rentree-parlementaire-dans-lindignite-absolue#article\",\"isPartOf\":{\"@id\":\"https:\/\/www.africa-press.net\/centrafricaine\/politique\/centrafrique-rentree-parlementaire-dans-lindignite-absolue\"},\"author\":{\"name\":\"cfeditorfr\",\"@id\":\"https:\/\/www.africa-press.net\/centrafricaine\/#\/schema\/person\/2b1cf3cd81a31e3cd26889ca66d677f1\"},\"headline\":\"Rentr\u00e9e parlementaire dans l\u2019indignit\u00e9 absolue\",\"datePublished\":\"2021-05-03T11:22:12+00:00\",\"dateModified\":\"2021-05-03T13:31:02+00:00\",\"mainEntityOfPage\":{\"@id\":\"https:\/\/www.africa-press.net\/centrafricaine\/politique\/centrafrique-rentree-parlementaire-dans-lindignite-absolue\"},\"wordCount\":635,\"commentCount\":0,\"image\":{\"@id\":\"https:\/\/www.africa-press.net\/centrafricaine\/politique\/centrafrique-rentree-parlementaire-dans-lindignite-absolue#primaryimage\"},\"thumbnailUrl\":\"https:\/\/static.africa-press.net\/centrafricaine\/sites\/45\/2021\/05\/img-608fd1d157c84.jpg\",\"keywords\":[\"Africa Press\",\"Africa Press-CentrAfricaine\",\"CentrAfricaine\"],\"articleSection\":[\"homepage-french\",\"Politique\",\"Top Nouvelles\",\"Toutes les actualit\u00e9s\"],\"inLanguage\":\"fr-FR\",\"potentialAction\":[{\"@type\":\"CommentAction\",\"name\":\"Comment\",\"target\":[\"https:\/\/www.africa-press.net\/centrafricaine\/politique\/centrafrique-rentree-parlementaire-dans-lindignite-absolue#respond\"]}]},{\"@type\":\"WebPage\",\"@id\":\"https:\/\/www.africa-press.net\/centrafricaine\/politique\/centrafrique-rentree-parlementaire-dans-lindignite-absolue\",\"url\":\"https:\/\/www.africa-press.net\/centrafricaine\/politique\/centrafrique-rentree-parlementaire-dans-lindignite-absolue\",\"name\":\"Rentr\u00e9e parlementaire dans l\u2019indignit\u00e9 absolue - centrafricaine\",\"isPartOf\":{\"@id\":\"https:\/\/www.africa-press.net\/centrafricaine\/#website\"},\"primaryImageOfPage\":{\"@id\":\"https:\/\/www.africa-press.net\/centrafricaine\/politique\/centrafrique-rentree-parlementaire-dans-lindignite-absolue#primaryimage\"},\"image\":{\"@id\":\"https:\/\/www.africa-press.net\/centrafricaine\/politique\/centrafrique-rentree-parlementaire-dans-lindignite-absolue#primaryimage\"},\"thumbnailUrl\":\"https:\/\/static.africa-press.net\/centrafricaine\/sites\/45\/2021\/05\/img-608fd1d157c84.jpg\",\"datePublished\":\"2021-05-03T11:22:12+00:00\",\"dateModified\":\"2021-05-03T13:31:02+00:00\",\"author\":{\"@id\":\"https:\/\/www.africa-press.net\/centrafricaine\/#\/schema\/person\/2b1cf3cd81a31e3cd26889ca66d677f1\"},\"description\":\"Bangui, R\u00e9publique centrafricaine, lundi, 8 mai 2021, 03:40:56 ( Corbeaunews-Centrafrique ). Les d\u00e9put\u00e9s de la 7 ...\",\"breadcrumb\":{\"@id\":\"https:\/\/www.africa-press.net\/centrafricaine\/politique\/centrafrique-rentree-parlementaire-dans-lindignite-absolue#breadcrumb\"},\"inLanguage\":\"fr-FR\",\"potentialAction\":[{\"@type\":\"ReadAction\",\"target\":[\"https:\/\/www.africa-press.net\/centrafricaine\/politique\/centrafrique-rentree-parlementaire-dans-lindignite-absolue\"]}]},{\"@type\":\"ImageObject\",\"inLanguage\":\"fr-FR\",\"@id\":\"https:\/\/www.africa-press.net\/centrafricaine\/politique\/centrafrique-rentree-parlementaire-dans-lindignite-absolue#primaryimage\",\"url\":\"https:\/\/static.africa-press.net\/centrafricaine\/sites\/45\/2021\/05\/img-608fd1d157c84.jpg\",\"contentUrl\":\"https:\/\/static.africa-press.net\/centrafricaine\/sites\/45\/2021\/05\/img-608fd1d157c84.jpg\",\"width\":750,\"height\":420,\"caption\":\"Centrafrique : Rentr\u00e9e parlementaire dans l\u2019indignit\u00e9 absolue\"},{\"@type\":\"BreadcrumbList\",\"@id\":\"https:\/\/www.africa-press.net\/centrafricaine\/politique\/centrafrique-rentree-parlementaire-dans-lindignite-absolue#breadcrumb\",\"itemListElement\":[{\"@type\":\"ListItem\",\"position\":1,\"name\":\"Accueil\",\"item\":\"https:\/\/www.africa-press.net\/centrafricaine\/\"},{\"@type\":\"ListItem\",\"position\":2,\"name\":\"Rentr\u00e9e parlementaire dans l\u2019indignit\u00e9 absolue\"}]},{\"@type\":\"WebSite\",\"@id\":\"https:\/\/www.africa-press.net\/centrafricaine\/#website\",\"url\":\"https:\/\/www.africa-press.net\/centrafricaine\/\",\"name\":\"centrafricaine\",\"description\":\"Just another Africa News Agency Sites site\",\"potentialAction\":[{\"@type\":\"SearchAction\",\"target\":{\"@type\":\"EntryPoint\",\"urlTemplate\":\"https:\/\/www.africa-press.net\/centrafricaine\/?s={search_term_string}\"},\"query-input\":{\"@type\":\"PropertyValueSpecification\",\"valueRequired\":true,\"valueName\":\"search_term_string\"}}],\"inLanguage\":\"fr-FR\"},{\"@type\":\"Person\",\"@id\":\"https:\/\/www.africa-press.net\/centrafricaine\/#\/schema\/person\/2b1cf3cd81a31e3cd26889ca66d677f1\",\"name\":\"cfeditorfr\"}]}<\/script>\n<!-- \/ Yoast SEO Premium plugin. -->","yoast_head_json":{"title":"Rentr\u00e9e parlementaire dans l\u2019indignit\u00e9 absolue - centrafricaine","description":"Bangui, R\u00e9publique centrafricaine, lundi, 8 mai 2021, 03:40:56 ( Corbeaunews-Centrafrique ). Les d\u00e9put\u00e9s de la 7 ...","robots":{"index":"index","follow":"follow","max-snippet":"max-snippet:-1","max-image-preview":"max-image-preview:large","max-video-preview":"max-video-preview:-1"},"canonical":"https:\/\/www.africa-press.net\/centrafricaine\/politique\/centrafrique-rentree-parlementaire-dans-lindignite-absolue","og_locale":"fr_FR","og_type":"article","og_title":"Rentr\u00e9e parlementaire dans l\u2019indignit\u00e9 absolue","og_description":"Bangui, R\u00e9publique centrafricaine, lundi, 8 mai 2021, 03:40:56 ( Corbeaunews-Centrafrique ). Les d\u00e9put\u00e9s de la 7 ...","og_url":"https:\/\/www.africa-press.net\/centrafricaine\/politique\/centrafrique-rentree-parlementaire-dans-lindignite-absolue","og_site_name":"centrafricaine","article_published_time":"2021-05-03T11:22:12+00:00","article_modified_time":"2021-05-03T13:31:02+00:00","og_image":[{"width":750,"height":420,"url":"https:\/\/static.africa-press.net\/centrafricaine\/sites\/45\/2021\/05\/img-608fd1d157c84.jpg","type":"image\/jpeg"}],"author":"cfeditorfr","twitter_card":"summary_large_image","twitter_misc":{"\u00c9crit par":"cfeditorfr","Dur\u00e9e de lecture estim\u00e9e":"3 minutes"},"schema":{"@context":"https:\/\/schema.org","@graph":[{"@type":"Article","@id":"https:\/\/www.africa-press.net\/centrafricaine\/politique\/centrafrique-rentree-parlementaire-dans-lindignite-absolue#article","isPartOf":{"@id":"https:\/\/www.africa-press.net\/centrafricaine\/politique\/centrafrique-rentree-parlementaire-dans-lindignite-absolue"},"author":{"name":"cfeditorfr","@id":"https:\/\/www.africa-press.net\/centrafricaine\/#\/schema\/person\/2b1cf3cd81a31e3cd26889ca66d677f1"},"headline":"Rentr\u00e9e parlementaire dans l\u2019indignit\u00e9 absolue","datePublished":"2021-05-03T11:22:12+00:00","dateModified":"2021-05-03T13:31:02+00:00","mainEntityOfPage":{"@id":"https:\/\/www.africa-press.net\/centrafricaine\/politique\/centrafrique-rentree-parlementaire-dans-lindignite-absolue"},"wordCount":635,"commentCount":0,"image":{"@id":"https:\/\/www.africa-press.net\/centrafricaine\/politique\/centrafrique-rentree-parlementaire-dans-lindignite-absolue#primaryimage"},"thumbnailUrl":"https:\/\/static.africa-press.net\/centrafricaine\/sites\/45\/2021\/05\/img-608fd1d157c84.jpg","keywords":["Africa Press","Africa Press-CentrAfricaine","CentrAfricaine"],"articleSection":["homepage-french","Politique","Top Nouvelles","Toutes les actualit\u00e9s"],"inLanguage":"fr-FR","potentialAction":[{"@type":"CommentAction","name":"Comment","target":["https:\/\/www.africa-press.net\/centrafricaine\/politique\/centrafrique-rentree-parlementaire-dans-lindignite-absolue#respond"]}]},{"@type":"WebPage","@id":"https:\/\/www.africa-press.net\/centrafricaine\/politique\/centrafrique-rentree-parlementaire-dans-lindignite-absolue","url":"https:\/\/www.africa-press.net\/centrafricaine\/politique\/centrafrique-rentree-parlementaire-dans-lindignite-absolue","name":"Rentr\u00e9e parlementaire dans l\u2019indignit\u00e9 absolue - centrafricaine","isPartOf":{"@id":"https:\/\/www.africa-press.net\/centrafricaine\/#website"},"primaryImageOfPage":{"@id":"https:\/\/www.africa-press.net\/centrafricaine\/politique\/centrafrique-rentree-parlementaire-dans-lindignite-absolue#primaryimage"},"image":{"@id":"https:\/\/www.africa-press.net\/centrafricaine\/politique\/centrafrique-rentree-parlementaire-dans-lindignite-absolue#primaryimage"},"thumbnailUrl":"https:\/\/static.africa-press.net\/centrafricaine\/sites\/45\/2021\/05\/img-608fd1d157c84.jpg","datePublished":"2021-05-03T11:22:12+00:00","dateModified":"2021-05-03T13:31:02+00:00","author":{"@id":"https:\/\/www.africa-press.net\/centrafricaine\/#\/schema\/person\/2b1cf3cd81a31e3cd26889ca66d677f1"},"description":"Bangui, R\u00e9publique centrafricaine, lundi, 8 mai 2021, 03:40:56 ( Corbeaunews-Centrafrique ). Les d\u00e9put\u00e9s de la 7 ...","breadcrumb":{"@id":"https:\/\/www.africa-press.net\/centrafricaine\/politique\/centrafrique-rentree-parlementaire-dans-lindignite-absolue#breadcrumb"},"inLanguage":"fr-FR","potentialAction":[{"@type":"ReadAction","target":["https:\/\/www.africa-press.net\/centrafricaine\/politique\/centrafrique-rentree-parlementaire-dans-lindignite-absolue"]}]},{"@type":"ImageObject","inLanguage":"fr-FR","@id":"https:\/\/www.africa-press.net\/centrafricaine\/politique\/centrafrique-rentree-parlementaire-dans-lindignite-absolue#primaryimage","url":"https:\/\/static.africa-press.net\/centrafricaine\/sites\/45\/2021\/05\/img-608fd1d157c84.jpg","contentUrl":"https:\/\/static.africa-press.net\/centrafricaine\/sites\/45\/2021\/05\/img-608fd1d157c84.jpg","width":750,"height":420,"caption":"Centrafrique : Rentr\u00e9e parlementaire dans l\u2019indignit\u00e9 absolue"},{"@type":"BreadcrumbList","@id":"https:\/\/www.africa-press.net\/centrafricaine\/politique\/centrafrique-rentree-parlementaire-dans-lindignite-absolue#breadcrumb","itemListElement":[{"@type":"ListItem","position":1,"name":"Accueil","item":"https:\/\/www.africa-press.net\/centrafricaine\/"},{"@type":"ListItem","position":2,"name":"Rentr\u00e9e parlementaire dans l\u2019indignit\u00e9 absolue"}]},{"@type":"WebSite","@id":"https:\/\/www.africa-press.net\/centrafricaine\/#website","url":"https:\/\/www.africa-press.net\/centrafricaine\/","name":"centrafricaine","description":"Just another Africa News Agency Sites site","potentialAction":[{"@type":"SearchAction","target":{"@type":"EntryPoint","urlTemplate":"https:\/\/www.africa-press.net\/centrafricaine\/?s={search_term_string}"},"query-input":{"@type":"PropertyValueSpecification","valueRequired":true,"valueName":"search_term_string"}}],"inLanguage":"fr-FR"},{"@type":"Person","@id":"https:\/\/www.africa-press.net\/centrafricaine\/#\/schema\/person\/2b1cf3cd81a31e3cd26889ca66d677f1","name":"cfeditorfr"}]}},"_links":{"self":[{"href":"https:\/\/www.africa-press.net\/centrafricaine\/wp-json\/wp\/v2\/posts\/6441","targetHints":{"allow":["GET"]}}],"collection":[{"href":"https:\/\/www.africa-press.net\/centrafricaine\/wp-json\/wp\/v2\/posts"}],"about":[{"href":"https:\/\/www.africa-press.net\/centrafricaine\/wp-json\/wp\/v2\/types\/post"}],"author":[{"embeddable":true,"href":"https:\/\/www.africa-press.net\/centrafricaine\/wp-json\/wp\/v2\/users\/82"}],"replies":[{"embeddable":true,"href":"https:\/\/www.africa-press.net\/centrafricaine\/wp-json\/wp\/v2\/comments?post=6441"}],"version-history":[{"count":0,"href":"https:\/\/www.africa-press.net\/centrafricaine\/wp-json\/wp\/v2\/posts\/6441\/revisions"}],"wp:featuredmedia":[{"embeddable":true,"href":"https:\/\/www.africa-press.net\/centrafricaine\/wp-json\/wp\/v2\/media\/6440"}],"wp:attachment":[{"href":"https:\/\/www.africa-press.net\/centrafricaine\/wp-json\/wp\/v2\/media?parent=6441"}],"wp:term":[{"taxonomy":"category","embeddable":true,"href":"https:\/\/www.africa-press.net\/centrafricaine\/wp-json\/wp\/v2\/categories?post=6441"},{"taxonomy":"post_tag","embeddable":true,"href":"https:\/\/www.africa-press.net\/centrafricaine\/wp-json\/wp\/v2\/tags?post=6441"}],"curies":[{"name":"wp","href":"https:\/\/api.w.org\/{rel}","templated":true}]}}