{"id":6447,"date":"2021-05-03T11:36:37","date_gmt":"2021-05-03T11:36:37","guid":{"rendered":"https:\/\/www.africa-press.net\/centrafricaine\/?p=6447"},"modified":"2021-05-03T13:31:49","modified_gmt":"2021-05-03T13:31:49","slug":"centrafrique-a-quels-gouvernants-politiques-se-vouer","status":"publish","type":"post","link":"https:\/\/www.africa-press.net\/centrafricaine\/parties\/centrafrique-a-quels-gouvernants-politiques-se-vouer","title":{"rendered":"A QUELS GOUVERNANTS POLITIQUES\u2026. SE VOUER ?"},"content":{"rendered":"<p><span style=\"color: #ff6600\"><strong><a href=\"https:\/\/www.africa-press.net\/\">Africa-Press<\/a> &#8211; <a href=\"https:\/\/www.africa-press.net\/centrafricaine\">CentrAfricaine<\/a>.\u00a0 <\/strong><\/span>Les Centrafricains continuent de crever comme des mouches, dans l\u2019indiff\u00e9rence m\u00e9prisante des Gouvernants Politiques de Bangui, pr\u00e9occup\u00e9s par leurs seules situations individuelles<\/p>\n<p>Apr\u00e8s,<\/p>\n<p>Voil\u00e0 le Peuple de la R\u00e9publique de Bangui qui vit l\u2019invivable : pas d\u2019\u00e9lectricit\u00e9, pas d\u2019eau courante, en cette p\u00e9riode de saison s\u00e8che qui tire \u00e0 sa fin. Depuis dix (10) jours Bangui vit dans le noir, parce que trois (3) pyl\u00f4nes de la ligne 1 et deux (2) pyl\u00f4nes de la ligne 2 qui am\u00e8nent l\u2019\u00e9lectricit\u00e9 haute tension de Boali (95 km) \u00e0 Bangui sont \u00e0 terre dans le secteur compris entre les villages Nd\u00e8r\u00e8 (PK 30) et-Danzi (PK 20), depuis le 23 avril 2021 apr\u00e8s temp\u00eate.<\/p>\n<p>Bangui, la seule ville \u00e9lectrifi\u00e9e de Centrafrique, o\u00f9 sont concentr\u00e9s d\u00e9mesur\u00e9ment des ateliers et autres lieux d\u2019activit\u00e9s de micro-\u00e9conomies et commerciales, dans le noir, cela signifie:<\/p>\n<p>Pendant ce temps, sans g\u00eane, les Dignitaires du pouvoir MCU recourent aux groupes \u00e9lectrog\u00e8nes qui constituent des \u00eelots de lumi\u00e8re dans des quartiers noirs, alors qu\u2019au village PAVIKA situ\u00e9 \u00e0 20 km d\u2019Alindao, les mercenaires russes et les hommes de Ali NDARASSA ont sem\u00e9 la mort et incendi\u00e9 des maisons les jeudi 29 et vendredi 30 avril 2021.<\/p>\n<p>Le Pr\u00e9sident TOUADERA, ayant r\u00e9alis\u00e9 son hold-up \u00e9lectoral, impassible durant ces dix jours, se satisfait des consultations, dites populaires, pour un dialogue, dit r\u00e9publicain, mais qui semble d\u00e9j\u00e0 mort-n\u00e9, dont les termes de r\u00e9f\u00e9rence ont \u00e9t\u00e9 \u00e9dict\u00e9s par l\u2019ambassadeur TITTORENKO de la F\u00e9d\u00e9ration de la Russie, en passe de devenir le Pr\u00e9sident de la R\u00e9publique,<\/p>\n<p>Le Pr\u00e9sident de l\u2019Assembl\u00e9e Nationale, en cette fin de la 6\u00e8me L\u00e9gislature, caract\u00e9ris\u00e9e par de nombreuses corruptions \u00e9hont\u00e9es, ne se pr\u00e9occupe plus que de la r\u00e9forme des trois (3) v\u00e9hicules de fonction, acquis \u00e0 peine deux (2) ans,<\/p>\n<p>Le Premier Ministre NGREBADA continue d\u2019\u00eatre soup\u00e7onn\u00e9 ou suspicion-n\u00e9 dans le feuilleton d\u2019empoisonnement au sein du MCU ; apr\u00e8s SANI YALO, SARANDJI Mathieu Simplice, ce fut le tour de LINGUISSARA WANZET qui vient d\u2019\u00eatre \u00e9vacu\u00e9 grabataire ment \u00e0 Kinshasa (RDC) pour des soins intensifs.<\/p>\n<p>\u2018\u2019 POUR VOTRE INFORMATION, WANZET LINGUISSARA EST EMPOISONNE PAR LES MERCENAIRES RUSSES DU GROUPE WAGNER ET LE PREMIER MINISTRE FIRMIN NGREBADA, POUR L\u2019EMP\u00caCHER DE DIRE LA VERITE SUR LE MONTAGE DE L\u2019INCENDIE DE L\u2019AMBASSADE DE FRANCE A BANGUI. ET CECI EST FAIT SUR RECOMMANDATION DE FIRMIN NGREBADA L\u2019HOMME DE MAIN DE LA MAFIA DU GROUPE WAGNER EN CENTRAFRIQUE\u2019\u2019<\/p>\n<p>( dixit YAKA Jules avec KENNY YAMBA et 49 autres personnes \u2013 Page Facebook YAKA Jules : CNC ACTUALITES \u2013 Mise en page du mercredi 28 avril 2021 \u00e0 11 h).<\/p>\n<p>Eni\u00e8me soup\u00e7on ou suspicion de trop qui doit interpeller soit Mr le Procureur de la R\u00e9publique, soit Mr le Procureur G\u00e9n\u00e9ral soit encore Mr l\u2019Avocat G\u00e9n\u00e9ral pour ouverture d\u2019une information judiciaire, si n\u00e9cessaire suivie d\u2019une ouverture d\u2019enqu\u00eate judiciaire pour clarification, car la loi reconna\u00eet \u00e0 chacun de ces trois Responsables de la Justice la comp\u00e9tence d\u2019auto-saisine.<\/p>\n<p>Les Autorit\u00e9s Politiques de Bangui, en ce mois d\u2019avril 2021 finissant, semblent impuissantes et incapables de r\u00e9activit\u00e9 politique devant l\u2019encha\u00eenement des \u00e9v\u00e8nements qui ne cessent d\u2019induire de nombreux d\u00e9c\u00e8s, lesquels laissent para\u00eetre chez ces Autorit\u00e9s une certaine intention de pourrissement politique, alors qu\u2019une psychose sociale g\u00e9n\u00e9ralis\u00e9e, due \u00e0 l\u2019ins\u00e9curit\u00e9 r\u00e9currente se constate. En de pareille circonstance, le citoyen attend des actions politiques fortes qui le convainquent et qui le rassurent. Or, depuis la validation du hold-up \u00e9lectoral en janvier 2021, nous sommes assistants, malgr\u00e9 nous, de la gu\u00e9guerre ou gr\u00e9 guerre au sein du MCU, affaiblissant davantage le pouvoir TOUADERA Et le citoyen de s\u2019interroger et de douter, compte tenu de la non r\u00e9activit\u00e9 du Gouvernement et du comportement de l\u2019ambassadeur TITTORENKO qui fait des d\u00e9clarations \u00e0 l\u2019emporte-pi\u00e8ce.<\/p>\n<p>Bangui dans le noir, voil\u00e0 dix (10) jours, cela d\u00e9montre suffisamment les limites, pour ne pas dire les incapacit\u00e9s du Gouvernement Centrafricain \u00e0 r\u00e9agir aux al\u00e9as ou aux situations exceptionnelles, et la succession de ces faits exceptionnels, depuis la calamiteuse gestion du covid-19 qui continue de g\u00e9n\u00e9rer, dans le silence, de nombreux d\u00e9c\u00e8s dans les quartiers et les villages, \u00e0 la gigantesque panne d\u2019\u00e9lectricit\u00e9 du 23 avril 2021, en passant par les inondations d\u00e9vastatrices de septembre-octobre 2020, les nombreux corps abandonn\u00e9s dans la for\u00eat de Nguito 2 et aux abords du cimeti\u00e8re de Ndr\u00e8s, la grave p\u00e9nurie d\u2019eau courante \u00e0 Bangui en janvier-f\u00e9vrier-mars 2021, le village PAVIKA, \u00e0 25 km d\u2019Alindao, mis \u00e0 feu et \u00e0 sang par les mercenaires russes et les hommes de Ali NDARASSA les jeudi 29 et vendredi 30 avril 202, le justifie ou convint. Et plus sid\u00e9rant, est le feuilleton mensonger qui s\u2019\u00e9tale au grand jour et laisse pantois tout Banguissois : TITTORENKO, ambassadeur de son Etat, a annonc\u00e9 une aide de 10 g\u00e9n\u00e9rateurs, d\u2019au moins 500 KVA chacun, faite par la F\u00e9d\u00e9ration de la Russie ; un cinglant d\u00e9menti apport\u00e9 par le Conseiller Personnel \u00e0 la Pr\u00e9sidence de la R\u00e9publique et la v\u00e9racit\u00e9 recoup\u00e9e par Corbeau News Centrafrique dans sa publication du 30 avril 2021. Un ambassadeur qui ment\u2026 Un Gouvernement impuissant et d\u00e9missionnaire\u2026 O\u00f9 est le s\u00e9rieux politique et diplomatique ?<\/p>\n<p>Et vers quels autres \u00e9cueils va le bateau Centrafrique ?<\/p>\n<p>Eh., Centrafricain, \u00e0 quels Gouvernants Politiques te vouer ?<\/p>\n<p>&nbsp;<\/p>\n","protected":false},"excerpt":{"rendered":"<p>Africa-Press &#8211; CentrAfricaine.\u00a0 Les Centrafricains continuent de crever comme des mouches, dans l\u2019indiff\u00e9rence m\u00e9prisante des Gouvernants Politiques de Bangui, pr\u00e9occup\u00e9s par leurs seules situations individuelles Apr\u00e8s, Voil\u00e0 le Peuple de la R\u00e9publique de Bangui qui vit l\u2019invivable : pas d\u2019\u00e9lectricit\u00e9, pas d\u2019eau courante, en cette p\u00e9riode de saison s\u00e8che qui tire \u00e0 sa fin. Depuis [&hellip;]<\/p>\n","protected":false},"author":82,"featured_media":6446,"comment_status":"open","ping_status":"closed","sticky":false,"template":"","format":"standard","meta":{"footnotes":""},"categories":[11,4,10],"tags":[36,58,30],"class_list":["post-6447","post","type-post","status-publish","format-standard","has-post-thumbnail","hentry","category-homepage-french","category-parties","category-toutes-les-actualites","tag-africa-press","tag-africa-press-centrafricaine","tag-centrafricaine"],"yoast_head":"<!-- This site is optimized with the Yoast SEO Premium plugin v26.1 (Yoast SEO v27.0) - https:\/\/yoast.com\/product\/yoast-seo-premium-wordpress\/ -->\n<title>A QUELS GOUVERNANTS POLITIQUES\u2026. SE VOUER ? - centrafricaine<\/title>\n<meta name=\"description\" content=\"Par : WAFIO Jean Serge Pr\u00e9sident du PDCA Les Centrafricains continuent de crever comme des mouches, dans l\u2019indiff\u00e9renc ...\" \/>\n<meta name=\"robots\" content=\"index, follow, max-snippet:-1, max-image-preview:large, max-video-preview:-1\" \/>\n<link rel=\"canonical\" href=\"https:\/\/www.africa-press.net\/centrafricaine\/parties\/centrafrique-a-quels-gouvernants-politiques-se-vouer\" \/>\n<meta property=\"og:locale\" content=\"fr_FR\" \/>\n<meta property=\"og:type\" content=\"article\" \/>\n<meta property=\"og:title\" content=\"A QUELS GOUVERNANTS POLITIQUES\u2026. SE VOUER ?\" \/>\n<meta property=\"og:description\" content=\"Par : WAFIO Jean Serge Pr\u00e9sident du PDCA Les Centrafricains continuent de crever comme des mouches, dans l\u2019indiff\u00e9renc ...\" \/>\n<meta property=\"og:url\" content=\"https:\/\/www.africa-press.net\/centrafricaine\/parties\/centrafrique-a-quels-gouvernants-politiques-se-vouer\" \/>\n<meta property=\"og:site_name\" content=\"centrafricaine\" \/>\n<meta property=\"article:published_time\" content=\"2021-05-03T11:36:37+00:00\" \/>\n<meta property=\"article:modified_time\" content=\"2021-05-03T13:31:49+00:00\" \/>\n<meta property=\"og:image\" content=\"https:\/\/static.africa-press.net\/centrafricaine\/sites\/45\/2021\/05\/img-608fd226c9d2f.jpg\" \/>\n\t<meta property=\"og:image:width\" content=\"750\" \/>\n\t<meta property=\"og:image:height\" content=\"346\" \/>\n\t<meta property=\"og:image:type\" content=\"image\/jpeg\" \/>\n<meta name=\"author\" content=\"cfeditorfr\" \/>\n<meta name=\"twitter:card\" content=\"summary_large_image\" \/>\n<meta name=\"twitter:label1\" content=\"\u00c9crit par\" \/>\n\t<meta name=\"twitter:data1\" content=\"cfeditorfr\" \/>\n\t<meta name=\"twitter:label2\" content=\"Dur\u00e9e de lecture estim\u00e9e\" \/>\n\t<meta name=\"twitter:data2\" content=\"4 minutes\" \/>\n<script type=\"application\/ld+json\" class=\"yoast-schema-graph\">{\"@context\":\"https:\/\/schema.org\",\"@graph\":[{\"@type\":\"Article\",\"@id\":\"https:\/\/www.africa-press.net\/centrafricaine\/parties\/centrafrique-a-quels-gouvernants-politiques-se-vouer#article\",\"isPartOf\":{\"@id\":\"https:\/\/www.africa-press.net\/centrafricaine\/parties\/centrafrique-a-quels-gouvernants-politiques-se-vouer\"},\"author\":{\"name\":\"cfeditorfr\",\"@id\":\"https:\/\/www.africa-press.net\/centrafricaine\/#\/schema\/person\/2b1cf3cd81a31e3cd26889ca66d677f1\"},\"headline\":\"A QUELS GOUVERNANTS POLITIQUES\u2026. SE VOUER ?\",\"datePublished\":\"2021-05-03T11:36:37+00:00\",\"dateModified\":\"2021-05-03T13:31:49+00:00\",\"mainEntityOfPage\":{\"@id\":\"https:\/\/www.africa-press.net\/centrafricaine\/parties\/centrafrique-a-quels-gouvernants-politiques-se-vouer\"},\"wordCount\":932,\"commentCount\":0,\"image\":{\"@id\":\"https:\/\/www.africa-press.net\/centrafricaine\/parties\/centrafrique-a-quels-gouvernants-politiques-se-vouer#primaryimage\"},\"thumbnailUrl\":\"https:\/\/static.africa-press.net\/centrafricaine\/sites\/45\/2021\/05\/img-608fd226c9d2f.jpg\",\"keywords\":[\"Africa Press\",\"Africa Press-CentrAfricaine\",\"CentrAfricaine\"],\"articleSection\":[\"homepage-french\",\"Parties\",\"Toutes les actualit\u00e9s\"],\"inLanguage\":\"fr-FR\",\"potentialAction\":[{\"@type\":\"CommentAction\",\"name\":\"Comment\",\"target\":[\"https:\/\/www.africa-press.net\/centrafricaine\/parties\/centrafrique-a-quels-gouvernants-politiques-se-vouer#respond\"]}]},{\"@type\":\"WebPage\",\"@id\":\"https:\/\/www.africa-press.net\/centrafricaine\/parties\/centrafrique-a-quels-gouvernants-politiques-se-vouer\",\"url\":\"https:\/\/www.africa-press.net\/centrafricaine\/parties\/centrafrique-a-quels-gouvernants-politiques-se-vouer\",\"name\":\"A QUELS GOUVERNANTS POLITIQUES\u2026. SE VOUER ? - centrafricaine\",\"isPartOf\":{\"@id\":\"https:\/\/www.africa-press.net\/centrafricaine\/#website\"},\"primaryImageOfPage\":{\"@id\":\"https:\/\/www.africa-press.net\/centrafricaine\/parties\/centrafrique-a-quels-gouvernants-politiques-se-vouer#primaryimage\"},\"image\":{\"@id\":\"https:\/\/www.africa-press.net\/centrafricaine\/parties\/centrafrique-a-quels-gouvernants-politiques-se-vouer#primaryimage\"},\"thumbnailUrl\":\"https:\/\/static.africa-press.net\/centrafricaine\/sites\/45\/2021\/05\/img-608fd226c9d2f.jpg\",\"datePublished\":\"2021-05-03T11:36:37+00:00\",\"dateModified\":\"2021-05-03T13:31:49+00:00\",\"author\":{\"@id\":\"https:\/\/www.africa-press.net\/centrafricaine\/#\/schema\/person\/2b1cf3cd81a31e3cd26889ca66d677f1\"},\"description\":\"Par : WAFIO Jean Serge Pr\u00e9sident du PDCA Les Centrafricains continuent de crever comme des mouches, dans l\u2019indiff\u00e9renc ...\",\"breadcrumb\":{\"@id\":\"https:\/\/www.africa-press.net\/centrafricaine\/parties\/centrafrique-a-quels-gouvernants-politiques-se-vouer#breadcrumb\"},\"inLanguage\":\"fr-FR\",\"potentialAction\":[{\"@type\":\"ReadAction\",\"target\":[\"https:\/\/www.africa-press.net\/centrafricaine\/parties\/centrafrique-a-quels-gouvernants-politiques-se-vouer\"]}]},{\"@type\":\"ImageObject\",\"inLanguage\":\"fr-FR\",\"@id\":\"https:\/\/www.africa-press.net\/centrafricaine\/parties\/centrafrique-a-quels-gouvernants-politiques-se-vouer#primaryimage\",\"url\":\"https:\/\/static.africa-press.net\/centrafricaine\/sites\/45\/2021\/05\/img-608fd226c9d2f.jpg\",\"contentUrl\":\"https:\/\/static.africa-press.net\/centrafricaine\/sites\/45\/2021\/05\/img-608fd226c9d2f.jpg\",\"width\":750,\"height\":346,\"caption\":\"CENTRAFRIQUE : A QUELS GOUVERNANTS POLITIQUES\u2026. SE VOUER ?\"},{\"@type\":\"BreadcrumbList\",\"@id\":\"https:\/\/www.africa-press.net\/centrafricaine\/parties\/centrafrique-a-quels-gouvernants-politiques-se-vouer#breadcrumb\",\"itemListElement\":[{\"@type\":\"ListItem\",\"position\":1,\"name\":\"Accueil\",\"item\":\"https:\/\/www.africa-press.net\/centrafricaine\/\"},{\"@type\":\"ListItem\",\"position\":2,\"name\":\"A QUELS GOUVERNANTS POLITIQUES\u2026. SE VOUER ?\"}]},{\"@type\":\"WebSite\",\"@id\":\"https:\/\/www.africa-press.net\/centrafricaine\/#website\",\"url\":\"https:\/\/www.africa-press.net\/centrafricaine\/\",\"name\":\"centrafricaine\",\"description\":\"Just another Africa News Agency Sites site\",\"potentialAction\":[{\"@type\":\"SearchAction\",\"target\":{\"@type\":\"EntryPoint\",\"urlTemplate\":\"https:\/\/www.africa-press.net\/centrafricaine\/?s={search_term_string}\"},\"query-input\":{\"@type\":\"PropertyValueSpecification\",\"valueRequired\":true,\"valueName\":\"search_term_string\"}}],\"inLanguage\":\"fr-FR\"},{\"@type\":\"Person\",\"@id\":\"https:\/\/www.africa-press.net\/centrafricaine\/#\/schema\/person\/2b1cf3cd81a31e3cd26889ca66d677f1\",\"name\":\"cfeditorfr\"}]}<\/script>\n<!-- \/ Yoast SEO Premium plugin. -->","yoast_head_json":{"title":"A QUELS GOUVERNANTS POLITIQUES\u2026. SE VOUER ? - centrafricaine","description":"Par : WAFIO Jean Serge Pr\u00e9sident du PDCA Les Centrafricains continuent de crever comme des mouches, dans l\u2019indiff\u00e9renc ...","robots":{"index":"index","follow":"follow","max-snippet":"max-snippet:-1","max-image-preview":"max-image-preview:large","max-video-preview":"max-video-preview:-1"},"canonical":"https:\/\/www.africa-press.net\/centrafricaine\/parties\/centrafrique-a-quels-gouvernants-politiques-se-vouer","og_locale":"fr_FR","og_type":"article","og_title":"A QUELS GOUVERNANTS POLITIQUES\u2026. SE VOUER ?","og_description":"Par : WAFIO Jean Serge Pr\u00e9sident du PDCA Les Centrafricains continuent de crever comme des mouches, dans l\u2019indiff\u00e9renc ...","og_url":"https:\/\/www.africa-press.net\/centrafricaine\/parties\/centrafrique-a-quels-gouvernants-politiques-se-vouer","og_site_name":"centrafricaine","article_published_time":"2021-05-03T11:36:37+00:00","article_modified_time":"2021-05-03T13:31:49+00:00","og_image":[{"width":750,"height":346,"url":"https:\/\/static.africa-press.net\/centrafricaine\/sites\/45\/2021\/05\/img-608fd226c9d2f.jpg","type":"image\/jpeg"}],"author":"cfeditorfr","twitter_card":"summary_large_image","twitter_misc":{"\u00c9crit par":"cfeditorfr","Dur\u00e9e de lecture estim\u00e9e":"4 minutes"},"schema":{"@context":"https:\/\/schema.org","@graph":[{"@type":"Article","@id":"https:\/\/www.africa-press.net\/centrafricaine\/parties\/centrafrique-a-quels-gouvernants-politiques-se-vouer#article","isPartOf":{"@id":"https:\/\/www.africa-press.net\/centrafricaine\/parties\/centrafrique-a-quels-gouvernants-politiques-se-vouer"},"author":{"name":"cfeditorfr","@id":"https:\/\/www.africa-press.net\/centrafricaine\/#\/schema\/person\/2b1cf3cd81a31e3cd26889ca66d677f1"},"headline":"A QUELS GOUVERNANTS POLITIQUES\u2026. SE VOUER ?","datePublished":"2021-05-03T11:36:37+00:00","dateModified":"2021-05-03T13:31:49+00:00","mainEntityOfPage":{"@id":"https:\/\/www.africa-press.net\/centrafricaine\/parties\/centrafrique-a-quels-gouvernants-politiques-se-vouer"},"wordCount":932,"commentCount":0,"image":{"@id":"https:\/\/www.africa-press.net\/centrafricaine\/parties\/centrafrique-a-quels-gouvernants-politiques-se-vouer#primaryimage"},"thumbnailUrl":"https:\/\/static.africa-press.net\/centrafricaine\/sites\/45\/2021\/05\/img-608fd226c9d2f.jpg","keywords":["Africa Press","Africa Press-CentrAfricaine","CentrAfricaine"],"articleSection":["homepage-french","Parties","Toutes les actualit\u00e9s"],"inLanguage":"fr-FR","potentialAction":[{"@type":"CommentAction","name":"Comment","target":["https:\/\/www.africa-press.net\/centrafricaine\/parties\/centrafrique-a-quels-gouvernants-politiques-se-vouer#respond"]}]},{"@type":"WebPage","@id":"https:\/\/www.africa-press.net\/centrafricaine\/parties\/centrafrique-a-quels-gouvernants-politiques-se-vouer","url":"https:\/\/www.africa-press.net\/centrafricaine\/parties\/centrafrique-a-quels-gouvernants-politiques-se-vouer","name":"A QUELS GOUVERNANTS POLITIQUES\u2026. SE VOUER ? - centrafricaine","isPartOf":{"@id":"https:\/\/www.africa-press.net\/centrafricaine\/#website"},"primaryImageOfPage":{"@id":"https:\/\/www.africa-press.net\/centrafricaine\/parties\/centrafrique-a-quels-gouvernants-politiques-se-vouer#primaryimage"},"image":{"@id":"https:\/\/www.africa-press.net\/centrafricaine\/parties\/centrafrique-a-quels-gouvernants-politiques-se-vouer#primaryimage"},"thumbnailUrl":"https:\/\/static.africa-press.net\/centrafricaine\/sites\/45\/2021\/05\/img-608fd226c9d2f.jpg","datePublished":"2021-05-03T11:36:37+00:00","dateModified":"2021-05-03T13:31:49+00:00","author":{"@id":"https:\/\/www.africa-press.net\/centrafricaine\/#\/schema\/person\/2b1cf3cd81a31e3cd26889ca66d677f1"},"description":"Par : WAFIO Jean Serge Pr\u00e9sident du PDCA Les Centrafricains continuent de crever comme des mouches, dans l\u2019indiff\u00e9renc ...","breadcrumb":{"@id":"https:\/\/www.africa-press.net\/centrafricaine\/parties\/centrafrique-a-quels-gouvernants-politiques-se-vouer#breadcrumb"},"inLanguage":"fr-FR","potentialAction":[{"@type":"ReadAction","target":["https:\/\/www.africa-press.net\/centrafricaine\/parties\/centrafrique-a-quels-gouvernants-politiques-se-vouer"]}]},{"@type":"ImageObject","inLanguage":"fr-FR","@id":"https:\/\/www.africa-press.net\/centrafricaine\/parties\/centrafrique-a-quels-gouvernants-politiques-se-vouer#primaryimage","url":"https:\/\/static.africa-press.net\/centrafricaine\/sites\/45\/2021\/05\/img-608fd226c9d2f.jpg","contentUrl":"https:\/\/static.africa-press.net\/centrafricaine\/sites\/45\/2021\/05\/img-608fd226c9d2f.jpg","width":750,"height":346,"caption":"CENTRAFRIQUE : A QUELS GOUVERNANTS POLITIQUES\u2026. SE VOUER ?"},{"@type":"BreadcrumbList","@id":"https:\/\/www.africa-press.net\/centrafricaine\/parties\/centrafrique-a-quels-gouvernants-politiques-se-vouer#breadcrumb","itemListElement":[{"@type":"ListItem","position":1,"name":"Accueil","item":"https:\/\/www.africa-press.net\/centrafricaine\/"},{"@type":"ListItem","position":2,"name":"A QUELS GOUVERNANTS POLITIQUES\u2026. SE VOUER ?"}]},{"@type":"WebSite","@id":"https:\/\/www.africa-press.net\/centrafricaine\/#website","url":"https:\/\/www.africa-press.net\/centrafricaine\/","name":"centrafricaine","description":"Just another Africa News Agency Sites site","potentialAction":[{"@type":"SearchAction","target":{"@type":"EntryPoint","urlTemplate":"https:\/\/www.africa-press.net\/centrafricaine\/?s={search_term_string}"},"query-input":{"@type":"PropertyValueSpecification","valueRequired":true,"valueName":"search_term_string"}}],"inLanguage":"fr-FR"},{"@type":"Person","@id":"https:\/\/www.africa-press.net\/centrafricaine\/#\/schema\/person\/2b1cf3cd81a31e3cd26889ca66d677f1","name":"cfeditorfr"}]}},"_links":{"self":[{"href":"https:\/\/www.africa-press.net\/centrafricaine\/wp-json\/wp\/v2\/posts\/6447","targetHints":{"allow":["GET"]}}],"collection":[{"href":"https:\/\/www.africa-press.net\/centrafricaine\/wp-json\/wp\/v2\/posts"}],"about":[{"href":"https:\/\/www.africa-press.net\/centrafricaine\/wp-json\/wp\/v2\/types\/post"}],"author":[{"embeddable":true,"href":"https:\/\/www.africa-press.net\/centrafricaine\/wp-json\/wp\/v2\/users\/82"}],"replies":[{"embeddable":true,"href":"https:\/\/www.africa-press.net\/centrafricaine\/wp-json\/wp\/v2\/comments?post=6447"}],"version-history":[{"count":0,"href":"https:\/\/www.africa-press.net\/centrafricaine\/wp-json\/wp\/v2\/posts\/6447\/revisions"}],"wp:featuredmedia":[{"embeddable":true,"href":"https:\/\/www.africa-press.net\/centrafricaine\/wp-json\/wp\/v2\/media\/6446"}],"wp:attachment":[{"href":"https:\/\/www.africa-press.net\/centrafricaine\/wp-json\/wp\/v2\/media?parent=6447"}],"wp:term":[{"taxonomy":"category","embeddable":true,"href":"https:\/\/www.africa-press.net\/centrafricaine\/wp-json\/wp\/v2\/categories?post=6447"},{"taxonomy":"post_tag","embeddable":true,"href":"https:\/\/www.africa-press.net\/centrafricaine\/wp-json\/wp\/v2\/tags?post=6447"}],"curies":[{"name":"wp","href":"https:\/\/api.w.org\/{rel}","templated":true}]}}