{"id":6488,"date":"2021-05-04T10:21:39","date_gmt":"2021-05-04T10:21:39","guid":{"rendered":"https:\/\/www.africa-press.net\/centrafricaine\/?p=6488"},"modified":"2021-05-04T10:21:39","modified_gmt":"2021-05-04T10:21:39","slug":"le-pays-recoit-une-subvention-dun-million-pour-leducation-des-refugies","status":"publish","type":"post","link":"https:\/\/www.africa-press.net\/centrafricaine\/homepage-french\/le-pays-recoit-une-subvention-dun-million-pour-leducation-des-refugies","title":{"rendered":"Le pays re\u00e7oit une subvention d\u2019un million $ pour l\u2019\u00e9ducation des r\u00e9fugi\u00e9s"},"content":{"rendered":"<p><span style=\"color: #ff6600\"><strong><a href=\"https:\/\/www.africa-press.net\/\">Africa-Press<\/a> &#8211; <a href=\"https:\/\/www.africa-press.net\/centrafricaine\">CentrAfricaine<\/a>. <\/strong><\/span>Parmi les r\u00e9fugi\u00e9s nouvellement arriv\u00e9s enregistr\u00e9s par le HCR au Tchad, plus de 3 000 enfants d&rsquo;\u00e2ge scolaire se trouvent dans deux camps de r\u00e9fugi\u00e9s et trois villages h\u00f4tes. Par ailleurs, 4 000 enfants et jeunes r\u00e9fugi\u00e9s vivaient d\u00e9j\u00e0 dans les camps de r\u00e9fugi\u00e9s des villages h\u00f4tes de Beakoro, Don et Bekan, dans la province sud du Tchad.<\/p>\n<p>Le fonds \u00c9ducation sans d\u00e9lai (ECW) annonce une nouvelle subvention d&rsquo;un million de dollars, pour assurer des opportunit\u00e9s d\u2019apprentissage de qualit\u00e9 dans un environnement s\u00fbr et protecteur \u00e0 quelque 7 800 enfants et jeunes r\u00e9fugi\u00e9s ayant fui la violence en R\u00e9publique centrafricaine, ainsi qu\u2019aux enfants des communaut\u00e9s qui les accueillent au Tchad. La subvention d\u2019urgence d\u2019ECW sera mise en \u0153uvre par le HCR en partenariat avec le gouvernement du Tchad et les ONG ACRA (Associazione di Cooperazione Rurale in Africa e America Latina) et ADES (Agence de D\u00e9veloppement Economique et Social).<\/p>\n<p>Le financement d\u2019un million de dollars sur 12 mois vise \u00e0 : garantir l&rsquo;acc\u00e8s et la continuit\u00e9 de l\u2019\u00e9ducation ; am\u00e9liorer les infrastructures \u00e9ducatives, y compris la r\u00e9habilitation et la construction de nouvelles salles de classe ; favoriser le retour des enfants vuln\u00e9rables \u00e0 des environnements d&rsquo;apprentissage s\u00fbrs et protecteurs \u00e0 travers la mobilisation communautaire. En vue d\u2019assurer l&rsquo;acc\u00e8s \u00e0 l\u2019\u00e9ducation et la continuit\u00e9 des apprentissages des r\u00e9fugi\u00e9s nouvellement arriv\u00e9s, tous les nouveaux r\u00e9fugi\u00e9s sont sp\u00e9cifiquement vis\u00e9s par des cours de rattrapage acc\u00e9l\u00e9r\u00e9s, incluant des interventions cibl\u00e9es pour les filles et les enfants handicap\u00e9s.<\/p>\n<p>L&rsquo;investissement d&rsquo;ECW cible un total de 7 790 enfants (dont 3 871 filles), les enfants r\u00e9fugi\u00e9s et de la communaut\u00e9 d&rsquo;accueil ainsi que 600 filles non scolaris\u00e9es, et couvre l\u2019ensemble du continuum scolaire (600 enfants au pr\u00e9scolaire, 5 212 enfants au niveau primaire et 1 978 enfants aux niveaux secondaire inf\u00e9rieur et sup\u00e9rieur). Au total, 2 364 enfants de la communaut\u00e9 d&rsquo;accueil, dont 1 120 filles, b\u00e9n\u00e9ficieront des activit\u00e9s financ\u00e9es par ECW. Le gouvernement du Tchad s&rsquo;est engag\u00e9 \u00e0 offrir aux enfants r\u00e9fugi\u00e9s le droit d&rsquo;acc\u00e9der au syst\u00e8me \u00e9ducatif national par le biais de sa Strat\u00e9gie \u00e9ducation 2030 Tchad.<br \/>\nLa pand\u00e9mie du Covid-19 a d\u00e9t\u00e9rior\u00e9 davantage l&rsquo;acc\u00e8s \u00e0 l&rsquo;\u00e9ducation au cours de la derni\u00e8re ann\u00e9e. Les \u00e9coles ont \u00e9t\u00e9 ferm\u00e9es de mars 2020 \u00e0 octobre 2020, et moins d&rsquo;un quart des enfants sont retourn\u00e9s \u00e0 l&rsquo;\u00e9cole. La nouvelle subvention s\u2019ajoute aux investissements pr\u00e9c\u00e9dents d&rsquo;ECW au Tchad.<\/p>\n","protected":false},"excerpt":{"rendered":"<p>Africa-Press &#8211; CentrAfricaine. Parmi les r\u00e9fugi\u00e9s nouvellement arriv\u00e9s enregistr\u00e9s par le HCR au Tchad, plus de 3 000 enfants d&rsquo;\u00e2ge scolaire se trouvent dans deux camps de r\u00e9fugi\u00e9s et trois villages h\u00f4tes. Par ailleurs, 4 000 enfants et jeunes r\u00e9fugi\u00e9s vivaient d\u00e9j\u00e0 dans les camps de r\u00e9fugi\u00e9s des villages h\u00f4tes de Beakoro, Don et Bekan, [&hellip;]<\/p>\n","protected":false},"author":82,"featured_media":6495,"comment_status":"open","ping_status":"closed","sticky":false,"template":"","format":"standard","meta":{"footnotes":""},"categories":[21,3,11,10],"tags":[],"class_list":["post-6488","post","type-post","status-publish","format-standard","has-post-thumbnail","hentry","category-communaute","category-economie","category-homepage-french","category-toutes-les-actualites"],"yoast_head":"<!-- This site is optimized with the Yoast SEO Premium plugin v26.1 (Yoast SEO v27.0) - https:\/\/yoast.com\/product\/yoast-seo-premium-wordpress\/ -->\n<title>Le pays re\u00e7oit une subvention d\u2019un million $ pour l\u2019\u00e9ducation des r\u00e9fugi\u00e9s - centrafricaine<\/title>\n<meta name=\"description\" content=\"Africa-Press - CentrAfricaine. Parmi les r\u00e9fugi\u00e9s nouvellement arriv\u00e9s enregistr\u00e9s par le HCR au Tchad, plus de 3 000\" \/>\n<meta name=\"robots\" content=\"index, follow, max-snippet:-1, max-image-preview:large, max-video-preview:-1\" \/>\n<link rel=\"canonical\" href=\"https:\/\/www.africa-press.net\/centrafricaine\/homepage-french\/le-pays-recoit-une-subvention-dun-million-pour-leducation-des-refugies\" \/>\n<meta property=\"og:locale\" content=\"fr_FR\" \/>\n<meta property=\"og:type\" content=\"article\" \/>\n<meta property=\"og:title\" content=\"Le pays re\u00e7oit une subvention d\u2019un million $ pour l\u2019\u00e9ducation des r\u00e9fugi\u00e9s\" \/>\n<meta property=\"og:description\" content=\"Africa-Press - CentrAfricaine. Parmi les r\u00e9fugi\u00e9s nouvellement arriv\u00e9s enregistr\u00e9s par le HCR au Tchad, plus de 3 000\" \/>\n<meta property=\"og:url\" content=\"https:\/\/www.africa-press.net\/centrafricaine\/homepage-french\/le-pays-recoit-une-subvention-dun-million-pour-leducation-des-refugies\" \/>\n<meta property=\"og:site_name\" content=\"centrafricaine\" \/>\n<meta property=\"article:published_time\" content=\"2021-05-04T10:21:39+00:00\" \/>\n<meta property=\"og:image\" content=\"https:\/\/static.africa-press.net\/centrafricaine\/sites\/45\/2021\/05\/20.jpg\" \/>\n\t<meta property=\"og:image:width\" content=\"570\" \/>\n\t<meta property=\"og:image:height\" content=\"380\" \/>\n\t<meta property=\"og:image:type\" content=\"image\/jpeg\" \/>\n<meta name=\"author\" content=\"cfeditorfr\" \/>\n<meta name=\"twitter:card\" content=\"summary_large_image\" \/>\n<meta name=\"twitter:label1\" content=\"\u00c9crit par\" \/>\n\t<meta name=\"twitter:data1\" content=\"cfeditorfr\" \/>\n\t<meta name=\"twitter:label2\" content=\"Dur\u00e9e de lecture estim\u00e9e\" \/>\n\t<meta name=\"twitter:data2\" content=\"2 minutes\" \/>\n<script type=\"application\/ld+json\" class=\"yoast-schema-graph\">{\"@context\":\"https:\/\/schema.org\",\"@graph\":[{\"@type\":\"Article\",\"@id\":\"https:\/\/www.africa-press.net\/centrafricaine\/homepage-french\/le-pays-recoit-une-subvention-dun-million-pour-leducation-des-refugies#article\",\"isPartOf\":{\"@id\":\"https:\/\/www.africa-press.net\/centrafricaine\/homepage-french\/le-pays-recoit-une-subvention-dun-million-pour-leducation-des-refugies\"},\"author\":{\"name\":\"cfeditorfr\",\"@id\":\"https:\/\/www.africa-press.net\/centrafricaine\/#\/schema\/person\/2b1cf3cd81a31e3cd26889ca66d677f1\"},\"headline\":\"Le pays re\u00e7oit une subvention d\u2019un million $ pour l\u2019\u00e9ducation des r\u00e9fugi\u00e9s\",\"datePublished\":\"2021-05-04T10:21:39+00:00\",\"mainEntityOfPage\":{\"@id\":\"https:\/\/www.africa-press.net\/centrafricaine\/homepage-french\/le-pays-recoit-une-subvention-dun-million-pour-leducation-des-refugies\"},\"wordCount\":462,\"commentCount\":0,\"image\":{\"@id\":\"https:\/\/www.africa-press.net\/centrafricaine\/homepage-french\/le-pays-recoit-une-subvention-dun-million-pour-leducation-des-refugies#primaryimage\"},\"thumbnailUrl\":\"https:\/\/static.africa-press.net\/centrafricaine\/sites\/45\/2021\/05\/20.jpg\",\"articleSection\":[\"Communaut\u00e9\",\"\u00c9conomie\",\"homepage-french\",\"Toutes les actualit\u00e9s\"],\"inLanguage\":\"fr-FR\",\"potentialAction\":[{\"@type\":\"CommentAction\",\"name\":\"Comment\",\"target\":[\"https:\/\/www.africa-press.net\/centrafricaine\/homepage-french\/le-pays-recoit-une-subvention-dun-million-pour-leducation-des-refugies#respond\"]}]},{\"@type\":\"WebPage\",\"@id\":\"https:\/\/www.africa-press.net\/centrafricaine\/homepage-french\/le-pays-recoit-une-subvention-dun-million-pour-leducation-des-refugies\",\"url\":\"https:\/\/www.africa-press.net\/centrafricaine\/homepage-french\/le-pays-recoit-une-subvention-dun-million-pour-leducation-des-refugies\",\"name\":\"Le pays re\u00e7oit une subvention d\u2019un million $ pour l\u2019\u00e9ducation des r\u00e9fugi\u00e9s - centrafricaine\",\"isPartOf\":{\"@id\":\"https:\/\/www.africa-press.net\/centrafricaine\/#website\"},\"primaryImageOfPage\":{\"@id\":\"https:\/\/www.africa-press.net\/centrafricaine\/homepage-french\/le-pays-recoit-une-subvention-dun-million-pour-leducation-des-refugies#primaryimage\"},\"image\":{\"@id\":\"https:\/\/www.africa-press.net\/centrafricaine\/homepage-french\/le-pays-recoit-une-subvention-dun-million-pour-leducation-des-refugies#primaryimage\"},\"thumbnailUrl\":\"https:\/\/static.africa-press.net\/centrafricaine\/sites\/45\/2021\/05\/20.jpg\",\"datePublished\":\"2021-05-04T10:21:39+00:00\",\"author\":{\"@id\":\"https:\/\/www.africa-press.net\/centrafricaine\/#\/schema\/person\/2b1cf3cd81a31e3cd26889ca66d677f1\"},\"description\":\"Africa-Press - CentrAfricaine. Parmi les r\u00e9fugi\u00e9s nouvellement arriv\u00e9s enregistr\u00e9s par le HCR au Tchad, plus de 3 000\",\"breadcrumb\":{\"@id\":\"https:\/\/www.africa-press.net\/centrafricaine\/homepage-french\/le-pays-recoit-une-subvention-dun-million-pour-leducation-des-refugies#breadcrumb\"},\"inLanguage\":\"fr-FR\",\"potentialAction\":[{\"@type\":\"ReadAction\",\"target\":[\"https:\/\/www.africa-press.net\/centrafricaine\/homepage-french\/le-pays-recoit-une-subvention-dun-million-pour-leducation-des-refugies\"]}]},{\"@type\":\"ImageObject\",\"inLanguage\":\"fr-FR\",\"@id\":\"https:\/\/www.africa-press.net\/centrafricaine\/homepage-french\/le-pays-recoit-une-subvention-dun-million-pour-leducation-des-refugies#primaryimage\",\"url\":\"https:\/\/static.africa-press.net\/centrafricaine\/sites\/45\/2021\/05\/20.jpg\",\"contentUrl\":\"https:\/\/static.africa-press.net\/centrafricaine\/sites\/45\/2021\/05\/20.jpg\",\"width\":570,\"height\":380},{\"@type\":\"BreadcrumbList\",\"@id\":\"https:\/\/www.africa-press.net\/centrafricaine\/homepage-french\/le-pays-recoit-une-subvention-dun-million-pour-leducation-des-refugies#breadcrumb\",\"itemListElement\":[{\"@type\":\"ListItem\",\"position\":1,\"name\":\"Accueil\",\"item\":\"https:\/\/www.africa-press.net\/centrafricaine\/\"},{\"@type\":\"ListItem\",\"position\":2,\"name\":\"Le pays re\u00e7oit une subvention d\u2019un million $ pour l\u2019\u00e9ducation des r\u00e9fugi\u00e9s\"}]},{\"@type\":\"WebSite\",\"@id\":\"https:\/\/www.africa-press.net\/centrafricaine\/#website\",\"url\":\"https:\/\/www.africa-press.net\/centrafricaine\/\",\"name\":\"centrafricaine\",\"description\":\"Just another Africa News Agency Sites site\",\"potentialAction\":[{\"@type\":\"SearchAction\",\"target\":{\"@type\":\"EntryPoint\",\"urlTemplate\":\"https:\/\/www.africa-press.net\/centrafricaine\/?s={search_term_string}\"},\"query-input\":{\"@type\":\"PropertyValueSpecification\",\"valueRequired\":true,\"valueName\":\"search_term_string\"}}],\"inLanguage\":\"fr-FR\"},{\"@type\":\"Person\",\"@id\":\"https:\/\/www.africa-press.net\/centrafricaine\/#\/schema\/person\/2b1cf3cd81a31e3cd26889ca66d677f1\",\"name\":\"cfeditorfr\"}]}<\/script>\n<!-- \/ Yoast SEO Premium plugin. -->","yoast_head_json":{"title":"Le pays re\u00e7oit une subvention d\u2019un million $ pour l\u2019\u00e9ducation des r\u00e9fugi\u00e9s - centrafricaine","description":"Africa-Press - CentrAfricaine. Parmi les r\u00e9fugi\u00e9s nouvellement arriv\u00e9s enregistr\u00e9s par le HCR au Tchad, plus de 3 000","robots":{"index":"index","follow":"follow","max-snippet":"max-snippet:-1","max-image-preview":"max-image-preview:large","max-video-preview":"max-video-preview:-1"},"canonical":"https:\/\/www.africa-press.net\/centrafricaine\/homepage-french\/le-pays-recoit-une-subvention-dun-million-pour-leducation-des-refugies","og_locale":"fr_FR","og_type":"article","og_title":"Le pays re\u00e7oit une subvention d\u2019un million $ pour l\u2019\u00e9ducation des r\u00e9fugi\u00e9s","og_description":"Africa-Press - CentrAfricaine. Parmi les r\u00e9fugi\u00e9s nouvellement arriv\u00e9s enregistr\u00e9s par le HCR au Tchad, plus de 3 000","og_url":"https:\/\/www.africa-press.net\/centrafricaine\/homepage-french\/le-pays-recoit-une-subvention-dun-million-pour-leducation-des-refugies","og_site_name":"centrafricaine","article_published_time":"2021-05-04T10:21:39+00:00","og_image":[{"width":570,"height":380,"url":"https:\/\/static.africa-press.net\/centrafricaine\/sites\/45\/2021\/05\/20.jpg","type":"image\/jpeg"}],"author":"cfeditorfr","twitter_card":"summary_large_image","twitter_misc":{"\u00c9crit par":"cfeditorfr","Dur\u00e9e de lecture estim\u00e9e":"2 minutes"},"schema":{"@context":"https:\/\/schema.org","@graph":[{"@type":"Article","@id":"https:\/\/www.africa-press.net\/centrafricaine\/homepage-french\/le-pays-recoit-une-subvention-dun-million-pour-leducation-des-refugies#article","isPartOf":{"@id":"https:\/\/www.africa-press.net\/centrafricaine\/homepage-french\/le-pays-recoit-une-subvention-dun-million-pour-leducation-des-refugies"},"author":{"name":"cfeditorfr","@id":"https:\/\/www.africa-press.net\/centrafricaine\/#\/schema\/person\/2b1cf3cd81a31e3cd26889ca66d677f1"},"headline":"Le pays re\u00e7oit une subvention d\u2019un million $ pour l\u2019\u00e9ducation des r\u00e9fugi\u00e9s","datePublished":"2021-05-04T10:21:39+00:00","mainEntityOfPage":{"@id":"https:\/\/www.africa-press.net\/centrafricaine\/homepage-french\/le-pays-recoit-une-subvention-dun-million-pour-leducation-des-refugies"},"wordCount":462,"commentCount":0,"image":{"@id":"https:\/\/www.africa-press.net\/centrafricaine\/homepage-french\/le-pays-recoit-une-subvention-dun-million-pour-leducation-des-refugies#primaryimage"},"thumbnailUrl":"https:\/\/static.africa-press.net\/centrafricaine\/sites\/45\/2021\/05\/20.jpg","articleSection":["Communaut\u00e9","\u00c9conomie","homepage-french","Toutes les actualit\u00e9s"],"inLanguage":"fr-FR","potentialAction":[{"@type":"CommentAction","name":"Comment","target":["https:\/\/www.africa-press.net\/centrafricaine\/homepage-french\/le-pays-recoit-une-subvention-dun-million-pour-leducation-des-refugies#respond"]}]},{"@type":"WebPage","@id":"https:\/\/www.africa-press.net\/centrafricaine\/homepage-french\/le-pays-recoit-une-subvention-dun-million-pour-leducation-des-refugies","url":"https:\/\/www.africa-press.net\/centrafricaine\/homepage-french\/le-pays-recoit-une-subvention-dun-million-pour-leducation-des-refugies","name":"Le pays re\u00e7oit une subvention d\u2019un million $ pour l\u2019\u00e9ducation des r\u00e9fugi\u00e9s - centrafricaine","isPartOf":{"@id":"https:\/\/www.africa-press.net\/centrafricaine\/#website"},"primaryImageOfPage":{"@id":"https:\/\/www.africa-press.net\/centrafricaine\/homepage-french\/le-pays-recoit-une-subvention-dun-million-pour-leducation-des-refugies#primaryimage"},"image":{"@id":"https:\/\/www.africa-press.net\/centrafricaine\/homepage-french\/le-pays-recoit-une-subvention-dun-million-pour-leducation-des-refugies#primaryimage"},"thumbnailUrl":"https:\/\/static.africa-press.net\/centrafricaine\/sites\/45\/2021\/05\/20.jpg","datePublished":"2021-05-04T10:21:39+00:00","author":{"@id":"https:\/\/www.africa-press.net\/centrafricaine\/#\/schema\/person\/2b1cf3cd81a31e3cd26889ca66d677f1"},"description":"Africa-Press - CentrAfricaine. Parmi les r\u00e9fugi\u00e9s nouvellement arriv\u00e9s enregistr\u00e9s par le HCR au Tchad, plus de 3 000","breadcrumb":{"@id":"https:\/\/www.africa-press.net\/centrafricaine\/homepage-french\/le-pays-recoit-une-subvention-dun-million-pour-leducation-des-refugies#breadcrumb"},"inLanguage":"fr-FR","potentialAction":[{"@type":"ReadAction","target":["https:\/\/www.africa-press.net\/centrafricaine\/homepage-french\/le-pays-recoit-une-subvention-dun-million-pour-leducation-des-refugies"]}]},{"@type":"ImageObject","inLanguage":"fr-FR","@id":"https:\/\/www.africa-press.net\/centrafricaine\/homepage-french\/le-pays-recoit-une-subvention-dun-million-pour-leducation-des-refugies#primaryimage","url":"https:\/\/static.africa-press.net\/centrafricaine\/sites\/45\/2021\/05\/20.jpg","contentUrl":"https:\/\/static.africa-press.net\/centrafricaine\/sites\/45\/2021\/05\/20.jpg","width":570,"height":380},{"@type":"BreadcrumbList","@id":"https:\/\/www.africa-press.net\/centrafricaine\/homepage-french\/le-pays-recoit-une-subvention-dun-million-pour-leducation-des-refugies#breadcrumb","itemListElement":[{"@type":"ListItem","position":1,"name":"Accueil","item":"https:\/\/www.africa-press.net\/centrafricaine\/"},{"@type":"ListItem","position":2,"name":"Le pays re\u00e7oit une subvention d\u2019un million $ pour l\u2019\u00e9ducation des r\u00e9fugi\u00e9s"}]},{"@type":"WebSite","@id":"https:\/\/www.africa-press.net\/centrafricaine\/#website","url":"https:\/\/www.africa-press.net\/centrafricaine\/","name":"centrafricaine","description":"Just another Africa News Agency Sites site","potentialAction":[{"@type":"SearchAction","target":{"@type":"EntryPoint","urlTemplate":"https:\/\/www.africa-press.net\/centrafricaine\/?s={search_term_string}"},"query-input":{"@type":"PropertyValueSpecification","valueRequired":true,"valueName":"search_term_string"}}],"inLanguage":"fr-FR"},{"@type":"Person","@id":"https:\/\/www.africa-press.net\/centrafricaine\/#\/schema\/person\/2b1cf3cd81a31e3cd26889ca66d677f1","name":"cfeditorfr"}]}},"_links":{"self":[{"href":"https:\/\/www.africa-press.net\/centrafricaine\/wp-json\/wp\/v2\/posts\/6488","targetHints":{"allow":["GET"]}}],"collection":[{"href":"https:\/\/www.africa-press.net\/centrafricaine\/wp-json\/wp\/v2\/posts"}],"about":[{"href":"https:\/\/www.africa-press.net\/centrafricaine\/wp-json\/wp\/v2\/types\/post"}],"author":[{"embeddable":true,"href":"https:\/\/www.africa-press.net\/centrafricaine\/wp-json\/wp\/v2\/users\/82"}],"replies":[{"embeddable":true,"href":"https:\/\/www.africa-press.net\/centrafricaine\/wp-json\/wp\/v2\/comments?post=6488"}],"version-history":[{"count":0,"href":"https:\/\/www.africa-press.net\/centrafricaine\/wp-json\/wp\/v2\/posts\/6488\/revisions"}],"wp:featuredmedia":[{"embeddable":true,"href":"https:\/\/www.africa-press.net\/centrafricaine\/wp-json\/wp\/v2\/media\/6495"}],"wp:attachment":[{"href":"https:\/\/www.africa-press.net\/centrafricaine\/wp-json\/wp\/v2\/media?parent=6488"}],"wp:term":[{"taxonomy":"category","embeddable":true,"href":"https:\/\/www.africa-press.net\/centrafricaine\/wp-json\/wp\/v2\/categories?post=6488"},{"taxonomy":"post_tag","embeddable":true,"href":"https:\/\/www.africa-press.net\/centrafricaine\/wp-json\/wp\/v2\/tags?post=6488"}],"curies":[{"name":"wp","href":"https:\/\/api.w.org\/{rel}","templated":true}]}}