{"id":6503,"date":"2021-05-04T10:39:09","date_gmt":"2021-05-04T10:39:09","guid":{"rendered":"https:\/\/www.africa-press.net\/centrafricaine\/?p=6503"},"modified":"2021-05-05T16:47:42","modified_gmt":"2021-05-05T16:47:42","slug":"la-mission-economique-centrafricaine-a-bruxelles-soupconnee-de-blanchiment-dargent","status":"publish","type":"post","link":"https:\/\/www.africa-press.net\/centrafricaine\/politique\/la-mission-economique-centrafricaine-a-bruxelles-soupconnee-de-blanchiment-dargent","title":{"rendered":"La mission \u00e9conomique centrafricaine \u00e0 Bruxelles soup\u00e7onn\u00e9e de blanchiment d\u2019argent"},"content":{"rendered":"<p><span style=\"color: #ff6600\"><strong><a href=\"https:\/\/www.africa-press.net\/\">Africa-Press<\/a> &#8211; <a href=\"https:\/\/www.africa-press.net\/centrafricaine\">CentrAfricaine<\/a>. <\/strong><\/span><b>Des r\u00e9v\u00e9lations rendues publiques par le quotidien n\u00e9erlandais Algemeen Dagblad (souvent abr\u00e9g\u00e9 \u00ab AD \u00bb), expliquent la fermeture de \u00ab la mission \u00e9conomique \u00bb de la Centrafrique \u00e0 Bruxelles.<\/b><\/p>\n<p>Un tr\u00e8s bref communiqu\u00e9 de presse publi\u00e9 sur le site de l\u2019ambassade de la R\u00e9publique centrafricaine fait \u00e9tat de l\u2019ouverture d\u2019une mission \u00e9conomique centrafricaine en Europe (2). Parmi les membres de cette mission \u00e9conomique centrafricaine en Europe en photos sur le communiqu\u00e9, les services de police hollandais ont pu reconna\u00eetre Michel G. Helmonder. Cet homme blanc plut\u00f4t muscl\u00e9, chauve et tatou\u00e9 au cou n\u2019a pas v\u00e9ritablement le profil d\u2019un diplomate centrafricain.<\/p>\n<p>Michel G. Helmonder est connu des services de police de son pays. Cet ex-membre du gang de motards \u00ab Satudarah \u00bb a \u00e9t\u00e9 mis en cause dans une fusillade meurtri\u00e8re en 2016 o\u00f9 il a obtenu un acquittement en invoquant la l\u00e9gitime d\u00e9fense (3). Sur les photos, appara\u00eet aussi son acolyte Berrie S., concessionnaire automobile de Veldhoven, une ville au sud-ouest d\u2019Eindhoven.<\/p>\n<p>En Octobre 2020, ces deux hommes sont interpell\u00e9s par la police n\u00e9erlandaise dans le cadre d\u2019une enqu\u00eate sur une vaste r\u00e9seau de blanchiment d\u2019argent impliquant un gang d\u00e9nomm\u00e9 \u00ab Geldrop \u00bb qui aurait achemin\u00e9 des millions de dollars de coca\u00efne aux Pays-Bas depuis l\u2019Am\u00e9rique du Sud via l\u2019Afrique (3). La justice n\u00e9erlandaise s\u2019interrogeait sur de possibles projets en Afrique, dans le domaine des diamants et de l\u2019or, entre autres projets pour blanchir l\u2019argent de la drogue. Des enqu\u00eates ont \u00e9t\u00e9 d\u00e9clench\u00e9es.<\/p>\n<p><b>Une diplomatie suspecte<\/b><\/p>\n<p>Plusieurs personnes soup\u00e7onn\u00e9es d\u2019appartenance \u00e0 ce r\u00e9seau \u00e9taient d\u00e9tenteurs de passeports diplomatiques centrafricains. Disposer d\u2019un tel s\u00e9same leur permettait en effet de na pas ouvrir leurs valises face aux douanes lors de leur passage dans les a\u00e9roports.<\/p>\n<p>Cette protection est d\u2019autant plus solide si l\u2019on dispose d\u2019une v\u00e9ritable position diplomatique. C\u2019est principalement pour cette raison que la mission \u00e9conomique centrafricaine en Europe a vu le jour en F\u00e9vrier 2020 dans les locaux situ\u00e9s au deuxi\u00e8me \u00e9tage d\u2019un immeuble d\u2019un quartier cossu de Bruxelles. En fa\u00e7ade, cette mission permet officiellement d\u2019accueillir des investisseurs potentiels pour \u00ab d\u00e9velopper le pays \u00bb. Mais les enqu\u00eateurs se demandent si cette antenne diplomatique ne permettrait pas \u00e0 des interm\u00e9diaires douteux de poursuivre en coulisses une activit\u00e9 suspecte (1).<\/p>\n<p><b>Le Pr\u00e9sident Touad\u00e9ra mis en cause<\/b><\/p>\n<p>Les protagonistes, plac\u00e9s en d\u00e9tention, ont pr\u00e9tendu face aux enqu\u00eateurs avoir rencontr\u00e9 le pr\u00e9sident Touad\u00e9ra dans sa r\u00e9sidence priv\u00e9e \u00e0 Lille. Il aurait \u00e9t\u00e9 convenu que le Pr\u00e9sident centrafricain re\u00e7oive une part substantielle des b\u00e9n\u00e9fices de leur activit\u00e9. En \u00e9change, les hommes d\u2019affaires belges ont obtenu l\u2019octroi de permis miniers en RCA(1).<\/p>\n<p>C\u2019est dans ce contexte que la mission \u00e9conomique de Centrafrique \u00e0 Bruxelles, perquisitionn\u00e9e par la police belge, vient d\u2019\u00eatre ferm\u00e9e par les autorit\u00e9s de ce pays. Interrog\u00e9 par Mondafrique, Laurent Foucher, un homme d\u2019affaires proche du r\u00e9gime, explique: \u00ab La fermeture de la mission \u00e9conomique m\u2019a beaucoup \u00e9tonn\u00e9, compte tenu de la qualit\u00e9 du travail effectu\u00e9 par les diplomates centrafricains. L\u2019enqu\u00eate devrait rapidement les mettre hors de cause \u00bb.<\/p>\n<p><b>Une fabrique \u00e0 brader les passeports<\/b><\/p>\n<p>Il faut rappeler que le r\u00e9gime Touad\u00e9ra s\u2019est particuli\u00e8rement distingu\u00e9 dans des affaires retentissantes de trafics de passeports et de positions diplomatiques. L\u2019exemple le plus c\u00e9l\u00e8bre remonte au 29 Avril 2018, lorsque l\u2019opinion publique avait d\u00e9couvert ce genre de trafics \u00e0 travers un Tweet de l\u2019ancien champion de tennis Boris Becker d\u00e9voilant la photo d\u2019une rencontre avec le Pr\u00e9sident Touad\u00e9ra \u00e0 Bruxelles (5).<\/p>\n<p>L\u2019ambassadeur centrafricain \u00e0 Bruxelles, Daniel Dede Emery avait d\u00e9clar\u00e9 qu\u2019un \u00ab passeport diplomatique \u00bb a \u00e9t\u00e9 remis \u00e0 l\u2019int\u00e9ress\u00e9 et que celui-ci occuperait un bureau \u00e0 l\u2019ambassade de Centrafrique \u00e0 Bruxelles pour accomplir une mission \u00ab d\u2019attach\u00e9 pour les affaires humanitaires, culturelles et sportives aupr\u00e8s de l\u2019Union Europ\u00e9enne \u00bb.<\/p>\n<p>Boris Becker qui a \u00e9t\u00e9 d\u00e9clar\u00e9 en \u00e9tat de faillite personnelle par un tribunal de Londres esp\u00e9rait alors que ce passeport diplomatique centrafricain et cette nomination lui permettraient de se pr\u00e9valoir d\u2019une immunit\u00e9 diplomatique centrafricaine pour \u00e9chapper aux proc\u00e9dures judiciaires auxquelles il fait face au Royaume-Uni (6)<\/p>\n<p><b>\u00a0<\/b><\/p>\n","protected":false},"excerpt":{"rendered":"<p>Africa-Press &#8211; CentrAfricaine. Des r\u00e9v\u00e9lations rendues publiques par le quotidien n\u00e9erlandais Algemeen Dagblad (souvent abr\u00e9g\u00e9 \u00ab AD \u00bb), expliquent la fermeture de \u00ab la mission \u00e9conomique \u00bb de la Centrafrique \u00e0 Bruxelles. Un tr\u00e8s bref communiqu\u00e9 de presse publi\u00e9 sur le site de l\u2019ambassade de la R\u00e9publique centrafricaine fait \u00e9tat de l\u2019ouverture d\u2019une mission \u00e9conomique [&hellip;]<\/p>\n","protected":false},"author":82,"featured_media":6502,"comment_status":"open","ping_status":"closed","sticky":false,"template":"","format":"standard","meta":{"footnotes":""},"categories":[11,2,20,10],"tags":[36,58,30],"class_list":["post-6503","post","type-post","status-publish","format-standard","has-post-thumbnail","hentry","category-homepage-french","category-politique","category-top-nouvelles","category-toutes-les-actualites","tag-africa-press","tag-africa-press-centrafricaine","tag-centrafricaine"],"yoast_head":"<!-- This site is optimized with the Yoast SEO Premium plugin v26.1 (Yoast SEO v27.0) - https:\/\/yoast.com\/product\/yoast-seo-premium-wordpress\/ -->\n<title>La mission \u00e9conomique centrafricaine \u00e0 Bruxelles soup\u00e7onn\u00e9e de blanchiment d\u2019argent - centrafricaine<\/title>\n<meta name=\"description\" content=\"Des r\u00e9v\u00e9lations rendues publiques par le quotidien n\u00e9erlandais Algemeen Dagblad (souvent abr\u00e9g\u00e9 \u00ab AD \u00bb), expliquent ...\" \/>\n<meta name=\"robots\" content=\"index, follow, max-snippet:-1, max-image-preview:large, max-video-preview:-1\" \/>\n<link rel=\"canonical\" href=\"https:\/\/www.africa-press.net\/centrafricaine\/politique\/la-mission-economique-centrafricaine-a-bruxelles-soupconnee-de-blanchiment-dargent\" \/>\n<meta property=\"og:locale\" content=\"fr_FR\" \/>\n<meta property=\"og:type\" content=\"article\" \/>\n<meta property=\"og:title\" content=\"La mission \u00e9conomique centrafricaine \u00e0 Bruxelles soup\u00e7onn\u00e9e de blanchiment d\u2019argent\" \/>\n<meta property=\"og:description\" content=\"Des r\u00e9v\u00e9lations rendues publiques par le quotidien n\u00e9erlandais Algemeen Dagblad (souvent abr\u00e9g\u00e9 \u00ab AD \u00bb), expliquent ...\" \/>\n<meta property=\"og:url\" content=\"https:\/\/www.africa-press.net\/centrafricaine\/politique\/la-mission-economique-centrafricaine-a-bruxelles-soupconnee-de-blanchiment-dargent\" \/>\n<meta property=\"og:site_name\" content=\"centrafricaine\" \/>\n<meta property=\"article:published_time\" content=\"2021-05-04T10:39:09+00:00\" \/>\n<meta property=\"article:modified_time\" content=\"2021-05-05T16:47:42+00:00\" \/>\n<meta property=\"og:image\" content=\"https:\/\/static.africa-press.net\/centrafricaine\/sites\/45\/2021\/05\/img-60912009e7f0c.jpg\" \/>\n\t<meta property=\"og:image:width\" content=\"720\" \/>\n\t<meta property=\"og:image:height\" content=\"475\" \/>\n\t<meta property=\"og:image:type\" content=\"image\/jpeg\" \/>\n<meta name=\"author\" content=\"cfeditorfr\" \/>\n<meta name=\"twitter:card\" content=\"summary_large_image\" \/>\n<meta name=\"twitter:label1\" content=\"\u00c9crit par\" \/>\n\t<meta name=\"twitter:data1\" content=\"cfeditorfr\" \/>\n\t<meta name=\"twitter:label2\" content=\"Dur\u00e9e de lecture estim\u00e9e\" \/>\n\t<meta name=\"twitter:data2\" content=\"3 minutes\" \/>\n<script type=\"application\/ld+json\" class=\"yoast-schema-graph\">{\"@context\":\"https:\/\/schema.org\",\"@graph\":[{\"@type\":\"Article\",\"@id\":\"https:\/\/www.africa-press.net\/centrafricaine\/politique\/la-mission-economique-centrafricaine-a-bruxelles-soupconnee-de-blanchiment-dargent#article\",\"isPartOf\":{\"@id\":\"https:\/\/www.africa-press.net\/centrafricaine\/politique\/la-mission-economique-centrafricaine-a-bruxelles-soupconnee-de-blanchiment-dargent\"},\"author\":{\"name\":\"cfeditorfr\",\"@id\":\"https:\/\/www.africa-press.net\/centrafricaine\/#\/schema\/person\/2b1cf3cd81a31e3cd26889ca66d677f1\"},\"headline\":\"La mission \u00e9conomique centrafricaine \u00e0 Bruxelles soup\u00e7onn\u00e9e de blanchiment d\u2019argent\",\"datePublished\":\"2021-05-04T10:39:09+00:00\",\"dateModified\":\"2021-05-05T16:47:42+00:00\",\"mainEntityOfPage\":{\"@id\":\"https:\/\/www.africa-press.net\/centrafricaine\/politique\/la-mission-economique-centrafricaine-a-bruxelles-soupconnee-de-blanchiment-dargent\"},\"wordCount\":752,\"commentCount\":0,\"image\":{\"@id\":\"https:\/\/www.africa-press.net\/centrafricaine\/politique\/la-mission-economique-centrafricaine-a-bruxelles-soupconnee-de-blanchiment-dargent#primaryimage\"},\"thumbnailUrl\":\"https:\/\/static.africa-press.net\/centrafricaine\/sites\/45\/2021\/05\/img-60912009e7f0c.jpg\",\"keywords\":[\"Africa Press\",\"Africa Press-CentrAfricaine\",\"CentrAfricaine\"],\"articleSection\":[\"homepage-french\",\"Politique\",\"Top Nouvelles\",\"Toutes les actualit\u00e9s\"],\"inLanguage\":\"fr-FR\",\"potentialAction\":[{\"@type\":\"CommentAction\",\"name\":\"Comment\",\"target\":[\"https:\/\/www.africa-press.net\/centrafricaine\/politique\/la-mission-economique-centrafricaine-a-bruxelles-soupconnee-de-blanchiment-dargent#respond\"]}]},{\"@type\":\"WebPage\",\"@id\":\"https:\/\/www.africa-press.net\/centrafricaine\/politique\/la-mission-economique-centrafricaine-a-bruxelles-soupconnee-de-blanchiment-dargent\",\"url\":\"https:\/\/www.africa-press.net\/centrafricaine\/politique\/la-mission-economique-centrafricaine-a-bruxelles-soupconnee-de-blanchiment-dargent\",\"name\":\"La mission \u00e9conomique centrafricaine \u00e0 Bruxelles soup\u00e7onn\u00e9e de blanchiment d\u2019argent - centrafricaine\",\"isPartOf\":{\"@id\":\"https:\/\/www.africa-press.net\/centrafricaine\/#website\"},\"primaryImageOfPage\":{\"@id\":\"https:\/\/www.africa-press.net\/centrafricaine\/politique\/la-mission-economique-centrafricaine-a-bruxelles-soupconnee-de-blanchiment-dargent#primaryimage\"},\"image\":{\"@id\":\"https:\/\/www.africa-press.net\/centrafricaine\/politique\/la-mission-economique-centrafricaine-a-bruxelles-soupconnee-de-blanchiment-dargent#primaryimage\"},\"thumbnailUrl\":\"https:\/\/static.africa-press.net\/centrafricaine\/sites\/45\/2021\/05\/img-60912009e7f0c.jpg\",\"datePublished\":\"2021-05-04T10:39:09+00:00\",\"dateModified\":\"2021-05-05T16:47:42+00:00\",\"author\":{\"@id\":\"https:\/\/www.africa-press.net\/centrafricaine\/#\/schema\/person\/2b1cf3cd81a31e3cd26889ca66d677f1\"},\"description\":\"Des r\u00e9v\u00e9lations rendues publiques par le quotidien n\u00e9erlandais Algemeen Dagblad (souvent abr\u00e9g\u00e9 \u00ab AD \u00bb), expliquent ...\",\"breadcrumb\":{\"@id\":\"https:\/\/www.africa-press.net\/centrafricaine\/politique\/la-mission-economique-centrafricaine-a-bruxelles-soupconnee-de-blanchiment-dargent#breadcrumb\"},\"inLanguage\":\"fr-FR\",\"potentialAction\":[{\"@type\":\"ReadAction\",\"target\":[\"https:\/\/www.africa-press.net\/centrafricaine\/politique\/la-mission-economique-centrafricaine-a-bruxelles-soupconnee-de-blanchiment-dargent\"]}]},{\"@type\":\"ImageObject\",\"inLanguage\":\"fr-FR\",\"@id\":\"https:\/\/www.africa-press.net\/centrafricaine\/politique\/la-mission-economique-centrafricaine-a-bruxelles-soupconnee-de-blanchiment-dargent#primaryimage\",\"url\":\"https:\/\/static.africa-press.net\/centrafricaine\/sites\/45\/2021\/05\/img-60912009e7f0c.jpg\",\"contentUrl\":\"https:\/\/static.africa-press.net\/centrafricaine\/sites\/45\/2021\/05\/img-60912009e7f0c.jpg\",\"width\":720,\"height\":475,\"caption\":\"La mission \u00e9conomique centrafricaine \u00e0 Bruxelles soup\u00e7onn\u00e9e de blanchiment d\u2019argent\"},{\"@type\":\"BreadcrumbList\",\"@id\":\"https:\/\/www.africa-press.net\/centrafricaine\/politique\/la-mission-economique-centrafricaine-a-bruxelles-soupconnee-de-blanchiment-dargent#breadcrumb\",\"itemListElement\":[{\"@type\":\"ListItem\",\"position\":1,\"name\":\"Accueil\",\"item\":\"https:\/\/www.africa-press.net\/centrafricaine\/\"},{\"@type\":\"ListItem\",\"position\":2,\"name\":\"La mission \u00e9conomique centrafricaine \u00e0 Bruxelles soup\u00e7onn\u00e9e de blanchiment d\u2019argent\"}]},{\"@type\":\"WebSite\",\"@id\":\"https:\/\/www.africa-press.net\/centrafricaine\/#website\",\"url\":\"https:\/\/www.africa-press.net\/centrafricaine\/\",\"name\":\"centrafricaine\",\"description\":\"Just another Africa News Agency Sites site\",\"potentialAction\":[{\"@type\":\"SearchAction\",\"target\":{\"@type\":\"EntryPoint\",\"urlTemplate\":\"https:\/\/www.africa-press.net\/centrafricaine\/?s={search_term_string}\"},\"query-input\":{\"@type\":\"PropertyValueSpecification\",\"valueRequired\":true,\"valueName\":\"search_term_string\"}}],\"inLanguage\":\"fr-FR\"},{\"@type\":\"Person\",\"@id\":\"https:\/\/www.africa-press.net\/centrafricaine\/#\/schema\/person\/2b1cf3cd81a31e3cd26889ca66d677f1\",\"name\":\"cfeditorfr\"}]}<\/script>\n<!-- \/ Yoast SEO Premium plugin. -->","yoast_head_json":{"title":"La mission \u00e9conomique centrafricaine \u00e0 Bruxelles soup\u00e7onn\u00e9e de blanchiment d\u2019argent - centrafricaine","description":"Des r\u00e9v\u00e9lations rendues publiques par le quotidien n\u00e9erlandais Algemeen Dagblad (souvent abr\u00e9g\u00e9 \u00ab AD \u00bb), expliquent ...","robots":{"index":"index","follow":"follow","max-snippet":"max-snippet:-1","max-image-preview":"max-image-preview:large","max-video-preview":"max-video-preview:-1"},"canonical":"https:\/\/www.africa-press.net\/centrafricaine\/politique\/la-mission-economique-centrafricaine-a-bruxelles-soupconnee-de-blanchiment-dargent","og_locale":"fr_FR","og_type":"article","og_title":"La mission \u00e9conomique centrafricaine \u00e0 Bruxelles soup\u00e7onn\u00e9e de blanchiment d\u2019argent","og_description":"Des r\u00e9v\u00e9lations rendues publiques par le quotidien n\u00e9erlandais Algemeen Dagblad (souvent abr\u00e9g\u00e9 \u00ab AD \u00bb), expliquent ...","og_url":"https:\/\/www.africa-press.net\/centrafricaine\/politique\/la-mission-economique-centrafricaine-a-bruxelles-soupconnee-de-blanchiment-dargent","og_site_name":"centrafricaine","article_published_time":"2021-05-04T10:39:09+00:00","article_modified_time":"2021-05-05T16:47:42+00:00","og_image":[{"width":720,"height":475,"url":"https:\/\/static.africa-press.net\/centrafricaine\/sites\/45\/2021\/05\/img-60912009e7f0c.jpg","type":"image\/jpeg"}],"author":"cfeditorfr","twitter_card":"summary_large_image","twitter_misc":{"\u00c9crit par":"cfeditorfr","Dur\u00e9e de lecture estim\u00e9e":"3 minutes"},"schema":{"@context":"https:\/\/schema.org","@graph":[{"@type":"Article","@id":"https:\/\/www.africa-press.net\/centrafricaine\/politique\/la-mission-economique-centrafricaine-a-bruxelles-soupconnee-de-blanchiment-dargent#article","isPartOf":{"@id":"https:\/\/www.africa-press.net\/centrafricaine\/politique\/la-mission-economique-centrafricaine-a-bruxelles-soupconnee-de-blanchiment-dargent"},"author":{"name":"cfeditorfr","@id":"https:\/\/www.africa-press.net\/centrafricaine\/#\/schema\/person\/2b1cf3cd81a31e3cd26889ca66d677f1"},"headline":"La mission \u00e9conomique centrafricaine \u00e0 Bruxelles soup\u00e7onn\u00e9e de blanchiment d\u2019argent","datePublished":"2021-05-04T10:39:09+00:00","dateModified":"2021-05-05T16:47:42+00:00","mainEntityOfPage":{"@id":"https:\/\/www.africa-press.net\/centrafricaine\/politique\/la-mission-economique-centrafricaine-a-bruxelles-soupconnee-de-blanchiment-dargent"},"wordCount":752,"commentCount":0,"image":{"@id":"https:\/\/www.africa-press.net\/centrafricaine\/politique\/la-mission-economique-centrafricaine-a-bruxelles-soupconnee-de-blanchiment-dargent#primaryimage"},"thumbnailUrl":"https:\/\/static.africa-press.net\/centrafricaine\/sites\/45\/2021\/05\/img-60912009e7f0c.jpg","keywords":["Africa Press","Africa Press-CentrAfricaine","CentrAfricaine"],"articleSection":["homepage-french","Politique","Top Nouvelles","Toutes les actualit\u00e9s"],"inLanguage":"fr-FR","potentialAction":[{"@type":"CommentAction","name":"Comment","target":["https:\/\/www.africa-press.net\/centrafricaine\/politique\/la-mission-economique-centrafricaine-a-bruxelles-soupconnee-de-blanchiment-dargent#respond"]}]},{"@type":"WebPage","@id":"https:\/\/www.africa-press.net\/centrafricaine\/politique\/la-mission-economique-centrafricaine-a-bruxelles-soupconnee-de-blanchiment-dargent","url":"https:\/\/www.africa-press.net\/centrafricaine\/politique\/la-mission-economique-centrafricaine-a-bruxelles-soupconnee-de-blanchiment-dargent","name":"La mission \u00e9conomique centrafricaine \u00e0 Bruxelles soup\u00e7onn\u00e9e de blanchiment d\u2019argent - centrafricaine","isPartOf":{"@id":"https:\/\/www.africa-press.net\/centrafricaine\/#website"},"primaryImageOfPage":{"@id":"https:\/\/www.africa-press.net\/centrafricaine\/politique\/la-mission-economique-centrafricaine-a-bruxelles-soupconnee-de-blanchiment-dargent#primaryimage"},"image":{"@id":"https:\/\/www.africa-press.net\/centrafricaine\/politique\/la-mission-economique-centrafricaine-a-bruxelles-soupconnee-de-blanchiment-dargent#primaryimage"},"thumbnailUrl":"https:\/\/static.africa-press.net\/centrafricaine\/sites\/45\/2021\/05\/img-60912009e7f0c.jpg","datePublished":"2021-05-04T10:39:09+00:00","dateModified":"2021-05-05T16:47:42+00:00","author":{"@id":"https:\/\/www.africa-press.net\/centrafricaine\/#\/schema\/person\/2b1cf3cd81a31e3cd26889ca66d677f1"},"description":"Des r\u00e9v\u00e9lations rendues publiques par le quotidien n\u00e9erlandais Algemeen Dagblad (souvent abr\u00e9g\u00e9 \u00ab AD \u00bb), expliquent ...","breadcrumb":{"@id":"https:\/\/www.africa-press.net\/centrafricaine\/politique\/la-mission-economique-centrafricaine-a-bruxelles-soupconnee-de-blanchiment-dargent#breadcrumb"},"inLanguage":"fr-FR","potentialAction":[{"@type":"ReadAction","target":["https:\/\/www.africa-press.net\/centrafricaine\/politique\/la-mission-economique-centrafricaine-a-bruxelles-soupconnee-de-blanchiment-dargent"]}]},{"@type":"ImageObject","inLanguage":"fr-FR","@id":"https:\/\/www.africa-press.net\/centrafricaine\/politique\/la-mission-economique-centrafricaine-a-bruxelles-soupconnee-de-blanchiment-dargent#primaryimage","url":"https:\/\/static.africa-press.net\/centrafricaine\/sites\/45\/2021\/05\/img-60912009e7f0c.jpg","contentUrl":"https:\/\/static.africa-press.net\/centrafricaine\/sites\/45\/2021\/05\/img-60912009e7f0c.jpg","width":720,"height":475,"caption":"La mission \u00e9conomique centrafricaine \u00e0 Bruxelles soup\u00e7onn\u00e9e de blanchiment d\u2019argent"},{"@type":"BreadcrumbList","@id":"https:\/\/www.africa-press.net\/centrafricaine\/politique\/la-mission-economique-centrafricaine-a-bruxelles-soupconnee-de-blanchiment-dargent#breadcrumb","itemListElement":[{"@type":"ListItem","position":1,"name":"Accueil","item":"https:\/\/www.africa-press.net\/centrafricaine\/"},{"@type":"ListItem","position":2,"name":"La mission \u00e9conomique centrafricaine \u00e0 Bruxelles soup\u00e7onn\u00e9e de blanchiment d\u2019argent"}]},{"@type":"WebSite","@id":"https:\/\/www.africa-press.net\/centrafricaine\/#website","url":"https:\/\/www.africa-press.net\/centrafricaine\/","name":"centrafricaine","description":"Just another Africa News Agency Sites site","potentialAction":[{"@type":"SearchAction","target":{"@type":"EntryPoint","urlTemplate":"https:\/\/www.africa-press.net\/centrafricaine\/?s={search_term_string}"},"query-input":{"@type":"PropertyValueSpecification","valueRequired":true,"valueName":"search_term_string"}}],"inLanguage":"fr-FR"},{"@type":"Person","@id":"https:\/\/www.africa-press.net\/centrafricaine\/#\/schema\/person\/2b1cf3cd81a31e3cd26889ca66d677f1","name":"cfeditorfr"}]}},"_links":{"self":[{"href":"https:\/\/www.africa-press.net\/centrafricaine\/wp-json\/wp\/v2\/posts\/6503","targetHints":{"allow":["GET"]}}],"collection":[{"href":"https:\/\/www.africa-press.net\/centrafricaine\/wp-json\/wp\/v2\/posts"}],"about":[{"href":"https:\/\/www.africa-press.net\/centrafricaine\/wp-json\/wp\/v2\/types\/post"}],"author":[{"embeddable":true,"href":"https:\/\/www.africa-press.net\/centrafricaine\/wp-json\/wp\/v2\/users\/82"}],"replies":[{"embeddable":true,"href":"https:\/\/www.africa-press.net\/centrafricaine\/wp-json\/wp\/v2\/comments?post=6503"}],"version-history":[{"count":0,"href":"https:\/\/www.africa-press.net\/centrafricaine\/wp-json\/wp\/v2\/posts\/6503\/revisions"}],"wp:featuredmedia":[{"embeddable":true,"href":"https:\/\/www.africa-press.net\/centrafricaine\/wp-json\/wp\/v2\/media\/6502"}],"wp:attachment":[{"href":"https:\/\/www.africa-press.net\/centrafricaine\/wp-json\/wp\/v2\/media?parent=6503"}],"wp:term":[{"taxonomy":"category","embeddable":true,"href":"https:\/\/www.africa-press.net\/centrafricaine\/wp-json\/wp\/v2\/categories?post=6503"},{"taxonomy":"post_tag","embeddable":true,"href":"https:\/\/www.africa-press.net\/centrafricaine\/wp-json\/wp\/v2\/tags?post=6503"}],"curies":[{"name":"wp","href":"https:\/\/api.w.org\/{rel}","templated":true}]}}