{"id":6507,"date":"2021-05-04T10:44:47","date_gmt":"2021-05-04T10:44:47","guid":{"rendered":"https:\/\/www.africa-press.net\/centrafricaine\/?p=6507"},"modified":"2021-05-05T16:47:53","modified_gmt":"2021-05-05T16:47:53","slug":"centrafrique-le-gouvernement-rejette-les-allegations-de-crime-portees-contre-les-forces-bilaterales","status":"publish","type":"post","link":"https:\/\/www.africa-press.net\/centrafricaine\/politique\/centrafrique-le-gouvernement-rejette-les-allegations-de-crime-portees-contre-les-forces-bilaterales","title":{"rendered":"Le gouvernement \u00a0rejette les all\u00e9gations de crime port\u00e9es contre les \u00ab\u00a0forces bilat\u00e9rales\u00a0\u00bb"},"content":{"rendered":"<p><span style=\"color: #ff6600\"><strong><a href=\"https:\/\/www.africa-press.net\/\">Africa-Press<\/a> &#8211; <a href=\"https:\/\/www.africa-press.net\/centrafricaine\">CentrAfricaine<\/a>. <\/strong><\/span>Dans un communiqu\u00e9 en date du 30 avril 2021, le gouvernement centrafricain, par la voix de son porte-parole Ange-Maxime Kazagui, rejette en bloc les all\u00e9gations de crime formul\u00e9es par la Minusca contre les \u00ab acteurs \u00e9tatiques\/forces bilat\u00e9rales \u00ab .<\/p>\n<p>Selon ce communiqu\u00e9 du gouvernement, en date du 30 avril 2021, la MINUSCA avait remis au chef de l\u2019\u00c9tat Faustin Archange TOUADERA une liste intitul\u00e9e \u00ab tableau des violations commises par les acteurs \u00e9tatiques\/forces bilat\u00e9ral d\u00e9cembre 2020 \u00e0 avril 2021 \u00bb, dans lequel elle \u00ab met gravement en cause les forces nationales et bilat\u00e9rales \u00e0 travers des all\u00e9gations d\u2019ex\u00e9cution arbitraire\/extrajudiciaire, tortures, violences sexuelles, traitements cruels, inhumains et d\u00e9gradants, arrestations et d\u00e9tentions arbitraires, menace \u00e0 l\u2019int\u00e9grit\u00e9 physique, menace de mort \u00bb.<\/p>\n<p>Ainsi, le gouvernement se dit \u00e9tonner quant \u00e0 \u00ab la d\u00e9marche de la Minusca qui ne correspond nullement aux usages \u00e9tablis \u00bb.<\/p>\n<p>Il reconna\u00eet qu\u2019il affirme qu\u2019il n\u2019a pas \u00e9t\u00e9 inform\u00e9 \u00e0 aucun moment sur d\u2019\u00e9ventuelles enqu\u00eates men\u00e9es en RCA, et sur l\u2019initiateur, les m\u00e9thodes et encore moins le calendrier. \u00ab De plus, il n\u2019a jamais \u00e9t\u00e9 sollicit\u00e9 pour donner son avis sur un \u00e9ventuel rapport y relatif, lui permettant ainsi de se faire une id\u00e9e de la cr\u00e9dibilit\u00e9 des enqu\u00eateurs, de leur d\u00e9marche, de leur objectivit\u00e9 et bien entendu de la v\u00e9rit\u00e9 des faits all\u00e9gu\u00e9s \u00bb. Pour cela, le gouvernement consid\u00e8re le document de la MINUSCA \u00ab comme \u00e9tant de simples d\u00e9nonciations \u00bb. Mais, compte tenu de la gravit\u00e9 des all\u00e9gations port\u00e9es, le gouvernement pourrait r\u00e9agir. Ainsi, conform\u00e9ment \u00e0 la loi, le ministre de la Justice a \u00e9t\u00e9 instruit quant \u00e0 l\u2019ouverture d\u2019une enqu\u00eate judiciaire.<\/p>\n<p>&nbsp;<\/p>\n","protected":false},"excerpt":{"rendered":"<p>Africa-Press &#8211; CentrAfricaine. Dans un communiqu\u00e9 en date du 30 avril 2021, le gouvernement centrafricain, par la voix de son porte-parole Ange-Maxime Kazagui, rejette en bloc les all\u00e9gations de crime formul\u00e9es par la Minusca contre les \u00ab acteurs \u00e9tatiques\/forces bilat\u00e9rales \u00ab . Selon ce communiqu\u00e9 du gouvernement, en date du 30 avril 2021, la MINUSCA [&hellip;]<\/p>\n","protected":false},"author":82,"featured_media":6505,"comment_status":"open","ping_status":"closed","sticky":false,"template":"","format":"standard","meta":{"footnotes":""},"categories":[11,2,20,10],"tags":[36,58,30],"class_list":["post-6507","post","type-post","status-publish","format-standard","has-post-thumbnail","hentry","category-homepage-french","category-politique","category-top-nouvelles","category-toutes-les-actualites","tag-africa-press","tag-africa-press-centrafricaine","tag-centrafricaine"],"yoast_head":"<!-- This site is optimized with the Yoast SEO Premium plugin v26.1 (Yoast SEO v27.0) - https:\/\/yoast.com\/product\/yoast-seo-premium-wordpress\/ -->\n<title>Le gouvernement \u00a0rejette les all\u00e9gations de crime port\u00e9es contre les \u00ab\u00a0forces bilat\u00e9rales\u00a0\u00bb - centrafricaine<\/title>\n<meta name=\"description\" content=\"Bangui, R\u00e9publique centrafricaine, mardi, 4 mai 2021, 02:13:07 ( Corbeaunews-Centrafrique ). Dans un communiqu ...\" \/>\n<meta name=\"robots\" content=\"index, follow, max-snippet:-1, max-image-preview:large, max-video-preview:-1\" \/>\n<link rel=\"canonical\" href=\"https:\/\/www.africa-press.net\/centrafricaine\/politique\/centrafrique-le-gouvernement-rejette-les-allegations-de-crime-portees-contre-les-forces-bilaterales\" \/>\n<meta property=\"og:locale\" content=\"fr_FR\" \/>\n<meta property=\"og:type\" content=\"article\" \/>\n<meta property=\"og:title\" content=\"Le gouvernement \u00a0rejette les all\u00e9gations de crime port\u00e9es contre les \u00ab\u00a0forces bilat\u00e9rales\u00a0\u00bb\" \/>\n<meta property=\"og:description\" content=\"Bangui, R\u00e9publique centrafricaine, mardi, 4 mai 2021, 02:13:07 ( Corbeaunews-Centrafrique ). Dans un communiqu ...\" \/>\n<meta property=\"og:url\" content=\"https:\/\/www.africa-press.net\/centrafricaine\/politique\/centrafrique-le-gouvernement-rejette-les-allegations-de-crime-portees-contre-les-forces-bilaterales\" \/>\n<meta property=\"og:site_name\" content=\"centrafricaine\" \/>\n<meta property=\"article:published_time\" content=\"2021-05-04T10:44:47+00:00\" \/>\n<meta property=\"article:modified_time\" content=\"2021-05-05T16:47:53+00:00\" \/>\n<meta property=\"og:image\" content=\"https:\/\/static.africa-press.net\/centrafricaine\/sites\/45\/2021\/05\/img-6091202fec918.jpg\" \/>\n\t<meta property=\"og:image:width\" content=\"720\" \/>\n\t<meta property=\"og:image:height\" content=\"506\" \/>\n\t<meta property=\"og:image:type\" content=\"image\/jpeg\" \/>\n<meta name=\"author\" content=\"cfeditorfr\" \/>\n<meta name=\"twitter:card\" content=\"summary_large_image\" \/>\n<meta name=\"twitter:label1\" content=\"\u00c9crit par\" \/>\n\t<meta name=\"twitter:data1\" content=\"cfeditorfr\" \/>\n\t<meta name=\"twitter:label2\" content=\"Dur\u00e9e de lecture estim\u00e9e\" \/>\n\t<meta name=\"twitter:data2\" content=\"2 minutes\" \/>\n<script type=\"application\/ld+json\" class=\"yoast-schema-graph\">{\"@context\":\"https:\/\/schema.org\",\"@graph\":[{\"@type\":\"Article\",\"@id\":\"https:\/\/www.africa-press.net\/centrafricaine\/politique\/centrafrique-le-gouvernement-rejette-les-allegations-de-crime-portees-contre-les-forces-bilaterales#article\",\"isPartOf\":{\"@id\":\"https:\/\/www.africa-press.net\/centrafricaine\/politique\/centrafrique-le-gouvernement-rejette-les-allegations-de-crime-portees-contre-les-forces-bilaterales\"},\"author\":{\"name\":\"cfeditorfr\",\"@id\":\"https:\/\/www.africa-press.net\/centrafricaine\/#\/schema\/person\/2b1cf3cd81a31e3cd26889ca66d677f1\"},\"headline\":\"Le gouvernement \u00a0rejette les all\u00e9gations de crime port\u00e9es contre les \u00ab\u00a0forces bilat\u00e9rales\u00a0\u00bb\",\"datePublished\":\"2021-05-04T10:44:47+00:00\",\"dateModified\":\"2021-05-05T16:47:53+00:00\",\"mainEntityOfPage\":{\"@id\":\"https:\/\/www.africa-press.net\/centrafricaine\/politique\/centrafrique-le-gouvernement-rejette-les-allegations-de-crime-portees-contre-les-forces-bilaterales\"},\"wordCount\":303,\"commentCount\":0,\"image\":{\"@id\":\"https:\/\/www.africa-press.net\/centrafricaine\/politique\/centrafrique-le-gouvernement-rejette-les-allegations-de-crime-portees-contre-les-forces-bilaterales#primaryimage\"},\"thumbnailUrl\":\"https:\/\/static.africa-press.net\/centrafricaine\/sites\/45\/2021\/05\/img-6091202fec918.jpg\",\"keywords\":[\"Africa Press\",\"Africa Press-CentrAfricaine\",\"CentrAfricaine\"],\"articleSection\":[\"homepage-french\",\"Politique\",\"Top Nouvelles\",\"Toutes les actualit\u00e9s\"],\"inLanguage\":\"fr-FR\",\"potentialAction\":[{\"@type\":\"CommentAction\",\"name\":\"Comment\",\"target\":[\"https:\/\/www.africa-press.net\/centrafricaine\/politique\/centrafrique-le-gouvernement-rejette-les-allegations-de-crime-portees-contre-les-forces-bilaterales#respond\"]}]},{\"@type\":\"WebPage\",\"@id\":\"https:\/\/www.africa-press.net\/centrafricaine\/politique\/centrafrique-le-gouvernement-rejette-les-allegations-de-crime-portees-contre-les-forces-bilaterales\",\"url\":\"https:\/\/www.africa-press.net\/centrafricaine\/politique\/centrafrique-le-gouvernement-rejette-les-allegations-de-crime-portees-contre-les-forces-bilaterales\",\"name\":\"Le gouvernement \u00a0rejette les all\u00e9gations de crime port\u00e9es contre les \u00ab\u00a0forces bilat\u00e9rales\u00a0\u00bb - centrafricaine\",\"isPartOf\":{\"@id\":\"https:\/\/www.africa-press.net\/centrafricaine\/#website\"},\"primaryImageOfPage\":{\"@id\":\"https:\/\/www.africa-press.net\/centrafricaine\/politique\/centrafrique-le-gouvernement-rejette-les-allegations-de-crime-portees-contre-les-forces-bilaterales#primaryimage\"},\"image\":{\"@id\":\"https:\/\/www.africa-press.net\/centrafricaine\/politique\/centrafrique-le-gouvernement-rejette-les-allegations-de-crime-portees-contre-les-forces-bilaterales#primaryimage\"},\"thumbnailUrl\":\"https:\/\/static.africa-press.net\/centrafricaine\/sites\/45\/2021\/05\/img-6091202fec918.jpg\",\"datePublished\":\"2021-05-04T10:44:47+00:00\",\"dateModified\":\"2021-05-05T16:47:53+00:00\",\"author\":{\"@id\":\"https:\/\/www.africa-press.net\/centrafricaine\/#\/schema\/person\/2b1cf3cd81a31e3cd26889ca66d677f1\"},\"description\":\"Bangui, R\u00e9publique centrafricaine, mardi, 4 mai 2021, 02:13:07 ( Corbeaunews-Centrafrique ). Dans un communiqu ...\",\"breadcrumb\":{\"@id\":\"https:\/\/www.africa-press.net\/centrafricaine\/politique\/centrafrique-le-gouvernement-rejette-les-allegations-de-crime-portees-contre-les-forces-bilaterales#breadcrumb\"},\"inLanguage\":\"fr-FR\",\"potentialAction\":[{\"@type\":\"ReadAction\",\"target\":[\"https:\/\/www.africa-press.net\/centrafricaine\/politique\/centrafrique-le-gouvernement-rejette-les-allegations-de-crime-portees-contre-les-forces-bilaterales\"]}]},{\"@type\":\"ImageObject\",\"inLanguage\":\"fr-FR\",\"@id\":\"https:\/\/www.africa-press.net\/centrafricaine\/politique\/centrafrique-le-gouvernement-rejette-les-allegations-de-crime-portees-contre-les-forces-bilaterales#primaryimage\",\"url\":\"https:\/\/static.africa-press.net\/centrafricaine\/sites\/45\/2021\/05\/img-6091202fec918.jpg\",\"contentUrl\":\"https:\/\/static.africa-press.net\/centrafricaine\/sites\/45\/2021\/05\/img-6091202fec918.jpg\",\"width\":720,\"height\":506,\"caption\":\"Centrafrique\u00a0: Le gouvernement \u00a0rejette les all\u00e9gations de crime port\u00e9es contre les \u00ab\u00a0forces bilat\u00e9rales\u00a0\u00bb\"},{\"@type\":\"BreadcrumbList\",\"@id\":\"https:\/\/www.africa-press.net\/centrafricaine\/politique\/centrafrique-le-gouvernement-rejette-les-allegations-de-crime-portees-contre-les-forces-bilaterales#breadcrumb\",\"itemListElement\":[{\"@type\":\"ListItem\",\"position\":1,\"name\":\"Accueil\",\"item\":\"https:\/\/www.africa-press.net\/centrafricaine\/\"},{\"@type\":\"ListItem\",\"position\":2,\"name\":\"Le gouvernement \u00a0rejette les all\u00e9gations de crime port\u00e9es contre les \u00ab\u00a0forces bilat\u00e9rales\u00a0\u00bb\"}]},{\"@type\":\"WebSite\",\"@id\":\"https:\/\/www.africa-press.net\/centrafricaine\/#website\",\"url\":\"https:\/\/www.africa-press.net\/centrafricaine\/\",\"name\":\"centrafricaine\",\"description\":\"Just another Africa News Agency Sites site\",\"potentialAction\":[{\"@type\":\"SearchAction\",\"target\":{\"@type\":\"EntryPoint\",\"urlTemplate\":\"https:\/\/www.africa-press.net\/centrafricaine\/?s={search_term_string}\"},\"query-input\":{\"@type\":\"PropertyValueSpecification\",\"valueRequired\":true,\"valueName\":\"search_term_string\"}}],\"inLanguage\":\"fr-FR\"},{\"@type\":\"Person\",\"@id\":\"https:\/\/www.africa-press.net\/centrafricaine\/#\/schema\/person\/2b1cf3cd81a31e3cd26889ca66d677f1\",\"name\":\"cfeditorfr\"}]}<\/script>\n<!-- \/ Yoast SEO Premium plugin. -->","yoast_head_json":{"title":"Le gouvernement \u00a0rejette les all\u00e9gations de crime port\u00e9es contre les \u00ab\u00a0forces bilat\u00e9rales\u00a0\u00bb - centrafricaine","description":"Bangui, R\u00e9publique centrafricaine, mardi, 4 mai 2021, 02:13:07 ( Corbeaunews-Centrafrique ). Dans un communiqu ...","robots":{"index":"index","follow":"follow","max-snippet":"max-snippet:-1","max-image-preview":"max-image-preview:large","max-video-preview":"max-video-preview:-1"},"canonical":"https:\/\/www.africa-press.net\/centrafricaine\/politique\/centrafrique-le-gouvernement-rejette-les-allegations-de-crime-portees-contre-les-forces-bilaterales","og_locale":"fr_FR","og_type":"article","og_title":"Le gouvernement \u00a0rejette les all\u00e9gations de crime port\u00e9es contre les \u00ab\u00a0forces bilat\u00e9rales\u00a0\u00bb","og_description":"Bangui, R\u00e9publique centrafricaine, mardi, 4 mai 2021, 02:13:07 ( Corbeaunews-Centrafrique ). Dans un communiqu ...","og_url":"https:\/\/www.africa-press.net\/centrafricaine\/politique\/centrafrique-le-gouvernement-rejette-les-allegations-de-crime-portees-contre-les-forces-bilaterales","og_site_name":"centrafricaine","article_published_time":"2021-05-04T10:44:47+00:00","article_modified_time":"2021-05-05T16:47:53+00:00","og_image":[{"width":720,"height":506,"url":"https:\/\/static.africa-press.net\/centrafricaine\/sites\/45\/2021\/05\/img-6091202fec918.jpg","type":"image\/jpeg"}],"author":"cfeditorfr","twitter_card":"summary_large_image","twitter_misc":{"\u00c9crit par":"cfeditorfr","Dur\u00e9e de lecture estim\u00e9e":"2 minutes"},"schema":{"@context":"https:\/\/schema.org","@graph":[{"@type":"Article","@id":"https:\/\/www.africa-press.net\/centrafricaine\/politique\/centrafrique-le-gouvernement-rejette-les-allegations-de-crime-portees-contre-les-forces-bilaterales#article","isPartOf":{"@id":"https:\/\/www.africa-press.net\/centrafricaine\/politique\/centrafrique-le-gouvernement-rejette-les-allegations-de-crime-portees-contre-les-forces-bilaterales"},"author":{"name":"cfeditorfr","@id":"https:\/\/www.africa-press.net\/centrafricaine\/#\/schema\/person\/2b1cf3cd81a31e3cd26889ca66d677f1"},"headline":"Le gouvernement \u00a0rejette les all\u00e9gations de crime port\u00e9es contre les \u00ab\u00a0forces bilat\u00e9rales\u00a0\u00bb","datePublished":"2021-05-04T10:44:47+00:00","dateModified":"2021-05-05T16:47:53+00:00","mainEntityOfPage":{"@id":"https:\/\/www.africa-press.net\/centrafricaine\/politique\/centrafrique-le-gouvernement-rejette-les-allegations-de-crime-portees-contre-les-forces-bilaterales"},"wordCount":303,"commentCount":0,"image":{"@id":"https:\/\/www.africa-press.net\/centrafricaine\/politique\/centrafrique-le-gouvernement-rejette-les-allegations-de-crime-portees-contre-les-forces-bilaterales#primaryimage"},"thumbnailUrl":"https:\/\/static.africa-press.net\/centrafricaine\/sites\/45\/2021\/05\/img-6091202fec918.jpg","keywords":["Africa Press","Africa Press-CentrAfricaine","CentrAfricaine"],"articleSection":["homepage-french","Politique","Top Nouvelles","Toutes les actualit\u00e9s"],"inLanguage":"fr-FR","potentialAction":[{"@type":"CommentAction","name":"Comment","target":["https:\/\/www.africa-press.net\/centrafricaine\/politique\/centrafrique-le-gouvernement-rejette-les-allegations-de-crime-portees-contre-les-forces-bilaterales#respond"]}]},{"@type":"WebPage","@id":"https:\/\/www.africa-press.net\/centrafricaine\/politique\/centrafrique-le-gouvernement-rejette-les-allegations-de-crime-portees-contre-les-forces-bilaterales","url":"https:\/\/www.africa-press.net\/centrafricaine\/politique\/centrafrique-le-gouvernement-rejette-les-allegations-de-crime-portees-contre-les-forces-bilaterales","name":"Le gouvernement \u00a0rejette les all\u00e9gations de crime port\u00e9es contre les \u00ab\u00a0forces bilat\u00e9rales\u00a0\u00bb - centrafricaine","isPartOf":{"@id":"https:\/\/www.africa-press.net\/centrafricaine\/#website"},"primaryImageOfPage":{"@id":"https:\/\/www.africa-press.net\/centrafricaine\/politique\/centrafrique-le-gouvernement-rejette-les-allegations-de-crime-portees-contre-les-forces-bilaterales#primaryimage"},"image":{"@id":"https:\/\/www.africa-press.net\/centrafricaine\/politique\/centrafrique-le-gouvernement-rejette-les-allegations-de-crime-portees-contre-les-forces-bilaterales#primaryimage"},"thumbnailUrl":"https:\/\/static.africa-press.net\/centrafricaine\/sites\/45\/2021\/05\/img-6091202fec918.jpg","datePublished":"2021-05-04T10:44:47+00:00","dateModified":"2021-05-05T16:47:53+00:00","author":{"@id":"https:\/\/www.africa-press.net\/centrafricaine\/#\/schema\/person\/2b1cf3cd81a31e3cd26889ca66d677f1"},"description":"Bangui, R\u00e9publique centrafricaine, mardi, 4 mai 2021, 02:13:07 ( Corbeaunews-Centrafrique ). Dans un communiqu ...","breadcrumb":{"@id":"https:\/\/www.africa-press.net\/centrafricaine\/politique\/centrafrique-le-gouvernement-rejette-les-allegations-de-crime-portees-contre-les-forces-bilaterales#breadcrumb"},"inLanguage":"fr-FR","potentialAction":[{"@type":"ReadAction","target":["https:\/\/www.africa-press.net\/centrafricaine\/politique\/centrafrique-le-gouvernement-rejette-les-allegations-de-crime-portees-contre-les-forces-bilaterales"]}]},{"@type":"ImageObject","inLanguage":"fr-FR","@id":"https:\/\/www.africa-press.net\/centrafricaine\/politique\/centrafrique-le-gouvernement-rejette-les-allegations-de-crime-portees-contre-les-forces-bilaterales#primaryimage","url":"https:\/\/static.africa-press.net\/centrafricaine\/sites\/45\/2021\/05\/img-6091202fec918.jpg","contentUrl":"https:\/\/static.africa-press.net\/centrafricaine\/sites\/45\/2021\/05\/img-6091202fec918.jpg","width":720,"height":506,"caption":"Centrafrique\u00a0: Le gouvernement \u00a0rejette les all\u00e9gations de crime port\u00e9es contre les \u00ab\u00a0forces bilat\u00e9rales\u00a0\u00bb"},{"@type":"BreadcrumbList","@id":"https:\/\/www.africa-press.net\/centrafricaine\/politique\/centrafrique-le-gouvernement-rejette-les-allegations-de-crime-portees-contre-les-forces-bilaterales#breadcrumb","itemListElement":[{"@type":"ListItem","position":1,"name":"Accueil","item":"https:\/\/www.africa-press.net\/centrafricaine\/"},{"@type":"ListItem","position":2,"name":"Le gouvernement \u00a0rejette les all\u00e9gations de crime port\u00e9es contre les \u00ab\u00a0forces bilat\u00e9rales\u00a0\u00bb"}]},{"@type":"WebSite","@id":"https:\/\/www.africa-press.net\/centrafricaine\/#website","url":"https:\/\/www.africa-press.net\/centrafricaine\/","name":"centrafricaine","description":"Just another Africa News Agency Sites site","potentialAction":[{"@type":"SearchAction","target":{"@type":"EntryPoint","urlTemplate":"https:\/\/www.africa-press.net\/centrafricaine\/?s={search_term_string}"},"query-input":{"@type":"PropertyValueSpecification","valueRequired":true,"valueName":"search_term_string"}}],"inLanguage":"fr-FR"},{"@type":"Person","@id":"https:\/\/www.africa-press.net\/centrafricaine\/#\/schema\/person\/2b1cf3cd81a31e3cd26889ca66d677f1","name":"cfeditorfr"}]}},"_links":{"self":[{"href":"https:\/\/www.africa-press.net\/centrafricaine\/wp-json\/wp\/v2\/posts\/6507","targetHints":{"allow":["GET"]}}],"collection":[{"href":"https:\/\/www.africa-press.net\/centrafricaine\/wp-json\/wp\/v2\/posts"}],"about":[{"href":"https:\/\/www.africa-press.net\/centrafricaine\/wp-json\/wp\/v2\/types\/post"}],"author":[{"embeddable":true,"href":"https:\/\/www.africa-press.net\/centrafricaine\/wp-json\/wp\/v2\/users\/82"}],"replies":[{"embeddable":true,"href":"https:\/\/www.africa-press.net\/centrafricaine\/wp-json\/wp\/v2\/comments?post=6507"}],"version-history":[{"count":0,"href":"https:\/\/www.africa-press.net\/centrafricaine\/wp-json\/wp\/v2\/posts\/6507\/revisions"}],"wp:featuredmedia":[{"embeddable":true,"href":"https:\/\/www.africa-press.net\/centrafricaine\/wp-json\/wp\/v2\/media\/6505"}],"wp:attachment":[{"href":"https:\/\/www.africa-press.net\/centrafricaine\/wp-json\/wp\/v2\/media?parent=6507"}],"wp:term":[{"taxonomy":"category","embeddable":true,"href":"https:\/\/www.africa-press.net\/centrafricaine\/wp-json\/wp\/v2\/categories?post=6507"},{"taxonomy":"post_tag","embeddable":true,"href":"https:\/\/www.africa-press.net\/centrafricaine\/wp-json\/wp\/v2\/tags?post=6507"}],"curies":[{"name":"wp","href":"https:\/\/api.w.org\/{rel}","templated":true}]}}