{"id":6525,"date":"2021-05-05T12:16:42","date_gmt":"2021-05-05T12:16:42","guid":{"rendered":"https:\/\/www.africa-press.net\/centrafricaine\/?p=6525"},"modified":"2021-05-05T16:48:44","modified_gmt":"2021-05-05T16:48:44","slug":"rca-aujourdhui-cest-le-jour-de-lelection-du-president-de-lassemblee-nationale-les-alliances-se-multiplient","status":"publish","type":"post","link":"https:\/\/www.africa-press.net\/centrafricaine\/politique\/rca-aujourdhui-cest-le-jour-de-lelection-du-president-de-lassemblee-nationale-les-alliances-se-multiplient","title":{"rendered":"aujourd\u2019hui, c\u2019est le jour de l\u2019\u00e9lection du Pr\u00e9sident de l\u2019Assembl\u00e9e nationale, les alliances se multiplient"},"content":{"rendered":"<p><span style=\"color: #ff6600\"><strong><a href=\"https:\/\/www.africa-press.net\/\">Africa-Press<\/a> &#8211; <a href=\"https:\/\/www.africa-press.net\/centrafricaine\">CentrAfricaine<\/a>. <\/strong><\/span>\u00a0Apr\u00e8s plusieurs jours de tractations en coulisse, les d\u00e9put\u00e9s vont devoir \u00e9lire ce mercredi 5 mai leur nouveau Pr\u00e9sident pour les cinq prochaines ann\u00e9es. D\u2019ores et d\u00e9j\u00e0, dans le camp de la majorit\u00e9 pr\u00e9sidentielle, le nom de l\u2019ancien Premier ministre Simplice Mathieu Sarandji est annonc\u00e9, tandis que dans l\u2019opposition, les choses ne sont pas encore claires. Cependant, l\u2019ancien premier ministre Martin Zigu\u00e9l\u00e9, Pr\u00e9sident du MLPC, et Joseph Bendounga, Pr\u00e9sident du MDREC ont d\u00e9j\u00e0 d\u00e9pos\u00e9 leur candidature.<\/p>\n<p>Si l\u2019\u00e9lection pr\u00e9sidentielle du 27 d\u00e9cembre a vu la victoire du Pr\u00e9sident Faustin Archange Touadera, premi\u00e8re personnalit\u00e9 de la R\u00e9publique centrafricaine, l\u2019\u00e9lection du Pr\u00e9sident de l\u2019Assembl\u00e9e nationale, deuxi\u00e8me personnalit\u00e9 de la R\u00e9publique est aussi important pour la vie politique du pays.<\/p>\n<p>Dans ce contexte particulier o\u00f9 le nombre total des d\u00e9put\u00e9s n\u2019est pas atteint, l\u2019\u00e9lection au perchoir sera strat\u00e9gique, car ni le parti au pouvoir (MCU) ni l\u2019opposition d\u00e9mocratique n\u2019a obtenu la majorit\u00e9 absolue. Une \u00e9lection en interne qui se fera \u00e0 l\u2019absence d\u2019une cinquantaine des d\u00e9put\u00e9s non encore \u00e9lus.<\/p>\n<p>Toutefois, certains d\u00e9put\u00e9s ont d\u00e9j\u00e0 manifest\u00e9 leur candidature pour ce poste. D\u2019abord le Pr\u00e9sident du MLPC (Mouvement de lib\u00e9ration du peuple centrafricain ) Martin Zigu\u00e9l\u00e9. L\u2019\u00e9lu de Bocaranga 3 a officiellement twitt\u00e9 avant-hier qu\u2019il est candidat \u00e0 la pr\u00e9sidence de l\u2019Assembl\u00e9e nationale. Le d\u00e9put\u00e9 de Bimbo 3 Joseph Bendounga lui aussi sera candidat.<\/p>\n<p>Cependant, du c\u00f4t\u00e9 du pouvoir, les tractations se poursuivent. La candidature de Simplice Mathieu Sarandji, selon les indiscr\u00e9tions, aurait re\u00e7u la b\u00e9n\u00e9diction de son mentor Faustin Archange Touadera.<\/p>\n<p>Il faut noter que le d\u00e9p\u00f4t de candidature ouvert se poursuit encore. Il est difficile encore de noter avec exactitude le nombre total des candidats, car selon le r\u00e8glement int\u00e9rieur de l\u2019Assembl\u00e9e nationale, la candidature est ouverte jusqu\u2019\u00e0 une heure avant le d\u00e9roulement du vote. Et si la candidature de monsieur Sarandji venait \u00e0 \u00eatre valid\u00e9e, il va sans doute b\u00e9n\u00e9ficier du soutien de certains d\u00e9put\u00e9s ind\u00e9pendants, alli\u00e9s de son parti le mouvement c\u0153urs unis. Il en est de m\u00eame pour Martin Zigu\u00e9l\u00e9, l\u2019un des poids lourds de l\u2019opposition. Il aurait le soutien des d\u00e9put\u00e9s de son parti et de certains ind\u00e9pendants, \u00e0 en croire plusieurs sources. Les alliances sont encore en cours, la lutte pour le perchoir du palais du peuple sera rude entre et le pouvoir et l\u2019opposition d\u00e9mocratique.<\/p>\n<p>&nbsp;<\/p>\n","protected":false},"excerpt":{"rendered":"<p>Africa-Press &#8211; CentrAfricaine. \u00a0Apr\u00e8s plusieurs jours de tractations en coulisse, les d\u00e9put\u00e9s vont devoir \u00e9lire ce mercredi 5 mai leur nouveau Pr\u00e9sident pour les cinq prochaines ann\u00e9es. D\u2019ores et d\u00e9j\u00e0, dans le camp de la majorit\u00e9 pr\u00e9sidentielle, le nom de l\u2019ancien Premier ministre Simplice Mathieu Sarandji est annonc\u00e9, tandis que dans l\u2019opposition, les choses ne [&hellip;]<\/p>\n","protected":false},"author":82,"featured_media":6524,"comment_status":"open","ping_status":"closed","sticky":false,"template":"","format":"standard","meta":{"footnotes":""},"categories":[11,2,20,10],"tags":[36,58,30],"class_list":["post-6525","post","type-post","status-publish","format-standard","has-post-thumbnail","hentry","category-homepage-french","category-politique","category-top-nouvelles","category-toutes-les-actualites","tag-africa-press","tag-africa-press-centrafricaine","tag-centrafricaine"],"yoast_head":"<!-- This site is optimized with the Yoast SEO Premium plugin v26.1 (Yoast SEO v27.0) - https:\/\/yoast.com\/product\/yoast-seo-premium-wordpress\/ -->\n<title>aujourd\u2019hui, c\u2019est le jour de l\u2019\u00e9lection du Pr\u00e9sident de l\u2019Assembl\u00e9e nationale, les alliances se multiplient - centrafricaine<\/title>\n<meta name=\"description\" content=\"Bangui, R\u00e9publique centrafricaine, mercredi, 5 mai 2021, 06:30:04 ( Corbeaunews-Centrafrique ). Apr\u00e8s plusieurs ...\" \/>\n<meta name=\"robots\" content=\"index, follow, max-snippet:-1, max-image-preview:large, max-video-preview:-1\" \/>\n<link rel=\"canonical\" href=\"https:\/\/www.africa-press.net\/centrafricaine\/politique\/rca-aujourdhui-cest-le-jour-de-lelection-du-president-de-lassemblee-nationale-les-alliances-se-multiplient\" \/>\n<meta property=\"og:locale\" content=\"fr_FR\" \/>\n<meta property=\"og:type\" content=\"article\" \/>\n<meta property=\"og:title\" content=\"aujourd\u2019hui, c\u2019est le jour de l\u2019\u00e9lection du Pr\u00e9sident de l\u2019Assembl\u00e9e nationale, les alliances se multiplient\" \/>\n<meta property=\"og:description\" content=\"Bangui, R\u00e9publique centrafricaine, mercredi, 5 mai 2021, 06:30:04 ( Corbeaunews-Centrafrique ). Apr\u00e8s plusieurs ...\" \/>\n<meta property=\"og:url\" content=\"https:\/\/www.africa-press.net\/centrafricaine\/politique\/rca-aujourdhui-cest-le-jour-de-lelection-du-president-de-lassemblee-nationale-les-alliances-se-multiplient\" \/>\n<meta property=\"og:site_name\" content=\"centrafricaine\" \/>\n<meta property=\"article:published_time\" content=\"2021-05-05T12:16:42+00:00\" \/>\n<meta property=\"article:modified_time\" content=\"2021-05-05T16:48:44+00:00\" \/>\n<meta property=\"og:image\" content=\"https:\/\/static.africa-press.net\/centrafricaine\/sites\/45\/2021\/05\/img-609288640cad8.jpg\" \/>\n\t<meta property=\"og:image:width\" content=\"1000\" \/>\n\t<meta property=\"og:image:height\" content=\"750\" \/>\n\t<meta property=\"og:image:type\" content=\"image\/jpeg\" \/>\n<meta name=\"author\" content=\"cfeditorfr\" \/>\n<meta name=\"twitter:card\" content=\"summary_large_image\" \/>\n<meta name=\"twitter:label1\" content=\"\u00c9crit par\" \/>\n\t<meta name=\"twitter:data1\" content=\"cfeditorfr\" \/>\n\t<meta name=\"twitter:label2\" content=\"Dur\u00e9e de lecture estim\u00e9e\" \/>\n\t<meta name=\"twitter:data2\" content=\"2 minutes\" \/>\n<script type=\"application\/ld+json\" class=\"yoast-schema-graph\">{\"@context\":\"https:\/\/schema.org\",\"@graph\":[{\"@type\":\"Article\",\"@id\":\"https:\/\/www.africa-press.net\/centrafricaine\/politique\/rca-aujourdhui-cest-le-jour-de-lelection-du-president-de-lassemblee-nationale-les-alliances-se-multiplient#article\",\"isPartOf\":{\"@id\":\"https:\/\/www.africa-press.net\/centrafricaine\/politique\/rca-aujourdhui-cest-le-jour-de-lelection-du-president-de-lassemblee-nationale-les-alliances-se-multiplient\"},\"author\":{\"name\":\"cfeditorfr\",\"@id\":\"https:\/\/www.africa-press.net\/centrafricaine\/#\/schema\/person\/2b1cf3cd81a31e3cd26889ca66d677f1\"},\"headline\":\"aujourd\u2019hui, c\u2019est le jour de l\u2019\u00e9lection du Pr\u00e9sident de l\u2019Assembl\u00e9e nationale, les alliances se multiplient\",\"datePublished\":\"2021-05-05T12:16:42+00:00\",\"dateModified\":\"2021-05-05T16:48:44+00:00\",\"mainEntityOfPage\":{\"@id\":\"https:\/\/www.africa-press.net\/centrafricaine\/politique\/rca-aujourdhui-cest-le-jour-de-lelection-du-president-de-lassemblee-nationale-les-alliances-se-multiplient\"},\"wordCount\":476,\"commentCount\":0,\"image\":{\"@id\":\"https:\/\/www.africa-press.net\/centrafricaine\/politique\/rca-aujourdhui-cest-le-jour-de-lelection-du-president-de-lassemblee-nationale-les-alliances-se-multiplient#primaryimage\"},\"thumbnailUrl\":\"https:\/\/static.africa-press.net\/centrafricaine\/sites\/45\/2021\/05\/img-609288640cad8.jpg\",\"keywords\":[\"Africa Press\",\"Africa Press-CentrAfricaine\",\"CentrAfricaine\"],\"articleSection\":[\"homepage-french\",\"Politique\",\"Top Nouvelles\",\"Toutes les actualit\u00e9s\"],\"inLanguage\":\"fr-FR\",\"potentialAction\":[{\"@type\":\"CommentAction\",\"name\":\"Comment\",\"target\":[\"https:\/\/www.africa-press.net\/centrafricaine\/politique\/rca-aujourdhui-cest-le-jour-de-lelection-du-president-de-lassemblee-nationale-les-alliances-se-multiplient#respond\"]}]},{\"@type\":\"WebPage\",\"@id\":\"https:\/\/www.africa-press.net\/centrafricaine\/politique\/rca-aujourdhui-cest-le-jour-de-lelection-du-president-de-lassemblee-nationale-les-alliances-se-multiplient\",\"url\":\"https:\/\/www.africa-press.net\/centrafricaine\/politique\/rca-aujourdhui-cest-le-jour-de-lelection-du-president-de-lassemblee-nationale-les-alliances-se-multiplient\",\"name\":\"aujourd\u2019hui, c\u2019est le jour de l\u2019\u00e9lection du Pr\u00e9sident de l\u2019Assembl\u00e9e nationale, les alliances se multiplient - centrafricaine\",\"isPartOf\":{\"@id\":\"https:\/\/www.africa-press.net\/centrafricaine\/#website\"},\"primaryImageOfPage\":{\"@id\":\"https:\/\/www.africa-press.net\/centrafricaine\/politique\/rca-aujourdhui-cest-le-jour-de-lelection-du-president-de-lassemblee-nationale-les-alliances-se-multiplient#primaryimage\"},\"image\":{\"@id\":\"https:\/\/www.africa-press.net\/centrafricaine\/politique\/rca-aujourdhui-cest-le-jour-de-lelection-du-president-de-lassemblee-nationale-les-alliances-se-multiplient#primaryimage\"},\"thumbnailUrl\":\"https:\/\/static.africa-press.net\/centrafricaine\/sites\/45\/2021\/05\/img-609288640cad8.jpg\",\"datePublished\":\"2021-05-05T12:16:42+00:00\",\"dateModified\":\"2021-05-05T16:48:44+00:00\",\"author\":{\"@id\":\"https:\/\/www.africa-press.net\/centrafricaine\/#\/schema\/person\/2b1cf3cd81a31e3cd26889ca66d677f1\"},\"description\":\"Bangui, R\u00e9publique centrafricaine, mercredi, 5 mai 2021, 06:30:04 ( Corbeaunews-Centrafrique ). Apr\u00e8s plusieurs ...\",\"breadcrumb\":{\"@id\":\"https:\/\/www.africa-press.net\/centrafricaine\/politique\/rca-aujourdhui-cest-le-jour-de-lelection-du-president-de-lassemblee-nationale-les-alliances-se-multiplient#breadcrumb\"},\"inLanguage\":\"fr-FR\",\"potentialAction\":[{\"@type\":\"ReadAction\",\"target\":[\"https:\/\/www.africa-press.net\/centrafricaine\/politique\/rca-aujourdhui-cest-le-jour-de-lelection-du-president-de-lassemblee-nationale-les-alliances-se-multiplient\"]}]},{\"@type\":\"ImageObject\",\"inLanguage\":\"fr-FR\",\"@id\":\"https:\/\/www.africa-press.net\/centrafricaine\/politique\/rca-aujourdhui-cest-le-jour-de-lelection-du-president-de-lassemblee-nationale-les-alliances-se-multiplient#primaryimage\",\"url\":\"https:\/\/static.africa-press.net\/centrafricaine\/sites\/45\/2021\/05\/img-609288640cad8.jpg\",\"contentUrl\":\"https:\/\/static.africa-press.net\/centrafricaine\/sites\/45\/2021\/05\/img-609288640cad8.jpg\",\"width\":1000,\"height\":750,\"caption\":\"RCA\u00a0: aujourd\u2019hui, c\u2019est le jour de l\u2019\u00e9lection du Pr\u00e9sident de l\u2019Assembl\u00e9e nationale, les alliances se multiplient\"},{\"@type\":\"BreadcrumbList\",\"@id\":\"https:\/\/www.africa-press.net\/centrafricaine\/politique\/rca-aujourdhui-cest-le-jour-de-lelection-du-president-de-lassemblee-nationale-les-alliances-se-multiplient#breadcrumb\",\"itemListElement\":[{\"@type\":\"ListItem\",\"position\":1,\"name\":\"Accueil\",\"item\":\"https:\/\/www.africa-press.net\/centrafricaine\/\"},{\"@type\":\"ListItem\",\"position\":2,\"name\":\"aujourd\u2019hui, c\u2019est le jour de l\u2019\u00e9lection du Pr\u00e9sident de l\u2019Assembl\u00e9e nationale, les alliances se multiplient\"}]},{\"@type\":\"WebSite\",\"@id\":\"https:\/\/www.africa-press.net\/centrafricaine\/#website\",\"url\":\"https:\/\/www.africa-press.net\/centrafricaine\/\",\"name\":\"centrafricaine\",\"description\":\"Just another Africa News Agency Sites site\",\"potentialAction\":[{\"@type\":\"SearchAction\",\"target\":{\"@type\":\"EntryPoint\",\"urlTemplate\":\"https:\/\/www.africa-press.net\/centrafricaine\/?s={search_term_string}\"},\"query-input\":{\"@type\":\"PropertyValueSpecification\",\"valueRequired\":true,\"valueName\":\"search_term_string\"}}],\"inLanguage\":\"fr-FR\"},{\"@type\":\"Person\",\"@id\":\"https:\/\/www.africa-press.net\/centrafricaine\/#\/schema\/person\/2b1cf3cd81a31e3cd26889ca66d677f1\",\"name\":\"cfeditorfr\"}]}<\/script>\n<!-- \/ Yoast SEO Premium plugin. -->","yoast_head_json":{"title":"aujourd\u2019hui, c\u2019est le jour de l\u2019\u00e9lection du Pr\u00e9sident de l\u2019Assembl\u00e9e nationale, les alliances se multiplient - centrafricaine","description":"Bangui, R\u00e9publique centrafricaine, mercredi, 5 mai 2021, 06:30:04 ( Corbeaunews-Centrafrique ). Apr\u00e8s plusieurs ...","robots":{"index":"index","follow":"follow","max-snippet":"max-snippet:-1","max-image-preview":"max-image-preview:large","max-video-preview":"max-video-preview:-1"},"canonical":"https:\/\/www.africa-press.net\/centrafricaine\/politique\/rca-aujourdhui-cest-le-jour-de-lelection-du-president-de-lassemblee-nationale-les-alliances-se-multiplient","og_locale":"fr_FR","og_type":"article","og_title":"aujourd\u2019hui, c\u2019est le jour de l\u2019\u00e9lection du Pr\u00e9sident de l\u2019Assembl\u00e9e nationale, les alliances se multiplient","og_description":"Bangui, R\u00e9publique centrafricaine, mercredi, 5 mai 2021, 06:30:04 ( Corbeaunews-Centrafrique ). Apr\u00e8s plusieurs ...","og_url":"https:\/\/www.africa-press.net\/centrafricaine\/politique\/rca-aujourdhui-cest-le-jour-de-lelection-du-president-de-lassemblee-nationale-les-alliances-se-multiplient","og_site_name":"centrafricaine","article_published_time":"2021-05-05T12:16:42+00:00","article_modified_time":"2021-05-05T16:48:44+00:00","og_image":[{"width":1000,"height":750,"url":"https:\/\/static.africa-press.net\/centrafricaine\/sites\/45\/2021\/05\/img-609288640cad8.jpg","type":"image\/jpeg"}],"author":"cfeditorfr","twitter_card":"summary_large_image","twitter_misc":{"\u00c9crit par":"cfeditorfr","Dur\u00e9e de lecture estim\u00e9e":"2 minutes"},"schema":{"@context":"https:\/\/schema.org","@graph":[{"@type":"Article","@id":"https:\/\/www.africa-press.net\/centrafricaine\/politique\/rca-aujourdhui-cest-le-jour-de-lelection-du-president-de-lassemblee-nationale-les-alliances-se-multiplient#article","isPartOf":{"@id":"https:\/\/www.africa-press.net\/centrafricaine\/politique\/rca-aujourdhui-cest-le-jour-de-lelection-du-president-de-lassemblee-nationale-les-alliances-se-multiplient"},"author":{"name":"cfeditorfr","@id":"https:\/\/www.africa-press.net\/centrafricaine\/#\/schema\/person\/2b1cf3cd81a31e3cd26889ca66d677f1"},"headline":"aujourd\u2019hui, c\u2019est le jour de l\u2019\u00e9lection du Pr\u00e9sident de l\u2019Assembl\u00e9e nationale, les alliances se multiplient","datePublished":"2021-05-05T12:16:42+00:00","dateModified":"2021-05-05T16:48:44+00:00","mainEntityOfPage":{"@id":"https:\/\/www.africa-press.net\/centrafricaine\/politique\/rca-aujourdhui-cest-le-jour-de-lelection-du-president-de-lassemblee-nationale-les-alliances-se-multiplient"},"wordCount":476,"commentCount":0,"image":{"@id":"https:\/\/www.africa-press.net\/centrafricaine\/politique\/rca-aujourdhui-cest-le-jour-de-lelection-du-president-de-lassemblee-nationale-les-alliances-se-multiplient#primaryimage"},"thumbnailUrl":"https:\/\/static.africa-press.net\/centrafricaine\/sites\/45\/2021\/05\/img-609288640cad8.jpg","keywords":["Africa Press","Africa Press-CentrAfricaine","CentrAfricaine"],"articleSection":["homepage-french","Politique","Top Nouvelles","Toutes les actualit\u00e9s"],"inLanguage":"fr-FR","potentialAction":[{"@type":"CommentAction","name":"Comment","target":["https:\/\/www.africa-press.net\/centrafricaine\/politique\/rca-aujourdhui-cest-le-jour-de-lelection-du-president-de-lassemblee-nationale-les-alliances-se-multiplient#respond"]}]},{"@type":"WebPage","@id":"https:\/\/www.africa-press.net\/centrafricaine\/politique\/rca-aujourdhui-cest-le-jour-de-lelection-du-president-de-lassemblee-nationale-les-alliances-se-multiplient","url":"https:\/\/www.africa-press.net\/centrafricaine\/politique\/rca-aujourdhui-cest-le-jour-de-lelection-du-president-de-lassemblee-nationale-les-alliances-se-multiplient","name":"aujourd\u2019hui, c\u2019est le jour de l\u2019\u00e9lection du Pr\u00e9sident de l\u2019Assembl\u00e9e nationale, les alliances se multiplient - centrafricaine","isPartOf":{"@id":"https:\/\/www.africa-press.net\/centrafricaine\/#website"},"primaryImageOfPage":{"@id":"https:\/\/www.africa-press.net\/centrafricaine\/politique\/rca-aujourdhui-cest-le-jour-de-lelection-du-president-de-lassemblee-nationale-les-alliances-se-multiplient#primaryimage"},"image":{"@id":"https:\/\/www.africa-press.net\/centrafricaine\/politique\/rca-aujourdhui-cest-le-jour-de-lelection-du-president-de-lassemblee-nationale-les-alliances-se-multiplient#primaryimage"},"thumbnailUrl":"https:\/\/static.africa-press.net\/centrafricaine\/sites\/45\/2021\/05\/img-609288640cad8.jpg","datePublished":"2021-05-05T12:16:42+00:00","dateModified":"2021-05-05T16:48:44+00:00","author":{"@id":"https:\/\/www.africa-press.net\/centrafricaine\/#\/schema\/person\/2b1cf3cd81a31e3cd26889ca66d677f1"},"description":"Bangui, R\u00e9publique centrafricaine, mercredi, 5 mai 2021, 06:30:04 ( Corbeaunews-Centrafrique ). Apr\u00e8s plusieurs ...","breadcrumb":{"@id":"https:\/\/www.africa-press.net\/centrafricaine\/politique\/rca-aujourdhui-cest-le-jour-de-lelection-du-president-de-lassemblee-nationale-les-alliances-se-multiplient#breadcrumb"},"inLanguage":"fr-FR","potentialAction":[{"@type":"ReadAction","target":["https:\/\/www.africa-press.net\/centrafricaine\/politique\/rca-aujourdhui-cest-le-jour-de-lelection-du-president-de-lassemblee-nationale-les-alliances-se-multiplient"]}]},{"@type":"ImageObject","inLanguage":"fr-FR","@id":"https:\/\/www.africa-press.net\/centrafricaine\/politique\/rca-aujourdhui-cest-le-jour-de-lelection-du-president-de-lassemblee-nationale-les-alliances-se-multiplient#primaryimage","url":"https:\/\/static.africa-press.net\/centrafricaine\/sites\/45\/2021\/05\/img-609288640cad8.jpg","contentUrl":"https:\/\/static.africa-press.net\/centrafricaine\/sites\/45\/2021\/05\/img-609288640cad8.jpg","width":1000,"height":750,"caption":"RCA\u00a0: aujourd\u2019hui, c\u2019est le jour de l\u2019\u00e9lection du Pr\u00e9sident de l\u2019Assembl\u00e9e nationale, les alliances se multiplient"},{"@type":"BreadcrumbList","@id":"https:\/\/www.africa-press.net\/centrafricaine\/politique\/rca-aujourdhui-cest-le-jour-de-lelection-du-president-de-lassemblee-nationale-les-alliances-se-multiplient#breadcrumb","itemListElement":[{"@type":"ListItem","position":1,"name":"Accueil","item":"https:\/\/www.africa-press.net\/centrafricaine\/"},{"@type":"ListItem","position":2,"name":"aujourd\u2019hui, c\u2019est le jour de l\u2019\u00e9lection du Pr\u00e9sident de l\u2019Assembl\u00e9e nationale, les alliances se multiplient"}]},{"@type":"WebSite","@id":"https:\/\/www.africa-press.net\/centrafricaine\/#website","url":"https:\/\/www.africa-press.net\/centrafricaine\/","name":"centrafricaine","description":"Just another Africa News Agency Sites site","potentialAction":[{"@type":"SearchAction","target":{"@type":"EntryPoint","urlTemplate":"https:\/\/www.africa-press.net\/centrafricaine\/?s={search_term_string}"},"query-input":{"@type":"PropertyValueSpecification","valueRequired":true,"valueName":"search_term_string"}}],"inLanguage":"fr-FR"},{"@type":"Person","@id":"https:\/\/www.africa-press.net\/centrafricaine\/#\/schema\/person\/2b1cf3cd81a31e3cd26889ca66d677f1","name":"cfeditorfr"}]}},"_links":{"self":[{"href":"https:\/\/www.africa-press.net\/centrafricaine\/wp-json\/wp\/v2\/posts\/6525","targetHints":{"allow":["GET"]}}],"collection":[{"href":"https:\/\/www.africa-press.net\/centrafricaine\/wp-json\/wp\/v2\/posts"}],"about":[{"href":"https:\/\/www.africa-press.net\/centrafricaine\/wp-json\/wp\/v2\/types\/post"}],"author":[{"embeddable":true,"href":"https:\/\/www.africa-press.net\/centrafricaine\/wp-json\/wp\/v2\/users\/82"}],"replies":[{"embeddable":true,"href":"https:\/\/www.africa-press.net\/centrafricaine\/wp-json\/wp\/v2\/comments?post=6525"}],"version-history":[{"count":0,"href":"https:\/\/www.africa-press.net\/centrafricaine\/wp-json\/wp\/v2\/posts\/6525\/revisions"}],"wp:featuredmedia":[{"embeddable":true,"href":"https:\/\/www.africa-press.net\/centrafricaine\/wp-json\/wp\/v2\/media\/6524"}],"wp:attachment":[{"href":"https:\/\/www.africa-press.net\/centrafricaine\/wp-json\/wp\/v2\/media?parent=6525"}],"wp:term":[{"taxonomy":"category","embeddable":true,"href":"https:\/\/www.africa-press.net\/centrafricaine\/wp-json\/wp\/v2\/categories?post=6525"},{"taxonomy":"post_tag","embeddable":true,"href":"https:\/\/www.africa-press.net\/centrafricaine\/wp-json\/wp\/v2\/tags?post=6525"}],"curies":[{"name":"wp","href":"https:\/\/api.w.org\/{rel}","templated":true}]}}