{"id":6540,"date":"2021-05-05T12:53:27","date_gmt":"2021-05-05T12:53:27","guid":{"rendered":"https:\/\/www.africa-press.net\/centrafricaine\/?p=6540"},"modified":"2021-05-05T16:49:49","modified_gmt":"2021-05-05T16:49:49","slug":"rca-la-ville-de-mobaye-chef-lieu-de-la-basse-kotto-a-ete-reprise-par-les-forces-alliees-ce-mardi-soir","status":"publish","type":"post","link":"https:\/\/www.africa-press.net\/centrafricaine\/politique\/rca-la-ville-de-mobaye-chef-lieu-de-la-basse-kotto-a-ete-reprise-par-les-forces-alliees-ce-mardi-soir","title":{"rendered":"la ville de Mobaye, chef-lieu de la Basse-Kotto, a \u00e9t\u00e9 reprise par les forces alli\u00e9es ce mardi soir"},"content":{"rendered":"<p><span style=\"color: #ff6600\"><strong><a href=\"https:\/\/www.africa-press.net\/\">Africa-Press<\/a> &#8211; <a href=\"https:\/\/www.africa-press.net\/centrafricaine\">CentrAfricaine<\/a>.\u00a0 <\/strong><\/span>\u00a0Les forces arm\u00e9es centrafricaines (FACA) et leurs alli\u00e9s russes ont repris le contr\u00f4le de la ville centrafricaine de Mobaye, chef-lieu de la pr\u00e9fecture de la Basse-Kotto, au sud-Est de la RCA, apr\u00e8s que les rebelles de l\u2019unit\u00e9 pour la paix en Centrafrique (UPC) l\u2019ont assi\u00e9g\u00e9e durant 8 ann\u00e9es, a constat\u00e9 sur place un journaliste du CNC.<\/p>\n<p>D\u2019apr\u00e8s le maire de la ville, ce retournement de situation est intervenu sans r\u00e9el affrontement entre les rebelles de l\u2019unit\u00e9 pour la paix en Centrafrique (UPC) et les mercenaires russes ainsi que les soldats FACA qui ont r\u00e9ussi \u00e0 repousser les assaillants et reprendre le contr\u00f4le de la ville.<\/p>\n<p>Des sources s\u00e9curitaires locales ont indiqu\u00e9 que les rebelles se sont enfuis en direction de l\u2019ouest, d\u2019autres vers le nord, \u00e0 bord de plusieurs motocyclettes et d\u2019un pick-up.<\/p>\n<p>La vie normale n\u2019a pas encore repris \u00e0 Mobaye, les commer\u00e7ants n\u2019ayant pas rouvert leurs boutiques et les habitants qui avaient trouv\u00e9 refuge dans la brousse ayant pr\u00e9f\u00e9r\u00e9 y rester pour l\u2019heure.<\/p>\n<p>Rappelons que les rebelles de l\u2019UPC, le mois dernier, apr\u00e8s quelques jours de panique due aux rumeurs de l\u2019avanc\u00e9e des forces gouvernementales, exigeaient des commer\u00e7ants de Mobaye, chef-lieu de la pr\u00e9fecture de Basse-Kotto de leur payer une prime de d\u00e9part avant qu\u2019ils ne quittent la ville. Apr\u00e8s plusieurs jours de tractation, les commer\u00e7ants leur ont vers\u00e9 une prime de 250 000 francs CFA, mais les rebelles n\u2019ont pas pu quitter la ville jusqu\u2019\u00e0 quelques heures de l\u2019arriv\u00e9e des forces conventionnelles ce mardi soir dans la ville.<\/p>\n<p><b>\u00a0<\/b><\/p>\n","protected":false},"excerpt":{"rendered":"<p>Africa-Press &#8211; CentrAfricaine.\u00a0 \u00a0Les forces arm\u00e9es centrafricaines (FACA) et leurs alli\u00e9s russes ont repris le contr\u00f4le de la ville centrafricaine de Mobaye, chef-lieu de la pr\u00e9fecture de la Basse-Kotto, au sud-Est de la RCA, apr\u00e8s que les rebelles de l\u2019unit\u00e9 pour la paix en Centrafrique (UPC) l\u2019ont assi\u00e9g\u00e9e durant 8 ann\u00e9es, a constat\u00e9 sur place [&hellip;]<\/p>\n","protected":false},"author":82,"featured_media":6539,"comment_status":"open","ping_status":"closed","sticky":false,"template":"","format":"standard","meta":{"footnotes":""},"categories":[11,2,10],"tags":[36,58,30],"class_list":["post-6540","post","type-post","status-publish","format-standard","has-post-thumbnail","hentry","category-homepage-french","category-politique","category-toutes-les-actualites","tag-africa-press","tag-africa-press-centrafricaine","tag-centrafricaine"],"yoast_head":"<!-- This site is optimized with the Yoast SEO Premium plugin v26.1 (Yoast SEO v27.0) - https:\/\/yoast.com\/product\/yoast-seo-premium-wordpress\/ -->\n<title>la ville de Mobaye, chef-lieu de la Basse-Kotto, a \u00e9t\u00e9 reprise par les forces alli\u00e9es ce mardi soir - centrafricaine<\/title>\n<meta name=\"description\" content=\"Mobaye, R\u00e9publique centrafricaine, mercredi, 5 mai 2021, 03:59:01 ( Corbeaunews-Centrafrique ). Les forces arm\u00e9e ...\" \/>\n<meta name=\"robots\" content=\"index, follow, max-snippet:-1, max-image-preview:large, max-video-preview:-1\" \/>\n<link rel=\"canonical\" href=\"https:\/\/www.africa-press.net\/centrafricaine\/politique\/rca-la-ville-de-mobaye-chef-lieu-de-la-basse-kotto-a-ete-reprise-par-les-forces-alliees-ce-mardi-soir\" \/>\n<meta property=\"og:locale\" content=\"fr_FR\" \/>\n<meta property=\"og:type\" content=\"article\" \/>\n<meta property=\"og:title\" content=\"la ville de Mobaye, chef-lieu de la Basse-Kotto, a \u00e9t\u00e9 reprise par les forces alli\u00e9es ce mardi soir\" \/>\n<meta property=\"og:description\" content=\"Mobaye, R\u00e9publique centrafricaine, mercredi, 5 mai 2021, 03:59:01 ( Corbeaunews-Centrafrique ). Les forces arm\u00e9e ...\" \/>\n<meta property=\"og:url\" content=\"https:\/\/www.africa-press.net\/centrafricaine\/politique\/rca-la-ville-de-mobaye-chef-lieu-de-la-basse-kotto-a-ete-reprise-par-les-forces-alliees-ce-mardi-soir\" \/>\n<meta property=\"og:site_name\" content=\"centrafricaine\" \/>\n<meta property=\"article:published_time\" content=\"2021-05-05T12:53:27+00:00\" \/>\n<meta property=\"article:modified_time\" content=\"2021-05-05T16:49:49+00:00\" \/>\n<meta property=\"og:image\" content=\"https:\/\/static.africa-press.net\/centrafricaine\/sites\/45\/2021\/05\/img-6092894457393.jpg\" \/>\n\t<meta property=\"og:image:width\" content=\"1000\" \/>\n\t<meta property=\"og:image:height\" content=\"638\" \/>\n\t<meta property=\"og:image:type\" content=\"image\/jpeg\" \/>\n<meta name=\"author\" content=\"cfeditorfr\" \/>\n<meta name=\"twitter:card\" content=\"summary_large_image\" \/>\n<meta name=\"twitter:label1\" content=\"\u00c9crit par\" \/>\n\t<meta name=\"twitter:data1\" content=\"cfeditorfr\" \/>\n\t<meta name=\"twitter:label2\" content=\"Dur\u00e9e de lecture estim\u00e9e\" \/>\n\t<meta name=\"twitter:data2\" content=\"2 minutes\" \/>\n<script type=\"application\/ld+json\" class=\"yoast-schema-graph\">{\"@context\":\"https:\/\/schema.org\",\"@graph\":[{\"@type\":\"Article\",\"@id\":\"https:\/\/www.africa-press.net\/centrafricaine\/politique\/rca-la-ville-de-mobaye-chef-lieu-de-la-basse-kotto-a-ete-reprise-par-les-forces-alliees-ce-mardi-soir#article\",\"isPartOf\":{\"@id\":\"https:\/\/www.africa-press.net\/centrafricaine\/politique\/rca-la-ville-de-mobaye-chef-lieu-de-la-basse-kotto-a-ete-reprise-par-les-forces-alliees-ce-mardi-soir\"},\"author\":{\"name\":\"cfeditorfr\",\"@id\":\"https:\/\/www.africa-press.net\/centrafricaine\/#\/schema\/person\/2b1cf3cd81a31e3cd26889ca66d677f1\"},\"headline\":\"la ville de Mobaye, chef-lieu de la Basse-Kotto, a \u00e9t\u00e9 reprise par les forces alli\u00e9es ce mardi soir\",\"datePublished\":\"2021-05-05T12:53:27+00:00\",\"dateModified\":\"2021-05-05T16:49:49+00:00\",\"mainEntityOfPage\":{\"@id\":\"https:\/\/www.africa-press.net\/centrafricaine\/politique\/rca-la-ville-de-mobaye-chef-lieu-de-la-basse-kotto-a-ete-reprise-par-les-forces-alliees-ce-mardi-soir\"},\"wordCount\":306,\"commentCount\":0,\"image\":{\"@id\":\"https:\/\/www.africa-press.net\/centrafricaine\/politique\/rca-la-ville-de-mobaye-chef-lieu-de-la-basse-kotto-a-ete-reprise-par-les-forces-alliees-ce-mardi-soir#primaryimage\"},\"thumbnailUrl\":\"https:\/\/static.africa-press.net\/centrafricaine\/sites\/45\/2021\/05\/img-6092894457393.jpg\",\"keywords\":[\"Africa Press\",\"Africa Press-CentrAfricaine\",\"CentrAfricaine\"],\"articleSection\":[\"homepage-french\",\"Politique\",\"Toutes les actualit\u00e9s\"],\"inLanguage\":\"fr-FR\",\"potentialAction\":[{\"@type\":\"CommentAction\",\"name\":\"Comment\",\"target\":[\"https:\/\/www.africa-press.net\/centrafricaine\/politique\/rca-la-ville-de-mobaye-chef-lieu-de-la-basse-kotto-a-ete-reprise-par-les-forces-alliees-ce-mardi-soir#respond\"]}]},{\"@type\":\"WebPage\",\"@id\":\"https:\/\/www.africa-press.net\/centrafricaine\/politique\/rca-la-ville-de-mobaye-chef-lieu-de-la-basse-kotto-a-ete-reprise-par-les-forces-alliees-ce-mardi-soir\",\"url\":\"https:\/\/www.africa-press.net\/centrafricaine\/politique\/rca-la-ville-de-mobaye-chef-lieu-de-la-basse-kotto-a-ete-reprise-par-les-forces-alliees-ce-mardi-soir\",\"name\":\"la ville de Mobaye, chef-lieu de la Basse-Kotto, a \u00e9t\u00e9 reprise par les forces alli\u00e9es ce mardi soir - centrafricaine\",\"isPartOf\":{\"@id\":\"https:\/\/www.africa-press.net\/centrafricaine\/#website\"},\"primaryImageOfPage\":{\"@id\":\"https:\/\/www.africa-press.net\/centrafricaine\/politique\/rca-la-ville-de-mobaye-chef-lieu-de-la-basse-kotto-a-ete-reprise-par-les-forces-alliees-ce-mardi-soir#primaryimage\"},\"image\":{\"@id\":\"https:\/\/www.africa-press.net\/centrafricaine\/politique\/rca-la-ville-de-mobaye-chef-lieu-de-la-basse-kotto-a-ete-reprise-par-les-forces-alliees-ce-mardi-soir#primaryimage\"},\"thumbnailUrl\":\"https:\/\/static.africa-press.net\/centrafricaine\/sites\/45\/2021\/05\/img-6092894457393.jpg\",\"datePublished\":\"2021-05-05T12:53:27+00:00\",\"dateModified\":\"2021-05-05T16:49:49+00:00\",\"author\":{\"@id\":\"https:\/\/www.africa-press.net\/centrafricaine\/#\/schema\/person\/2b1cf3cd81a31e3cd26889ca66d677f1\"},\"description\":\"Mobaye, R\u00e9publique centrafricaine, mercredi, 5 mai 2021, 03:59:01 ( Corbeaunews-Centrafrique ). Les forces arm\u00e9e ...\",\"breadcrumb\":{\"@id\":\"https:\/\/www.africa-press.net\/centrafricaine\/politique\/rca-la-ville-de-mobaye-chef-lieu-de-la-basse-kotto-a-ete-reprise-par-les-forces-alliees-ce-mardi-soir#breadcrumb\"},\"inLanguage\":\"fr-FR\",\"potentialAction\":[{\"@type\":\"ReadAction\",\"target\":[\"https:\/\/www.africa-press.net\/centrafricaine\/politique\/rca-la-ville-de-mobaye-chef-lieu-de-la-basse-kotto-a-ete-reprise-par-les-forces-alliees-ce-mardi-soir\"]}]},{\"@type\":\"ImageObject\",\"inLanguage\":\"fr-FR\",\"@id\":\"https:\/\/www.africa-press.net\/centrafricaine\/politique\/rca-la-ville-de-mobaye-chef-lieu-de-la-basse-kotto-a-ete-reprise-par-les-forces-alliees-ce-mardi-soir#primaryimage\",\"url\":\"https:\/\/static.africa-press.net\/centrafricaine\/sites\/45\/2021\/05\/img-6092894457393.jpg\",\"contentUrl\":\"https:\/\/static.africa-press.net\/centrafricaine\/sites\/45\/2021\/05\/img-6092894457393.jpg\",\"width\":1000,\"height\":638,\"caption\":\"RCA\u00a0: la ville de Mobaye, chef-lieu de la Basse-Kotto, a \u00e9t\u00e9 reprise par les forces alli\u00e9es ce mardi soir\"},{\"@type\":\"BreadcrumbList\",\"@id\":\"https:\/\/www.africa-press.net\/centrafricaine\/politique\/rca-la-ville-de-mobaye-chef-lieu-de-la-basse-kotto-a-ete-reprise-par-les-forces-alliees-ce-mardi-soir#breadcrumb\",\"itemListElement\":[{\"@type\":\"ListItem\",\"position\":1,\"name\":\"Accueil\",\"item\":\"https:\/\/www.africa-press.net\/centrafricaine\/\"},{\"@type\":\"ListItem\",\"position\":2,\"name\":\"la ville de Mobaye, chef-lieu de la Basse-Kotto, a \u00e9t\u00e9 reprise par les forces alli\u00e9es ce mardi soir\"}]},{\"@type\":\"WebSite\",\"@id\":\"https:\/\/www.africa-press.net\/centrafricaine\/#website\",\"url\":\"https:\/\/www.africa-press.net\/centrafricaine\/\",\"name\":\"centrafricaine\",\"description\":\"Just another Africa News Agency Sites site\",\"potentialAction\":[{\"@type\":\"SearchAction\",\"target\":{\"@type\":\"EntryPoint\",\"urlTemplate\":\"https:\/\/www.africa-press.net\/centrafricaine\/?s={search_term_string}\"},\"query-input\":{\"@type\":\"PropertyValueSpecification\",\"valueRequired\":true,\"valueName\":\"search_term_string\"}}],\"inLanguage\":\"fr-FR\"},{\"@type\":\"Person\",\"@id\":\"https:\/\/www.africa-press.net\/centrafricaine\/#\/schema\/person\/2b1cf3cd81a31e3cd26889ca66d677f1\",\"name\":\"cfeditorfr\"}]}<\/script>\n<!-- \/ Yoast SEO Premium plugin. -->","yoast_head_json":{"title":"la ville de Mobaye, chef-lieu de la Basse-Kotto, a \u00e9t\u00e9 reprise par les forces alli\u00e9es ce mardi soir - centrafricaine","description":"Mobaye, R\u00e9publique centrafricaine, mercredi, 5 mai 2021, 03:59:01 ( Corbeaunews-Centrafrique ). Les forces arm\u00e9e ...","robots":{"index":"index","follow":"follow","max-snippet":"max-snippet:-1","max-image-preview":"max-image-preview:large","max-video-preview":"max-video-preview:-1"},"canonical":"https:\/\/www.africa-press.net\/centrafricaine\/politique\/rca-la-ville-de-mobaye-chef-lieu-de-la-basse-kotto-a-ete-reprise-par-les-forces-alliees-ce-mardi-soir","og_locale":"fr_FR","og_type":"article","og_title":"la ville de Mobaye, chef-lieu de la Basse-Kotto, a \u00e9t\u00e9 reprise par les forces alli\u00e9es ce mardi soir","og_description":"Mobaye, R\u00e9publique centrafricaine, mercredi, 5 mai 2021, 03:59:01 ( Corbeaunews-Centrafrique ). Les forces arm\u00e9e ...","og_url":"https:\/\/www.africa-press.net\/centrafricaine\/politique\/rca-la-ville-de-mobaye-chef-lieu-de-la-basse-kotto-a-ete-reprise-par-les-forces-alliees-ce-mardi-soir","og_site_name":"centrafricaine","article_published_time":"2021-05-05T12:53:27+00:00","article_modified_time":"2021-05-05T16:49:49+00:00","og_image":[{"width":1000,"height":638,"url":"https:\/\/static.africa-press.net\/centrafricaine\/sites\/45\/2021\/05\/img-6092894457393.jpg","type":"image\/jpeg"}],"author":"cfeditorfr","twitter_card":"summary_large_image","twitter_misc":{"\u00c9crit par":"cfeditorfr","Dur\u00e9e de lecture estim\u00e9e":"2 minutes"},"schema":{"@context":"https:\/\/schema.org","@graph":[{"@type":"Article","@id":"https:\/\/www.africa-press.net\/centrafricaine\/politique\/rca-la-ville-de-mobaye-chef-lieu-de-la-basse-kotto-a-ete-reprise-par-les-forces-alliees-ce-mardi-soir#article","isPartOf":{"@id":"https:\/\/www.africa-press.net\/centrafricaine\/politique\/rca-la-ville-de-mobaye-chef-lieu-de-la-basse-kotto-a-ete-reprise-par-les-forces-alliees-ce-mardi-soir"},"author":{"name":"cfeditorfr","@id":"https:\/\/www.africa-press.net\/centrafricaine\/#\/schema\/person\/2b1cf3cd81a31e3cd26889ca66d677f1"},"headline":"la ville de Mobaye, chef-lieu de la Basse-Kotto, a \u00e9t\u00e9 reprise par les forces alli\u00e9es ce mardi soir","datePublished":"2021-05-05T12:53:27+00:00","dateModified":"2021-05-05T16:49:49+00:00","mainEntityOfPage":{"@id":"https:\/\/www.africa-press.net\/centrafricaine\/politique\/rca-la-ville-de-mobaye-chef-lieu-de-la-basse-kotto-a-ete-reprise-par-les-forces-alliees-ce-mardi-soir"},"wordCount":306,"commentCount":0,"image":{"@id":"https:\/\/www.africa-press.net\/centrafricaine\/politique\/rca-la-ville-de-mobaye-chef-lieu-de-la-basse-kotto-a-ete-reprise-par-les-forces-alliees-ce-mardi-soir#primaryimage"},"thumbnailUrl":"https:\/\/static.africa-press.net\/centrafricaine\/sites\/45\/2021\/05\/img-6092894457393.jpg","keywords":["Africa Press","Africa Press-CentrAfricaine","CentrAfricaine"],"articleSection":["homepage-french","Politique","Toutes les actualit\u00e9s"],"inLanguage":"fr-FR","potentialAction":[{"@type":"CommentAction","name":"Comment","target":["https:\/\/www.africa-press.net\/centrafricaine\/politique\/rca-la-ville-de-mobaye-chef-lieu-de-la-basse-kotto-a-ete-reprise-par-les-forces-alliees-ce-mardi-soir#respond"]}]},{"@type":"WebPage","@id":"https:\/\/www.africa-press.net\/centrafricaine\/politique\/rca-la-ville-de-mobaye-chef-lieu-de-la-basse-kotto-a-ete-reprise-par-les-forces-alliees-ce-mardi-soir","url":"https:\/\/www.africa-press.net\/centrafricaine\/politique\/rca-la-ville-de-mobaye-chef-lieu-de-la-basse-kotto-a-ete-reprise-par-les-forces-alliees-ce-mardi-soir","name":"la ville de Mobaye, chef-lieu de la Basse-Kotto, a \u00e9t\u00e9 reprise par les forces alli\u00e9es ce mardi soir - centrafricaine","isPartOf":{"@id":"https:\/\/www.africa-press.net\/centrafricaine\/#website"},"primaryImageOfPage":{"@id":"https:\/\/www.africa-press.net\/centrafricaine\/politique\/rca-la-ville-de-mobaye-chef-lieu-de-la-basse-kotto-a-ete-reprise-par-les-forces-alliees-ce-mardi-soir#primaryimage"},"image":{"@id":"https:\/\/www.africa-press.net\/centrafricaine\/politique\/rca-la-ville-de-mobaye-chef-lieu-de-la-basse-kotto-a-ete-reprise-par-les-forces-alliees-ce-mardi-soir#primaryimage"},"thumbnailUrl":"https:\/\/static.africa-press.net\/centrafricaine\/sites\/45\/2021\/05\/img-6092894457393.jpg","datePublished":"2021-05-05T12:53:27+00:00","dateModified":"2021-05-05T16:49:49+00:00","author":{"@id":"https:\/\/www.africa-press.net\/centrafricaine\/#\/schema\/person\/2b1cf3cd81a31e3cd26889ca66d677f1"},"description":"Mobaye, R\u00e9publique centrafricaine, mercredi, 5 mai 2021, 03:59:01 ( Corbeaunews-Centrafrique ). Les forces arm\u00e9e ...","breadcrumb":{"@id":"https:\/\/www.africa-press.net\/centrafricaine\/politique\/rca-la-ville-de-mobaye-chef-lieu-de-la-basse-kotto-a-ete-reprise-par-les-forces-alliees-ce-mardi-soir#breadcrumb"},"inLanguage":"fr-FR","potentialAction":[{"@type":"ReadAction","target":["https:\/\/www.africa-press.net\/centrafricaine\/politique\/rca-la-ville-de-mobaye-chef-lieu-de-la-basse-kotto-a-ete-reprise-par-les-forces-alliees-ce-mardi-soir"]}]},{"@type":"ImageObject","inLanguage":"fr-FR","@id":"https:\/\/www.africa-press.net\/centrafricaine\/politique\/rca-la-ville-de-mobaye-chef-lieu-de-la-basse-kotto-a-ete-reprise-par-les-forces-alliees-ce-mardi-soir#primaryimage","url":"https:\/\/static.africa-press.net\/centrafricaine\/sites\/45\/2021\/05\/img-6092894457393.jpg","contentUrl":"https:\/\/static.africa-press.net\/centrafricaine\/sites\/45\/2021\/05\/img-6092894457393.jpg","width":1000,"height":638,"caption":"RCA\u00a0: la ville de Mobaye, chef-lieu de la Basse-Kotto, a \u00e9t\u00e9 reprise par les forces alli\u00e9es ce mardi soir"},{"@type":"BreadcrumbList","@id":"https:\/\/www.africa-press.net\/centrafricaine\/politique\/rca-la-ville-de-mobaye-chef-lieu-de-la-basse-kotto-a-ete-reprise-par-les-forces-alliees-ce-mardi-soir#breadcrumb","itemListElement":[{"@type":"ListItem","position":1,"name":"Accueil","item":"https:\/\/www.africa-press.net\/centrafricaine\/"},{"@type":"ListItem","position":2,"name":"la ville de Mobaye, chef-lieu de la Basse-Kotto, a \u00e9t\u00e9 reprise par les forces alli\u00e9es ce mardi soir"}]},{"@type":"WebSite","@id":"https:\/\/www.africa-press.net\/centrafricaine\/#website","url":"https:\/\/www.africa-press.net\/centrafricaine\/","name":"centrafricaine","description":"Just another Africa News Agency Sites site","potentialAction":[{"@type":"SearchAction","target":{"@type":"EntryPoint","urlTemplate":"https:\/\/www.africa-press.net\/centrafricaine\/?s={search_term_string}"},"query-input":{"@type":"PropertyValueSpecification","valueRequired":true,"valueName":"search_term_string"}}],"inLanguage":"fr-FR"},{"@type":"Person","@id":"https:\/\/www.africa-press.net\/centrafricaine\/#\/schema\/person\/2b1cf3cd81a31e3cd26889ca66d677f1","name":"cfeditorfr"}]}},"_links":{"self":[{"href":"https:\/\/www.africa-press.net\/centrafricaine\/wp-json\/wp\/v2\/posts\/6540","targetHints":{"allow":["GET"]}}],"collection":[{"href":"https:\/\/www.africa-press.net\/centrafricaine\/wp-json\/wp\/v2\/posts"}],"about":[{"href":"https:\/\/www.africa-press.net\/centrafricaine\/wp-json\/wp\/v2\/types\/post"}],"author":[{"embeddable":true,"href":"https:\/\/www.africa-press.net\/centrafricaine\/wp-json\/wp\/v2\/users\/82"}],"replies":[{"embeddable":true,"href":"https:\/\/www.africa-press.net\/centrafricaine\/wp-json\/wp\/v2\/comments?post=6540"}],"version-history":[{"count":0,"href":"https:\/\/www.africa-press.net\/centrafricaine\/wp-json\/wp\/v2\/posts\/6540\/revisions"}],"wp:featuredmedia":[{"embeddable":true,"href":"https:\/\/www.africa-press.net\/centrafricaine\/wp-json\/wp\/v2\/media\/6539"}],"wp:attachment":[{"href":"https:\/\/www.africa-press.net\/centrafricaine\/wp-json\/wp\/v2\/media?parent=6540"}],"wp:term":[{"taxonomy":"category","embeddable":true,"href":"https:\/\/www.africa-press.net\/centrafricaine\/wp-json\/wp\/v2\/categories?post=6540"},{"taxonomy":"post_tag","embeddable":true,"href":"https:\/\/www.africa-press.net\/centrafricaine\/wp-json\/wp\/v2\/tags?post=6540"}],"curies":[{"name":"wp","href":"https:\/\/api.w.org\/{rel}","templated":true}]}}