{"id":65855,"date":"2024-12-10T17:37:01","date_gmt":"2024-12-10T17:37:01","guid":{"rendered":"https:\/\/www.africa-press.net\/centrafricaine\/politique\/requisitoire-fleuve-a-la-cpi-contre-deux-ex-responsables-des-milices-anti-balaka"},"modified":"2024-12-10T17:56:30","modified_gmt":"2024-12-10T17:56:30","slug":"requisitoire-fleuve-a-la-cpi-contre-deux-ex-responsables-des-milices-anti-balaka","status":"publish","type":"post","link":"https:\/\/www.africa-press.net\/centrafricaine\/politique\/requisitoire-fleuve-a-la-cpi-contre-deux-ex-responsables-des-milices-anti-balaka","title":{"rendered":"R\u00e9quisitoire fleuve \u00e0 la CPI contre deux ex-responsables des milices anti-balaka"},"content":{"rendered":"<p><span style=\"color: #ff6600\"><strong>Africa-Press &#8211; CentrAfricaine. <\/strong><\/span>Dernie\u0300re ligne droite dans le proce\u0300s Alfred Yekatom et de l&rsquo;ex-ministre Patrice-Edouard Ngai\u0308ssona devant la Cour pe\u0301nale internationale (CPI). Les deux anciens responsables des anti-balaka sont poursuivis pour des crimes de guerre et des crimes contre l&rsquo;humanite\u0301 commis entre le 5 de\u0301cembre 2013, lors de la bataille de Bangui, et fin aout 2014, en Re\u0301publique centrafricaine. Le procureur a prononce\u0301 son re\u0301quisitoire le 9 de\u0301cembre 2024.<\/p>\n<p>Un re\u0301quisitoire fleuve a\u0300 la CPI, dont le sie\u0300ge se trouve aux Pays-Bas, au cours duquel les substituts du procureur sont revenus sur les 75 te\u0301moignages entendus au cours de <b>presque quatre anne\u0301es de proce\u0300s<\/b>.<\/p>\n<p>La liste des crimes reproche\u0301s aux deux anciens miliciens anti-balaka en <b>RCA <\/b>est longue: des meurtres, des transferts force\u0301s de population, des tortures, des perse\u0301cutions, des actes inhumains, des mutilations, l&rsquo;enro\u0302lement d&rsquo;enfants de moins de 15 ans, des attaques contre des civils.<\/p>\n<p><b>Les repre\u0301sentants des victimes puis la de\u0301fense vont prendre la parole<\/b><\/p>\n<p>Des crimes qui, selon le substitut du procureur Kweku Vanderpuye, ont e\u0301te\u0301 commis dans le cadre d&rsquo;un plan criminel auquel Patrice-Edouard Ngai\u0308ssona aurait participe\u0301: \u00ab La contribution de Monsieur Ngai\u0308ssona a e\u0301te\u0301 apporte\u0301e dans le cadre d&rsquo;un plan auquel il a participe\u0301 avec Franc\u0327ois Bozize\u0301 [pre\u0301sident de la RCA de 2003 a\u0300 2013, NDLR], Maxime Mokom [ex-milicien, NDLR], Bernard Mokom [pe\u0300re de Maxime Mokom, NDLR], et d&rsquo;autres pour reprendre le pouvoir en Re\u0301publique centrafricaine apre\u0300s le coup d&rsquo;E\u0301tat de la se\u0301le\u0301ka du 24 mars 2013. Un plan qui, en plus de viser l&rsquo;expulsion force\u0301e de Michel Djotodia [pre\u0301sident de transition de mars 2013 a\u0300 janvier 2014, NDLR], impliquait le recours a\u0300 des groupes d&rsquo;individus pour combattre la se\u0301le\u0301ka, motive\u0301s par une soif de vengeance contre les musulmans collectivement. \u00bb<\/p>\n<p>Apre\u0300s le re\u0301quisitoire du procureur, ce sera aux repre\u0301sentants des victimes puis a\u0300 la de\u0301fense de prendre la parole.<\/p>\n<p><strong>Pour plus d&rsquo;informations et d&rsquo;analyses sur la <span style=\"color: #ff6600\">CentrAfricaine<\/span>, suivez <span style=\"color: #ff6600\">Africa-Press<\/span><\/strong><\/p>\n","protected":false},"excerpt":{"rendered":"<p>Africa-Press &#8211; CentrAfricaine. Dernie\u0300re ligne droite dans le proce\u0300s Alfred Yekatom et de l&rsquo;ex-ministre Patrice-Edouard Ngai\u0308ssona devant la Cour pe\u0301nale internationale (CPI). Les deux anciens responsables des anti-balaka sont poursuivis pour des crimes de guerre et des crimes contre l&rsquo;humanite\u0301 commis entre le 5 de\u0301cembre 2013, lors de la bataille de Bangui, et fin aout [&hellip;]<\/p>\n","protected":false},"author":82,"featured_media":65854,"comment_status":"open","ping_status":"closed","sticky":false,"template":"","format":"standard","meta":{"footnotes":""},"categories":[2,84,20,10],"tags":[30],"class_list":["post-65855","post","type-post","status-publish","format-standard","has-post-thumbnail","hentry","category-politique","category-to-homepage","category-top-nouvelles","category-toutes-les-actualites","tag-centrafricaine"],"yoast_head":"<!-- This site is optimized with the Yoast SEO Premium plugin v26.1 (Yoast SEO v27.0) - https:\/\/yoast.com\/product\/yoast-seo-premium-wordpress\/ -->\n<title>R\u00e9quisitoire fleuve \u00e0 la CPI contre deux ex-responsables des milices anti-balaka - centrafricaine<\/title>\n<meta name=\"description\" content=\"Dernie\u0300re ligne droite dans le proce\u0300s Alfred Yekatom et de l&#039;ex-ministre Patrice-Edouard Ngai\u0308ssona devant la Cour pe\u0301n ...\" \/>\n<meta name=\"robots\" content=\"index, follow, max-snippet:-1, max-image-preview:large, max-video-preview:-1\" \/>\n<link rel=\"canonical\" href=\"https:\/\/www.africa-press.net\/centrafricaine\/politique\/requisitoire-fleuve-a-la-cpi-contre-deux-ex-responsables-des-milices-anti-balaka\" \/>\n<meta property=\"og:locale\" content=\"fr_FR\" \/>\n<meta property=\"og:type\" content=\"article\" \/>\n<meta property=\"og:title\" content=\"R\u00e9quisitoire fleuve \u00e0 la CPI contre deux ex-responsables des milices anti-balaka\" \/>\n<meta property=\"og:description\" content=\"Dernie\u0300re ligne droite dans le proce\u0300s Alfred Yekatom et de l&#039;ex-ministre Patrice-Edouard Ngai\u0308ssona devant la Cour pe\u0301n ...\" \/>\n<meta property=\"og:url\" content=\"https:\/\/www.africa-press.net\/centrafricaine\/politique\/requisitoire-fleuve-a-la-cpi-contre-deux-ex-responsables-des-milices-anti-balaka\" \/>\n<meta property=\"og:site_name\" content=\"centrafricaine\" \/>\n<meta property=\"article:published_time\" content=\"2024-12-10T17:37:01+00:00\" \/>\n<meta property=\"article:modified_time\" content=\"2024-12-10T17:56:30+00:00\" \/>\n<meta property=\"og:image\" content=\"https:\/\/static.africa-press.net\/centrafricaine\/sites\/45\/2024\/12\/sm_1733840743.312336.jpg\" \/>\n\t<meta property=\"og:image:width\" content=\"980\" \/>\n\t<meta property=\"og:image:height\" content=\"551\" \/>\n\t<meta property=\"og:image:type\" content=\"image\/jpeg\" \/>\n<meta name=\"author\" content=\"cfeditorfr\" \/>\n<meta name=\"twitter:card\" content=\"summary_large_image\" \/>\n<meta name=\"twitter:label1\" content=\"\u00c9crit par\" \/>\n\t<meta name=\"twitter:data1\" content=\"cfeditorfr\" \/>\n\t<meta name=\"twitter:label2\" content=\"Dur\u00e9e de lecture estim\u00e9e\" \/>\n\t<meta name=\"twitter:data2\" content=\"2 minutes\" \/>\n<script type=\"application\/ld+json\" class=\"yoast-schema-graph\">{\"@context\":\"https:\/\/schema.org\",\"@graph\":[{\"@type\":\"Article\",\"@id\":\"https:\/\/www.africa-press.net\/centrafricaine\/politique\/requisitoire-fleuve-a-la-cpi-contre-deux-ex-responsables-des-milices-anti-balaka#article\",\"isPartOf\":{\"@id\":\"https:\/\/www.africa-press.net\/centrafricaine\/politique\/requisitoire-fleuve-a-la-cpi-contre-deux-ex-responsables-des-milices-anti-balaka\"},\"author\":{\"name\":\"cfeditorfr\",\"@id\":\"https:\/\/www.africa-press.net\/centrafricaine\/#\/schema\/person\/2b1cf3cd81a31e3cd26889ca66d677f1\"},\"headline\":\"R\u00e9quisitoire fleuve \u00e0 la CPI contre deux ex-responsables des milices anti-balaka\",\"datePublished\":\"2024-12-10T17:37:01+00:00\",\"dateModified\":\"2024-12-10T17:56:30+00:00\",\"mainEntityOfPage\":{\"@id\":\"https:\/\/www.africa-press.net\/centrafricaine\/politique\/requisitoire-fleuve-a-la-cpi-contre-deux-ex-responsables-des-milices-anti-balaka\"},\"wordCount\":364,\"commentCount\":0,\"image\":{\"@id\":\"https:\/\/www.africa-press.net\/centrafricaine\/politique\/requisitoire-fleuve-a-la-cpi-contre-deux-ex-responsables-des-milices-anti-balaka#primaryimage\"},\"thumbnailUrl\":\"https:\/\/static.africa-press.net\/centrafricaine\/sites\/45\/2024\/12\/sm_1733840743.312336.jpg\",\"keywords\":[\"CentrAfricaine\"],\"articleSection\":[\"Politique\",\"to-homepage\",\"Top Nouvelles\",\"Toutes les actualit\u00e9s\"],\"inLanguage\":\"fr-FR\",\"potentialAction\":[{\"@type\":\"CommentAction\",\"name\":\"Comment\",\"target\":[\"https:\/\/www.africa-press.net\/centrafricaine\/politique\/requisitoire-fleuve-a-la-cpi-contre-deux-ex-responsables-des-milices-anti-balaka#respond\"]}]},{\"@type\":\"WebPage\",\"@id\":\"https:\/\/www.africa-press.net\/centrafricaine\/politique\/requisitoire-fleuve-a-la-cpi-contre-deux-ex-responsables-des-milices-anti-balaka\",\"url\":\"https:\/\/www.africa-press.net\/centrafricaine\/politique\/requisitoire-fleuve-a-la-cpi-contre-deux-ex-responsables-des-milices-anti-balaka\",\"name\":\"R\u00e9quisitoire fleuve \u00e0 la CPI contre deux ex-responsables des milices anti-balaka - centrafricaine\",\"isPartOf\":{\"@id\":\"https:\/\/www.africa-press.net\/centrafricaine\/#website\"},\"primaryImageOfPage\":{\"@id\":\"https:\/\/www.africa-press.net\/centrafricaine\/politique\/requisitoire-fleuve-a-la-cpi-contre-deux-ex-responsables-des-milices-anti-balaka#primaryimage\"},\"image\":{\"@id\":\"https:\/\/www.africa-press.net\/centrafricaine\/politique\/requisitoire-fleuve-a-la-cpi-contre-deux-ex-responsables-des-milices-anti-balaka#primaryimage\"},\"thumbnailUrl\":\"https:\/\/static.africa-press.net\/centrafricaine\/sites\/45\/2024\/12\/sm_1733840743.312336.jpg\",\"datePublished\":\"2024-12-10T17:37:01+00:00\",\"dateModified\":\"2024-12-10T17:56:30+00:00\",\"author\":{\"@id\":\"https:\/\/www.africa-press.net\/centrafricaine\/#\/schema\/person\/2b1cf3cd81a31e3cd26889ca66d677f1\"},\"description\":\"Dernie\u0300re ligne droite dans le proce\u0300s Alfred Yekatom et de l'ex-ministre Patrice-Edouard Ngai\u0308ssona devant la Cour pe\u0301n ...\",\"breadcrumb\":{\"@id\":\"https:\/\/www.africa-press.net\/centrafricaine\/politique\/requisitoire-fleuve-a-la-cpi-contre-deux-ex-responsables-des-milices-anti-balaka#breadcrumb\"},\"inLanguage\":\"fr-FR\",\"potentialAction\":[{\"@type\":\"ReadAction\",\"target\":[\"https:\/\/www.africa-press.net\/centrafricaine\/politique\/requisitoire-fleuve-a-la-cpi-contre-deux-ex-responsables-des-milices-anti-balaka\"]}]},{\"@type\":\"ImageObject\",\"inLanguage\":\"fr-FR\",\"@id\":\"https:\/\/www.africa-press.net\/centrafricaine\/politique\/requisitoire-fleuve-a-la-cpi-contre-deux-ex-responsables-des-milices-anti-balaka#primaryimage\",\"url\":\"https:\/\/static.africa-press.net\/centrafricaine\/sites\/45\/2024\/12\/sm_1733840743.312336.jpg\",\"contentUrl\":\"https:\/\/static.africa-press.net\/centrafricaine\/sites\/45\/2024\/12\/sm_1733840743.312336.jpg\",\"width\":980,\"height\":551,\"caption\":\"R\u00e9quisitoire fleuve \u00e0 la CPI contre deux ex-responsables des milices anti-balaka\"},{\"@type\":\"BreadcrumbList\",\"@id\":\"https:\/\/www.africa-press.net\/centrafricaine\/politique\/requisitoire-fleuve-a-la-cpi-contre-deux-ex-responsables-des-milices-anti-balaka#breadcrumb\",\"itemListElement\":[{\"@type\":\"ListItem\",\"position\":1,\"name\":\"Accueil\",\"item\":\"https:\/\/www.africa-press.net\/centrafricaine\/\"},{\"@type\":\"ListItem\",\"position\":2,\"name\":\"R\u00e9quisitoire fleuve \u00e0 la CPI contre deux ex-responsables des milices anti-balaka\"}]},{\"@type\":\"WebSite\",\"@id\":\"https:\/\/www.africa-press.net\/centrafricaine\/#website\",\"url\":\"https:\/\/www.africa-press.net\/centrafricaine\/\",\"name\":\"centrafricaine\",\"description\":\"Just another Africa News Agency Sites site\",\"potentialAction\":[{\"@type\":\"SearchAction\",\"target\":{\"@type\":\"EntryPoint\",\"urlTemplate\":\"https:\/\/www.africa-press.net\/centrafricaine\/?s={search_term_string}\"},\"query-input\":{\"@type\":\"PropertyValueSpecification\",\"valueRequired\":true,\"valueName\":\"search_term_string\"}}],\"inLanguage\":\"fr-FR\"},{\"@type\":\"Person\",\"@id\":\"https:\/\/www.africa-press.net\/centrafricaine\/#\/schema\/person\/2b1cf3cd81a31e3cd26889ca66d677f1\",\"name\":\"cfeditorfr\"}]}<\/script>\n<!-- \/ Yoast SEO Premium plugin. -->","yoast_head_json":{"title":"R\u00e9quisitoire fleuve \u00e0 la CPI contre deux ex-responsables des milices anti-balaka - centrafricaine","description":"Dernie\u0300re ligne droite dans le proce\u0300s Alfred Yekatom et de l'ex-ministre Patrice-Edouard Ngai\u0308ssona devant la Cour pe\u0301n ...","robots":{"index":"index","follow":"follow","max-snippet":"max-snippet:-1","max-image-preview":"max-image-preview:large","max-video-preview":"max-video-preview:-1"},"canonical":"https:\/\/www.africa-press.net\/centrafricaine\/politique\/requisitoire-fleuve-a-la-cpi-contre-deux-ex-responsables-des-milices-anti-balaka","og_locale":"fr_FR","og_type":"article","og_title":"R\u00e9quisitoire fleuve \u00e0 la CPI contre deux ex-responsables des milices anti-balaka","og_description":"Dernie\u0300re ligne droite dans le proce\u0300s Alfred Yekatom et de l'ex-ministre Patrice-Edouard Ngai\u0308ssona devant la Cour pe\u0301n ...","og_url":"https:\/\/www.africa-press.net\/centrafricaine\/politique\/requisitoire-fleuve-a-la-cpi-contre-deux-ex-responsables-des-milices-anti-balaka","og_site_name":"centrafricaine","article_published_time":"2024-12-10T17:37:01+00:00","article_modified_time":"2024-12-10T17:56:30+00:00","og_image":[{"width":980,"height":551,"url":"https:\/\/static.africa-press.net\/centrafricaine\/sites\/45\/2024\/12\/sm_1733840743.312336.jpg","type":"image\/jpeg"}],"author":"cfeditorfr","twitter_card":"summary_large_image","twitter_misc":{"\u00c9crit par":"cfeditorfr","Dur\u00e9e de lecture estim\u00e9e":"2 minutes"},"schema":{"@context":"https:\/\/schema.org","@graph":[{"@type":"Article","@id":"https:\/\/www.africa-press.net\/centrafricaine\/politique\/requisitoire-fleuve-a-la-cpi-contre-deux-ex-responsables-des-milices-anti-balaka#article","isPartOf":{"@id":"https:\/\/www.africa-press.net\/centrafricaine\/politique\/requisitoire-fleuve-a-la-cpi-contre-deux-ex-responsables-des-milices-anti-balaka"},"author":{"name":"cfeditorfr","@id":"https:\/\/www.africa-press.net\/centrafricaine\/#\/schema\/person\/2b1cf3cd81a31e3cd26889ca66d677f1"},"headline":"R\u00e9quisitoire fleuve \u00e0 la CPI contre deux ex-responsables des milices anti-balaka","datePublished":"2024-12-10T17:37:01+00:00","dateModified":"2024-12-10T17:56:30+00:00","mainEntityOfPage":{"@id":"https:\/\/www.africa-press.net\/centrafricaine\/politique\/requisitoire-fleuve-a-la-cpi-contre-deux-ex-responsables-des-milices-anti-balaka"},"wordCount":364,"commentCount":0,"image":{"@id":"https:\/\/www.africa-press.net\/centrafricaine\/politique\/requisitoire-fleuve-a-la-cpi-contre-deux-ex-responsables-des-milices-anti-balaka#primaryimage"},"thumbnailUrl":"https:\/\/static.africa-press.net\/centrafricaine\/sites\/45\/2024\/12\/sm_1733840743.312336.jpg","keywords":["CentrAfricaine"],"articleSection":["Politique","to-homepage","Top Nouvelles","Toutes les actualit\u00e9s"],"inLanguage":"fr-FR","potentialAction":[{"@type":"CommentAction","name":"Comment","target":["https:\/\/www.africa-press.net\/centrafricaine\/politique\/requisitoire-fleuve-a-la-cpi-contre-deux-ex-responsables-des-milices-anti-balaka#respond"]}]},{"@type":"WebPage","@id":"https:\/\/www.africa-press.net\/centrafricaine\/politique\/requisitoire-fleuve-a-la-cpi-contre-deux-ex-responsables-des-milices-anti-balaka","url":"https:\/\/www.africa-press.net\/centrafricaine\/politique\/requisitoire-fleuve-a-la-cpi-contre-deux-ex-responsables-des-milices-anti-balaka","name":"R\u00e9quisitoire fleuve \u00e0 la CPI contre deux ex-responsables des milices anti-balaka - centrafricaine","isPartOf":{"@id":"https:\/\/www.africa-press.net\/centrafricaine\/#website"},"primaryImageOfPage":{"@id":"https:\/\/www.africa-press.net\/centrafricaine\/politique\/requisitoire-fleuve-a-la-cpi-contre-deux-ex-responsables-des-milices-anti-balaka#primaryimage"},"image":{"@id":"https:\/\/www.africa-press.net\/centrafricaine\/politique\/requisitoire-fleuve-a-la-cpi-contre-deux-ex-responsables-des-milices-anti-balaka#primaryimage"},"thumbnailUrl":"https:\/\/static.africa-press.net\/centrafricaine\/sites\/45\/2024\/12\/sm_1733840743.312336.jpg","datePublished":"2024-12-10T17:37:01+00:00","dateModified":"2024-12-10T17:56:30+00:00","author":{"@id":"https:\/\/www.africa-press.net\/centrafricaine\/#\/schema\/person\/2b1cf3cd81a31e3cd26889ca66d677f1"},"description":"Dernie\u0300re ligne droite dans le proce\u0300s Alfred Yekatom et de l'ex-ministre Patrice-Edouard Ngai\u0308ssona devant la Cour pe\u0301n ...","breadcrumb":{"@id":"https:\/\/www.africa-press.net\/centrafricaine\/politique\/requisitoire-fleuve-a-la-cpi-contre-deux-ex-responsables-des-milices-anti-balaka#breadcrumb"},"inLanguage":"fr-FR","potentialAction":[{"@type":"ReadAction","target":["https:\/\/www.africa-press.net\/centrafricaine\/politique\/requisitoire-fleuve-a-la-cpi-contre-deux-ex-responsables-des-milices-anti-balaka"]}]},{"@type":"ImageObject","inLanguage":"fr-FR","@id":"https:\/\/www.africa-press.net\/centrafricaine\/politique\/requisitoire-fleuve-a-la-cpi-contre-deux-ex-responsables-des-milices-anti-balaka#primaryimage","url":"https:\/\/static.africa-press.net\/centrafricaine\/sites\/45\/2024\/12\/sm_1733840743.312336.jpg","contentUrl":"https:\/\/static.africa-press.net\/centrafricaine\/sites\/45\/2024\/12\/sm_1733840743.312336.jpg","width":980,"height":551,"caption":"R\u00e9quisitoire fleuve \u00e0 la CPI contre deux ex-responsables des milices anti-balaka"},{"@type":"BreadcrumbList","@id":"https:\/\/www.africa-press.net\/centrafricaine\/politique\/requisitoire-fleuve-a-la-cpi-contre-deux-ex-responsables-des-milices-anti-balaka#breadcrumb","itemListElement":[{"@type":"ListItem","position":1,"name":"Accueil","item":"https:\/\/www.africa-press.net\/centrafricaine\/"},{"@type":"ListItem","position":2,"name":"R\u00e9quisitoire fleuve \u00e0 la CPI contre deux ex-responsables des milices anti-balaka"}]},{"@type":"WebSite","@id":"https:\/\/www.africa-press.net\/centrafricaine\/#website","url":"https:\/\/www.africa-press.net\/centrafricaine\/","name":"centrafricaine","description":"Just another Africa News Agency Sites site","potentialAction":[{"@type":"SearchAction","target":{"@type":"EntryPoint","urlTemplate":"https:\/\/www.africa-press.net\/centrafricaine\/?s={search_term_string}"},"query-input":{"@type":"PropertyValueSpecification","valueRequired":true,"valueName":"search_term_string"}}],"inLanguage":"fr-FR"},{"@type":"Person","@id":"https:\/\/www.africa-press.net\/centrafricaine\/#\/schema\/person\/2b1cf3cd81a31e3cd26889ca66d677f1","name":"cfeditorfr"}]}},"_links":{"self":[{"href":"https:\/\/www.africa-press.net\/centrafricaine\/wp-json\/wp\/v2\/posts\/65855","targetHints":{"allow":["GET"]}}],"collection":[{"href":"https:\/\/www.africa-press.net\/centrafricaine\/wp-json\/wp\/v2\/posts"}],"about":[{"href":"https:\/\/www.africa-press.net\/centrafricaine\/wp-json\/wp\/v2\/types\/post"}],"author":[{"embeddable":true,"href":"https:\/\/www.africa-press.net\/centrafricaine\/wp-json\/wp\/v2\/users\/82"}],"replies":[{"embeddable":true,"href":"https:\/\/www.africa-press.net\/centrafricaine\/wp-json\/wp\/v2\/comments?post=65855"}],"version-history":[{"count":0,"href":"https:\/\/www.africa-press.net\/centrafricaine\/wp-json\/wp\/v2\/posts\/65855\/revisions"}],"wp:featuredmedia":[{"embeddable":true,"href":"https:\/\/www.africa-press.net\/centrafricaine\/wp-json\/wp\/v2\/media\/65854"}],"wp:attachment":[{"href":"https:\/\/www.africa-press.net\/centrafricaine\/wp-json\/wp\/v2\/media?parent=65855"}],"wp:term":[{"taxonomy":"category","embeddable":true,"href":"https:\/\/www.africa-press.net\/centrafricaine\/wp-json\/wp\/v2\/categories?post=65855"},{"taxonomy":"post_tag","embeddable":true,"href":"https:\/\/www.africa-press.net\/centrafricaine\/wp-json\/wp\/v2\/tags?post=65855"}],"curies":[{"name":"wp","href":"https:\/\/api.w.org\/{rel}","templated":true}]}}