{"id":6603,"date":"2021-05-06T09:16:06","date_gmt":"2021-05-06T09:16:06","guid":{"rendered":"https:\/\/www.africa-press.net\/centrafricaine\/?p=6603"},"modified":"2021-05-07T12:32:23","modified_gmt":"2021-05-07T12:32:23","slug":"rca-attaque-contre-des-positions-des-forces-de-defense-et-de-securite-dans-la-nana-mambere","status":"publish","type":"post","link":"https:\/\/www.africa-press.net\/centrafricaine\/politique\/rca-attaque-contre-des-positions-des-forces-de-defense-et-de-securite-dans-la-nana-mambere","title":{"rendered":"attaque contre des positions des forces de d\u00e9fense et de s\u00e9curit\u00e9 \u00a0dans la Nana-Mamb\u00e9r\u00e9"},"content":{"rendered":"<p><span style=\"color: #ff6600\"><strong><a href=\"https:\/\/www.africa-press.net\/\">Africa-Press<\/a> &#8211; <a href=\"https:\/\/www.africa-press.net\/centrafricaine\">CentrAfricaine<\/a>. <\/strong><\/span>Des combattants rebelles de 3R, membre de la coalition des patriotes pour le changement (CPC)ont attaqu\u00e9 les positions des forces de d\u00e9fense et de s\u00e9curit\u00e9 dans la localit\u00e9 de \u00ab Abba \u00bb, dans la Nana-Mamb\u00e9r\u00e9, au nord-ouest de la RCA. Les soldats FACA ont ripost\u00e9, provoquant la fuite des assaillants.<\/p>\n<p>L\u2019attaque avait \u00e9t\u00e9 rapport\u00e9e plut\u00f4t par des sources locales. Selon elles, les habitants de la sous-pr\u00e9fecture de \u00ab Abba \u00bb et des villages environnants ont \u00e9t\u00e9 r\u00e9veill\u00e9s mercredi matin vers 4 heures par des d\u00e9tonations d\u2019armes automatiques. Il s\u2019agit, selon les m\u00eames sources, d\u2019un accrochage entre les \u00e9l\u00e9ments de la coalition des patriotes pour le changement (CPC) et les \u00e9l\u00e9ments des forces arm\u00e9es centrafricaines bas\u00e9s dans la ville.<\/p>\n<p><b>\u00ab C\u2019est aux environs de 4 heures du matin qu\u2019on a commenc\u00e9 \u00e0 entendre des coups de feu. Les tirs \u00e0 l\u2019arme lourde et l\u00e9g\u00e8re ont \u00e9t\u00e9 intenses tout proches du quartier g\u00e9n\u00e9ral de l\u2019arm\u00e9e nationale \u00e0 Abba. En ce moment nous sommes cach\u00e9s en brousse \u00bb<\/b><\/p>\n<p>, a d\u00e9clar\u00e9 un habitant joint au t\u00e9l\u00e9phone lors de l\u2019affrontement.<\/p>\n<p>Pour l\u2019heure, la ville est calme, et les assaillants sont repouss\u00e9s en dehors de la ville par l\u2019arm\u00e9e nationale. Des renforts des mercenaires russes et des FACA viennent d\u2019arriver dans la ville.<\/p>\n<p>Rappelons que le pont de Mamb\u00e9r\u00e9, situ\u00e9 \u00e0 7 kilom\u00e8tres de la ville de \u00ab Abba \u00bbsur l\u2019axe Bouar s\u2019est effondr\u00e9 depuis deux semaines sous le poids des camions d\u2019extraction mini\u00e8re des Chinois, rendant difficile le d\u00e9ploiement de renforts de l\u2019arm\u00e9e nationale dans la ville.<\/p>\n<p>Le bilan provisoire fait \u00e9tat d\u2019un mort et des trois bless\u00e9s parmi les civils.<\/p>\n<p><b>\u00a0<\/b><\/p>\n","protected":false},"excerpt":{"rendered":"<p>Africa-Press &#8211; CentrAfricaine. Des combattants rebelles de 3R, membre de la coalition des patriotes pour le changement (CPC)ont attaqu\u00e9 les positions des forces de d\u00e9fense et de s\u00e9curit\u00e9 dans la localit\u00e9 de \u00ab Abba \u00bb, dans la Nana-Mamb\u00e9r\u00e9, au nord-ouest de la RCA. Les soldats FACA ont ripost\u00e9, provoquant la fuite des assaillants. L\u2019attaque avait [&hellip;]<\/p>\n","protected":false},"author":82,"featured_media":6602,"comment_status":"open","ping_status":"closed","sticky":false,"template":"","format":"standard","meta":{"footnotes":""},"categories":[11,2,10],"tags":[36,58,30],"class_list":["post-6603","post","type-post","status-publish","format-standard","has-post-thumbnail","hentry","category-homepage-french","category-politique","category-toutes-les-actualites","tag-africa-press","tag-africa-press-centrafricaine","tag-centrafricaine"],"yoast_head":"<!-- This site is optimized with the Yoast SEO Premium plugin v26.1 (Yoast SEO v27.0) - https:\/\/yoast.com\/product\/yoast-seo-premium-wordpress\/ -->\n<title>attaque contre des positions des forces de d\u00e9fense et de s\u00e9curit\u00e9 \u00a0dans la Nana-Mamb\u00e9r\u00e9 - centrafricaine<\/title>\n<meta name=\"description\" content=\"Bouar, R\u00e9publique centrafricaine, jeudi, 6 mai 2021, 03:15:47 ( Corbeaunews-Centrafrique ). Des combattants rebe ...\" \/>\n<meta name=\"robots\" content=\"index, follow, max-snippet:-1, max-image-preview:large, max-video-preview:-1\" \/>\n<link rel=\"canonical\" href=\"https:\/\/www.africa-press.net\/centrafricaine\/politique\/rca-attaque-contre-des-positions-des-forces-de-defense-et-de-securite-dans-la-nana-mambere\" \/>\n<meta property=\"og:locale\" content=\"fr_FR\" \/>\n<meta property=\"og:type\" content=\"article\" \/>\n<meta property=\"og:title\" content=\"attaque contre des positions des forces de d\u00e9fense et de s\u00e9curit\u00e9 \u00a0dans la Nana-Mamb\u00e9r\u00e9\" \/>\n<meta property=\"og:description\" content=\"Bouar, R\u00e9publique centrafricaine, jeudi, 6 mai 2021, 03:15:47 ( Corbeaunews-Centrafrique ). Des combattants rebe ...\" \/>\n<meta property=\"og:url\" content=\"https:\/\/www.africa-press.net\/centrafricaine\/politique\/rca-attaque-contre-des-positions-des-forces-de-defense-et-de-securite-dans-la-nana-mambere\" \/>\n<meta property=\"og:site_name\" content=\"centrafricaine\" \/>\n<meta property=\"article:published_time\" content=\"2021-05-06T09:16:06+00:00\" \/>\n<meta property=\"article:modified_time\" content=\"2021-05-07T12:32:23+00:00\" \/>\n<meta property=\"og:image\" content=\"https:\/\/static.africa-press.net\/centrafricaine\/sites\/45\/2021\/05\/img-6093af90589db.jpg\" \/>\n\t<meta property=\"og:image:width\" content=\"720\" \/>\n\t<meta property=\"og:image:height\" content=\"404\" \/>\n\t<meta property=\"og:image:type\" content=\"image\/jpeg\" \/>\n<meta name=\"author\" content=\"cfeditorfr\" \/>\n<meta name=\"twitter:card\" content=\"summary_large_image\" \/>\n<meta name=\"twitter:label1\" content=\"\u00c9crit par\" \/>\n\t<meta name=\"twitter:data1\" content=\"cfeditorfr\" \/>\n\t<meta name=\"twitter:label2\" content=\"Dur\u00e9e de lecture estim\u00e9e\" \/>\n\t<meta name=\"twitter:data2\" content=\"2 minutes\" \/>\n<script type=\"application\/ld+json\" class=\"yoast-schema-graph\">{\"@context\":\"https:\/\/schema.org\",\"@graph\":[{\"@type\":\"Article\",\"@id\":\"https:\/\/www.africa-press.net\/centrafricaine\/politique\/rca-attaque-contre-des-positions-des-forces-de-defense-et-de-securite-dans-la-nana-mambere#article\",\"isPartOf\":{\"@id\":\"https:\/\/www.africa-press.net\/centrafricaine\/politique\/rca-attaque-contre-des-positions-des-forces-de-defense-et-de-securite-dans-la-nana-mambere\"},\"author\":{\"name\":\"cfeditorfr\",\"@id\":\"https:\/\/www.africa-press.net\/centrafricaine\/#\/schema\/person\/2b1cf3cd81a31e3cd26889ca66d677f1\"},\"headline\":\"attaque contre des positions des forces de d\u00e9fense et de s\u00e9curit\u00e9 \u00a0dans la Nana-Mamb\u00e9r\u00e9\",\"datePublished\":\"2021-05-06T09:16:06+00:00\",\"dateModified\":\"2021-05-07T12:32:23+00:00\",\"mainEntityOfPage\":{\"@id\":\"https:\/\/www.africa-press.net\/centrafricaine\/politique\/rca-attaque-contre-des-positions-des-forces-de-defense-et-de-securite-dans-la-nana-mambere\"},\"wordCount\":321,\"commentCount\":0,\"image\":{\"@id\":\"https:\/\/www.africa-press.net\/centrafricaine\/politique\/rca-attaque-contre-des-positions-des-forces-de-defense-et-de-securite-dans-la-nana-mambere#primaryimage\"},\"thumbnailUrl\":\"https:\/\/static.africa-press.net\/centrafricaine\/sites\/45\/2021\/05\/img-6093af90589db.jpg\",\"keywords\":[\"Africa Press\",\"Africa Press-CentrAfricaine\",\"CentrAfricaine\"],\"articleSection\":[\"homepage-french\",\"Politique\",\"Toutes les actualit\u00e9s\"],\"inLanguage\":\"fr-FR\",\"potentialAction\":[{\"@type\":\"CommentAction\",\"name\":\"Comment\",\"target\":[\"https:\/\/www.africa-press.net\/centrafricaine\/politique\/rca-attaque-contre-des-positions-des-forces-de-defense-et-de-securite-dans-la-nana-mambere#respond\"]}]},{\"@type\":\"WebPage\",\"@id\":\"https:\/\/www.africa-press.net\/centrafricaine\/politique\/rca-attaque-contre-des-positions-des-forces-de-defense-et-de-securite-dans-la-nana-mambere\",\"url\":\"https:\/\/www.africa-press.net\/centrafricaine\/politique\/rca-attaque-contre-des-positions-des-forces-de-defense-et-de-securite-dans-la-nana-mambere\",\"name\":\"attaque contre des positions des forces de d\u00e9fense et de s\u00e9curit\u00e9 \u00a0dans la Nana-Mamb\u00e9r\u00e9 - centrafricaine\",\"isPartOf\":{\"@id\":\"https:\/\/www.africa-press.net\/centrafricaine\/#website\"},\"primaryImageOfPage\":{\"@id\":\"https:\/\/www.africa-press.net\/centrafricaine\/politique\/rca-attaque-contre-des-positions-des-forces-de-defense-et-de-securite-dans-la-nana-mambere#primaryimage\"},\"image\":{\"@id\":\"https:\/\/www.africa-press.net\/centrafricaine\/politique\/rca-attaque-contre-des-positions-des-forces-de-defense-et-de-securite-dans-la-nana-mambere#primaryimage\"},\"thumbnailUrl\":\"https:\/\/static.africa-press.net\/centrafricaine\/sites\/45\/2021\/05\/img-6093af90589db.jpg\",\"datePublished\":\"2021-05-06T09:16:06+00:00\",\"dateModified\":\"2021-05-07T12:32:23+00:00\",\"author\":{\"@id\":\"https:\/\/www.africa-press.net\/centrafricaine\/#\/schema\/person\/2b1cf3cd81a31e3cd26889ca66d677f1\"},\"description\":\"Bouar, R\u00e9publique centrafricaine, jeudi, 6 mai 2021, 03:15:47 ( Corbeaunews-Centrafrique ). Des combattants rebe ...\",\"breadcrumb\":{\"@id\":\"https:\/\/www.africa-press.net\/centrafricaine\/politique\/rca-attaque-contre-des-positions-des-forces-de-defense-et-de-securite-dans-la-nana-mambere#breadcrumb\"},\"inLanguage\":\"fr-FR\",\"potentialAction\":[{\"@type\":\"ReadAction\",\"target\":[\"https:\/\/www.africa-press.net\/centrafricaine\/politique\/rca-attaque-contre-des-positions-des-forces-de-defense-et-de-securite-dans-la-nana-mambere\"]}]},{\"@type\":\"ImageObject\",\"inLanguage\":\"fr-FR\",\"@id\":\"https:\/\/www.africa-press.net\/centrafricaine\/politique\/rca-attaque-contre-des-positions-des-forces-de-defense-et-de-securite-dans-la-nana-mambere#primaryimage\",\"url\":\"https:\/\/static.africa-press.net\/centrafricaine\/sites\/45\/2021\/05\/img-6093af90589db.jpg\",\"contentUrl\":\"https:\/\/static.africa-press.net\/centrafricaine\/sites\/45\/2021\/05\/img-6093af90589db.jpg\",\"width\":720,\"height\":404,\"caption\":\"RCA\u00a0: attaque contre des positions des forces de d\u00e9fense et de s\u00e9curit\u00e9 \u00a0dans la Nana-Mamb\u00e9r\u00e9\"},{\"@type\":\"BreadcrumbList\",\"@id\":\"https:\/\/www.africa-press.net\/centrafricaine\/politique\/rca-attaque-contre-des-positions-des-forces-de-defense-et-de-securite-dans-la-nana-mambere#breadcrumb\",\"itemListElement\":[{\"@type\":\"ListItem\",\"position\":1,\"name\":\"Accueil\",\"item\":\"https:\/\/www.africa-press.net\/centrafricaine\/\"},{\"@type\":\"ListItem\",\"position\":2,\"name\":\"attaque contre des positions des forces de d\u00e9fense et de s\u00e9curit\u00e9 \u00a0dans la Nana-Mamb\u00e9r\u00e9\"}]},{\"@type\":\"WebSite\",\"@id\":\"https:\/\/www.africa-press.net\/centrafricaine\/#website\",\"url\":\"https:\/\/www.africa-press.net\/centrafricaine\/\",\"name\":\"centrafricaine\",\"description\":\"Just another Africa News Agency Sites site\",\"potentialAction\":[{\"@type\":\"SearchAction\",\"target\":{\"@type\":\"EntryPoint\",\"urlTemplate\":\"https:\/\/www.africa-press.net\/centrafricaine\/?s={search_term_string}\"},\"query-input\":{\"@type\":\"PropertyValueSpecification\",\"valueRequired\":true,\"valueName\":\"search_term_string\"}}],\"inLanguage\":\"fr-FR\"},{\"@type\":\"Person\",\"@id\":\"https:\/\/www.africa-press.net\/centrafricaine\/#\/schema\/person\/2b1cf3cd81a31e3cd26889ca66d677f1\",\"name\":\"cfeditorfr\"}]}<\/script>\n<!-- \/ Yoast SEO Premium plugin. -->","yoast_head_json":{"title":"attaque contre des positions des forces de d\u00e9fense et de s\u00e9curit\u00e9 \u00a0dans la Nana-Mamb\u00e9r\u00e9 - centrafricaine","description":"Bouar, R\u00e9publique centrafricaine, jeudi, 6 mai 2021, 03:15:47 ( Corbeaunews-Centrafrique ). Des combattants rebe ...","robots":{"index":"index","follow":"follow","max-snippet":"max-snippet:-1","max-image-preview":"max-image-preview:large","max-video-preview":"max-video-preview:-1"},"canonical":"https:\/\/www.africa-press.net\/centrafricaine\/politique\/rca-attaque-contre-des-positions-des-forces-de-defense-et-de-securite-dans-la-nana-mambere","og_locale":"fr_FR","og_type":"article","og_title":"attaque contre des positions des forces de d\u00e9fense et de s\u00e9curit\u00e9 \u00a0dans la Nana-Mamb\u00e9r\u00e9","og_description":"Bouar, R\u00e9publique centrafricaine, jeudi, 6 mai 2021, 03:15:47 ( Corbeaunews-Centrafrique ). Des combattants rebe ...","og_url":"https:\/\/www.africa-press.net\/centrafricaine\/politique\/rca-attaque-contre-des-positions-des-forces-de-defense-et-de-securite-dans-la-nana-mambere","og_site_name":"centrafricaine","article_published_time":"2021-05-06T09:16:06+00:00","article_modified_time":"2021-05-07T12:32:23+00:00","og_image":[{"width":720,"height":404,"url":"https:\/\/static.africa-press.net\/centrafricaine\/sites\/45\/2021\/05\/img-6093af90589db.jpg","type":"image\/jpeg"}],"author":"cfeditorfr","twitter_card":"summary_large_image","twitter_misc":{"\u00c9crit par":"cfeditorfr","Dur\u00e9e de lecture estim\u00e9e":"2 minutes"},"schema":{"@context":"https:\/\/schema.org","@graph":[{"@type":"Article","@id":"https:\/\/www.africa-press.net\/centrafricaine\/politique\/rca-attaque-contre-des-positions-des-forces-de-defense-et-de-securite-dans-la-nana-mambere#article","isPartOf":{"@id":"https:\/\/www.africa-press.net\/centrafricaine\/politique\/rca-attaque-contre-des-positions-des-forces-de-defense-et-de-securite-dans-la-nana-mambere"},"author":{"name":"cfeditorfr","@id":"https:\/\/www.africa-press.net\/centrafricaine\/#\/schema\/person\/2b1cf3cd81a31e3cd26889ca66d677f1"},"headline":"attaque contre des positions des forces de d\u00e9fense et de s\u00e9curit\u00e9 \u00a0dans la Nana-Mamb\u00e9r\u00e9","datePublished":"2021-05-06T09:16:06+00:00","dateModified":"2021-05-07T12:32:23+00:00","mainEntityOfPage":{"@id":"https:\/\/www.africa-press.net\/centrafricaine\/politique\/rca-attaque-contre-des-positions-des-forces-de-defense-et-de-securite-dans-la-nana-mambere"},"wordCount":321,"commentCount":0,"image":{"@id":"https:\/\/www.africa-press.net\/centrafricaine\/politique\/rca-attaque-contre-des-positions-des-forces-de-defense-et-de-securite-dans-la-nana-mambere#primaryimage"},"thumbnailUrl":"https:\/\/static.africa-press.net\/centrafricaine\/sites\/45\/2021\/05\/img-6093af90589db.jpg","keywords":["Africa Press","Africa Press-CentrAfricaine","CentrAfricaine"],"articleSection":["homepage-french","Politique","Toutes les actualit\u00e9s"],"inLanguage":"fr-FR","potentialAction":[{"@type":"CommentAction","name":"Comment","target":["https:\/\/www.africa-press.net\/centrafricaine\/politique\/rca-attaque-contre-des-positions-des-forces-de-defense-et-de-securite-dans-la-nana-mambere#respond"]}]},{"@type":"WebPage","@id":"https:\/\/www.africa-press.net\/centrafricaine\/politique\/rca-attaque-contre-des-positions-des-forces-de-defense-et-de-securite-dans-la-nana-mambere","url":"https:\/\/www.africa-press.net\/centrafricaine\/politique\/rca-attaque-contre-des-positions-des-forces-de-defense-et-de-securite-dans-la-nana-mambere","name":"attaque contre des positions des forces de d\u00e9fense et de s\u00e9curit\u00e9 \u00a0dans la Nana-Mamb\u00e9r\u00e9 - centrafricaine","isPartOf":{"@id":"https:\/\/www.africa-press.net\/centrafricaine\/#website"},"primaryImageOfPage":{"@id":"https:\/\/www.africa-press.net\/centrafricaine\/politique\/rca-attaque-contre-des-positions-des-forces-de-defense-et-de-securite-dans-la-nana-mambere#primaryimage"},"image":{"@id":"https:\/\/www.africa-press.net\/centrafricaine\/politique\/rca-attaque-contre-des-positions-des-forces-de-defense-et-de-securite-dans-la-nana-mambere#primaryimage"},"thumbnailUrl":"https:\/\/static.africa-press.net\/centrafricaine\/sites\/45\/2021\/05\/img-6093af90589db.jpg","datePublished":"2021-05-06T09:16:06+00:00","dateModified":"2021-05-07T12:32:23+00:00","author":{"@id":"https:\/\/www.africa-press.net\/centrafricaine\/#\/schema\/person\/2b1cf3cd81a31e3cd26889ca66d677f1"},"description":"Bouar, R\u00e9publique centrafricaine, jeudi, 6 mai 2021, 03:15:47 ( Corbeaunews-Centrafrique ). Des combattants rebe ...","breadcrumb":{"@id":"https:\/\/www.africa-press.net\/centrafricaine\/politique\/rca-attaque-contre-des-positions-des-forces-de-defense-et-de-securite-dans-la-nana-mambere#breadcrumb"},"inLanguage":"fr-FR","potentialAction":[{"@type":"ReadAction","target":["https:\/\/www.africa-press.net\/centrafricaine\/politique\/rca-attaque-contre-des-positions-des-forces-de-defense-et-de-securite-dans-la-nana-mambere"]}]},{"@type":"ImageObject","inLanguage":"fr-FR","@id":"https:\/\/www.africa-press.net\/centrafricaine\/politique\/rca-attaque-contre-des-positions-des-forces-de-defense-et-de-securite-dans-la-nana-mambere#primaryimage","url":"https:\/\/static.africa-press.net\/centrafricaine\/sites\/45\/2021\/05\/img-6093af90589db.jpg","contentUrl":"https:\/\/static.africa-press.net\/centrafricaine\/sites\/45\/2021\/05\/img-6093af90589db.jpg","width":720,"height":404,"caption":"RCA\u00a0: attaque contre des positions des forces de d\u00e9fense et de s\u00e9curit\u00e9 \u00a0dans la Nana-Mamb\u00e9r\u00e9"},{"@type":"BreadcrumbList","@id":"https:\/\/www.africa-press.net\/centrafricaine\/politique\/rca-attaque-contre-des-positions-des-forces-de-defense-et-de-securite-dans-la-nana-mambere#breadcrumb","itemListElement":[{"@type":"ListItem","position":1,"name":"Accueil","item":"https:\/\/www.africa-press.net\/centrafricaine\/"},{"@type":"ListItem","position":2,"name":"attaque contre des positions des forces de d\u00e9fense et de s\u00e9curit\u00e9 \u00a0dans la Nana-Mamb\u00e9r\u00e9"}]},{"@type":"WebSite","@id":"https:\/\/www.africa-press.net\/centrafricaine\/#website","url":"https:\/\/www.africa-press.net\/centrafricaine\/","name":"centrafricaine","description":"Just another Africa News Agency Sites site","potentialAction":[{"@type":"SearchAction","target":{"@type":"EntryPoint","urlTemplate":"https:\/\/www.africa-press.net\/centrafricaine\/?s={search_term_string}"},"query-input":{"@type":"PropertyValueSpecification","valueRequired":true,"valueName":"search_term_string"}}],"inLanguage":"fr-FR"},{"@type":"Person","@id":"https:\/\/www.africa-press.net\/centrafricaine\/#\/schema\/person\/2b1cf3cd81a31e3cd26889ca66d677f1","name":"cfeditorfr"}]}},"_links":{"self":[{"href":"https:\/\/www.africa-press.net\/centrafricaine\/wp-json\/wp\/v2\/posts\/6603","targetHints":{"allow":["GET"]}}],"collection":[{"href":"https:\/\/www.africa-press.net\/centrafricaine\/wp-json\/wp\/v2\/posts"}],"about":[{"href":"https:\/\/www.africa-press.net\/centrafricaine\/wp-json\/wp\/v2\/types\/post"}],"author":[{"embeddable":true,"href":"https:\/\/www.africa-press.net\/centrafricaine\/wp-json\/wp\/v2\/users\/82"}],"replies":[{"embeddable":true,"href":"https:\/\/www.africa-press.net\/centrafricaine\/wp-json\/wp\/v2\/comments?post=6603"}],"version-history":[{"count":0,"href":"https:\/\/www.africa-press.net\/centrafricaine\/wp-json\/wp\/v2\/posts\/6603\/revisions"}],"wp:featuredmedia":[{"embeddable":true,"href":"https:\/\/www.africa-press.net\/centrafricaine\/wp-json\/wp\/v2\/media\/6602"}],"wp:attachment":[{"href":"https:\/\/www.africa-press.net\/centrafricaine\/wp-json\/wp\/v2\/media?parent=6603"}],"wp:term":[{"taxonomy":"category","embeddable":true,"href":"https:\/\/www.africa-press.net\/centrafricaine\/wp-json\/wp\/v2\/categories?post=6603"},{"taxonomy":"post_tag","embeddable":true,"href":"https:\/\/www.africa-press.net\/centrafricaine\/wp-json\/wp\/v2\/tags?post=6603"}],"curies":[{"name":"wp","href":"https:\/\/api.w.org\/{rel}","templated":true}]}}