{"id":6615,"date":"2021-05-07T11:41:41","date_gmt":"2021-05-07T11:41:41","guid":{"rendered":"https:\/\/www.africa-press.net\/centrafricaine\/?p=6615"},"modified":"2021-05-07T12:34:25","modified_gmt":"2021-05-07T12:34:25","slug":"la-cpi-condamne-a-25-ans-de-prison-le-chef-rebelle-ougandais-dominic-ongwen","status":"publish","type":"post","link":"https:\/\/www.africa-press.net\/centrafricaine\/politique\/la-cpi-condamne-a-25-ans-de-prison-le-chef-rebelle-ougandais-dominic-ongwen","title":{"rendered":"La CPI condamne \u00e0 25 ans de prison le chef rebelle ougandais Dominic Ongwen"},"content":{"rendered":"<p><span style=\"color: #ff6600\"><strong><a href=\"https:\/\/www.africa-press.net\/\">Africa-Press<\/a> &#8211; <a href=\"https:\/\/www.africa-press.net\/centrafricaine\">CentrAfricaine<\/a>.\u00a0 <\/strong><\/span><b>\u00a0Dominic Ongwen a \u00e9t\u00e9 condamn\u00e9 \u00e0 25 ans de prison pour des crimes de guerre et crimes contre l\u2019humanit\u00e9. POOL New \/ REUTERS<\/b><\/p>\n<p>Dominic Ongwen a \u00e9t\u00e9 condamn\u00e9 \u00e0 25 ans de prison pour des crimes de guerre et crimes contre l\u2019humanit\u00e9.<\/p>\n<p>La Cour p\u00e9nale internationale (CPI) a condamn\u00e9 jeudi 6 mai Dominic Ongwen, enfant soldat ougandais devenu un commandant de la brutale r\u00e9bellion de l\u2019Arm\u00e9e de r\u00e9sistance du Seigneur (LRA), \u00e0 25 ans de prison pour des crimes de guerre et crimes contre l\u2019humanit\u00e9.<\/p>\n<p>Selon le tribunal, Dominic Ongwen a ordonn\u00e9 au d\u00e9but des ann\u00e9es 2000 des attaques contre des camps de r\u00e9fugi\u00e9s, alors qu\u2019il \u00e9tait l\u2019un des commandants de la LRA, un groupe arm\u00e9 dirig\u00e9 par le fugitif Joseph Kony, qui a men\u00e9 une guerre brutale en Ouganda et dans trois pays voisins afin d\u2019\u00e9tablir un Etat bas\u00e9 sur les dix commandements de la Bible. Dominic Ongwen \u00e9tait passible de la prison \u00e0 perp\u00e9tuit\u00e9. Mais estimant que l\u2019histoire de Dominic Ongwen, lui-m\u00eame enlev\u00e9 par le groupe rebelle \u00e0 l\u2019\u00e2ge d\u2019environ neuf ans, justifiait une peine inf\u00e9rieure, l\u2019accusation avait requis 20 ans de prison. \u00abC\u2019est une circonstance qui distingue cette affaire de toutes les autres jug\u00e9es par ce tribunal\u00bb, avait d\u00e9clar\u00e9 Colin Black, membre de l\u2019accusation, lors de l\u2019audience de d\u00e9termination de la peine en avril devant la CPI.<\/p>\n<p>Apr\u00e8s avoir plaid\u00e9 l\u2019acquittement lors du proc\u00e8s, soulignant que l\u2019accus\u00e9 avait lui-m\u00eame \u00e9t\u00e9 victime de la brutalit\u00e9 du groupe rebelle, la d\u00e9fense avait demand\u00e9, lors de cette audience de d\u00e9termination de la peine, 10 ans de prison pour l\u2019ancien enfant soldat, surnomm\u00e9 la \u00abfourmi blanche\u00bb. Les victimes, elles, r\u00e9clamaient la r\u00e9clusion \u00e0 perp\u00e9tuit\u00e9.<\/p>\n<p>\u00abJe suis la premi\u00e8re victime d\u2019enl\u00e8vement d\u2019enfants\u00bb<\/p>\n<p>Dominic Ongwen a toujours ni\u00e9 \u00abau nom de Dieu\u00bb l\u2019ensemble des accusations contre lui. Il a d\u00e9clar\u00e9 devant la CPI que la LRA l\u2019avait forc\u00e9 \u00e0 manger des haricots imbib\u00e9s du sang des premi\u00e8res personnes qu\u2019il avait \u00e9t\u00e9 oblig\u00e9 de tuer en guise d\u2019initiation, apr\u00e8s avoir \u00e9t\u00e9 enlev\u00e9. \u00abJe suis devant ce tribunal international avec tant d\u2019accusations, et pourtant je suis la premi\u00e8re victime d\u2019enl\u00e8vement d\u2019enfants\u00bb, a-t-il dit lors de son proc\u00e8s. \u00abCe qui m\u2019est arriv\u00e9, je ne crois m\u00eame pas que cela soit arriv\u00e9 \u00e0 J\u00e9sus-Christ\u00bb, a-t-il ajout\u00e9. En le jugeant coupable, les juges de la CPI avaient reconnu que Dominic Ongwen avait lui-m\u00eame beaucoup souffert mais estim\u00e9 que ses crimes avaient \u00e9t\u00e9 commis \u00aben tant qu\u2019adulte responsable et commandant de l\u2019Arm\u00e9e de r\u00e9sistance du Seigneur\u00bb.<\/p>\n<p>Selon l\u2019ONU, la LRA a massacr\u00e9 plus de 100.000 personnes et enlev\u00e9 60.000 enfants lors de violences qui se sont \u00e9tendues au Soudan, \u00e0 la R\u00e9publique d\u00e9mocratique du Congo et \u00e0 la R\u00e9publique centrafricaine. Dominic Ongwen, qui s\u2019est rendu en 2015, est le premier commandant de la LRA \u00e0 \u00eatre jug\u00e9 par la CPI. Le fondateur du groupe, Joseph Kony, est consid\u00e9r\u00e9 comme toujours en fuite et fait l\u2019objet d\u2019un mandat d\u2019arr\u00eat de la Cour.<\/p>\n<p>&nbsp;<\/p>\n","protected":false},"excerpt":{"rendered":"<p>Africa-Press &#8211; CentrAfricaine.\u00a0 \u00a0Dominic Ongwen a \u00e9t\u00e9 condamn\u00e9 \u00e0 25 ans de prison pour des crimes de guerre et crimes contre l\u2019humanit\u00e9. POOL New \/ REUTERS Dominic Ongwen a \u00e9t\u00e9 condamn\u00e9 \u00e0 25 ans de prison pour des crimes de guerre et crimes contre l\u2019humanit\u00e9. La Cour p\u00e9nale internationale (CPI) a condamn\u00e9 jeudi 6 mai [&hellip;]<\/p>\n","protected":false},"author":82,"featured_media":6614,"comment_status":"open","ping_status":"closed","sticky":false,"template":"","format":"standard","meta":{"footnotes":""},"categories":[11,2,10],"tags":[36,58,30],"class_list":["post-6615","post","type-post","status-publish","format-standard","has-post-thumbnail","hentry","category-homepage-french","category-politique","category-toutes-les-actualites","tag-africa-press","tag-africa-press-centrafricaine","tag-centrafricaine"],"yoast_head":"<!-- This site is optimized with the Yoast SEO Premium plugin v26.1 (Yoast SEO v27.0) - https:\/\/yoast.com\/product\/yoast-seo-premium-wordpress\/ -->\n<title>La CPI condamne \u00e0 25 ans de prison le chef rebelle ougandais Dominic Ongwen - centrafricaine<\/title>\n<meta name=\"description\" content=\"Bangui ( R\u00e9publique centrafricaine ) \u2013 Dominic Ongwen a \u00e9t\u00e9 condamn\u00e9 \u00e0 25 ans de prison pour des crimes de guerre et ...\" \/>\n<meta name=\"robots\" content=\"index, follow, max-snippet:-1, max-image-preview:large, max-video-preview:-1\" \/>\n<link rel=\"canonical\" href=\"https:\/\/www.africa-press.net\/centrafricaine\/politique\/la-cpi-condamne-a-25-ans-de-prison-le-chef-rebelle-ougandais-dominic-ongwen\" \/>\n<meta property=\"og:locale\" content=\"fr_FR\" \/>\n<meta property=\"og:type\" content=\"article\" \/>\n<meta property=\"og:title\" content=\"La CPI condamne \u00e0 25 ans de prison le chef rebelle ougandais Dominic Ongwen\" \/>\n<meta property=\"og:description\" content=\"Bangui ( R\u00e9publique centrafricaine ) \u2013 Dominic Ongwen a \u00e9t\u00e9 condamn\u00e9 \u00e0 25 ans de prison pour des crimes de guerre et ...\" \/>\n<meta property=\"og:url\" content=\"https:\/\/www.africa-press.net\/centrafricaine\/politique\/la-cpi-condamne-a-25-ans-de-prison-le-chef-rebelle-ougandais-dominic-ongwen\" \/>\n<meta property=\"og:site_name\" content=\"centrafricaine\" \/>\n<meta property=\"article:published_time\" content=\"2021-05-07T11:41:41+00:00\" \/>\n<meta property=\"article:modified_time\" content=\"2021-05-07T12:34:25+00:00\" \/>\n<meta property=\"og:image\" content=\"https:\/\/static.africa-press.net\/centrafricaine\/sites\/45\/2021\/05\/img-609524978542a.jpg\" \/>\n\t<meta property=\"og:image:width\" content=\"720\" \/>\n\t<meta property=\"og:image:height\" content=\"405\" \/>\n\t<meta property=\"og:image:type\" content=\"image\/jpeg\" \/>\n<meta name=\"author\" content=\"cfeditorfr\" \/>\n<meta name=\"twitter:card\" content=\"summary_large_image\" \/>\n<meta name=\"twitter:label1\" content=\"\u00c9crit par\" \/>\n\t<meta name=\"twitter:data1\" content=\"cfeditorfr\" \/>\n\t<meta name=\"twitter:label2\" content=\"Dur\u00e9e de lecture estim\u00e9e\" \/>\n\t<meta name=\"twitter:data2\" content=\"3 minutes\" \/>\n<script type=\"application\/ld+json\" class=\"yoast-schema-graph\">{\"@context\":\"https:\/\/schema.org\",\"@graph\":[{\"@type\":\"Article\",\"@id\":\"https:\/\/www.africa-press.net\/centrafricaine\/politique\/la-cpi-condamne-a-25-ans-de-prison-le-chef-rebelle-ougandais-dominic-ongwen#article\",\"isPartOf\":{\"@id\":\"https:\/\/www.africa-press.net\/centrafricaine\/politique\/la-cpi-condamne-a-25-ans-de-prison-le-chef-rebelle-ougandais-dominic-ongwen\"},\"author\":{\"name\":\"cfeditorfr\",\"@id\":\"https:\/\/www.africa-press.net\/centrafricaine\/#\/schema\/person\/2b1cf3cd81a31e3cd26889ca66d677f1\"},\"headline\":\"La CPI condamne \u00e0 25 ans de prison le chef rebelle ougandais Dominic Ongwen\",\"datePublished\":\"2021-05-07T11:41:41+00:00\",\"dateModified\":\"2021-05-07T12:34:25+00:00\",\"mainEntityOfPage\":{\"@id\":\"https:\/\/www.africa-press.net\/centrafricaine\/politique\/la-cpi-condamne-a-25-ans-de-prison-le-chef-rebelle-ougandais-dominic-ongwen\"},\"wordCount\":551,\"commentCount\":0,\"image\":{\"@id\":\"https:\/\/www.africa-press.net\/centrafricaine\/politique\/la-cpi-condamne-a-25-ans-de-prison-le-chef-rebelle-ougandais-dominic-ongwen#primaryimage\"},\"thumbnailUrl\":\"https:\/\/static.africa-press.net\/centrafricaine\/sites\/45\/2021\/05\/img-609524978542a.jpg\",\"keywords\":[\"Africa Press\",\"Africa Press-CentrAfricaine\",\"CentrAfricaine\"],\"articleSection\":[\"homepage-french\",\"Politique\",\"Toutes les actualit\u00e9s\"],\"inLanguage\":\"fr-FR\",\"potentialAction\":[{\"@type\":\"CommentAction\",\"name\":\"Comment\",\"target\":[\"https:\/\/www.africa-press.net\/centrafricaine\/politique\/la-cpi-condamne-a-25-ans-de-prison-le-chef-rebelle-ougandais-dominic-ongwen#respond\"]}]},{\"@type\":\"WebPage\",\"@id\":\"https:\/\/www.africa-press.net\/centrafricaine\/politique\/la-cpi-condamne-a-25-ans-de-prison-le-chef-rebelle-ougandais-dominic-ongwen\",\"url\":\"https:\/\/www.africa-press.net\/centrafricaine\/politique\/la-cpi-condamne-a-25-ans-de-prison-le-chef-rebelle-ougandais-dominic-ongwen\",\"name\":\"La CPI condamne \u00e0 25 ans de prison le chef rebelle ougandais Dominic Ongwen - centrafricaine\",\"isPartOf\":{\"@id\":\"https:\/\/www.africa-press.net\/centrafricaine\/#website\"},\"primaryImageOfPage\":{\"@id\":\"https:\/\/www.africa-press.net\/centrafricaine\/politique\/la-cpi-condamne-a-25-ans-de-prison-le-chef-rebelle-ougandais-dominic-ongwen#primaryimage\"},\"image\":{\"@id\":\"https:\/\/www.africa-press.net\/centrafricaine\/politique\/la-cpi-condamne-a-25-ans-de-prison-le-chef-rebelle-ougandais-dominic-ongwen#primaryimage\"},\"thumbnailUrl\":\"https:\/\/static.africa-press.net\/centrafricaine\/sites\/45\/2021\/05\/img-609524978542a.jpg\",\"datePublished\":\"2021-05-07T11:41:41+00:00\",\"dateModified\":\"2021-05-07T12:34:25+00:00\",\"author\":{\"@id\":\"https:\/\/www.africa-press.net\/centrafricaine\/#\/schema\/person\/2b1cf3cd81a31e3cd26889ca66d677f1\"},\"description\":\"Bangui ( R\u00e9publique centrafricaine ) \u2013 Dominic Ongwen a \u00e9t\u00e9 condamn\u00e9 \u00e0 25 ans de prison pour des crimes de guerre et ...\",\"breadcrumb\":{\"@id\":\"https:\/\/www.africa-press.net\/centrafricaine\/politique\/la-cpi-condamne-a-25-ans-de-prison-le-chef-rebelle-ougandais-dominic-ongwen#breadcrumb\"},\"inLanguage\":\"fr-FR\",\"potentialAction\":[{\"@type\":\"ReadAction\",\"target\":[\"https:\/\/www.africa-press.net\/centrafricaine\/politique\/la-cpi-condamne-a-25-ans-de-prison-le-chef-rebelle-ougandais-dominic-ongwen\"]}]},{\"@type\":\"ImageObject\",\"inLanguage\":\"fr-FR\",\"@id\":\"https:\/\/www.africa-press.net\/centrafricaine\/politique\/la-cpi-condamne-a-25-ans-de-prison-le-chef-rebelle-ougandais-dominic-ongwen#primaryimage\",\"url\":\"https:\/\/static.africa-press.net\/centrafricaine\/sites\/45\/2021\/05\/img-609524978542a.jpg\",\"contentUrl\":\"https:\/\/static.africa-press.net\/centrafricaine\/sites\/45\/2021\/05\/img-609524978542a.jpg\",\"width\":720,\"height\":405,\"caption\":\"La CPI condamne \u00e0 25 ans de prison le chef rebelle ougandais Dominic Ongwen\"},{\"@type\":\"BreadcrumbList\",\"@id\":\"https:\/\/www.africa-press.net\/centrafricaine\/politique\/la-cpi-condamne-a-25-ans-de-prison-le-chef-rebelle-ougandais-dominic-ongwen#breadcrumb\",\"itemListElement\":[{\"@type\":\"ListItem\",\"position\":1,\"name\":\"Accueil\",\"item\":\"https:\/\/www.africa-press.net\/centrafricaine\/\"},{\"@type\":\"ListItem\",\"position\":2,\"name\":\"La CPI condamne \u00e0 25 ans de prison le chef rebelle ougandais Dominic Ongwen\"}]},{\"@type\":\"WebSite\",\"@id\":\"https:\/\/www.africa-press.net\/centrafricaine\/#website\",\"url\":\"https:\/\/www.africa-press.net\/centrafricaine\/\",\"name\":\"centrafricaine\",\"description\":\"Just another Africa News Agency Sites site\",\"potentialAction\":[{\"@type\":\"SearchAction\",\"target\":{\"@type\":\"EntryPoint\",\"urlTemplate\":\"https:\/\/www.africa-press.net\/centrafricaine\/?s={search_term_string}\"},\"query-input\":{\"@type\":\"PropertyValueSpecification\",\"valueRequired\":true,\"valueName\":\"search_term_string\"}}],\"inLanguage\":\"fr-FR\"},{\"@type\":\"Person\",\"@id\":\"https:\/\/www.africa-press.net\/centrafricaine\/#\/schema\/person\/2b1cf3cd81a31e3cd26889ca66d677f1\",\"name\":\"cfeditorfr\"}]}<\/script>\n<!-- \/ Yoast SEO Premium plugin. -->","yoast_head_json":{"title":"La CPI condamne \u00e0 25 ans de prison le chef rebelle ougandais Dominic Ongwen - centrafricaine","description":"Bangui ( R\u00e9publique centrafricaine ) \u2013 Dominic Ongwen a \u00e9t\u00e9 condamn\u00e9 \u00e0 25 ans de prison pour des crimes de guerre et ...","robots":{"index":"index","follow":"follow","max-snippet":"max-snippet:-1","max-image-preview":"max-image-preview:large","max-video-preview":"max-video-preview:-1"},"canonical":"https:\/\/www.africa-press.net\/centrafricaine\/politique\/la-cpi-condamne-a-25-ans-de-prison-le-chef-rebelle-ougandais-dominic-ongwen","og_locale":"fr_FR","og_type":"article","og_title":"La CPI condamne \u00e0 25 ans de prison le chef rebelle ougandais Dominic Ongwen","og_description":"Bangui ( R\u00e9publique centrafricaine ) \u2013 Dominic Ongwen a \u00e9t\u00e9 condamn\u00e9 \u00e0 25 ans de prison pour des crimes de guerre et ...","og_url":"https:\/\/www.africa-press.net\/centrafricaine\/politique\/la-cpi-condamne-a-25-ans-de-prison-le-chef-rebelle-ougandais-dominic-ongwen","og_site_name":"centrafricaine","article_published_time":"2021-05-07T11:41:41+00:00","article_modified_time":"2021-05-07T12:34:25+00:00","og_image":[{"width":720,"height":405,"url":"https:\/\/static.africa-press.net\/centrafricaine\/sites\/45\/2021\/05\/img-609524978542a.jpg","type":"image\/jpeg"}],"author":"cfeditorfr","twitter_card":"summary_large_image","twitter_misc":{"\u00c9crit par":"cfeditorfr","Dur\u00e9e de lecture estim\u00e9e":"3 minutes"},"schema":{"@context":"https:\/\/schema.org","@graph":[{"@type":"Article","@id":"https:\/\/www.africa-press.net\/centrafricaine\/politique\/la-cpi-condamne-a-25-ans-de-prison-le-chef-rebelle-ougandais-dominic-ongwen#article","isPartOf":{"@id":"https:\/\/www.africa-press.net\/centrafricaine\/politique\/la-cpi-condamne-a-25-ans-de-prison-le-chef-rebelle-ougandais-dominic-ongwen"},"author":{"name":"cfeditorfr","@id":"https:\/\/www.africa-press.net\/centrafricaine\/#\/schema\/person\/2b1cf3cd81a31e3cd26889ca66d677f1"},"headline":"La CPI condamne \u00e0 25 ans de prison le chef rebelle ougandais Dominic Ongwen","datePublished":"2021-05-07T11:41:41+00:00","dateModified":"2021-05-07T12:34:25+00:00","mainEntityOfPage":{"@id":"https:\/\/www.africa-press.net\/centrafricaine\/politique\/la-cpi-condamne-a-25-ans-de-prison-le-chef-rebelle-ougandais-dominic-ongwen"},"wordCount":551,"commentCount":0,"image":{"@id":"https:\/\/www.africa-press.net\/centrafricaine\/politique\/la-cpi-condamne-a-25-ans-de-prison-le-chef-rebelle-ougandais-dominic-ongwen#primaryimage"},"thumbnailUrl":"https:\/\/static.africa-press.net\/centrafricaine\/sites\/45\/2021\/05\/img-609524978542a.jpg","keywords":["Africa Press","Africa Press-CentrAfricaine","CentrAfricaine"],"articleSection":["homepage-french","Politique","Toutes les actualit\u00e9s"],"inLanguage":"fr-FR","potentialAction":[{"@type":"CommentAction","name":"Comment","target":["https:\/\/www.africa-press.net\/centrafricaine\/politique\/la-cpi-condamne-a-25-ans-de-prison-le-chef-rebelle-ougandais-dominic-ongwen#respond"]}]},{"@type":"WebPage","@id":"https:\/\/www.africa-press.net\/centrafricaine\/politique\/la-cpi-condamne-a-25-ans-de-prison-le-chef-rebelle-ougandais-dominic-ongwen","url":"https:\/\/www.africa-press.net\/centrafricaine\/politique\/la-cpi-condamne-a-25-ans-de-prison-le-chef-rebelle-ougandais-dominic-ongwen","name":"La CPI condamne \u00e0 25 ans de prison le chef rebelle ougandais Dominic Ongwen - centrafricaine","isPartOf":{"@id":"https:\/\/www.africa-press.net\/centrafricaine\/#website"},"primaryImageOfPage":{"@id":"https:\/\/www.africa-press.net\/centrafricaine\/politique\/la-cpi-condamne-a-25-ans-de-prison-le-chef-rebelle-ougandais-dominic-ongwen#primaryimage"},"image":{"@id":"https:\/\/www.africa-press.net\/centrafricaine\/politique\/la-cpi-condamne-a-25-ans-de-prison-le-chef-rebelle-ougandais-dominic-ongwen#primaryimage"},"thumbnailUrl":"https:\/\/static.africa-press.net\/centrafricaine\/sites\/45\/2021\/05\/img-609524978542a.jpg","datePublished":"2021-05-07T11:41:41+00:00","dateModified":"2021-05-07T12:34:25+00:00","author":{"@id":"https:\/\/www.africa-press.net\/centrafricaine\/#\/schema\/person\/2b1cf3cd81a31e3cd26889ca66d677f1"},"description":"Bangui ( R\u00e9publique centrafricaine ) \u2013 Dominic Ongwen a \u00e9t\u00e9 condamn\u00e9 \u00e0 25 ans de prison pour des crimes de guerre et ...","breadcrumb":{"@id":"https:\/\/www.africa-press.net\/centrafricaine\/politique\/la-cpi-condamne-a-25-ans-de-prison-le-chef-rebelle-ougandais-dominic-ongwen#breadcrumb"},"inLanguage":"fr-FR","potentialAction":[{"@type":"ReadAction","target":["https:\/\/www.africa-press.net\/centrafricaine\/politique\/la-cpi-condamne-a-25-ans-de-prison-le-chef-rebelle-ougandais-dominic-ongwen"]}]},{"@type":"ImageObject","inLanguage":"fr-FR","@id":"https:\/\/www.africa-press.net\/centrafricaine\/politique\/la-cpi-condamne-a-25-ans-de-prison-le-chef-rebelle-ougandais-dominic-ongwen#primaryimage","url":"https:\/\/static.africa-press.net\/centrafricaine\/sites\/45\/2021\/05\/img-609524978542a.jpg","contentUrl":"https:\/\/static.africa-press.net\/centrafricaine\/sites\/45\/2021\/05\/img-609524978542a.jpg","width":720,"height":405,"caption":"La CPI condamne \u00e0 25 ans de prison le chef rebelle ougandais Dominic Ongwen"},{"@type":"BreadcrumbList","@id":"https:\/\/www.africa-press.net\/centrafricaine\/politique\/la-cpi-condamne-a-25-ans-de-prison-le-chef-rebelle-ougandais-dominic-ongwen#breadcrumb","itemListElement":[{"@type":"ListItem","position":1,"name":"Accueil","item":"https:\/\/www.africa-press.net\/centrafricaine\/"},{"@type":"ListItem","position":2,"name":"La CPI condamne \u00e0 25 ans de prison le chef rebelle ougandais Dominic Ongwen"}]},{"@type":"WebSite","@id":"https:\/\/www.africa-press.net\/centrafricaine\/#website","url":"https:\/\/www.africa-press.net\/centrafricaine\/","name":"centrafricaine","description":"Just another Africa News Agency Sites site","potentialAction":[{"@type":"SearchAction","target":{"@type":"EntryPoint","urlTemplate":"https:\/\/www.africa-press.net\/centrafricaine\/?s={search_term_string}"},"query-input":{"@type":"PropertyValueSpecification","valueRequired":true,"valueName":"search_term_string"}}],"inLanguage":"fr-FR"},{"@type":"Person","@id":"https:\/\/www.africa-press.net\/centrafricaine\/#\/schema\/person\/2b1cf3cd81a31e3cd26889ca66d677f1","name":"cfeditorfr"}]}},"_links":{"self":[{"href":"https:\/\/www.africa-press.net\/centrafricaine\/wp-json\/wp\/v2\/posts\/6615","targetHints":{"allow":["GET"]}}],"collection":[{"href":"https:\/\/www.africa-press.net\/centrafricaine\/wp-json\/wp\/v2\/posts"}],"about":[{"href":"https:\/\/www.africa-press.net\/centrafricaine\/wp-json\/wp\/v2\/types\/post"}],"author":[{"embeddable":true,"href":"https:\/\/www.africa-press.net\/centrafricaine\/wp-json\/wp\/v2\/users\/82"}],"replies":[{"embeddable":true,"href":"https:\/\/www.africa-press.net\/centrafricaine\/wp-json\/wp\/v2\/comments?post=6615"}],"version-history":[{"count":0,"href":"https:\/\/www.africa-press.net\/centrafricaine\/wp-json\/wp\/v2\/posts\/6615\/revisions"}],"wp:featuredmedia":[{"embeddable":true,"href":"https:\/\/www.africa-press.net\/centrafricaine\/wp-json\/wp\/v2\/media\/6614"}],"wp:attachment":[{"href":"https:\/\/www.africa-press.net\/centrafricaine\/wp-json\/wp\/v2\/media?parent=6615"}],"wp:term":[{"taxonomy":"category","embeddable":true,"href":"https:\/\/www.africa-press.net\/centrafricaine\/wp-json\/wp\/v2\/categories?post=6615"},{"taxonomy":"post_tag","embeddable":true,"href":"https:\/\/www.africa-press.net\/centrafricaine\/wp-json\/wp\/v2\/tags?post=6615"}],"curies":[{"name":"wp","href":"https:\/\/api.w.org\/{rel}","templated":true}]}}