{"id":6621,"date":"2021-05-07T11:56:58","date_gmt":"2021-05-07T11:56:58","guid":{"rendered":"https:\/\/www.africa-press.net\/centrafricaine\/?p=6621"},"modified":"2021-05-07T12:35:07","modified_gmt":"2021-05-07T12:35:07","slug":"rca-reprise-de-la-ville-de-kembe-mais-aussi-de-dimbi-de-poumbolo-et-de-gambo-par-les-forces-loyalistes","status":"publish","type":"post","link":"https:\/\/www.africa-press.net\/centrafricaine\/politique\/rca-reprise-de-la-ville-de-kembe-mais-aussi-de-dimbi-de-poumbolo-et-de-gambo-par-les-forces-loyalistes","title":{"rendered":"reprise de la ville de K\u00e9mb\u00e9, mais aussi de Dimbi, de Poumbolo et de Gambo\u00a0 par les forces loyalistes"},"content":{"rendered":"<p><span style=\"color: #ff6600\"><strong><a href=\"https:\/\/www.africa-press.net\/\">Africa-Press<\/a> &#8211; <a href=\"https:\/\/www.africa-press.net\/centrafricaine\">CentrAfricaine<\/a>.\u00a0 <\/strong><\/span>Les forces arm\u00e9es centrafricaines (FACA) et leurs alli\u00e9s russes et rwandais ont repris le contr\u00f4le des villes de Kemb\u00e9,Dimbi,Poumbolo et de Gambo, au sud-Est de la RCA, apr\u00e8s que les rebelles de l\u2019unit\u00e9 pour la paix en Centrafrique (UPC) ont quitt\u00e9 la ville depuis plusieurs semaines, a constat\u00e9 sur place un journaliste du CNC.<\/p>\n<p>Selon nos informations, les soldats FACA et leurs alli\u00e9s russes et rwandais ont fait leur entr\u00e9e dans ces villes sans r\u00e9elle r\u00e9sistance des rebelles qui ont d\u00e9j\u00e0 quitt\u00e9 ces diff\u00e9rentes localit\u00e9s du sud-Est depuis plusieurs semaines.<\/p>\n<p>Des sources s\u00e9curitaires locales ont indiqu\u00e9 que les rebelles se sont enfuis en direction du nord, d\u2019autres vers l\u2019ouest \u00e0 destination de Mboki, et ce, depuis plusieurs jours.<\/p>\n<p>Selon les m\u00eames sources, les soldats FACA et leurs alli\u00e9s ont fait plusieurs tirs de sommation durant quelques minutes \u00e0 leur arriv\u00e9e dans la ville de Kemb\u00e9, mais aussi de Dimbi, de Poumbolo et de Gambo.<\/p>\n<p>Les activit\u00e9s normales n\u2019ont pas encore repris apr\u00e8s la reprise de ces localit\u00e9s par les forces loyalistes.<\/p>\n<p><b>\u00a0<\/b><\/p>\n","protected":false},"excerpt":{"rendered":"<p>Africa-Press &#8211; CentrAfricaine.\u00a0 Les forces arm\u00e9es centrafricaines (FACA) et leurs alli\u00e9s russes et rwandais ont repris le contr\u00f4le des villes de Kemb\u00e9,Dimbi,Poumbolo et de Gambo, au sud-Est de la RCA, apr\u00e8s que les rebelles de l\u2019unit\u00e9 pour la paix en Centrafrique (UPC) ont quitt\u00e9 la ville depuis plusieurs semaines, a constat\u00e9 sur place un journaliste [&hellip;]<\/p>\n","protected":false},"author":82,"featured_media":6620,"comment_status":"open","ping_status":"closed","sticky":false,"template":"","format":"standard","meta":{"footnotes":""},"categories":[11,2,10],"tags":[36,58,30],"class_list":["post-6621","post","type-post","status-publish","format-standard","has-post-thumbnail","hentry","category-homepage-french","category-politique","category-toutes-les-actualites","tag-africa-press","tag-africa-press-centrafricaine","tag-centrafricaine"],"yoast_head":"<!-- This site is optimized with the Yoast SEO Premium plugin v26.1 (Yoast SEO v27.0) - https:\/\/yoast.com\/product\/yoast-seo-premium-wordpress\/ -->\n<title>reprise de la ville de K\u00e9mb\u00e9, mais aussi de Dimbi, de Poumbolo et de Gambo\u00a0 par les forces loyalistes - centrafricaine<\/title>\n<meta name=\"description\" content=\"Bangassou, R\u00e9publique centrafricaine, vendredi, 7 mai 2021, 03:50:13 ( Corbeaunews-Centrafrique ). Les forces ar ...\" \/>\n<meta name=\"robots\" content=\"index, follow, max-snippet:-1, max-image-preview:large, max-video-preview:-1\" \/>\n<link rel=\"canonical\" href=\"https:\/\/www.africa-press.net\/centrafricaine\/politique\/rca-reprise-de-la-ville-de-kembe-mais-aussi-de-dimbi-de-poumbolo-et-de-gambo-par-les-forces-loyalistes\" \/>\n<meta property=\"og:locale\" content=\"fr_FR\" \/>\n<meta property=\"og:type\" content=\"article\" \/>\n<meta property=\"og:title\" content=\"reprise de la ville de K\u00e9mb\u00e9, mais aussi de Dimbi, de Poumbolo et de Gambo\u00a0 par les forces loyalistes\" \/>\n<meta property=\"og:description\" content=\"Bangassou, R\u00e9publique centrafricaine, vendredi, 7 mai 2021, 03:50:13 ( Corbeaunews-Centrafrique ). Les forces ar ...\" \/>\n<meta property=\"og:url\" content=\"https:\/\/www.africa-press.net\/centrafricaine\/politique\/rca-reprise-de-la-ville-de-kembe-mais-aussi-de-dimbi-de-poumbolo-et-de-gambo-par-les-forces-loyalistes\" \/>\n<meta property=\"og:site_name\" content=\"centrafricaine\" \/>\n<meta property=\"article:published_time\" content=\"2021-05-07T11:56:58+00:00\" \/>\n<meta property=\"article:modified_time\" content=\"2021-05-07T12:35:07+00:00\" \/>\n<meta property=\"og:image\" content=\"https:\/\/static.africa-press.net\/centrafricaine\/sites\/45\/2021\/05\/img-609524e47c4a2.jpg\" \/>\n\t<meta property=\"og:image:width\" content=\"720\" \/>\n\t<meta property=\"og:image:height\" content=\"479\" \/>\n\t<meta property=\"og:image:type\" content=\"image\/jpeg\" \/>\n<meta name=\"author\" content=\"cfeditorfr\" \/>\n<meta name=\"twitter:card\" content=\"summary_large_image\" \/>\n<meta name=\"twitter:label1\" content=\"\u00c9crit par\" \/>\n\t<meta name=\"twitter:data1\" content=\"cfeditorfr\" \/>\n\t<meta name=\"twitter:label2\" content=\"Dur\u00e9e de lecture estim\u00e9e\" \/>\n\t<meta name=\"twitter:data2\" content=\"1 minute\" \/>\n<script type=\"application\/ld+json\" class=\"yoast-schema-graph\">{\"@context\":\"https:\/\/schema.org\",\"@graph\":[{\"@type\":\"Article\",\"@id\":\"https:\/\/www.africa-press.net\/centrafricaine\/politique\/rca-reprise-de-la-ville-de-kembe-mais-aussi-de-dimbi-de-poumbolo-et-de-gambo-par-les-forces-loyalistes#article\",\"isPartOf\":{\"@id\":\"https:\/\/www.africa-press.net\/centrafricaine\/politique\/rca-reprise-de-la-ville-de-kembe-mais-aussi-de-dimbi-de-poumbolo-et-de-gambo-par-les-forces-loyalistes\"},\"author\":{\"name\":\"cfeditorfr\",\"@id\":\"https:\/\/www.africa-press.net\/centrafricaine\/#\/schema\/person\/2b1cf3cd81a31e3cd26889ca66d677f1\"},\"headline\":\"reprise de la ville de K\u00e9mb\u00e9, mais aussi de Dimbi, de Poumbolo et de Gambo\u00a0 par les forces loyalistes\",\"datePublished\":\"2021-05-07T11:56:58+00:00\",\"dateModified\":\"2021-05-07T12:35:07+00:00\",\"mainEntityOfPage\":{\"@id\":\"https:\/\/www.africa-press.net\/centrafricaine\/politique\/rca-reprise-de-la-ville-de-kembe-mais-aussi-de-dimbi-de-poumbolo-et-de-gambo-par-les-forces-loyalistes\"},\"wordCount\":216,\"commentCount\":0,\"image\":{\"@id\":\"https:\/\/www.africa-press.net\/centrafricaine\/politique\/rca-reprise-de-la-ville-de-kembe-mais-aussi-de-dimbi-de-poumbolo-et-de-gambo-par-les-forces-loyalistes#primaryimage\"},\"thumbnailUrl\":\"https:\/\/static.africa-press.net\/centrafricaine\/sites\/45\/2021\/05\/img-609524e47c4a2.jpg\",\"keywords\":[\"Africa Press\",\"Africa Press-CentrAfricaine\",\"CentrAfricaine\"],\"articleSection\":[\"homepage-french\",\"Politique\",\"Toutes les actualit\u00e9s\"],\"inLanguage\":\"fr-FR\",\"potentialAction\":[{\"@type\":\"CommentAction\",\"name\":\"Comment\",\"target\":[\"https:\/\/www.africa-press.net\/centrafricaine\/politique\/rca-reprise-de-la-ville-de-kembe-mais-aussi-de-dimbi-de-poumbolo-et-de-gambo-par-les-forces-loyalistes#respond\"]}]},{\"@type\":\"WebPage\",\"@id\":\"https:\/\/www.africa-press.net\/centrafricaine\/politique\/rca-reprise-de-la-ville-de-kembe-mais-aussi-de-dimbi-de-poumbolo-et-de-gambo-par-les-forces-loyalistes\",\"url\":\"https:\/\/www.africa-press.net\/centrafricaine\/politique\/rca-reprise-de-la-ville-de-kembe-mais-aussi-de-dimbi-de-poumbolo-et-de-gambo-par-les-forces-loyalistes\",\"name\":\"reprise de la ville de K\u00e9mb\u00e9, mais aussi de Dimbi, de Poumbolo et de Gambo\u00a0 par les forces loyalistes - centrafricaine\",\"isPartOf\":{\"@id\":\"https:\/\/www.africa-press.net\/centrafricaine\/#website\"},\"primaryImageOfPage\":{\"@id\":\"https:\/\/www.africa-press.net\/centrafricaine\/politique\/rca-reprise-de-la-ville-de-kembe-mais-aussi-de-dimbi-de-poumbolo-et-de-gambo-par-les-forces-loyalistes#primaryimage\"},\"image\":{\"@id\":\"https:\/\/www.africa-press.net\/centrafricaine\/politique\/rca-reprise-de-la-ville-de-kembe-mais-aussi-de-dimbi-de-poumbolo-et-de-gambo-par-les-forces-loyalistes#primaryimage\"},\"thumbnailUrl\":\"https:\/\/static.africa-press.net\/centrafricaine\/sites\/45\/2021\/05\/img-609524e47c4a2.jpg\",\"datePublished\":\"2021-05-07T11:56:58+00:00\",\"dateModified\":\"2021-05-07T12:35:07+00:00\",\"author\":{\"@id\":\"https:\/\/www.africa-press.net\/centrafricaine\/#\/schema\/person\/2b1cf3cd81a31e3cd26889ca66d677f1\"},\"description\":\"Bangassou, R\u00e9publique centrafricaine, vendredi, 7 mai 2021, 03:50:13 ( Corbeaunews-Centrafrique ). Les forces ar ...\",\"breadcrumb\":{\"@id\":\"https:\/\/www.africa-press.net\/centrafricaine\/politique\/rca-reprise-de-la-ville-de-kembe-mais-aussi-de-dimbi-de-poumbolo-et-de-gambo-par-les-forces-loyalistes#breadcrumb\"},\"inLanguage\":\"fr-FR\",\"potentialAction\":[{\"@type\":\"ReadAction\",\"target\":[\"https:\/\/www.africa-press.net\/centrafricaine\/politique\/rca-reprise-de-la-ville-de-kembe-mais-aussi-de-dimbi-de-poumbolo-et-de-gambo-par-les-forces-loyalistes\"]}]},{\"@type\":\"ImageObject\",\"inLanguage\":\"fr-FR\",\"@id\":\"https:\/\/www.africa-press.net\/centrafricaine\/politique\/rca-reprise-de-la-ville-de-kembe-mais-aussi-de-dimbi-de-poumbolo-et-de-gambo-par-les-forces-loyalistes#primaryimage\",\"url\":\"https:\/\/static.africa-press.net\/centrafricaine\/sites\/45\/2021\/05\/img-609524e47c4a2.jpg\",\"contentUrl\":\"https:\/\/static.africa-press.net\/centrafricaine\/sites\/45\/2021\/05\/img-609524e47c4a2.jpg\",\"width\":720,\"height\":479,\"caption\":\"RCA\u00a0: reprise de la ville de K\u00e9mb\u00e9, mais aussi de Dimbi, de Poumbolo et de Gambo\u00a0 par les forces loyalistes\"},{\"@type\":\"BreadcrumbList\",\"@id\":\"https:\/\/www.africa-press.net\/centrafricaine\/politique\/rca-reprise-de-la-ville-de-kembe-mais-aussi-de-dimbi-de-poumbolo-et-de-gambo-par-les-forces-loyalistes#breadcrumb\",\"itemListElement\":[{\"@type\":\"ListItem\",\"position\":1,\"name\":\"Accueil\",\"item\":\"https:\/\/www.africa-press.net\/centrafricaine\/\"},{\"@type\":\"ListItem\",\"position\":2,\"name\":\"reprise de la ville de K\u00e9mb\u00e9, mais aussi de Dimbi, de Poumbolo et de Gambo\u00a0 par les forces loyalistes\"}]},{\"@type\":\"WebSite\",\"@id\":\"https:\/\/www.africa-press.net\/centrafricaine\/#website\",\"url\":\"https:\/\/www.africa-press.net\/centrafricaine\/\",\"name\":\"centrafricaine\",\"description\":\"Just another Africa News Agency Sites site\",\"potentialAction\":[{\"@type\":\"SearchAction\",\"target\":{\"@type\":\"EntryPoint\",\"urlTemplate\":\"https:\/\/www.africa-press.net\/centrafricaine\/?s={search_term_string}\"},\"query-input\":{\"@type\":\"PropertyValueSpecification\",\"valueRequired\":true,\"valueName\":\"search_term_string\"}}],\"inLanguage\":\"fr-FR\"},{\"@type\":\"Person\",\"@id\":\"https:\/\/www.africa-press.net\/centrafricaine\/#\/schema\/person\/2b1cf3cd81a31e3cd26889ca66d677f1\",\"name\":\"cfeditorfr\"}]}<\/script>\n<!-- \/ Yoast SEO Premium plugin. -->","yoast_head_json":{"title":"reprise de la ville de K\u00e9mb\u00e9, mais aussi de Dimbi, de Poumbolo et de Gambo\u00a0 par les forces loyalistes - centrafricaine","description":"Bangassou, R\u00e9publique centrafricaine, vendredi, 7 mai 2021, 03:50:13 ( Corbeaunews-Centrafrique ). Les forces ar ...","robots":{"index":"index","follow":"follow","max-snippet":"max-snippet:-1","max-image-preview":"max-image-preview:large","max-video-preview":"max-video-preview:-1"},"canonical":"https:\/\/www.africa-press.net\/centrafricaine\/politique\/rca-reprise-de-la-ville-de-kembe-mais-aussi-de-dimbi-de-poumbolo-et-de-gambo-par-les-forces-loyalistes","og_locale":"fr_FR","og_type":"article","og_title":"reprise de la ville de K\u00e9mb\u00e9, mais aussi de Dimbi, de Poumbolo et de Gambo\u00a0 par les forces loyalistes","og_description":"Bangassou, R\u00e9publique centrafricaine, vendredi, 7 mai 2021, 03:50:13 ( Corbeaunews-Centrafrique ). Les forces ar ...","og_url":"https:\/\/www.africa-press.net\/centrafricaine\/politique\/rca-reprise-de-la-ville-de-kembe-mais-aussi-de-dimbi-de-poumbolo-et-de-gambo-par-les-forces-loyalistes","og_site_name":"centrafricaine","article_published_time":"2021-05-07T11:56:58+00:00","article_modified_time":"2021-05-07T12:35:07+00:00","og_image":[{"width":720,"height":479,"url":"https:\/\/static.africa-press.net\/centrafricaine\/sites\/45\/2021\/05\/img-609524e47c4a2.jpg","type":"image\/jpeg"}],"author":"cfeditorfr","twitter_card":"summary_large_image","twitter_misc":{"\u00c9crit par":"cfeditorfr","Dur\u00e9e de lecture estim\u00e9e":"1 minute"},"schema":{"@context":"https:\/\/schema.org","@graph":[{"@type":"Article","@id":"https:\/\/www.africa-press.net\/centrafricaine\/politique\/rca-reprise-de-la-ville-de-kembe-mais-aussi-de-dimbi-de-poumbolo-et-de-gambo-par-les-forces-loyalistes#article","isPartOf":{"@id":"https:\/\/www.africa-press.net\/centrafricaine\/politique\/rca-reprise-de-la-ville-de-kembe-mais-aussi-de-dimbi-de-poumbolo-et-de-gambo-par-les-forces-loyalistes"},"author":{"name":"cfeditorfr","@id":"https:\/\/www.africa-press.net\/centrafricaine\/#\/schema\/person\/2b1cf3cd81a31e3cd26889ca66d677f1"},"headline":"reprise de la ville de K\u00e9mb\u00e9, mais aussi de Dimbi, de Poumbolo et de Gambo\u00a0 par les forces loyalistes","datePublished":"2021-05-07T11:56:58+00:00","dateModified":"2021-05-07T12:35:07+00:00","mainEntityOfPage":{"@id":"https:\/\/www.africa-press.net\/centrafricaine\/politique\/rca-reprise-de-la-ville-de-kembe-mais-aussi-de-dimbi-de-poumbolo-et-de-gambo-par-les-forces-loyalistes"},"wordCount":216,"commentCount":0,"image":{"@id":"https:\/\/www.africa-press.net\/centrafricaine\/politique\/rca-reprise-de-la-ville-de-kembe-mais-aussi-de-dimbi-de-poumbolo-et-de-gambo-par-les-forces-loyalistes#primaryimage"},"thumbnailUrl":"https:\/\/static.africa-press.net\/centrafricaine\/sites\/45\/2021\/05\/img-609524e47c4a2.jpg","keywords":["Africa Press","Africa Press-CentrAfricaine","CentrAfricaine"],"articleSection":["homepage-french","Politique","Toutes les actualit\u00e9s"],"inLanguage":"fr-FR","potentialAction":[{"@type":"CommentAction","name":"Comment","target":["https:\/\/www.africa-press.net\/centrafricaine\/politique\/rca-reprise-de-la-ville-de-kembe-mais-aussi-de-dimbi-de-poumbolo-et-de-gambo-par-les-forces-loyalistes#respond"]}]},{"@type":"WebPage","@id":"https:\/\/www.africa-press.net\/centrafricaine\/politique\/rca-reprise-de-la-ville-de-kembe-mais-aussi-de-dimbi-de-poumbolo-et-de-gambo-par-les-forces-loyalistes","url":"https:\/\/www.africa-press.net\/centrafricaine\/politique\/rca-reprise-de-la-ville-de-kembe-mais-aussi-de-dimbi-de-poumbolo-et-de-gambo-par-les-forces-loyalistes","name":"reprise de la ville de K\u00e9mb\u00e9, mais aussi de Dimbi, de Poumbolo et de Gambo\u00a0 par les forces loyalistes - centrafricaine","isPartOf":{"@id":"https:\/\/www.africa-press.net\/centrafricaine\/#website"},"primaryImageOfPage":{"@id":"https:\/\/www.africa-press.net\/centrafricaine\/politique\/rca-reprise-de-la-ville-de-kembe-mais-aussi-de-dimbi-de-poumbolo-et-de-gambo-par-les-forces-loyalistes#primaryimage"},"image":{"@id":"https:\/\/www.africa-press.net\/centrafricaine\/politique\/rca-reprise-de-la-ville-de-kembe-mais-aussi-de-dimbi-de-poumbolo-et-de-gambo-par-les-forces-loyalistes#primaryimage"},"thumbnailUrl":"https:\/\/static.africa-press.net\/centrafricaine\/sites\/45\/2021\/05\/img-609524e47c4a2.jpg","datePublished":"2021-05-07T11:56:58+00:00","dateModified":"2021-05-07T12:35:07+00:00","author":{"@id":"https:\/\/www.africa-press.net\/centrafricaine\/#\/schema\/person\/2b1cf3cd81a31e3cd26889ca66d677f1"},"description":"Bangassou, R\u00e9publique centrafricaine, vendredi, 7 mai 2021, 03:50:13 ( Corbeaunews-Centrafrique ). Les forces ar ...","breadcrumb":{"@id":"https:\/\/www.africa-press.net\/centrafricaine\/politique\/rca-reprise-de-la-ville-de-kembe-mais-aussi-de-dimbi-de-poumbolo-et-de-gambo-par-les-forces-loyalistes#breadcrumb"},"inLanguage":"fr-FR","potentialAction":[{"@type":"ReadAction","target":["https:\/\/www.africa-press.net\/centrafricaine\/politique\/rca-reprise-de-la-ville-de-kembe-mais-aussi-de-dimbi-de-poumbolo-et-de-gambo-par-les-forces-loyalistes"]}]},{"@type":"ImageObject","inLanguage":"fr-FR","@id":"https:\/\/www.africa-press.net\/centrafricaine\/politique\/rca-reprise-de-la-ville-de-kembe-mais-aussi-de-dimbi-de-poumbolo-et-de-gambo-par-les-forces-loyalistes#primaryimage","url":"https:\/\/static.africa-press.net\/centrafricaine\/sites\/45\/2021\/05\/img-609524e47c4a2.jpg","contentUrl":"https:\/\/static.africa-press.net\/centrafricaine\/sites\/45\/2021\/05\/img-609524e47c4a2.jpg","width":720,"height":479,"caption":"RCA\u00a0: reprise de la ville de K\u00e9mb\u00e9, mais aussi de Dimbi, de Poumbolo et de Gambo\u00a0 par les forces loyalistes"},{"@type":"BreadcrumbList","@id":"https:\/\/www.africa-press.net\/centrafricaine\/politique\/rca-reprise-de-la-ville-de-kembe-mais-aussi-de-dimbi-de-poumbolo-et-de-gambo-par-les-forces-loyalistes#breadcrumb","itemListElement":[{"@type":"ListItem","position":1,"name":"Accueil","item":"https:\/\/www.africa-press.net\/centrafricaine\/"},{"@type":"ListItem","position":2,"name":"reprise de la ville de K\u00e9mb\u00e9, mais aussi de Dimbi, de Poumbolo et de Gambo\u00a0 par les forces loyalistes"}]},{"@type":"WebSite","@id":"https:\/\/www.africa-press.net\/centrafricaine\/#website","url":"https:\/\/www.africa-press.net\/centrafricaine\/","name":"centrafricaine","description":"Just another Africa News Agency Sites site","potentialAction":[{"@type":"SearchAction","target":{"@type":"EntryPoint","urlTemplate":"https:\/\/www.africa-press.net\/centrafricaine\/?s={search_term_string}"},"query-input":{"@type":"PropertyValueSpecification","valueRequired":true,"valueName":"search_term_string"}}],"inLanguage":"fr-FR"},{"@type":"Person","@id":"https:\/\/www.africa-press.net\/centrafricaine\/#\/schema\/person\/2b1cf3cd81a31e3cd26889ca66d677f1","name":"cfeditorfr"}]}},"_links":{"self":[{"href":"https:\/\/www.africa-press.net\/centrafricaine\/wp-json\/wp\/v2\/posts\/6621","targetHints":{"allow":["GET"]}}],"collection":[{"href":"https:\/\/www.africa-press.net\/centrafricaine\/wp-json\/wp\/v2\/posts"}],"about":[{"href":"https:\/\/www.africa-press.net\/centrafricaine\/wp-json\/wp\/v2\/types\/post"}],"author":[{"embeddable":true,"href":"https:\/\/www.africa-press.net\/centrafricaine\/wp-json\/wp\/v2\/users\/82"}],"replies":[{"embeddable":true,"href":"https:\/\/www.africa-press.net\/centrafricaine\/wp-json\/wp\/v2\/comments?post=6621"}],"version-history":[{"count":0,"href":"https:\/\/www.africa-press.net\/centrafricaine\/wp-json\/wp\/v2\/posts\/6621\/revisions"}],"wp:featuredmedia":[{"embeddable":true,"href":"https:\/\/www.africa-press.net\/centrafricaine\/wp-json\/wp\/v2\/media\/6620"}],"wp:attachment":[{"href":"https:\/\/www.africa-press.net\/centrafricaine\/wp-json\/wp\/v2\/media?parent=6621"}],"wp:term":[{"taxonomy":"category","embeddable":true,"href":"https:\/\/www.africa-press.net\/centrafricaine\/wp-json\/wp\/v2\/categories?post=6621"},{"taxonomy":"post_tag","embeddable":true,"href":"https:\/\/www.africa-press.net\/centrafricaine\/wp-json\/wp\/v2\/tags?post=6621"}],"curies":[{"name":"wp","href":"https:\/\/api.w.org\/{rel}","templated":true}]}}