{"id":6683,"date":"2021-05-08T08:56:21","date_gmt":"2021-05-08T08:56:21","guid":{"rendered":"https:\/\/www.africa-press.net\/centrafricaine\/?p=6683"},"modified":"2021-05-08T11:09:31","modified_gmt":"2021-05-08T11:09:31","slug":"rdc-lex-chef-de-guerre-bemba-favorable-a-letat-de-siege-decrete-dans-lest","status":"publish","type":"post","link":"https:\/\/www.africa-press.net\/centrafricaine\/politique\/rdc-lex-chef-de-guerre-bemba-favorable-a-letat-de-siege-decrete-dans-lest","title":{"rendered":"l\u2019ex-chef de guerre Bemba favorable \u00e0 l\u2019\u00e9tat de si\u00e8ge d\u00e9cr\u00e9t\u00e9 dans l\u2019Est"},"content":{"rendered":"<p><span style=\"color: #ff6600\"><strong><a href=\"https:\/\/www.africa-press.net\/\">Africa-Press<\/a> &#8211; <a href=\"https:\/\/www.africa-press.net\/centrafricaine\">CentrAfricaine<\/a>. <\/strong><\/span><b>L\u2019ex-chef de guerre congolais Jean-Pierre Bemba gombo s\u2019est dit vendredi favorable \u00e0 l\u2019\u00e9tat de si\u00e8ge d\u00e9cr\u00e9t\u00e9 par le pr\u00e9sident F\u00e9lix Tshisekedi pour mettre fin \u00e0 l\u2019ins\u00e9curit\u00e9 dans l\u2019est de la R\u00e9publique d\u00e9mocratique du Congo (RDC), dans un entretien \u00e0 la cha\u00eene France 24.<\/b><\/p>\n<p>Le pr\u00e9sident F\u00e9lix Antoine Tshisekedi Tshilombo a proclam\u00e9 pour une dur\u00e9e de 30 jours \u00e0 partir du 6 mai l\u2019\u00e9tat de si\u00e8ge dans les provinces de l\u2019Ituri et du Nord-Kivu. \u00c0 ce titre, il a nomm\u00e9 des officiers de l\u2019arm\u00e9e et de la police en remplacement des gouverneurs et vice-gouverneurs civils. Face \u00e0 l\u2019ins\u00e9curit\u00e9 et aux crimes \u201cinnommables\u201d commis dans l\u2019Est, l\u2019\u00e9tat de si\u00e8ge pourrait permettre \u201cun retour vers la paix, la s\u00e9curit\u00e9\u201d, a d\u00e9clar\u00e9 M. Bemba, pr\u00e9sident du Mouvement de Lib\u00e9ration du Congo (MLC, une ex-r\u00e9bellion mu\u00e9e en parti politique), repr\u00e9sent\u00e9 dans la nouvelle \u00e9quipe gouvernementale. Interrog\u00e9 par France 24, il a rejet\u00e9 les accusations d\u2019un groupe d\u2019experts de l\u2019ONU selon lesquelles le lieutenant-g\u00e9n\u00e9ral Constant Ndima, ancien chef militaire de la r\u00e9bellion du MLC qui vient d\u2019\u00eatre nomm\u00e9 gouverneur du Nord-Kivu, \u00e9tait impliqu\u00e9 dans des massacres en 2002 et 2003 lors de l\u2019op\u00e9ration \u201cEffacer le tableau\u201d.<\/p>\n<p>Malgr\u00e9 les op\u00e9rations militaires en cours, les massacres de civils se poursuivent dans l\u2019est congolais. Le pr\u00e9sident Tshisekedi a annonc\u00e9 r\u00e9cemment des op\u00e9rations militaires conjointes avec les arm\u00e9es de pays voisins, une id\u00e9e \u00e0 laquelle s\u2019oppose une partie de la population, surtout en ce qui concerne les troupes rwandaises et ougandaises, qui ont laiss\u00e9 de mauvais souvenirs dans la r\u00e9gion. M. Bemba s\u2019y est dit lui favorable, \u00e0 condition que cette coop\u00e9ration s\u2019inscrive dans le cadre d\u2019un accord : \u201cSi on peut avoir par ce moyen la paix, utilisons tous les moyens pour \u00e9radiquer d\u00e9finitivement cette zone d\u2019ins\u00e9curit\u00e9\u201d.<\/p>\n<p>Ancien chef de guerre, M. Bemba a \u00e9t\u00e9 condamn\u00e9 \u00e0 18 ans de prison par la Cour p\u00e9nale internationale (CPI) pour des crimes commis en R\u00e9publique centrafricaine avant d\u2019\u00eatre acquitt\u00e9 en juin 2018, au terme de dix ans d\u2019emprisonnement. Sa candidature \u00e0 la pr\u00e9sidentielle de d\u00e9cembre 2018 avait \u00e9t\u00e9 rejet\u00e9e par la Cour constitutionnelle.<\/p>\n<p>&nbsp;<\/p>\n","protected":false},"excerpt":{"rendered":"<p>Africa-Press &#8211; CentrAfricaine. L\u2019ex-chef de guerre congolais Jean-Pierre Bemba gombo s\u2019est dit vendredi favorable \u00e0 l\u2019\u00e9tat de si\u00e8ge d\u00e9cr\u00e9t\u00e9 par le pr\u00e9sident F\u00e9lix Tshisekedi pour mettre fin \u00e0 l\u2019ins\u00e9curit\u00e9 dans l\u2019est de la R\u00e9publique d\u00e9mocratique du Congo (RDC), dans un entretien \u00e0 la cha\u00eene France 24. Le pr\u00e9sident F\u00e9lix Antoine Tshisekedi Tshilombo a proclam\u00e9 pour [&hellip;]<\/p>\n","protected":false},"author":82,"featured_media":6682,"comment_status":"open","ping_status":"closed","sticky":false,"template":"","format":"standard","meta":{"footnotes":""},"categories":[11,2,10],"tags":[36,58,30],"class_list":["post-6683","post","type-post","status-publish","format-standard","has-post-thumbnail","hentry","category-homepage-french","category-politique","category-toutes-les-actualites","tag-africa-press","tag-africa-press-centrafricaine","tag-centrafricaine"],"yoast_head":"<!-- This site is optimized with the Yoast SEO Premium plugin v26.1 (Yoast SEO v27.0) - https:\/\/yoast.com\/product\/yoast-seo-premium-wordpress\/ -->\n<title>l\u2019ex-chef de guerre Bemba favorable \u00e0 l\u2019\u00e9tat de si\u00e8ge d\u00e9cr\u00e9t\u00e9 dans l\u2019Est - centrafricaine<\/title>\n<meta name=\"description\" content=\"Bangui, R\u00e9publique centrafricaine, samedi, 8 mai 2021 ( Corbeaunews-Centrafrique). L\u2019ex-chef de guerre congolais Jean ...\" \/>\n<meta name=\"robots\" content=\"index, follow, max-snippet:-1, max-image-preview:large, max-video-preview:-1\" \/>\n<link rel=\"canonical\" href=\"https:\/\/www.africa-press.net\/centrafricaine\/politique\/rdc-lex-chef-de-guerre-bemba-favorable-a-letat-de-siege-decrete-dans-lest\" \/>\n<meta property=\"og:locale\" content=\"fr_FR\" \/>\n<meta property=\"og:type\" content=\"article\" \/>\n<meta property=\"og:title\" content=\"l\u2019ex-chef de guerre Bemba favorable \u00e0 l\u2019\u00e9tat de si\u00e8ge d\u00e9cr\u00e9t\u00e9 dans l\u2019Est\" \/>\n<meta property=\"og:description\" content=\"Bangui, R\u00e9publique centrafricaine, samedi, 8 mai 2021 ( Corbeaunews-Centrafrique). L\u2019ex-chef de guerre congolais Jean ...\" \/>\n<meta property=\"og:url\" content=\"https:\/\/www.africa-press.net\/centrafricaine\/politique\/rdc-lex-chef-de-guerre-bemba-favorable-a-letat-de-siege-decrete-dans-lest\" \/>\n<meta property=\"og:site_name\" content=\"centrafricaine\" \/>\n<meta property=\"article:published_time\" content=\"2021-05-08T08:56:21+00:00\" \/>\n<meta property=\"article:modified_time\" content=\"2021-05-08T11:09:31+00:00\" \/>\n<meta property=\"og:image\" content=\"https:\/\/static.africa-press.net\/centrafricaine\/sites\/45\/2021\/05\/img-609651afea612.jpg\" \/>\n\t<meta property=\"og:image:width\" content=\"720\" \/>\n\t<meta property=\"og:image:height\" content=\"479\" \/>\n\t<meta property=\"og:image:type\" content=\"image\/jpeg\" \/>\n<meta name=\"author\" content=\"cfeditorfr\" \/>\n<meta name=\"twitter:card\" content=\"summary_large_image\" \/>\n<meta name=\"twitter:label1\" content=\"\u00c9crit par\" \/>\n\t<meta name=\"twitter:data1\" content=\"cfeditorfr\" \/>\n\t<meta name=\"twitter:label2\" content=\"Dur\u00e9e de lecture estim\u00e9e\" \/>\n\t<meta name=\"twitter:data2\" content=\"2 minutes\" \/>\n<script type=\"application\/ld+json\" class=\"yoast-schema-graph\">{\"@context\":\"https:\/\/schema.org\",\"@graph\":[{\"@type\":\"Article\",\"@id\":\"https:\/\/www.africa-press.net\/centrafricaine\/politique\/rdc-lex-chef-de-guerre-bemba-favorable-a-letat-de-siege-decrete-dans-lest#article\",\"isPartOf\":{\"@id\":\"https:\/\/www.africa-press.net\/centrafricaine\/politique\/rdc-lex-chef-de-guerre-bemba-favorable-a-letat-de-siege-decrete-dans-lest\"},\"author\":{\"name\":\"cfeditorfr\",\"@id\":\"https:\/\/www.africa-press.net\/centrafricaine\/#\/schema\/person\/2b1cf3cd81a31e3cd26889ca66d677f1\"},\"headline\":\"l\u2019ex-chef de guerre Bemba favorable \u00e0 l\u2019\u00e9tat de si\u00e8ge d\u00e9cr\u00e9t\u00e9 dans l\u2019Est\",\"datePublished\":\"2021-05-08T08:56:21+00:00\",\"dateModified\":\"2021-05-08T11:09:31+00:00\",\"mainEntityOfPage\":{\"@id\":\"https:\/\/www.africa-press.net\/centrafricaine\/politique\/rdc-lex-chef-de-guerre-bemba-favorable-a-letat-de-siege-decrete-dans-lest\"},\"wordCount\":409,\"commentCount\":0,\"image\":{\"@id\":\"https:\/\/www.africa-press.net\/centrafricaine\/politique\/rdc-lex-chef-de-guerre-bemba-favorable-a-letat-de-siege-decrete-dans-lest#primaryimage\"},\"thumbnailUrl\":\"https:\/\/static.africa-press.net\/centrafricaine\/sites\/45\/2021\/05\/img-609651afea612.jpg\",\"keywords\":[\"Africa Press\",\"Africa Press-CentrAfricaine\",\"CentrAfricaine\"],\"articleSection\":[\"homepage-french\",\"Politique\",\"Toutes les actualit\u00e9s\"],\"inLanguage\":\"fr-FR\",\"potentialAction\":[{\"@type\":\"CommentAction\",\"name\":\"Comment\",\"target\":[\"https:\/\/www.africa-press.net\/centrafricaine\/politique\/rdc-lex-chef-de-guerre-bemba-favorable-a-letat-de-siege-decrete-dans-lest#respond\"]}]},{\"@type\":\"WebPage\",\"@id\":\"https:\/\/www.africa-press.net\/centrafricaine\/politique\/rdc-lex-chef-de-guerre-bemba-favorable-a-letat-de-siege-decrete-dans-lest\",\"url\":\"https:\/\/www.africa-press.net\/centrafricaine\/politique\/rdc-lex-chef-de-guerre-bemba-favorable-a-letat-de-siege-decrete-dans-lest\",\"name\":\"l\u2019ex-chef de guerre Bemba favorable \u00e0 l\u2019\u00e9tat de si\u00e8ge d\u00e9cr\u00e9t\u00e9 dans l\u2019Est - centrafricaine\",\"isPartOf\":{\"@id\":\"https:\/\/www.africa-press.net\/centrafricaine\/#website\"},\"primaryImageOfPage\":{\"@id\":\"https:\/\/www.africa-press.net\/centrafricaine\/politique\/rdc-lex-chef-de-guerre-bemba-favorable-a-letat-de-siege-decrete-dans-lest#primaryimage\"},\"image\":{\"@id\":\"https:\/\/www.africa-press.net\/centrafricaine\/politique\/rdc-lex-chef-de-guerre-bemba-favorable-a-letat-de-siege-decrete-dans-lest#primaryimage\"},\"thumbnailUrl\":\"https:\/\/static.africa-press.net\/centrafricaine\/sites\/45\/2021\/05\/img-609651afea612.jpg\",\"datePublished\":\"2021-05-08T08:56:21+00:00\",\"dateModified\":\"2021-05-08T11:09:31+00:00\",\"author\":{\"@id\":\"https:\/\/www.africa-press.net\/centrafricaine\/#\/schema\/person\/2b1cf3cd81a31e3cd26889ca66d677f1\"},\"description\":\"Bangui, R\u00e9publique centrafricaine, samedi, 8 mai 2021 ( Corbeaunews-Centrafrique). L\u2019ex-chef de guerre congolais Jean ...\",\"breadcrumb\":{\"@id\":\"https:\/\/www.africa-press.net\/centrafricaine\/politique\/rdc-lex-chef-de-guerre-bemba-favorable-a-letat-de-siege-decrete-dans-lest#breadcrumb\"},\"inLanguage\":\"fr-FR\",\"potentialAction\":[{\"@type\":\"ReadAction\",\"target\":[\"https:\/\/www.africa-press.net\/centrafricaine\/politique\/rdc-lex-chef-de-guerre-bemba-favorable-a-letat-de-siege-decrete-dans-lest\"]}]},{\"@type\":\"ImageObject\",\"inLanguage\":\"fr-FR\",\"@id\":\"https:\/\/www.africa-press.net\/centrafricaine\/politique\/rdc-lex-chef-de-guerre-bemba-favorable-a-letat-de-siege-decrete-dans-lest#primaryimage\",\"url\":\"https:\/\/static.africa-press.net\/centrafricaine\/sites\/45\/2021\/05\/img-609651afea612.jpg\",\"contentUrl\":\"https:\/\/static.africa-press.net\/centrafricaine\/sites\/45\/2021\/05\/img-609651afea612.jpg\",\"width\":720,\"height\":479,\"caption\":\"RDC : l\u2019ex-chef de guerre Bemba favorable \u00e0 l\u2019\u00e9tat de si\u00e8ge d\u00e9cr\u00e9t\u00e9 dans l\u2019Est\"},{\"@type\":\"BreadcrumbList\",\"@id\":\"https:\/\/www.africa-press.net\/centrafricaine\/politique\/rdc-lex-chef-de-guerre-bemba-favorable-a-letat-de-siege-decrete-dans-lest#breadcrumb\",\"itemListElement\":[{\"@type\":\"ListItem\",\"position\":1,\"name\":\"Accueil\",\"item\":\"https:\/\/www.africa-press.net\/centrafricaine\/\"},{\"@type\":\"ListItem\",\"position\":2,\"name\":\"l\u2019ex-chef de guerre Bemba favorable \u00e0 l\u2019\u00e9tat de si\u00e8ge d\u00e9cr\u00e9t\u00e9 dans l\u2019Est\"}]},{\"@type\":\"WebSite\",\"@id\":\"https:\/\/www.africa-press.net\/centrafricaine\/#website\",\"url\":\"https:\/\/www.africa-press.net\/centrafricaine\/\",\"name\":\"centrafricaine\",\"description\":\"Just another Africa News Agency Sites site\",\"potentialAction\":[{\"@type\":\"SearchAction\",\"target\":{\"@type\":\"EntryPoint\",\"urlTemplate\":\"https:\/\/www.africa-press.net\/centrafricaine\/?s={search_term_string}\"},\"query-input\":{\"@type\":\"PropertyValueSpecification\",\"valueRequired\":true,\"valueName\":\"search_term_string\"}}],\"inLanguage\":\"fr-FR\"},{\"@type\":\"Person\",\"@id\":\"https:\/\/www.africa-press.net\/centrafricaine\/#\/schema\/person\/2b1cf3cd81a31e3cd26889ca66d677f1\",\"name\":\"cfeditorfr\"}]}<\/script>\n<!-- \/ Yoast SEO Premium plugin. -->","yoast_head_json":{"title":"l\u2019ex-chef de guerre Bemba favorable \u00e0 l\u2019\u00e9tat de si\u00e8ge d\u00e9cr\u00e9t\u00e9 dans l\u2019Est - centrafricaine","description":"Bangui, R\u00e9publique centrafricaine, samedi, 8 mai 2021 ( Corbeaunews-Centrafrique). L\u2019ex-chef de guerre congolais Jean ...","robots":{"index":"index","follow":"follow","max-snippet":"max-snippet:-1","max-image-preview":"max-image-preview:large","max-video-preview":"max-video-preview:-1"},"canonical":"https:\/\/www.africa-press.net\/centrafricaine\/politique\/rdc-lex-chef-de-guerre-bemba-favorable-a-letat-de-siege-decrete-dans-lest","og_locale":"fr_FR","og_type":"article","og_title":"l\u2019ex-chef de guerre Bemba favorable \u00e0 l\u2019\u00e9tat de si\u00e8ge d\u00e9cr\u00e9t\u00e9 dans l\u2019Est","og_description":"Bangui, R\u00e9publique centrafricaine, samedi, 8 mai 2021 ( Corbeaunews-Centrafrique). L\u2019ex-chef de guerre congolais Jean ...","og_url":"https:\/\/www.africa-press.net\/centrafricaine\/politique\/rdc-lex-chef-de-guerre-bemba-favorable-a-letat-de-siege-decrete-dans-lest","og_site_name":"centrafricaine","article_published_time":"2021-05-08T08:56:21+00:00","article_modified_time":"2021-05-08T11:09:31+00:00","og_image":[{"width":720,"height":479,"url":"https:\/\/static.africa-press.net\/centrafricaine\/sites\/45\/2021\/05\/img-609651afea612.jpg","type":"image\/jpeg"}],"author":"cfeditorfr","twitter_card":"summary_large_image","twitter_misc":{"\u00c9crit par":"cfeditorfr","Dur\u00e9e de lecture estim\u00e9e":"2 minutes"},"schema":{"@context":"https:\/\/schema.org","@graph":[{"@type":"Article","@id":"https:\/\/www.africa-press.net\/centrafricaine\/politique\/rdc-lex-chef-de-guerre-bemba-favorable-a-letat-de-siege-decrete-dans-lest#article","isPartOf":{"@id":"https:\/\/www.africa-press.net\/centrafricaine\/politique\/rdc-lex-chef-de-guerre-bemba-favorable-a-letat-de-siege-decrete-dans-lest"},"author":{"name":"cfeditorfr","@id":"https:\/\/www.africa-press.net\/centrafricaine\/#\/schema\/person\/2b1cf3cd81a31e3cd26889ca66d677f1"},"headline":"l\u2019ex-chef de guerre Bemba favorable \u00e0 l\u2019\u00e9tat de si\u00e8ge d\u00e9cr\u00e9t\u00e9 dans l\u2019Est","datePublished":"2021-05-08T08:56:21+00:00","dateModified":"2021-05-08T11:09:31+00:00","mainEntityOfPage":{"@id":"https:\/\/www.africa-press.net\/centrafricaine\/politique\/rdc-lex-chef-de-guerre-bemba-favorable-a-letat-de-siege-decrete-dans-lest"},"wordCount":409,"commentCount":0,"image":{"@id":"https:\/\/www.africa-press.net\/centrafricaine\/politique\/rdc-lex-chef-de-guerre-bemba-favorable-a-letat-de-siege-decrete-dans-lest#primaryimage"},"thumbnailUrl":"https:\/\/static.africa-press.net\/centrafricaine\/sites\/45\/2021\/05\/img-609651afea612.jpg","keywords":["Africa Press","Africa Press-CentrAfricaine","CentrAfricaine"],"articleSection":["homepage-french","Politique","Toutes les actualit\u00e9s"],"inLanguage":"fr-FR","potentialAction":[{"@type":"CommentAction","name":"Comment","target":["https:\/\/www.africa-press.net\/centrafricaine\/politique\/rdc-lex-chef-de-guerre-bemba-favorable-a-letat-de-siege-decrete-dans-lest#respond"]}]},{"@type":"WebPage","@id":"https:\/\/www.africa-press.net\/centrafricaine\/politique\/rdc-lex-chef-de-guerre-bemba-favorable-a-letat-de-siege-decrete-dans-lest","url":"https:\/\/www.africa-press.net\/centrafricaine\/politique\/rdc-lex-chef-de-guerre-bemba-favorable-a-letat-de-siege-decrete-dans-lest","name":"l\u2019ex-chef de guerre Bemba favorable \u00e0 l\u2019\u00e9tat de si\u00e8ge d\u00e9cr\u00e9t\u00e9 dans l\u2019Est - centrafricaine","isPartOf":{"@id":"https:\/\/www.africa-press.net\/centrafricaine\/#website"},"primaryImageOfPage":{"@id":"https:\/\/www.africa-press.net\/centrafricaine\/politique\/rdc-lex-chef-de-guerre-bemba-favorable-a-letat-de-siege-decrete-dans-lest#primaryimage"},"image":{"@id":"https:\/\/www.africa-press.net\/centrafricaine\/politique\/rdc-lex-chef-de-guerre-bemba-favorable-a-letat-de-siege-decrete-dans-lest#primaryimage"},"thumbnailUrl":"https:\/\/static.africa-press.net\/centrafricaine\/sites\/45\/2021\/05\/img-609651afea612.jpg","datePublished":"2021-05-08T08:56:21+00:00","dateModified":"2021-05-08T11:09:31+00:00","author":{"@id":"https:\/\/www.africa-press.net\/centrafricaine\/#\/schema\/person\/2b1cf3cd81a31e3cd26889ca66d677f1"},"description":"Bangui, R\u00e9publique centrafricaine, samedi, 8 mai 2021 ( Corbeaunews-Centrafrique). L\u2019ex-chef de guerre congolais Jean ...","breadcrumb":{"@id":"https:\/\/www.africa-press.net\/centrafricaine\/politique\/rdc-lex-chef-de-guerre-bemba-favorable-a-letat-de-siege-decrete-dans-lest#breadcrumb"},"inLanguage":"fr-FR","potentialAction":[{"@type":"ReadAction","target":["https:\/\/www.africa-press.net\/centrafricaine\/politique\/rdc-lex-chef-de-guerre-bemba-favorable-a-letat-de-siege-decrete-dans-lest"]}]},{"@type":"ImageObject","inLanguage":"fr-FR","@id":"https:\/\/www.africa-press.net\/centrafricaine\/politique\/rdc-lex-chef-de-guerre-bemba-favorable-a-letat-de-siege-decrete-dans-lest#primaryimage","url":"https:\/\/static.africa-press.net\/centrafricaine\/sites\/45\/2021\/05\/img-609651afea612.jpg","contentUrl":"https:\/\/static.africa-press.net\/centrafricaine\/sites\/45\/2021\/05\/img-609651afea612.jpg","width":720,"height":479,"caption":"RDC : l\u2019ex-chef de guerre Bemba favorable \u00e0 l\u2019\u00e9tat de si\u00e8ge d\u00e9cr\u00e9t\u00e9 dans l\u2019Est"},{"@type":"BreadcrumbList","@id":"https:\/\/www.africa-press.net\/centrafricaine\/politique\/rdc-lex-chef-de-guerre-bemba-favorable-a-letat-de-siege-decrete-dans-lest#breadcrumb","itemListElement":[{"@type":"ListItem","position":1,"name":"Accueil","item":"https:\/\/www.africa-press.net\/centrafricaine\/"},{"@type":"ListItem","position":2,"name":"l\u2019ex-chef de guerre Bemba favorable \u00e0 l\u2019\u00e9tat de si\u00e8ge d\u00e9cr\u00e9t\u00e9 dans l\u2019Est"}]},{"@type":"WebSite","@id":"https:\/\/www.africa-press.net\/centrafricaine\/#website","url":"https:\/\/www.africa-press.net\/centrafricaine\/","name":"centrafricaine","description":"Just another Africa News Agency Sites site","potentialAction":[{"@type":"SearchAction","target":{"@type":"EntryPoint","urlTemplate":"https:\/\/www.africa-press.net\/centrafricaine\/?s={search_term_string}"},"query-input":{"@type":"PropertyValueSpecification","valueRequired":true,"valueName":"search_term_string"}}],"inLanguage":"fr-FR"},{"@type":"Person","@id":"https:\/\/www.africa-press.net\/centrafricaine\/#\/schema\/person\/2b1cf3cd81a31e3cd26889ca66d677f1","name":"cfeditorfr"}]}},"_links":{"self":[{"href":"https:\/\/www.africa-press.net\/centrafricaine\/wp-json\/wp\/v2\/posts\/6683","targetHints":{"allow":["GET"]}}],"collection":[{"href":"https:\/\/www.africa-press.net\/centrafricaine\/wp-json\/wp\/v2\/posts"}],"about":[{"href":"https:\/\/www.africa-press.net\/centrafricaine\/wp-json\/wp\/v2\/types\/post"}],"author":[{"embeddable":true,"href":"https:\/\/www.africa-press.net\/centrafricaine\/wp-json\/wp\/v2\/users\/82"}],"replies":[{"embeddable":true,"href":"https:\/\/www.africa-press.net\/centrafricaine\/wp-json\/wp\/v2\/comments?post=6683"}],"version-history":[{"count":0,"href":"https:\/\/www.africa-press.net\/centrafricaine\/wp-json\/wp\/v2\/posts\/6683\/revisions"}],"wp:featuredmedia":[{"embeddable":true,"href":"https:\/\/www.africa-press.net\/centrafricaine\/wp-json\/wp\/v2\/media\/6682"}],"wp:attachment":[{"href":"https:\/\/www.africa-press.net\/centrafricaine\/wp-json\/wp\/v2\/media?parent=6683"}],"wp:term":[{"taxonomy":"category","embeddable":true,"href":"https:\/\/www.africa-press.net\/centrafricaine\/wp-json\/wp\/v2\/categories?post=6683"},{"taxonomy":"post_tag","embeddable":true,"href":"https:\/\/www.africa-press.net\/centrafricaine\/wp-json\/wp\/v2\/tags?post=6683"}],"curies":[{"name":"wp","href":"https:\/\/api.w.org\/{rel}","templated":true}]}}