{"id":6686,"date":"2021-05-08T09:04:06","date_gmt":"2021-05-08T09:04:06","guid":{"rendered":"https:\/\/www.africa-press.net\/centrafricaine\/?p=6686"},"modified":"2021-05-08T11:09:51","modified_gmt":"2021-05-08T11:09:51","slug":"centrafrique-le-pouvoir-peut-il-sadosser-sur-la-septieme-legislature-de-lassemblee-nationale-pour-relever-les-defis-du-quinquennat","status":"publish","type":"post","link":"https:\/\/www.africa-press.net\/centrafricaine\/politique\/centrafrique-le-pouvoir-peut-il-sadosser-sur-la-septieme-legislature-de-lassemblee-nationale-pour-relever-les-defis-du-quinquennat","title":{"rendered":"LE POUVOIR PEUT-IL S\u2019ADOSSER SUR LA SEPTI\u00c8ME L\u00c9GISLATURE DE L\u2019ASSEMBL\u00c9E NATIONALE POUR RELEVER LES D\u00c9FIS DU QUINQUENNAT ?"},"content":{"rendered":"<p><span style=\"color: #ff6600\"><strong><a href=\"https:\/\/www.africa-press.net\/\">Africa-Press<\/a> &#8211; <a href=\"https:\/\/www.africa-press.net\/centrafricaine\">CentrAfricaine<\/a>.\u00a0 <\/strong><\/span>\u00a0Du haut de la confusion cacophonique relative \u00e0 la d\u00e9mission du gouvernement, la d\u00e9signation d\u2019une nouvelle \u00e9quipe gouvernementale, le cumul des fonctions nominatives et \u00e9lectives pourtant prohib\u00e9es par la constitution, les nouveaux \u00e9lus de la nation ont effectu\u00e9 leur rentr\u00e9e parlementaire au titre de la septi\u00e8me l\u00e9gislature. Il faut rappeler qu\u2019une cinquantaine de si\u00e8ges de d\u00e9put\u00e9s ne sont pas encore pourvus, ce qui a suscit\u00e9 \u00e9videmment des interrogations sur les probl\u00e9matiques du quorum des d\u00e9put\u00e9s, des mandats d\u00e9livr\u00e9s par certains membres du gouvernement \u00e9lus \u00e0 l\u2019assembl\u00e9e nationale et de la l\u00e9gitimit\u00e9 du bureau de l\u2019assembl\u00e9e nationale mis en place par les 2\/3 de parlementaires.<\/p>\n<p>\u00c0 d\u00e9faut des pr\u00e9visions constitutionnelles sur la question ni de la loi organique portant r\u00e8glement int\u00e9rieur de l\u2019assembl\u00e9e nationale, la jurisprudence de la cour constitutionnelle centrafricaine, composante constitutive des sources du droit positif \u00e0 suppl\u00e9er le vide juridique. Il est \u00e9vident qu\u2019avoir une majorit\u00e9 absolue de d\u00e9put\u00e9s \u00e0 l\u2019assembl\u00e9e nationale assure la stabilit\u00e9 du gouvernement mais le nouveau bureau de l\u2019assembl\u00e9e nationale t\u00e9l que pr\u00e9sent\u00e9 est l\u2019\u00e9manation ou la d\u00e9rivation du pouvoir et du MCU le parti au pouvoir.<\/p>\n<p>La maison du peuple est d\u00e9sormais et dor\u00e9navant dirig\u00e9e par un proche collaborateur du pr\u00e9sident de la R\u00e9publique qui avait montr\u00e9 ses limites alors qu\u2019il fut Premier ministre. Les notions d\u2019int\u00e9grit\u00e9, de probit\u00e9 et de moralit\u00e9 doivent \u00eatre ainsi red\u00e9finies pour s\u2019accorder \u00e0 la nouvelle trajectoire politique trac\u00e9e par le pr\u00e9sident de la r\u00e9publique au lendemain de sa r\u00e9\u00e9lection. Nul n\u2019est sans ignorer que la sixi\u00e8me l\u00e9gislature de l\u2019Assembl\u00e9e nationale est la plus catastrophique avec des \u00e9chos au del\u00e0 des fronti\u00e8res centrafricaines car elle a institutionnalis\u00e9 la corruption dans la maison du peuple, le bradage des contrats miniers ainsi que des autres ressources naturelles, le vote des lois moyennant des billets de banque est devenu le sport national\u2026en gros une chambre d\u2019enregistrement de la magouille, manipulation gouvernementale.<\/p>\n<p>En cons\u00e9quence de ce qui pr\u00e9c\u00e8de, il appara\u00eet important que cette nouvelle l\u00e9gislature soit plac\u00e9e sous le signe de changement, de communion avec les attentes du peuple en vue de redorer l\u2019image de cette noble institution jadis sacr\u00e9e. Tent\u00e9 de donner une fois de plus confiance \u00e0 cette septi\u00e8me l\u00e9gislature, le citoyen lambda s\u2019interroge :<\/p>\n<p>Le pr\u00e9sident de la r\u00e9publique peut-il s\u2019adosser sur cette nouvelle Assembl\u00e9e nationale pour relever les d\u00e9fis du nouveau quinquennat ?<\/p>\n<p>En d\u2019autres termes, cette l\u00e9gislature compos\u00e9e de technocrates cosmopolites et chevronn\u00e9s peut-elle contribuer \u00e0 relever les grands d\u00e9fis du second mandat ?<\/p>\n<p>Peut-on affirmer que les scandales politico-financiers seront bannis dans la maison du peuple ?<\/p>\n<p>La composition de ce nouveau bureau de l\u2019assembl\u00e9e nationale coopt\u00e9e depuis les collines de Bas-oubangui inspire t-elle confiance ?<\/p>\n<p>Quid de la moralit\u00e9 et\/ou int\u00e9grit\u00e9 des membres du nouveau bureau ?<\/p>\n<p>La concentration des pouvoirs au service du pr\u00e9sident de la r\u00e9publique n\u2019inqui\u00e8te t-elle pas la notion de s\u00e9paration de pouvoirs vecteur d\u2019un semblant d\u2019\u00e9quilibre d\u00e9mocratique ?<\/p>\n<p>Loin de d\u00e9livrer un ch\u00e8que en blanc \u00e0 ce sc\u00e9nario parlementaire taill\u00e9 sur mesure, nous osons croire et\/ou esp\u00e9rer qu\u2019un autre \u00e8re s\u2019ouvre avec le ton martel\u00e9 par le chef de l\u2019\u00e9tat au lendemain de sa r\u00e9\u00e9lection comme si le chef de l\u2019\u00e9tat a beaucoup compris les le\u00e7ons du premier mandat. Rendez-vous sera alors pris pour les cent (100) premiers jours mais en attendant, attention ne le dites \u00e0 personne.<\/p>\n<p>Si on vous demande, ne dites surtout pas que c\u2019est moi.<\/p>\n<p>&nbsp;<\/p>\n","protected":false},"excerpt":{"rendered":"<p>Africa-Press &#8211; CentrAfricaine.\u00a0 \u00a0Du haut de la confusion cacophonique relative \u00e0 la d\u00e9mission du gouvernement, la d\u00e9signation d\u2019une nouvelle \u00e9quipe gouvernementale, le cumul des fonctions nominatives et \u00e9lectives pourtant prohib\u00e9es par la constitution, les nouveaux \u00e9lus de la nation ont effectu\u00e9 leur rentr\u00e9e parlementaire au titre de la septi\u00e8me l\u00e9gislature. Il faut rappeler qu\u2019une cinquantaine [&hellip;]<\/p>\n","protected":false},"author":82,"featured_media":6685,"comment_status":"open","ping_status":"closed","sticky":false,"template":"","format":"standard","meta":{"footnotes":""},"categories":[11,2,20,10],"tags":[36,58,30],"class_list":["post-6686","post","type-post","status-publish","format-standard","has-post-thumbnail","hentry","category-homepage-french","category-politique","category-top-nouvelles","category-toutes-les-actualites","tag-africa-press","tag-africa-press-centrafricaine","tag-centrafricaine"],"yoast_head":"<!-- This site is optimized with the Yoast SEO Premium plugin v26.1 (Yoast SEO v27.0) - https:\/\/yoast.com\/product\/yoast-seo-premium-wordpress\/ -->\n<title>LE POUVOIR PEUT-IL S\u2019ADOSSER SUR LA SEPTI\u00c8ME L\u00c9GISLATURE DE L\u2019ASSEMBL\u00c9E NATIONALE POUR RELEVER LES D\u00c9FIS DU QUINQUENNAT ? - centrafricaine<\/title>\n<meta name=\"description\" content=\"Bangui, R\u00e9publique centrafricaine, samedi, 8 mai 2021, 03:49:39 ( Corbeaunews-Centrafrique ). Du haut de la conf ...\" \/>\n<meta name=\"robots\" content=\"index, follow, max-snippet:-1, max-image-preview:large, max-video-preview:-1\" \/>\n<link rel=\"canonical\" href=\"https:\/\/www.africa-press.net\/centrafricaine\/politique\/centrafrique-le-pouvoir-peut-il-sadosser-sur-la-septieme-legislature-de-lassemblee-nationale-pour-relever-les-defis-du-quinquennat\" \/>\n<meta property=\"og:locale\" content=\"fr_FR\" \/>\n<meta property=\"og:type\" content=\"article\" \/>\n<meta property=\"og:title\" content=\"LE POUVOIR PEUT-IL S\u2019ADOSSER SUR LA SEPTI\u00c8ME L\u00c9GISLATURE DE L\u2019ASSEMBL\u00c9E NATIONALE POUR RELEVER LES D\u00c9FIS DU QUINQUENNAT ?\" \/>\n<meta property=\"og:description\" content=\"Bangui, R\u00e9publique centrafricaine, samedi, 8 mai 2021, 03:49:39 ( Corbeaunews-Centrafrique ). Du haut de la conf ...\" \/>\n<meta property=\"og:url\" content=\"https:\/\/www.africa-press.net\/centrafricaine\/politique\/centrafrique-le-pouvoir-peut-il-sadosser-sur-la-septieme-legislature-de-lassemblee-nationale-pour-relever-les-defis-du-quinquennat\" \/>\n<meta property=\"og:site_name\" content=\"centrafricaine\" \/>\n<meta property=\"article:published_time\" content=\"2021-05-08T09:04:06+00:00\" \/>\n<meta property=\"article:modified_time\" content=\"2021-05-08T11:09:51+00:00\" \/>\n<meta property=\"og:image\" content=\"https:\/\/static.africa-press.net\/centrafricaine\/sites\/45\/2021\/05\/img-609651dd196f1.jpg\" \/>\n\t<meta property=\"og:image:width\" content=\"750\" \/>\n\t<meta property=\"og:image:height\" content=\"700\" \/>\n\t<meta property=\"og:image:type\" content=\"image\/jpeg\" \/>\n<meta name=\"author\" content=\"cfeditorfr\" \/>\n<meta name=\"twitter:card\" content=\"summary_large_image\" \/>\n<meta name=\"twitter:label1\" content=\"\u00c9crit par\" \/>\n\t<meta name=\"twitter:data1\" content=\"cfeditorfr\" \/>\n\t<meta name=\"twitter:label2\" content=\"Dur\u00e9e de lecture estim\u00e9e\" \/>\n\t<meta name=\"twitter:data2\" content=\"3 minutes\" \/>\n<script type=\"application\/ld+json\" class=\"yoast-schema-graph\">{\"@context\":\"https:\/\/schema.org\",\"@graph\":[{\"@type\":\"Article\",\"@id\":\"https:\/\/www.africa-press.net\/centrafricaine\/politique\/centrafrique-le-pouvoir-peut-il-sadosser-sur-la-septieme-legislature-de-lassemblee-nationale-pour-relever-les-defis-du-quinquennat#article\",\"isPartOf\":{\"@id\":\"https:\/\/www.africa-press.net\/centrafricaine\/politique\/centrafrique-le-pouvoir-peut-il-sadosser-sur-la-septieme-legislature-de-lassemblee-nationale-pour-relever-les-defis-du-quinquennat\"},\"author\":{\"name\":\"cfeditorfr\",\"@id\":\"https:\/\/www.africa-press.net\/centrafricaine\/#\/schema\/person\/2b1cf3cd81a31e3cd26889ca66d677f1\"},\"headline\":\"LE POUVOIR PEUT-IL S\u2019ADOSSER SUR LA SEPTI\u00c8ME L\u00c9GISLATURE DE L\u2019ASSEMBL\u00c9E NATIONALE POUR RELEVER LES D\u00c9FIS DU QUINQUENNAT ?\",\"datePublished\":\"2021-05-08T09:04:06+00:00\",\"dateModified\":\"2021-05-08T11:09:51+00:00\",\"mainEntityOfPage\":{\"@id\":\"https:\/\/www.africa-press.net\/centrafricaine\/politique\/centrafrique-le-pouvoir-peut-il-sadosser-sur-la-septieme-legislature-de-lassemblee-nationale-pour-relever-les-defis-du-quinquennat\"},\"wordCount\":674,\"commentCount\":0,\"image\":{\"@id\":\"https:\/\/www.africa-press.net\/centrafricaine\/politique\/centrafrique-le-pouvoir-peut-il-sadosser-sur-la-septieme-legislature-de-lassemblee-nationale-pour-relever-les-defis-du-quinquennat#primaryimage\"},\"thumbnailUrl\":\"https:\/\/static.africa-press.net\/centrafricaine\/sites\/45\/2021\/05\/img-609651dd196f1.jpg\",\"keywords\":[\"Africa Press\",\"Africa Press-CentrAfricaine\",\"CentrAfricaine\"],\"articleSection\":[\"homepage-french\",\"Politique\",\"Top Nouvelles\",\"Toutes les actualit\u00e9s\"],\"inLanguage\":\"fr-FR\",\"potentialAction\":[{\"@type\":\"CommentAction\",\"name\":\"Comment\",\"target\":[\"https:\/\/www.africa-press.net\/centrafricaine\/politique\/centrafrique-le-pouvoir-peut-il-sadosser-sur-la-septieme-legislature-de-lassemblee-nationale-pour-relever-les-defis-du-quinquennat#respond\"]}]},{\"@type\":\"WebPage\",\"@id\":\"https:\/\/www.africa-press.net\/centrafricaine\/politique\/centrafrique-le-pouvoir-peut-il-sadosser-sur-la-septieme-legislature-de-lassemblee-nationale-pour-relever-les-defis-du-quinquennat\",\"url\":\"https:\/\/www.africa-press.net\/centrafricaine\/politique\/centrafrique-le-pouvoir-peut-il-sadosser-sur-la-septieme-legislature-de-lassemblee-nationale-pour-relever-les-defis-du-quinquennat\",\"name\":\"LE POUVOIR PEUT-IL S\u2019ADOSSER SUR LA SEPTI\u00c8ME L\u00c9GISLATURE DE L\u2019ASSEMBL\u00c9E NATIONALE POUR RELEVER LES D\u00c9FIS DU QUINQUENNAT ? - centrafricaine\",\"isPartOf\":{\"@id\":\"https:\/\/www.africa-press.net\/centrafricaine\/#website\"},\"primaryImageOfPage\":{\"@id\":\"https:\/\/www.africa-press.net\/centrafricaine\/politique\/centrafrique-le-pouvoir-peut-il-sadosser-sur-la-septieme-legislature-de-lassemblee-nationale-pour-relever-les-defis-du-quinquennat#primaryimage\"},\"image\":{\"@id\":\"https:\/\/www.africa-press.net\/centrafricaine\/politique\/centrafrique-le-pouvoir-peut-il-sadosser-sur-la-septieme-legislature-de-lassemblee-nationale-pour-relever-les-defis-du-quinquennat#primaryimage\"},\"thumbnailUrl\":\"https:\/\/static.africa-press.net\/centrafricaine\/sites\/45\/2021\/05\/img-609651dd196f1.jpg\",\"datePublished\":\"2021-05-08T09:04:06+00:00\",\"dateModified\":\"2021-05-08T11:09:51+00:00\",\"author\":{\"@id\":\"https:\/\/www.africa-press.net\/centrafricaine\/#\/schema\/person\/2b1cf3cd81a31e3cd26889ca66d677f1\"},\"description\":\"Bangui, R\u00e9publique centrafricaine, samedi, 8 mai 2021, 03:49:39 ( Corbeaunews-Centrafrique ). Du haut de la conf ...\",\"breadcrumb\":{\"@id\":\"https:\/\/www.africa-press.net\/centrafricaine\/politique\/centrafrique-le-pouvoir-peut-il-sadosser-sur-la-septieme-legislature-de-lassemblee-nationale-pour-relever-les-defis-du-quinquennat#breadcrumb\"},\"inLanguage\":\"fr-FR\",\"potentialAction\":[{\"@type\":\"ReadAction\",\"target\":[\"https:\/\/www.africa-press.net\/centrafricaine\/politique\/centrafrique-le-pouvoir-peut-il-sadosser-sur-la-septieme-legislature-de-lassemblee-nationale-pour-relever-les-defis-du-quinquennat\"]}]},{\"@type\":\"ImageObject\",\"inLanguage\":\"fr-FR\",\"@id\":\"https:\/\/www.africa-press.net\/centrafricaine\/politique\/centrafrique-le-pouvoir-peut-il-sadosser-sur-la-septieme-legislature-de-lassemblee-nationale-pour-relever-les-defis-du-quinquennat#primaryimage\",\"url\":\"https:\/\/static.africa-press.net\/centrafricaine\/sites\/45\/2021\/05\/img-609651dd196f1.jpg\",\"contentUrl\":\"https:\/\/static.africa-press.net\/centrafricaine\/sites\/45\/2021\/05\/img-609651dd196f1.jpg\",\"width\":750,\"height\":700,\"caption\":\"CENTRAFRIQUE : LE POUVOIR PEUT-IL S\u2019ADOSSER SUR LA SEPTI\u00c8ME L\u00c9GISLATURE DE L\u2019ASSEMBL\u00c9E NATIONALE POUR RELEVER LES D\u00c9FIS DU QUINQUENNAT ?\"},{\"@type\":\"BreadcrumbList\",\"@id\":\"https:\/\/www.africa-press.net\/centrafricaine\/politique\/centrafrique-le-pouvoir-peut-il-sadosser-sur-la-septieme-legislature-de-lassemblee-nationale-pour-relever-les-defis-du-quinquennat#breadcrumb\",\"itemListElement\":[{\"@type\":\"ListItem\",\"position\":1,\"name\":\"Accueil\",\"item\":\"https:\/\/www.africa-press.net\/centrafricaine\/\"},{\"@type\":\"ListItem\",\"position\":2,\"name\":\"LE POUVOIR PEUT-IL S\u2019ADOSSER SUR LA SEPTI\u00c8ME L\u00c9GISLATURE DE L\u2019ASSEMBL\u00c9E NATIONALE POUR RELEVER LES D\u00c9FIS DU QUINQUENNAT ?\"}]},{\"@type\":\"WebSite\",\"@id\":\"https:\/\/www.africa-press.net\/centrafricaine\/#website\",\"url\":\"https:\/\/www.africa-press.net\/centrafricaine\/\",\"name\":\"centrafricaine\",\"description\":\"Just another Africa News Agency Sites site\",\"potentialAction\":[{\"@type\":\"SearchAction\",\"target\":{\"@type\":\"EntryPoint\",\"urlTemplate\":\"https:\/\/www.africa-press.net\/centrafricaine\/?s={search_term_string}\"},\"query-input\":{\"@type\":\"PropertyValueSpecification\",\"valueRequired\":true,\"valueName\":\"search_term_string\"}}],\"inLanguage\":\"fr-FR\"},{\"@type\":\"Person\",\"@id\":\"https:\/\/www.africa-press.net\/centrafricaine\/#\/schema\/person\/2b1cf3cd81a31e3cd26889ca66d677f1\",\"name\":\"cfeditorfr\"}]}<\/script>\n<!-- \/ Yoast SEO Premium plugin. -->","yoast_head_json":{"title":"LE POUVOIR PEUT-IL S\u2019ADOSSER SUR LA SEPTI\u00c8ME L\u00c9GISLATURE DE L\u2019ASSEMBL\u00c9E NATIONALE POUR RELEVER LES D\u00c9FIS DU QUINQUENNAT ? - centrafricaine","description":"Bangui, R\u00e9publique centrafricaine, samedi, 8 mai 2021, 03:49:39 ( Corbeaunews-Centrafrique ). Du haut de la conf ...","robots":{"index":"index","follow":"follow","max-snippet":"max-snippet:-1","max-image-preview":"max-image-preview:large","max-video-preview":"max-video-preview:-1"},"canonical":"https:\/\/www.africa-press.net\/centrafricaine\/politique\/centrafrique-le-pouvoir-peut-il-sadosser-sur-la-septieme-legislature-de-lassemblee-nationale-pour-relever-les-defis-du-quinquennat","og_locale":"fr_FR","og_type":"article","og_title":"LE POUVOIR PEUT-IL S\u2019ADOSSER SUR LA SEPTI\u00c8ME L\u00c9GISLATURE DE L\u2019ASSEMBL\u00c9E NATIONALE POUR RELEVER LES D\u00c9FIS DU QUINQUENNAT ?","og_description":"Bangui, R\u00e9publique centrafricaine, samedi, 8 mai 2021, 03:49:39 ( Corbeaunews-Centrafrique ). Du haut de la conf ...","og_url":"https:\/\/www.africa-press.net\/centrafricaine\/politique\/centrafrique-le-pouvoir-peut-il-sadosser-sur-la-septieme-legislature-de-lassemblee-nationale-pour-relever-les-defis-du-quinquennat","og_site_name":"centrafricaine","article_published_time":"2021-05-08T09:04:06+00:00","article_modified_time":"2021-05-08T11:09:51+00:00","og_image":[{"width":750,"height":700,"url":"https:\/\/static.africa-press.net\/centrafricaine\/sites\/45\/2021\/05\/img-609651dd196f1.jpg","type":"image\/jpeg"}],"author":"cfeditorfr","twitter_card":"summary_large_image","twitter_misc":{"\u00c9crit par":"cfeditorfr","Dur\u00e9e de lecture estim\u00e9e":"3 minutes"},"schema":{"@context":"https:\/\/schema.org","@graph":[{"@type":"Article","@id":"https:\/\/www.africa-press.net\/centrafricaine\/politique\/centrafrique-le-pouvoir-peut-il-sadosser-sur-la-septieme-legislature-de-lassemblee-nationale-pour-relever-les-defis-du-quinquennat#article","isPartOf":{"@id":"https:\/\/www.africa-press.net\/centrafricaine\/politique\/centrafrique-le-pouvoir-peut-il-sadosser-sur-la-septieme-legislature-de-lassemblee-nationale-pour-relever-les-defis-du-quinquennat"},"author":{"name":"cfeditorfr","@id":"https:\/\/www.africa-press.net\/centrafricaine\/#\/schema\/person\/2b1cf3cd81a31e3cd26889ca66d677f1"},"headline":"LE POUVOIR PEUT-IL S\u2019ADOSSER SUR LA SEPTI\u00c8ME L\u00c9GISLATURE DE L\u2019ASSEMBL\u00c9E NATIONALE POUR RELEVER LES D\u00c9FIS DU QUINQUENNAT ?","datePublished":"2021-05-08T09:04:06+00:00","dateModified":"2021-05-08T11:09:51+00:00","mainEntityOfPage":{"@id":"https:\/\/www.africa-press.net\/centrafricaine\/politique\/centrafrique-le-pouvoir-peut-il-sadosser-sur-la-septieme-legislature-de-lassemblee-nationale-pour-relever-les-defis-du-quinquennat"},"wordCount":674,"commentCount":0,"image":{"@id":"https:\/\/www.africa-press.net\/centrafricaine\/politique\/centrafrique-le-pouvoir-peut-il-sadosser-sur-la-septieme-legislature-de-lassemblee-nationale-pour-relever-les-defis-du-quinquennat#primaryimage"},"thumbnailUrl":"https:\/\/static.africa-press.net\/centrafricaine\/sites\/45\/2021\/05\/img-609651dd196f1.jpg","keywords":["Africa Press","Africa Press-CentrAfricaine","CentrAfricaine"],"articleSection":["homepage-french","Politique","Top Nouvelles","Toutes les actualit\u00e9s"],"inLanguage":"fr-FR","potentialAction":[{"@type":"CommentAction","name":"Comment","target":["https:\/\/www.africa-press.net\/centrafricaine\/politique\/centrafrique-le-pouvoir-peut-il-sadosser-sur-la-septieme-legislature-de-lassemblee-nationale-pour-relever-les-defis-du-quinquennat#respond"]}]},{"@type":"WebPage","@id":"https:\/\/www.africa-press.net\/centrafricaine\/politique\/centrafrique-le-pouvoir-peut-il-sadosser-sur-la-septieme-legislature-de-lassemblee-nationale-pour-relever-les-defis-du-quinquennat","url":"https:\/\/www.africa-press.net\/centrafricaine\/politique\/centrafrique-le-pouvoir-peut-il-sadosser-sur-la-septieme-legislature-de-lassemblee-nationale-pour-relever-les-defis-du-quinquennat","name":"LE POUVOIR PEUT-IL S\u2019ADOSSER SUR LA SEPTI\u00c8ME L\u00c9GISLATURE DE L\u2019ASSEMBL\u00c9E NATIONALE POUR RELEVER LES D\u00c9FIS DU QUINQUENNAT ? - centrafricaine","isPartOf":{"@id":"https:\/\/www.africa-press.net\/centrafricaine\/#website"},"primaryImageOfPage":{"@id":"https:\/\/www.africa-press.net\/centrafricaine\/politique\/centrafrique-le-pouvoir-peut-il-sadosser-sur-la-septieme-legislature-de-lassemblee-nationale-pour-relever-les-defis-du-quinquennat#primaryimage"},"image":{"@id":"https:\/\/www.africa-press.net\/centrafricaine\/politique\/centrafrique-le-pouvoir-peut-il-sadosser-sur-la-septieme-legislature-de-lassemblee-nationale-pour-relever-les-defis-du-quinquennat#primaryimage"},"thumbnailUrl":"https:\/\/static.africa-press.net\/centrafricaine\/sites\/45\/2021\/05\/img-609651dd196f1.jpg","datePublished":"2021-05-08T09:04:06+00:00","dateModified":"2021-05-08T11:09:51+00:00","author":{"@id":"https:\/\/www.africa-press.net\/centrafricaine\/#\/schema\/person\/2b1cf3cd81a31e3cd26889ca66d677f1"},"description":"Bangui, R\u00e9publique centrafricaine, samedi, 8 mai 2021, 03:49:39 ( Corbeaunews-Centrafrique ). Du haut de la conf ...","breadcrumb":{"@id":"https:\/\/www.africa-press.net\/centrafricaine\/politique\/centrafrique-le-pouvoir-peut-il-sadosser-sur-la-septieme-legislature-de-lassemblee-nationale-pour-relever-les-defis-du-quinquennat#breadcrumb"},"inLanguage":"fr-FR","potentialAction":[{"@type":"ReadAction","target":["https:\/\/www.africa-press.net\/centrafricaine\/politique\/centrafrique-le-pouvoir-peut-il-sadosser-sur-la-septieme-legislature-de-lassemblee-nationale-pour-relever-les-defis-du-quinquennat"]}]},{"@type":"ImageObject","inLanguage":"fr-FR","@id":"https:\/\/www.africa-press.net\/centrafricaine\/politique\/centrafrique-le-pouvoir-peut-il-sadosser-sur-la-septieme-legislature-de-lassemblee-nationale-pour-relever-les-defis-du-quinquennat#primaryimage","url":"https:\/\/static.africa-press.net\/centrafricaine\/sites\/45\/2021\/05\/img-609651dd196f1.jpg","contentUrl":"https:\/\/static.africa-press.net\/centrafricaine\/sites\/45\/2021\/05\/img-609651dd196f1.jpg","width":750,"height":700,"caption":"CENTRAFRIQUE : LE POUVOIR PEUT-IL S\u2019ADOSSER SUR LA SEPTI\u00c8ME L\u00c9GISLATURE DE L\u2019ASSEMBL\u00c9E NATIONALE POUR RELEVER LES D\u00c9FIS DU QUINQUENNAT ?"},{"@type":"BreadcrumbList","@id":"https:\/\/www.africa-press.net\/centrafricaine\/politique\/centrafrique-le-pouvoir-peut-il-sadosser-sur-la-septieme-legislature-de-lassemblee-nationale-pour-relever-les-defis-du-quinquennat#breadcrumb","itemListElement":[{"@type":"ListItem","position":1,"name":"Accueil","item":"https:\/\/www.africa-press.net\/centrafricaine\/"},{"@type":"ListItem","position":2,"name":"LE POUVOIR PEUT-IL S\u2019ADOSSER SUR LA SEPTI\u00c8ME L\u00c9GISLATURE DE L\u2019ASSEMBL\u00c9E NATIONALE POUR RELEVER LES D\u00c9FIS DU QUINQUENNAT ?"}]},{"@type":"WebSite","@id":"https:\/\/www.africa-press.net\/centrafricaine\/#website","url":"https:\/\/www.africa-press.net\/centrafricaine\/","name":"centrafricaine","description":"Just another Africa News Agency Sites site","potentialAction":[{"@type":"SearchAction","target":{"@type":"EntryPoint","urlTemplate":"https:\/\/www.africa-press.net\/centrafricaine\/?s={search_term_string}"},"query-input":{"@type":"PropertyValueSpecification","valueRequired":true,"valueName":"search_term_string"}}],"inLanguage":"fr-FR"},{"@type":"Person","@id":"https:\/\/www.africa-press.net\/centrafricaine\/#\/schema\/person\/2b1cf3cd81a31e3cd26889ca66d677f1","name":"cfeditorfr"}]}},"_links":{"self":[{"href":"https:\/\/www.africa-press.net\/centrafricaine\/wp-json\/wp\/v2\/posts\/6686","targetHints":{"allow":["GET"]}}],"collection":[{"href":"https:\/\/www.africa-press.net\/centrafricaine\/wp-json\/wp\/v2\/posts"}],"about":[{"href":"https:\/\/www.africa-press.net\/centrafricaine\/wp-json\/wp\/v2\/types\/post"}],"author":[{"embeddable":true,"href":"https:\/\/www.africa-press.net\/centrafricaine\/wp-json\/wp\/v2\/users\/82"}],"replies":[{"embeddable":true,"href":"https:\/\/www.africa-press.net\/centrafricaine\/wp-json\/wp\/v2\/comments?post=6686"}],"version-history":[{"count":0,"href":"https:\/\/www.africa-press.net\/centrafricaine\/wp-json\/wp\/v2\/posts\/6686\/revisions"}],"wp:featuredmedia":[{"embeddable":true,"href":"https:\/\/www.africa-press.net\/centrafricaine\/wp-json\/wp\/v2\/media\/6685"}],"wp:attachment":[{"href":"https:\/\/www.africa-press.net\/centrafricaine\/wp-json\/wp\/v2\/media?parent=6686"}],"wp:term":[{"taxonomy":"category","embeddable":true,"href":"https:\/\/www.africa-press.net\/centrafricaine\/wp-json\/wp\/v2\/categories?post=6686"},{"taxonomy":"post_tag","embeddable":true,"href":"https:\/\/www.africa-press.net\/centrafricaine\/wp-json\/wp\/v2\/tags?post=6686"}],"curies":[{"name":"wp","href":"https:\/\/api.w.org\/{rel}","templated":true}]}}