{"id":6692,"date":"2021-05-08T09:21:22","date_gmt":"2021-05-08T09:21:22","guid":{"rendered":"https:\/\/www.africa-press.net\/centrafricaine\/?p=6692"},"modified":"2021-05-08T11:10:19","modified_gmt":"2021-05-08T11:10:19","slug":"faux-lancien-president-francois-bozize-nest-pas-en-france","status":"publish","type":"post","link":"https:\/\/www.africa-press.net\/centrafricaine\/politique\/faux-lancien-president-francois-bozize-nest-pas-en-france","title":{"rendered":"Faux, l\u2019ancien pr\u00e9sident Fran\u00e7ois Boziz\u00e9 n\u2019est pas en France"},"content":{"rendered":"<p><span style=\"color: #ff6600\"><strong><a href=\"https:\/\/www.africa-press.net\/\">Africa-Press<\/a> &#8211; <a href=\"https:\/\/www.africa-press.net\/centrafricaine\">CentrAfricaine<\/a>. <\/strong><\/span>Le 25 f\u00e9vrier, le quotidien d\u2019information en ligne Ndjoni Sango publie un article sur la possible pr\u00e9sence de l\u2019ex-pr\u00e9sident Francois Boziz\u00e9 en France. Il titre ainsi au conditionnel : \u00ab Francois Boziz\u00e9 serait extirp\u00e9 en France \u00bb. Le journaliste \u00e9crit : \u00ab Les informations qui circulent dans le cercle ferm\u00e9 des hautes autorit\u00e9s s\u00e9curitaires centrafricaines, le patron de la r\u00e9bellion CPC se trouverait en ce moment en France (sic). \u00bb<\/p>\n<p>Le m\u00eame jour, le Potentiel centrafricain.com reprend l\u2019information : \u00ab Centrafrique : que cherche encore Fran\u00e7ois Boziz\u00e9 en France ? \u00bb Dans le papier, il affirme, sans citer aucune source, que \u00ab Fran\u00e7ois Boziz\u00e9, le patron de la CPC, aurait \u00e9t\u00e9 aper\u00e7u \u00e0 Paris en France [\u2026]. C\u2019est pour \u00e9chapper \u00e0 son \u00e9ventuelle arrestation et sa traduction \u00e0 la justice que ce dernier aurait b\u00e9n\u00e9fici\u00e9 de l\u2019appui des autorit\u00e9s fran\u00e7aises pour se retrouver dans leur pays (sic). \u00bb<\/p>\n<p>L\u2019article de Ndjoni Sango a \u00e9t\u00e9 vu 1 049 fois. Et l\u2019information a \u00e9t\u00e9 largement relay\u00e9e dans les groupes WhatsApp et sur Twitter.<\/p>\n<p>\u00ab Il est impossible pour Boziz\u00e9 de se rendre en France\u201d<\/p>\n<p>Contact\u00e9e par l\u2019\u00e9quipe #StopAT\u00e8n\u00e8, l\u2019Ambassade de France r\u00e9fute la pr\u00e9sence de l\u2019ancien pr\u00e9sident centrafricain sur le territoire fran\u00e7ais : \u00ab L\u2019Ambassade de France d\u00e9ment la rumeur selon laquelle Fran\u00e7ois Boziz\u00e9 serait actuellement en France. Il s\u2019agit d\u2019une fausse information de plus, destin\u00e9e \u00e0 semer la confusion dans un pays d\u00e9j\u00e0 durement touch\u00e9 par la crise s\u00e9curitaire. Francois Boziz\u00e9 a \u00e9t\u00e9 plac\u00e9 en 2014 sous sanction des Nations-Unies, sur proposition de la France. Ces sanctions lui interdisent notamment de voyager, et donc aux Etats membres de l\u2019accueillir sur leur sol. Il est donc impossible pour Boziz\u00e9 de se rendre en France. \u00bb L\u2019Ambassade ajoute : \u00ab La France a condamn\u00e9 les r\u00e9centes actions d\u00e9stabilisatrices de Fran\u00e7ois Boziz\u00e9 par des communiqu\u00e9s de la pr\u00e9sidence de la R\u00e9publique le 23 d\u00e9cembre 2020 et le 9 janvier 2021. \u00bb<\/p>\n<p>De son c\u00f4t\u00e9, le secr\u00e9taire g\u00e9n\u00e9ral adjoint et porte-parole du KNK, Christian Guenebem Dedizoum, pr\u00e9cise que l\u2019ex-pr\u00e9sident Francois Boziz\u00e9 est au Tchad : \u00ab La seule chose connue est qu\u2019il est au Tchad, plus pr\u00e9cis\u00e9ment \u00e0 N\u2019Djamena en pr\u00e9lude de Luanda. Il n\u2019a pas encore d\u00e9cid\u00e9 s\u2019il ira ou non. \u00bb<\/p>\n<p>Depuis, le sommet de Luanda, qui devait se d\u00e9rouler ce samedi 27 f\u00e9vrier, sous l\u2019\u00e9gide de la Conf\u00e9rence internationale sur la r\u00e9gion des Grands Lacs, afin de favoriser le dialogue entre les diff\u00e9rentes parties en pr\u00e9sence dans la crise qui secoue la RCA, a \u00e9t\u00e9 une nouvelle fois report\u00e9.<\/p>\n<p>En tout \u00e9tat de cause, aucun \u00e9l\u00e9ment objectif ne permet d\u2019affirmer que Fran\u00e7ois Boziz\u00e9 aurait trouv\u00e9 refuge sur le territoire fran\u00e7ais. Cette rumeur est fausse.<\/p>\n","protected":false},"excerpt":{"rendered":"<p>Africa-Press &#8211; CentrAfricaine. Le 25 f\u00e9vrier, le quotidien d\u2019information en ligne Ndjoni Sango publie un article sur la possible pr\u00e9sence de l\u2019ex-pr\u00e9sident Francois Boziz\u00e9 en France. Il titre ainsi au conditionnel : \u00ab Francois Boziz\u00e9 serait extirp\u00e9 en France \u00bb. Le journaliste \u00e9crit : \u00ab Les informations qui circulent dans le cercle ferm\u00e9 des hautes [&hellip;]<\/p>\n","protected":false},"author":82,"featured_media":6691,"comment_status":"open","ping_status":"closed","sticky":false,"template":"","format":"standard","meta":{"footnotes":""},"categories":[11,2,20,10],"tags":[36,58,30],"class_list":["post-6692","post","type-post","status-publish","format-standard","has-post-thumbnail","hentry","category-homepage-french","category-politique","category-top-nouvelles","category-toutes-les-actualites","tag-africa-press","tag-africa-press-centrafricaine","tag-centrafricaine"],"yoast_head":"<!-- This site is optimized with the Yoast SEO Premium plugin v26.1 (Yoast SEO v27.0) - https:\/\/yoast.com\/product\/yoast-seo-premium-wordpress\/ -->\n<title>Faux, l\u2019ancien pr\u00e9sident Fran\u00e7ois Boziz\u00e9 n\u2019est pas en France - centrafricaine<\/title>\n<meta name=\"description\" content=\"Le 25 f\u00e9vrier, le quotidien d\u2019information en ligne Ndjoni Sango publie un article sur la possible pr\u00e9sence de l\u2019ex-pr\u00e9si ...\" \/>\n<meta name=\"robots\" content=\"index, follow, max-snippet:-1, max-image-preview:large, max-video-preview:-1\" \/>\n<link rel=\"canonical\" href=\"https:\/\/www.africa-press.net\/centrafricaine\/politique\/faux-lancien-president-francois-bozize-nest-pas-en-france\" \/>\n<meta property=\"og:locale\" content=\"fr_FR\" \/>\n<meta property=\"og:type\" content=\"article\" \/>\n<meta property=\"og:title\" content=\"Faux, l\u2019ancien pr\u00e9sident Fran\u00e7ois Boziz\u00e9 n\u2019est pas en France\" \/>\n<meta property=\"og:description\" content=\"Le 25 f\u00e9vrier, le quotidien d\u2019information en ligne Ndjoni Sango publie un article sur la possible pr\u00e9sence de l\u2019ex-pr\u00e9si ...\" \/>\n<meta property=\"og:url\" content=\"https:\/\/www.africa-press.net\/centrafricaine\/politique\/faux-lancien-president-francois-bozize-nest-pas-en-france\" \/>\n<meta property=\"og:site_name\" content=\"centrafricaine\" \/>\n<meta property=\"article:published_time\" content=\"2021-05-08T09:21:22+00:00\" \/>\n<meta property=\"article:modified_time\" content=\"2021-05-08T11:10:19+00:00\" \/>\n<meta property=\"og:image\" content=\"https:\/\/static.africa-press.net\/centrafricaine\/sites\/45\/2021\/05\/img-609652289ef45.jpg\" \/>\n\t<meta property=\"og:image:width\" content=\"720\" \/>\n\t<meta property=\"og:image:height\" content=\"479\" \/>\n\t<meta property=\"og:image:type\" content=\"image\/jpeg\" \/>\n<meta name=\"author\" content=\"cfeditorfr\" \/>\n<meta name=\"twitter:card\" content=\"summary_large_image\" \/>\n<meta name=\"twitter:label1\" content=\"\u00c9crit par\" \/>\n\t<meta name=\"twitter:data1\" content=\"cfeditorfr\" \/>\n\t<meta name=\"twitter:label2\" content=\"Dur\u00e9e de lecture estim\u00e9e\" \/>\n\t<meta name=\"twitter:data2\" content=\"2 minutes\" \/>\n<script type=\"application\/ld+json\" class=\"yoast-schema-graph\">{\"@context\":\"https:\/\/schema.org\",\"@graph\":[{\"@type\":\"Article\",\"@id\":\"https:\/\/www.africa-press.net\/centrafricaine\/politique\/faux-lancien-president-francois-bozize-nest-pas-en-france#article\",\"isPartOf\":{\"@id\":\"https:\/\/www.africa-press.net\/centrafricaine\/politique\/faux-lancien-president-francois-bozize-nest-pas-en-france\"},\"author\":{\"name\":\"cfeditorfr\",\"@id\":\"https:\/\/www.africa-press.net\/centrafricaine\/#\/schema\/person\/2b1cf3cd81a31e3cd26889ca66d677f1\"},\"headline\":\"Faux, l\u2019ancien pr\u00e9sident Fran\u00e7ois Boziz\u00e9 n\u2019est pas en France\",\"datePublished\":\"2021-05-08T09:21:22+00:00\",\"dateModified\":\"2021-05-08T11:10:19+00:00\",\"mainEntityOfPage\":{\"@id\":\"https:\/\/www.africa-press.net\/centrafricaine\/politique\/faux-lancien-president-francois-bozize-nest-pas-en-france\"},\"wordCount\":495,\"commentCount\":0,\"image\":{\"@id\":\"https:\/\/www.africa-press.net\/centrafricaine\/politique\/faux-lancien-president-francois-bozize-nest-pas-en-france#primaryimage\"},\"thumbnailUrl\":\"https:\/\/static.africa-press.net\/centrafricaine\/sites\/45\/2021\/05\/img-609652289ef45.jpg\",\"keywords\":[\"Africa Press\",\"Africa Press-CentrAfricaine\",\"CentrAfricaine\"],\"articleSection\":[\"homepage-french\",\"Politique\",\"Top Nouvelles\",\"Toutes les actualit\u00e9s\"],\"inLanguage\":\"fr-FR\",\"potentialAction\":[{\"@type\":\"CommentAction\",\"name\":\"Comment\",\"target\":[\"https:\/\/www.africa-press.net\/centrafricaine\/politique\/faux-lancien-president-francois-bozize-nest-pas-en-france#respond\"]}]},{\"@type\":\"WebPage\",\"@id\":\"https:\/\/www.africa-press.net\/centrafricaine\/politique\/faux-lancien-president-francois-bozize-nest-pas-en-france\",\"url\":\"https:\/\/www.africa-press.net\/centrafricaine\/politique\/faux-lancien-president-francois-bozize-nest-pas-en-france\",\"name\":\"Faux, l\u2019ancien pr\u00e9sident Fran\u00e7ois Boziz\u00e9 n\u2019est pas en France - centrafricaine\",\"isPartOf\":{\"@id\":\"https:\/\/www.africa-press.net\/centrafricaine\/#website\"},\"primaryImageOfPage\":{\"@id\":\"https:\/\/www.africa-press.net\/centrafricaine\/politique\/faux-lancien-president-francois-bozize-nest-pas-en-france#primaryimage\"},\"image\":{\"@id\":\"https:\/\/www.africa-press.net\/centrafricaine\/politique\/faux-lancien-president-francois-bozize-nest-pas-en-france#primaryimage\"},\"thumbnailUrl\":\"https:\/\/static.africa-press.net\/centrafricaine\/sites\/45\/2021\/05\/img-609652289ef45.jpg\",\"datePublished\":\"2021-05-08T09:21:22+00:00\",\"dateModified\":\"2021-05-08T11:10:19+00:00\",\"author\":{\"@id\":\"https:\/\/www.africa-press.net\/centrafricaine\/#\/schema\/person\/2b1cf3cd81a31e3cd26889ca66d677f1\"},\"description\":\"Le 25 f\u00e9vrier, le quotidien d\u2019information en ligne Ndjoni Sango publie un article sur la possible pr\u00e9sence de l\u2019ex-pr\u00e9si ...\",\"breadcrumb\":{\"@id\":\"https:\/\/www.africa-press.net\/centrafricaine\/politique\/faux-lancien-president-francois-bozize-nest-pas-en-france#breadcrumb\"},\"inLanguage\":\"fr-FR\",\"potentialAction\":[{\"@type\":\"ReadAction\",\"target\":[\"https:\/\/www.africa-press.net\/centrafricaine\/politique\/faux-lancien-president-francois-bozize-nest-pas-en-france\"]}]},{\"@type\":\"ImageObject\",\"inLanguage\":\"fr-FR\",\"@id\":\"https:\/\/www.africa-press.net\/centrafricaine\/politique\/faux-lancien-president-francois-bozize-nest-pas-en-france#primaryimage\",\"url\":\"https:\/\/static.africa-press.net\/centrafricaine\/sites\/45\/2021\/05\/img-609652289ef45.jpg\",\"contentUrl\":\"https:\/\/static.africa-press.net\/centrafricaine\/sites\/45\/2021\/05\/img-609652289ef45.jpg\",\"width\":720,\"height\":479,\"caption\":\"Faux, l\u2019ancien pr\u00e9sident Fran\u00e7ois Boziz\u00e9 n\u2019est pas en France\"},{\"@type\":\"BreadcrumbList\",\"@id\":\"https:\/\/www.africa-press.net\/centrafricaine\/politique\/faux-lancien-president-francois-bozize-nest-pas-en-france#breadcrumb\",\"itemListElement\":[{\"@type\":\"ListItem\",\"position\":1,\"name\":\"Accueil\",\"item\":\"https:\/\/www.africa-press.net\/centrafricaine\/\"},{\"@type\":\"ListItem\",\"position\":2,\"name\":\"Faux, l\u2019ancien pr\u00e9sident Fran\u00e7ois Boziz\u00e9 n\u2019est pas en France\"}]},{\"@type\":\"WebSite\",\"@id\":\"https:\/\/www.africa-press.net\/centrafricaine\/#website\",\"url\":\"https:\/\/www.africa-press.net\/centrafricaine\/\",\"name\":\"centrafricaine\",\"description\":\"Just another Africa News Agency Sites site\",\"potentialAction\":[{\"@type\":\"SearchAction\",\"target\":{\"@type\":\"EntryPoint\",\"urlTemplate\":\"https:\/\/www.africa-press.net\/centrafricaine\/?s={search_term_string}\"},\"query-input\":{\"@type\":\"PropertyValueSpecification\",\"valueRequired\":true,\"valueName\":\"search_term_string\"}}],\"inLanguage\":\"fr-FR\"},{\"@type\":\"Person\",\"@id\":\"https:\/\/www.africa-press.net\/centrafricaine\/#\/schema\/person\/2b1cf3cd81a31e3cd26889ca66d677f1\",\"name\":\"cfeditorfr\"}]}<\/script>\n<!-- \/ Yoast SEO Premium plugin. -->","yoast_head_json":{"title":"Faux, l\u2019ancien pr\u00e9sident Fran\u00e7ois Boziz\u00e9 n\u2019est pas en France - centrafricaine","description":"Le 25 f\u00e9vrier, le quotidien d\u2019information en ligne Ndjoni Sango publie un article sur la possible pr\u00e9sence de l\u2019ex-pr\u00e9si ...","robots":{"index":"index","follow":"follow","max-snippet":"max-snippet:-1","max-image-preview":"max-image-preview:large","max-video-preview":"max-video-preview:-1"},"canonical":"https:\/\/www.africa-press.net\/centrafricaine\/politique\/faux-lancien-president-francois-bozize-nest-pas-en-france","og_locale":"fr_FR","og_type":"article","og_title":"Faux, l\u2019ancien pr\u00e9sident Fran\u00e7ois Boziz\u00e9 n\u2019est pas en France","og_description":"Le 25 f\u00e9vrier, le quotidien d\u2019information en ligne Ndjoni Sango publie un article sur la possible pr\u00e9sence de l\u2019ex-pr\u00e9si ...","og_url":"https:\/\/www.africa-press.net\/centrafricaine\/politique\/faux-lancien-president-francois-bozize-nest-pas-en-france","og_site_name":"centrafricaine","article_published_time":"2021-05-08T09:21:22+00:00","article_modified_time":"2021-05-08T11:10:19+00:00","og_image":[{"width":720,"height":479,"url":"https:\/\/static.africa-press.net\/centrafricaine\/sites\/45\/2021\/05\/img-609652289ef45.jpg","type":"image\/jpeg"}],"author":"cfeditorfr","twitter_card":"summary_large_image","twitter_misc":{"\u00c9crit par":"cfeditorfr","Dur\u00e9e de lecture estim\u00e9e":"2 minutes"},"schema":{"@context":"https:\/\/schema.org","@graph":[{"@type":"Article","@id":"https:\/\/www.africa-press.net\/centrafricaine\/politique\/faux-lancien-president-francois-bozize-nest-pas-en-france#article","isPartOf":{"@id":"https:\/\/www.africa-press.net\/centrafricaine\/politique\/faux-lancien-president-francois-bozize-nest-pas-en-france"},"author":{"name":"cfeditorfr","@id":"https:\/\/www.africa-press.net\/centrafricaine\/#\/schema\/person\/2b1cf3cd81a31e3cd26889ca66d677f1"},"headline":"Faux, l\u2019ancien pr\u00e9sident Fran\u00e7ois Boziz\u00e9 n\u2019est pas en France","datePublished":"2021-05-08T09:21:22+00:00","dateModified":"2021-05-08T11:10:19+00:00","mainEntityOfPage":{"@id":"https:\/\/www.africa-press.net\/centrafricaine\/politique\/faux-lancien-president-francois-bozize-nest-pas-en-france"},"wordCount":495,"commentCount":0,"image":{"@id":"https:\/\/www.africa-press.net\/centrafricaine\/politique\/faux-lancien-president-francois-bozize-nest-pas-en-france#primaryimage"},"thumbnailUrl":"https:\/\/static.africa-press.net\/centrafricaine\/sites\/45\/2021\/05\/img-609652289ef45.jpg","keywords":["Africa Press","Africa Press-CentrAfricaine","CentrAfricaine"],"articleSection":["homepage-french","Politique","Top Nouvelles","Toutes les actualit\u00e9s"],"inLanguage":"fr-FR","potentialAction":[{"@type":"CommentAction","name":"Comment","target":["https:\/\/www.africa-press.net\/centrafricaine\/politique\/faux-lancien-president-francois-bozize-nest-pas-en-france#respond"]}]},{"@type":"WebPage","@id":"https:\/\/www.africa-press.net\/centrafricaine\/politique\/faux-lancien-president-francois-bozize-nest-pas-en-france","url":"https:\/\/www.africa-press.net\/centrafricaine\/politique\/faux-lancien-president-francois-bozize-nest-pas-en-france","name":"Faux, l\u2019ancien pr\u00e9sident Fran\u00e7ois Boziz\u00e9 n\u2019est pas en France - centrafricaine","isPartOf":{"@id":"https:\/\/www.africa-press.net\/centrafricaine\/#website"},"primaryImageOfPage":{"@id":"https:\/\/www.africa-press.net\/centrafricaine\/politique\/faux-lancien-president-francois-bozize-nest-pas-en-france#primaryimage"},"image":{"@id":"https:\/\/www.africa-press.net\/centrafricaine\/politique\/faux-lancien-president-francois-bozize-nest-pas-en-france#primaryimage"},"thumbnailUrl":"https:\/\/static.africa-press.net\/centrafricaine\/sites\/45\/2021\/05\/img-609652289ef45.jpg","datePublished":"2021-05-08T09:21:22+00:00","dateModified":"2021-05-08T11:10:19+00:00","author":{"@id":"https:\/\/www.africa-press.net\/centrafricaine\/#\/schema\/person\/2b1cf3cd81a31e3cd26889ca66d677f1"},"description":"Le 25 f\u00e9vrier, le quotidien d\u2019information en ligne Ndjoni Sango publie un article sur la possible pr\u00e9sence de l\u2019ex-pr\u00e9si ...","breadcrumb":{"@id":"https:\/\/www.africa-press.net\/centrafricaine\/politique\/faux-lancien-president-francois-bozize-nest-pas-en-france#breadcrumb"},"inLanguage":"fr-FR","potentialAction":[{"@type":"ReadAction","target":["https:\/\/www.africa-press.net\/centrafricaine\/politique\/faux-lancien-president-francois-bozize-nest-pas-en-france"]}]},{"@type":"ImageObject","inLanguage":"fr-FR","@id":"https:\/\/www.africa-press.net\/centrafricaine\/politique\/faux-lancien-president-francois-bozize-nest-pas-en-france#primaryimage","url":"https:\/\/static.africa-press.net\/centrafricaine\/sites\/45\/2021\/05\/img-609652289ef45.jpg","contentUrl":"https:\/\/static.africa-press.net\/centrafricaine\/sites\/45\/2021\/05\/img-609652289ef45.jpg","width":720,"height":479,"caption":"Faux, l\u2019ancien pr\u00e9sident Fran\u00e7ois Boziz\u00e9 n\u2019est pas en France"},{"@type":"BreadcrumbList","@id":"https:\/\/www.africa-press.net\/centrafricaine\/politique\/faux-lancien-president-francois-bozize-nest-pas-en-france#breadcrumb","itemListElement":[{"@type":"ListItem","position":1,"name":"Accueil","item":"https:\/\/www.africa-press.net\/centrafricaine\/"},{"@type":"ListItem","position":2,"name":"Faux, l\u2019ancien pr\u00e9sident Fran\u00e7ois Boziz\u00e9 n\u2019est pas en France"}]},{"@type":"WebSite","@id":"https:\/\/www.africa-press.net\/centrafricaine\/#website","url":"https:\/\/www.africa-press.net\/centrafricaine\/","name":"centrafricaine","description":"Just another Africa News Agency Sites site","potentialAction":[{"@type":"SearchAction","target":{"@type":"EntryPoint","urlTemplate":"https:\/\/www.africa-press.net\/centrafricaine\/?s={search_term_string}"},"query-input":{"@type":"PropertyValueSpecification","valueRequired":true,"valueName":"search_term_string"}}],"inLanguage":"fr-FR"},{"@type":"Person","@id":"https:\/\/www.africa-press.net\/centrafricaine\/#\/schema\/person\/2b1cf3cd81a31e3cd26889ca66d677f1","name":"cfeditorfr"}]}},"_links":{"self":[{"href":"https:\/\/www.africa-press.net\/centrafricaine\/wp-json\/wp\/v2\/posts\/6692","targetHints":{"allow":["GET"]}}],"collection":[{"href":"https:\/\/www.africa-press.net\/centrafricaine\/wp-json\/wp\/v2\/posts"}],"about":[{"href":"https:\/\/www.africa-press.net\/centrafricaine\/wp-json\/wp\/v2\/types\/post"}],"author":[{"embeddable":true,"href":"https:\/\/www.africa-press.net\/centrafricaine\/wp-json\/wp\/v2\/users\/82"}],"replies":[{"embeddable":true,"href":"https:\/\/www.africa-press.net\/centrafricaine\/wp-json\/wp\/v2\/comments?post=6692"}],"version-history":[{"count":0,"href":"https:\/\/www.africa-press.net\/centrafricaine\/wp-json\/wp\/v2\/posts\/6692\/revisions"}],"wp:featuredmedia":[{"embeddable":true,"href":"https:\/\/www.africa-press.net\/centrafricaine\/wp-json\/wp\/v2\/media\/6691"}],"wp:attachment":[{"href":"https:\/\/www.africa-press.net\/centrafricaine\/wp-json\/wp\/v2\/media?parent=6692"}],"wp:term":[{"taxonomy":"category","embeddable":true,"href":"https:\/\/www.africa-press.net\/centrafricaine\/wp-json\/wp\/v2\/categories?post=6692"},{"taxonomy":"post_tag","embeddable":true,"href":"https:\/\/www.africa-press.net\/centrafricaine\/wp-json\/wp\/v2\/tags?post=6692"}],"curies":[{"name":"wp","href":"https:\/\/api.w.org\/{rel}","templated":true}]}}