{"id":6723,"date":"2021-05-10T09:31:52","date_gmt":"2021-05-10T09:31:52","guid":{"rendered":"https:\/\/www.africa-press.net\/centrafricaine\/?p=6723"},"modified":"2021-05-11T14:51:55","modified_gmt":"2021-05-11T14:51:55","slug":"rca-la-minusca-condamne-fermement-lusage-dengins-explosifs-sur-le-territoire-centrafricain","status":"publish","type":"post","link":"https:\/\/www.africa-press.net\/centrafricaine\/politique\/rca-la-minusca-condamne-fermement-lusage-dengins-explosifs-sur-le-territoire-centrafricain","title":{"rendered":"la Minusca condamne fermement l\u2019usage d\u2019engins explosifs sur le territoire centrafricain"},"content":{"rendered":"<p><span style=\"color: #ff6600\"><strong><a href=\"https:\/\/www.africa-press.net\/\">Africa-Press<\/a> &#8211; <a href=\"https:\/\/www.africa-press.net\/centrafricaine\">CentrAfricaine<\/a>.\u00a0 <\/strong><\/span>\u00a072 heures apr\u00e8s l\u2019explosion d\u2019une mine terrestre qui avait endommag\u00e9 la voiture de la mission catholique de Niem, dans le dioc\u00e8se de Bouar, dans le Nord-ouest de la Centrafrique. La Minusca, mission des nations unies en R\u00e9publique centrafricaine se dit samedi pr\u00e9occuper par la multiplication de l\u2019utilisation des engins explosifs dans le pays. Elle met en garde les auteurs contre une possible poursuite judiciaire pour crime contre l\u2019humanit\u00e9.<\/p>\n<p><b>Mercredi 5 mai, une voiture de la mission catholique de Niem, dans le dioc\u00e8se de Bouar, dans le nord-ouest de la Centrafrique, a \u00e9t\u00e9 touch\u00e9e par l\u2019explosion d\u2019une mine terrestre. D\u2019apr\u00e8s les premiers \u00e9l\u00e9ments recueillis, il y aurait au moins une perte en vie humaine.<\/b><\/p>\n<p>Au moins une personne a p\u00e9ri, dans le village de Kolo, pr\u00e8s de Bouar, dans le nord-ouest de la Centrafrique, ce lundi 5 avril, apr\u00e8s qu\u2019une mine terrestre a explos\u00e9 au passage d\u2019une voiture des missions de la congr\u00e9gation des pr\u00eatres du Sacr\u00e9-C\u0153ur de J\u00e9sus de B\u00e9tharram.<\/p>\n<p>Cependant, l\u2019utilisation des engins explosifs n\u2019est pas seulement r\u00e9serv\u00e9e ce dernier temps \u00e0 la partie nord-ouest de la RCA. Selon nos informations, \u00e0 l\u2019Est, dans la Lobaye, au nord, dans la Haute-Kotto, au centre, dans la Ouaka, les engins explosifs sont r\u00e9guli\u00e8rement utilis\u00e9s. Ceci inqui\u00e8te s\u00e9rieusement la mission des Nations unies en R\u00e9publique centrafricaine. Sur les r\u00e9seaux sociaux ce week-end, elle a publi\u00e9 un message pour mettre en garde les auteurs de ce crime :<\/p>\n<p><b>\u00ab La Minusca<\/b><\/p>\n<p>condamne fermement l\u2019usage d\u2019engins explosifs sur le territoire centrafricain et dont les principales victimes sont les civils. Cette pratique l\u00e2che est une violation grave du droit international humanitaire et expose ses auteurs \u00e0 des poursuites judiciaires \u00bb, a publi\u00e9 samedi sur Twitter le service de communication de la Minusca.<\/p>\n<p>Mais sur le terrain, les mercenaires russes et les rebelles se rejettent la responsabilit\u00e9 sur l\u2019autre. Quelques minutes apr\u00e8s l\u2019explosion d\u2019une mine terrestre qui a explos\u00e9 au passage d\u2019une voiture de la mission catholique de Niem, le conseiller russe du chef de l\u2019\u00c9tat, monsieur Valery Zakharov s\u2019est empress\u00e9 pour poster un message d\u2019attention sur Twitter, accusant le 3R d\u2019avoir pos\u00e9 un engin explosif dans la r\u00e9gion de la Nana-Mamb\u00e9r\u00e9. Sans plus tarder, le lendemain, le 3R publie un communiqu\u00e9 pour d\u00e9mentir les propos du conseiller russe du chef de l\u2019\u00c9tat. D\u2019apr\u00e8s ce mouvement, les propos du conseiller russes du chef de l\u2019\u00c9tat ne sont que des diversions pour \u00e9ventuellement cacher les crimes qui auraient \u00e9t\u00e9 commis par les mercenaires russes r\u00e9v\u00e9l\u00e9es par les Nations unies et les m\u00e9dias internationaux.<\/p>\n<p>Selon nos informations, les Russes utilisent aussi des engins explosifs comme on n\u2019a vu dans la Lobaye, la Haute-Kotto, l\u2019Ouaka. Cependant, des sources militaires ont aussi indiqu\u00e9 que le mouvement 3R utilise fr\u00e9quemment des grenades pi\u00e9g\u00e9es dans la r\u00e9gion de la Nana-Mamb\u00e9r\u00e9 et l\u2019Ouham \u2013 Pend\u00e9.<\/p>\n<p>Rappelons que l\u2019ann\u00e9e derni\u00e8re, la Minusca avait accus\u00e9 le 3R d\u2019avoir utiliser des mines dans la r\u00e9gion de l\u2019Ouham-Pend\u00e9.<\/p>\n<p><b>\u00a0<\/b><\/p>\n<p><b>\u00a0<\/b><\/p>\n","protected":false},"excerpt":{"rendered":"<p>Africa-Press &#8211; CentrAfricaine.\u00a0 \u00a072 heures apr\u00e8s l\u2019explosion d\u2019une mine terrestre qui avait endommag\u00e9 la voiture de la mission catholique de Niem, dans le dioc\u00e8se de Bouar, dans le Nord-ouest de la Centrafrique. La Minusca, mission des nations unies en R\u00e9publique centrafricaine se dit samedi pr\u00e9occuper par la multiplication de l\u2019utilisation des engins explosifs dans le [&hellip;]<\/p>\n","protected":false},"author":82,"featured_media":6722,"comment_status":"open","ping_status":"closed","sticky":false,"template":"","format":"standard","meta":{"footnotes":""},"categories":[11,2,10],"tags":[36,58,30],"class_list":["post-6723","post","type-post","status-publish","format-standard","has-post-thumbnail","hentry","category-homepage-french","category-politique","category-toutes-les-actualites","tag-africa-press","tag-africa-press-centrafricaine","tag-centrafricaine"],"yoast_head":"<!-- This site is optimized with the Yoast SEO Premium plugin v26.1 (Yoast SEO v27.0) - https:\/\/yoast.com\/product\/yoast-seo-premium-wordpress\/ -->\n<title>la Minusca condamne fermement l\u2019usage d\u2019engins explosifs sur le territoire centrafricain - centrafricaine<\/title>\n<meta name=\"description\" content=\"Bouar, R\u00e9publique centrafricaine, lundi, 10 mai 2021, 03:50:42 ( Corbeaunews-Centrafrique ). 72 heures apr\u00e8s l\u2019e ...\" \/>\n<meta name=\"robots\" content=\"index, follow, max-snippet:-1, max-image-preview:large, max-video-preview:-1\" \/>\n<link rel=\"canonical\" href=\"https:\/\/www.africa-press.net\/centrafricaine\/politique\/rca-la-minusca-condamne-fermement-lusage-dengins-explosifs-sur-le-territoire-centrafricain\" \/>\n<meta property=\"og:locale\" content=\"fr_FR\" \/>\n<meta property=\"og:type\" content=\"article\" \/>\n<meta property=\"og:title\" content=\"la Minusca condamne fermement l\u2019usage d\u2019engins explosifs sur le territoire centrafricain\" \/>\n<meta property=\"og:description\" content=\"Bouar, R\u00e9publique centrafricaine, lundi, 10 mai 2021, 03:50:42 ( Corbeaunews-Centrafrique ). 72 heures apr\u00e8s l\u2019e ...\" \/>\n<meta property=\"og:url\" content=\"https:\/\/www.africa-press.net\/centrafricaine\/politique\/rca-la-minusca-condamne-fermement-lusage-dengins-explosifs-sur-le-territoire-centrafricain\" \/>\n<meta property=\"og:site_name\" content=\"centrafricaine\" \/>\n<meta property=\"article:published_time\" content=\"2021-05-10T09:31:52+00:00\" \/>\n<meta property=\"article:modified_time\" content=\"2021-05-11T14:51:55+00:00\" \/>\n<meta property=\"og:image\" content=\"https:\/\/static.africa-press.net\/centrafricaine\/sites\/45\/2021\/05\/img-6098fae6b6147.jpg\" \/>\n\t<meta property=\"og:image:width\" content=\"720\" \/>\n\t<meta property=\"og:image:height\" content=\"404\" \/>\n\t<meta property=\"og:image:type\" content=\"image\/jpeg\" \/>\n<meta name=\"author\" content=\"cfeditorfr\" \/>\n<meta name=\"twitter:card\" content=\"summary_large_image\" \/>\n<meta name=\"twitter:label1\" content=\"\u00c9crit par\" \/>\n\t<meta name=\"twitter:data1\" content=\"cfeditorfr\" \/>\n\t<meta name=\"twitter:label2\" content=\"Dur\u00e9e de lecture estim\u00e9e\" \/>\n\t<meta name=\"twitter:data2\" content=\"3 minutes\" \/>\n<script type=\"application\/ld+json\" class=\"yoast-schema-graph\">{\"@context\":\"https:\/\/schema.org\",\"@graph\":[{\"@type\":\"Article\",\"@id\":\"https:\/\/www.africa-press.net\/centrafricaine\/politique\/rca-la-minusca-condamne-fermement-lusage-dengins-explosifs-sur-le-territoire-centrafricain#article\",\"isPartOf\":{\"@id\":\"https:\/\/www.africa-press.net\/centrafricaine\/politique\/rca-la-minusca-condamne-fermement-lusage-dengins-explosifs-sur-le-territoire-centrafricain\"},\"author\":{\"name\":\"cfeditorfr\",\"@id\":\"https:\/\/www.africa-press.net\/centrafricaine\/#\/schema\/person\/2b1cf3cd81a31e3cd26889ca66d677f1\"},\"headline\":\"la Minusca condamne fermement l\u2019usage d\u2019engins explosifs sur le territoire centrafricain\",\"datePublished\":\"2021-05-10T09:31:52+00:00\",\"dateModified\":\"2021-05-11T14:51:55+00:00\",\"mainEntityOfPage\":{\"@id\":\"https:\/\/www.africa-press.net\/centrafricaine\/politique\/rca-la-minusca-condamne-fermement-lusage-dengins-explosifs-sur-le-territoire-centrafricain\"},\"wordCount\":562,\"commentCount\":0,\"image\":{\"@id\":\"https:\/\/www.africa-press.net\/centrafricaine\/politique\/rca-la-minusca-condamne-fermement-lusage-dengins-explosifs-sur-le-territoire-centrafricain#primaryimage\"},\"thumbnailUrl\":\"https:\/\/static.africa-press.net\/centrafricaine\/sites\/45\/2021\/05\/img-6098fae6b6147.jpg\",\"keywords\":[\"Africa Press\",\"Africa Press-CentrAfricaine\",\"CentrAfricaine\"],\"articleSection\":[\"homepage-french\",\"Politique\",\"Toutes les actualit\u00e9s\"],\"inLanguage\":\"fr-FR\",\"potentialAction\":[{\"@type\":\"CommentAction\",\"name\":\"Comment\",\"target\":[\"https:\/\/www.africa-press.net\/centrafricaine\/politique\/rca-la-minusca-condamne-fermement-lusage-dengins-explosifs-sur-le-territoire-centrafricain#respond\"]}]},{\"@type\":\"WebPage\",\"@id\":\"https:\/\/www.africa-press.net\/centrafricaine\/politique\/rca-la-minusca-condamne-fermement-lusage-dengins-explosifs-sur-le-territoire-centrafricain\",\"url\":\"https:\/\/www.africa-press.net\/centrafricaine\/politique\/rca-la-minusca-condamne-fermement-lusage-dengins-explosifs-sur-le-territoire-centrafricain\",\"name\":\"la Minusca condamne fermement l\u2019usage d\u2019engins explosifs sur le territoire centrafricain - centrafricaine\",\"isPartOf\":{\"@id\":\"https:\/\/www.africa-press.net\/centrafricaine\/#website\"},\"primaryImageOfPage\":{\"@id\":\"https:\/\/www.africa-press.net\/centrafricaine\/politique\/rca-la-minusca-condamne-fermement-lusage-dengins-explosifs-sur-le-territoire-centrafricain#primaryimage\"},\"image\":{\"@id\":\"https:\/\/www.africa-press.net\/centrafricaine\/politique\/rca-la-minusca-condamne-fermement-lusage-dengins-explosifs-sur-le-territoire-centrafricain#primaryimage\"},\"thumbnailUrl\":\"https:\/\/static.africa-press.net\/centrafricaine\/sites\/45\/2021\/05\/img-6098fae6b6147.jpg\",\"datePublished\":\"2021-05-10T09:31:52+00:00\",\"dateModified\":\"2021-05-11T14:51:55+00:00\",\"author\":{\"@id\":\"https:\/\/www.africa-press.net\/centrafricaine\/#\/schema\/person\/2b1cf3cd81a31e3cd26889ca66d677f1\"},\"description\":\"Bouar, R\u00e9publique centrafricaine, lundi, 10 mai 2021, 03:50:42 ( Corbeaunews-Centrafrique ). 72 heures apr\u00e8s l\u2019e ...\",\"breadcrumb\":{\"@id\":\"https:\/\/www.africa-press.net\/centrafricaine\/politique\/rca-la-minusca-condamne-fermement-lusage-dengins-explosifs-sur-le-territoire-centrafricain#breadcrumb\"},\"inLanguage\":\"fr-FR\",\"potentialAction\":[{\"@type\":\"ReadAction\",\"target\":[\"https:\/\/www.africa-press.net\/centrafricaine\/politique\/rca-la-minusca-condamne-fermement-lusage-dengins-explosifs-sur-le-territoire-centrafricain\"]}]},{\"@type\":\"ImageObject\",\"inLanguage\":\"fr-FR\",\"@id\":\"https:\/\/www.africa-press.net\/centrafricaine\/politique\/rca-la-minusca-condamne-fermement-lusage-dengins-explosifs-sur-le-territoire-centrafricain#primaryimage\",\"url\":\"https:\/\/static.africa-press.net\/centrafricaine\/sites\/45\/2021\/05\/img-6098fae6b6147.jpg\",\"contentUrl\":\"https:\/\/static.africa-press.net\/centrafricaine\/sites\/45\/2021\/05\/img-6098fae6b6147.jpg\",\"width\":720,\"height\":404,\"caption\":\"RCA\u00a0: la Minusca condamne fermement l\u2019usage d\u2019engins explosifs sur le territoire centrafricain\"},{\"@type\":\"BreadcrumbList\",\"@id\":\"https:\/\/www.africa-press.net\/centrafricaine\/politique\/rca-la-minusca-condamne-fermement-lusage-dengins-explosifs-sur-le-territoire-centrafricain#breadcrumb\",\"itemListElement\":[{\"@type\":\"ListItem\",\"position\":1,\"name\":\"Accueil\",\"item\":\"https:\/\/www.africa-press.net\/centrafricaine\/\"},{\"@type\":\"ListItem\",\"position\":2,\"name\":\"la Minusca condamne fermement l\u2019usage d\u2019engins explosifs sur le territoire centrafricain\"}]},{\"@type\":\"WebSite\",\"@id\":\"https:\/\/www.africa-press.net\/centrafricaine\/#website\",\"url\":\"https:\/\/www.africa-press.net\/centrafricaine\/\",\"name\":\"centrafricaine\",\"description\":\"Just another Africa News Agency Sites site\",\"potentialAction\":[{\"@type\":\"SearchAction\",\"target\":{\"@type\":\"EntryPoint\",\"urlTemplate\":\"https:\/\/www.africa-press.net\/centrafricaine\/?s={search_term_string}\"},\"query-input\":{\"@type\":\"PropertyValueSpecification\",\"valueRequired\":true,\"valueName\":\"search_term_string\"}}],\"inLanguage\":\"fr-FR\"},{\"@type\":\"Person\",\"@id\":\"https:\/\/www.africa-press.net\/centrafricaine\/#\/schema\/person\/2b1cf3cd81a31e3cd26889ca66d677f1\",\"name\":\"cfeditorfr\"}]}<\/script>\n<!-- \/ Yoast SEO Premium plugin. -->","yoast_head_json":{"title":"la Minusca condamne fermement l\u2019usage d\u2019engins explosifs sur le territoire centrafricain - centrafricaine","description":"Bouar, R\u00e9publique centrafricaine, lundi, 10 mai 2021, 03:50:42 ( Corbeaunews-Centrafrique ). 72 heures apr\u00e8s l\u2019e ...","robots":{"index":"index","follow":"follow","max-snippet":"max-snippet:-1","max-image-preview":"max-image-preview:large","max-video-preview":"max-video-preview:-1"},"canonical":"https:\/\/www.africa-press.net\/centrafricaine\/politique\/rca-la-minusca-condamne-fermement-lusage-dengins-explosifs-sur-le-territoire-centrafricain","og_locale":"fr_FR","og_type":"article","og_title":"la Minusca condamne fermement l\u2019usage d\u2019engins explosifs sur le territoire centrafricain","og_description":"Bouar, R\u00e9publique centrafricaine, lundi, 10 mai 2021, 03:50:42 ( Corbeaunews-Centrafrique ). 72 heures apr\u00e8s l\u2019e ...","og_url":"https:\/\/www.africa-press.net\/centrafricaine\/politique\/rca-la-minusca-condamne-fermement-lusage-dengins-explosifs-sur-le-territoire-centrafricain","og_site_name":"centrafricaine","article_published_time":"2021-05-10T09:31:52+00:00","article_modified_time":"2021-05-11T14:51:55+00:00","og_image":[{"width":720,"height":404,"url":"https:\/\/static.africa-press.net\/centrafricaine\/sites\/45\/2021\/05\/img-6098fae6b6147.jpg","type":"image\/jpeg"}],"author":"cfeditorfr","twitter_card":"summary_large_image","twitter_misc":{"\u00c9crit par":"cfeditorfr","Dur\u00e9e de lecture estim\u00e9e":"3 minutes"},"schema":{"@context":"https:\/\/schema.org","@graph":[{"@type":"Article","@id":"https:\/\/www.africa-press.net\/centrafricaine\/politique\/rca-la-minusca-condamne-fermement-lusage-dengins-explosifs-sur-le-territoire-centrafricain#article","isPartOf":{"@id":"https:\/\/www.africa-press.net\/centrafricaine\/politique\/rca-la-minusca-condamne-fermement-lusage-dengins-explosifs-sur-le-territoire-centrafricain"},"author":{"name":"cfeditorfr","@id":"https:\/\/www.africa-press.net\/centrafricaine\/#\/schema\/person\/2b1cf3cd81a31e3cd26889ca66d677f1"},"headline":"la Minusca condamne fermement l\u2019usage d\u2019engins explosifs sur le territoire centrafricain","datePublished":"2021-05-10T09:31:52+00:00","dateModified":"2021-05-11T14:51:55+00:00","mainEntityOfPage":{"@id":"https:\/\/www.africa-press.net\/centrafricaine\/politique\/rca-la-minusca-condamne-fermement-lusage-dengins-explosifs-sur-le-territoire-centrafricain"},"wordCount":562,"commentCount":0,"image":{"@id":"https:\/\/www.africa-press.net\/centrafricaine\/politique\/rca-la-minusca-condamne-fermement-lusage-dengins-explosifs-sur-le-territoire-centrafricain#primaryimage"},"thumbnailUrl":"https:\/\/static.africa-press.net\/centrafricaine\/sites\/45\/2021\/05\/img-6098fae6b6147.jpg","keywords":["Africa Press","Africa Press-CentrAfricaine","CentrAfricaine"],"articleSection":["homepage-french","Politique","Toutes les actualit\u00e9s"],"inLanguage":"fr-FR","potentialAction":[{"@type":"CommentAction","name":"Comment","target":["https:\/\/www.africa-press.net\/centrafricaine\/politique\/rca-la-minusca-condamne-fermement-lusage-dengins-explosifs-sur-le-territoire-centrafricain#respond"]}]},{"@type":"WebPage","@id":"https:\/\/www.africa-press.net\/centrafricaine\/politique\/rca-la-minusca-condamne-fermement-lusage-dengins-explosifs-sur-le-territoire-centrafricain","url":"https:\/\/www.africa-press.net\/centrafricaine\/politique\/rca-la-minusca-condamne-fermement-lusage-dengins-explosifs-sur-le-territoire-centrafricain","name":"la Minusca condamne fermement l\u2019usage d\u2019engins explosifs sur le territoire centrafricain - centrafricaine","isPartOf":{"@id":"https:\/\/www.africa-press.net\/centrafricaine\/#website"},"primaryImageOfPage":{"@id":"https:\/\/www.africa-press.net\/centrafricaine\/politique\/rca-la-minusca-condamne-fermement-lusage-dengins-explosifs-sur-le-territoire-centrafricain#primaryimage"},"image":{"@id":"https:\/\/www.africa-press.net\/centrafricaine\/politique\/rca-la-minusca-condamne-fermement-lusage-dengins-explosifs-sur-le-territoire-centrafricain#primaryimage"},"thumbnailUrl":"https:\/\/static.africa-press.net\/centrafricaine\/sites\/45\/2021\/05\/img-6098fae6b6147.jpg","datePublished":"2021-05-10T09:31:52+00:00","dateModified":"2021-05-11T14:51:55+00:00","author":{"@id":"https:\/\/www.africa-press.net\/centrafricaine\/#\/schema\/person\/2b1cf3cd81a31e3cd26889ca66d677f1"},"description":"Bouar, R\u00e9publique centrafricaine, lundi, 10 mai 2021, 03:50:42 ( Corbeaunews-Centrafrique ). 72 heures apr\u00e8s l\u2019e ...","breadcrumb":{"@id":"https:\/\/www.africa-press.net\/centrafricaine\/politique\/rca-la-minusca-condamne-fermement-lusage-dengins-explosifs-sur-le-territoire-centrafricain#breadcrumb"},"inLanguage":"fr-FR","potentialAction":[{"@type":"ReadAction","target":["https:\/\/www.africa-press.net\/centrafricaine\/politique\/rca-la-minusca-condamne-fermement-lusage-dengins-explosifs-sur-le-territoire-centrafricain"]}]},{"@type":"ImageObject","inLanguage":"fr-FR","@id":"https:\/\/www.africa-press.net\/centrafricaine\/politique\/rca-la-minusca-condamne-fermement-lusage-dengins-explosifs-sur-le-territoire-centrafricain#primaryimage","url":"https:\/\/static.africa-press.net\/centrafricaine\/sites\/45\/2021\/05\/img-6098fae6b6147.jpg","contentUrl":"https:\/\/static.africa-press.net\/centrafricaine\/sites\/45\/2021\/05\/img-6098fae6b6147.jpg","width":720,"height":404,"caption":"RCA\u00a0: la Minusca condamne fermement l\u2019usage d\u2019engins explosifs sur le territoire centrafricain"},{"@type":"BreadcrumbList","@id":"https:\/\/www.africa-press.net\/centrafricaine\/politique\/rca-la-minusca-condamne-fermement-lusage-dengins-explosifs-sur-le-territoire-centrafricain#breadcrumb","itemListElement":[{"@type":"ListItem","position":1,"name":"Accueil","item":"https:\/\/www.africa-press.net\/centrafricaine\/"},{"@type":"ListItem","position":2,"name":"la Minusca condamne fermement l\u2019usage d\u2019engins explosifs sur le territoire centrafricain"}]},{"@type":"WebSite","@id":"https:\/\/www.africa-press.net\/centrafricaine\/#website","url":"https:\/\/www.africa-press.net\/centrafricaine\/","name":"centrafricaine","description":"Just another Africa News Agency Sites site","potentialAction":[{"@type":"SearchAction","target":{"@type":"EntryPoint","urlTemplate":"https:\/\/www.africa-press.net\/centrafricaine\/?s={search_term_string}"},"query-input":{"@type":"PropertyValueSpecification","valueRequired":true,"valueName":"search_term_string"}}],"inLanguage":"fr-FR"},{"@type":"Person","@id":"https:\/\/www.africa-press.net\/centrafricaine\/#\/schema\/person\/2b1cf3cd81a31e3cd26889ca66d677f1","name":"cfeditorfr"}]}},"_links":{"self":[{"href":"https:\/\/www.africa-press.net\/centrafricaine\/wp-json\/wp\/v2\/posts\/6723","targetHints":{"allow":["GET"]}}],"collection":[{"href":"https:\/\/www.africa-press.net\/centrafricaine\/wp-json\/wp\/v2\/posts"}],"about":[{"href":"https:\/\/www.africa-press.net\/centrafricaine\/wp-json\/wp\/v2\/types\/post"}],"author":[{"embeddable":true,"href":"https:\/\/www.africa-press.net\/centrafricaine\/wp-json\/wp\/v2\/users\/82"}],"replies":[{"embeddable":true,"href":"https:\/\/www.africa-press.net\/centrafricaine\/wp-json\/wp\/v2\/comments?post=6723"}],"version-history":[{"count":0,"href":"https:\/\/www.africa-press.net\/centrafricaine\/wp-json\/wp\/v2\/posts\/6723\/revisions"}],"wp:featuredmedia":[{"embeddable":true,"href":"https:\/\/www.africa-press.net\/centrafricaine\/wp-json\/wp\/v2\/media\/6722"}],"wp:attachment":[{"href":"https:\/\/www.africa-press.net\/centrafricaine\/wp-json\/wp\/v2\/media?parent=6723"}],"wp:term":[{"taxonomy":"category","embeddable":true,"href":"https:\/\/www.africa-press.net\/centrafricaine\/wp-json\/wp\/v2\/categories?post=6723"},{"taxonomy":"post_tag","embeddable":true,"href":"https:\/\/www.africa-press.net\/centrafricaine\/wp-json\/wp\/v2\/tags?post=6723"}],"curies":[{"name":"wp","href":"https:\/\/api.w.org\/{rel}","templated":true}]}}