{"id":6726,"date":"2021-05-10T09:37:29","date_gmt":"2021-05-10T09:37:29","guid":{"rendered":"https:\/\/www.africa-press.net\/centrafricaine\/?p=6726"},"modified":"2021-05-10T18:44:09","modified_gmt":"2021-05-10T18:44:09","slug":"rca-crimes-commis-par-les-mercenaires-de-wagner-les-faca-commencent-a-parler","status":"publish","type":"post","link":"https:\/\/www.africa-press.net\/centrafricaine\/politique\/rca-crimes-commis-par-les-mercenaires-de-wagner-les-faca-commencent-a-parler","title":{"rendered":"crimes commis par les mercenaires de Wagner, les FACA\u00a0 commencent \u00e0 parler"},"content":{"rendered":"<p><span style=\"color: #ff6600\"><strong><a href=\"https:\/\/www.africa-press.net\/\">Africa-Press<\/a> &#8211; <a href=\"https:\/\/www.africa-press.net\/centrafricaine\">CentrAfricaine<\/a>.\u00a0 <\/strong><\/span>\u00a024 heures apr\u00e8s l\u2019assassinat cruel du d\u00e9l\u00e9gu\u00e9 du march\u00e9 \u00e0 b\u00e9tail de Kaga-Bandoro par les mercenaires de la soci\u00e9t\u00e9 russe Wagner, les langues commencent \u00e0 d\u00e9lier. Certains militaires de l\u2019arm\u00e9e nationale ont d\u00e9cid\u00e9 de d\u00e9crire et t\u00e9moign\u00e9 de certains crimes commis par leurs alli\u00e9s russes \u00e0 Alindao, mais aussi \u00e0 Grimari, situ\u00e9e \u00e0 77 kilom\u00e8tres \u00e0 l\u2019ouest de Bambari, dans la pr\u00e9fecture de la Ouaka.<\/p>\n<p>Si les populations civiles de Kaga-Bandoro ont \u00e9t\u00e9 \u00e9tonnamment surprises de retrouver le corps sans vie de monsieur Mahamat Z\u00e8ne Abrasss alias 11-11 d\u00e9capit\u00e9 et incendi\u00e9 par les mercenaires russes, au sein de l\u2019arm\u00e9e nationale, cela n\u2019\u00e9tonne personne, encore moins si cela concerne les mercenaires russes. D\u2019apr\u00e8s quatre soldats de l\u2019arm\u00e9e nationale que nous avons pu les interroger \u00e0 Kaga-Bandoro, la plupart des crimes commis par les mercenaires russes et syriens \u00e0 Grimari auraient \u00e9t\u00e9 faits \u00e0 l\u2019aide d\u2019une scie motoris\u00e9e \u00e0 cha\u00eene coupante commun\u00e9ment appel\u00e9e \u00ab la tron\u00e7onneuse \u00bb.<\/p>\n<p><b>\u00ab Je me rappelle le mois dernier lors de notre patrouille dans les quartiers qui se trouve derri\u00e8re marcher central \u00e0 Grimari, nous avions interpell\u00e9 un homme d\u2019une trentaine que nous soup\u00e7onnons d\u2019appartenir \u00e0 la milice Anti-Balaka. Les Russes l\u2019ont amen\u00e9 dans leur base pour interrogatoire. On ne sait pas comment les choses se sont pass\u00e9es, mais ils ont voulu tirer sur lui \u00e0 plusieurs reprises, mais les projectiles ne l\u2019ont pas atteint. Ils ont utilis\u00e9 des couteaux, l\u00e0 aussi \u00e7a ne marche pas. Les couteaux se mettent \u00e0 couper quand ils le poignardent. Ils ont pris maintenant la tron\u00e7onneuse. Ils l\u2019ont d\u00e9coup\u00e9 en morceau\u2026 \u00c0 partir de ce jour, toutes leurs victimes ont \u00e9t\u00e9 assassin\u00e9es par une tron\u00e7onneuse \u00bb<\/b><\/p>\n<p>, raconte l\u2019un des t\u00e9moins qui ne sont autres qu\u2019un soldat FACA. Ces faits ont \u00e9t\u00e9 confirm\u00e9s par les trois autres FACA qui ont d\u00e9cid\u00e9 de t\u00e9moigner aussi des autres cas qui sont survenus \u00e0 Bambari, Ippy et Alindao.<\/p>\n<p><b>\u00ab Le 10 avril dernier, on a appris que les rebelles sont sortis au village<\/b><\/p>\n<p>Nzelet\u00e9, \u00e0 une vingtaine de kilom\u00e8tres d\u2019Alindao sur l\u2019axe Bambari. Nous sommes all\u00e9s avec les Russes. Mais en arrivant sur place, le village est calme. L\u2019un de nos indicateurs nous a montr\u00e9 un homme comme un possible pisteur des rebelles. Nous l\u2019avions arr\u00eat\u00e9, et les Russes l\u2019ont amen\u00e9 dans leur base pour interrogatoire. Mais le lendemain, on ne voit que son corps d\u00e9capit\u00e9 entrepos\u00e9 dans un sac. Ils l\u2019ont enterr\u00e9 juste \u00e0 200 m\u00e8tres de leur base \u00bb, t\u00e9moigne un autre FACA.<\/p>\n<p>En tout cas les faits sont nombreux, et nous ne pouvons pas tout d\u00e9crire dans cet article. Mais une chose est s\u00fbre, c\u2019est que les Centrafricains demandent l\u2019ouverture d\u2019une enqu\u00eate internationale et impartiale men\u00e9e par les Nations unies sur les exactions des mercenaires russes en RCA.<\/p>\n<p>&nbsp;<\/p>\n","protected":false},"excerpt":{"rendered":"<p>Africa-Press &#8211; CentrAfricaine.\u00a0 \u00a024 heures apr\u00e8s l\u2019assassinat cruel du d\u00e9l\u00e9gu\u00e9 du march\u00e9 \u00e0 b\u00e9tail de Kaga-Bandoro par les mercenaires de la soci\u00e9t\u00e9 russe Wagner, les langues commencent \u00e0 d\u00e9lier. Certains militaires de l\u2019arm\u00e9e nationale ont d\u00e9cid\u00e9 de d\u00e9crire et t\u00e9moign\u00e9 de certains crimes commis par leurs alli\u00e9s russes \u00e0 Alindao, mais aussi \u00e0 Grimari, situ\u00e9e [&hellip;]<\/p>\n","protected":false},"author":82,"featured_media":6725,"comment_status":"open","ping_status":"closed","sticky":false,"template":"","format":"standard","meta":{"footnotes":""},"categories":[11,2,20,10],"tags":[36,58,30],"class_list":["post-6726","post","type-post","status-publish","format-standard","has-post-thumbnail","hentry","category-homepage-french","category-politique","category-top-nouvelles","category-toutes-les-actualites","tag-africa-press","tag-africa-press-centrafricaine","tag-centrafricaine"],"yoast_head":"<!-- This site is optimized with the Yoast SEO Premium plugin v26.1 (Yoast SEO v27.0) - https:\/\/yoast.com\/product\/yoast-seo-premium-wordpress\/ -->\n<title>crimes commis par les mercenaires de Wagner, les FACA\u00a0 commencent \u00e0 parler - centrafricaine<\/title>\n<meta name=\"description\" content=\"Kaga-Bandoro, R\u00e9publique centrafricaine, lundi, 10 mai 2021, 03:44:36 ( Corbeaunews-Centrafrique ). 24 heures ap ...\" \/>\n<meta name=\"robots\" content=\"index, follow, max-snippet:-1, max-image-preview:large, max-video-preview:-1\" \/>\n<link rel=\"canonical\" href=\"https:\/\/www.africa-press.net\/centrafricaine\/politique\/rca-crimes-commis-par-les-mercenaires-de-wagner-les-faca-commencent-a-parler\" \/>\n<meta property=\"og:locale\" content=\"fr_FR\" \/>\n<meta property=\"og:type\" content=\"article\" \/>\n<meta property=\"og:title\" content=\"crimes commis par les mercenaires de Wagner, les FACA\u00a0 commencent \u00e0 parler\" \/>\n<meta property=\"og:description\" content=\"Kaga-Bandoro, R\u00e9publique centrafricaine, lundi, 10 mai 2021, 03:44:36 ( Corbeaunews-Centrafrique ). 24 heures ap ...\" \/>\n<meta property=\"og:url\" content=\"https:\/\/www.africa-press.net\/centrafricaine\/politique\/rca-crimes-commis-par-les-mercenaires-de-wagner-les-faca-commencent-a-parler\" \/>\n<meta property=\"og:site_name\" content=\"centrafricaine\" \/>\n<meta property=\"article:published_time\" content=\"2021-05-10T09:37:29+00:00\" \/>\n<meta property=\"article:modified_time\" content=\"2021-05-10T18:44:09+00:00\" \/>\n<meta property=\"og:image\" content=\"https:\/\/static.africa-press.net\/centrafricaine\/sites\/45\/2021\/05\/img-6098fb0c3365c.jpg\" \/>\n\t<meta property=\"og:image:width\" content=\"720\" \/>\n\t<meta property=\"og:image:height\" content=\"479\" \/>\n\t<meta property=\"og:image:type\" content=\"image\/jpeg\" \/>\n<meta name=\"author\" content=\"cfeditorfr\" \/>\n<meta name=\"twitter:card\" content=\"summary_large_image\" \/>\n<meta name=\"twitter:label1\" content=\"\u00c9crit par\" \/>\n\t<meta name=\"twitter:data1\" content=\"cfeditorfr\" \/>\n\t<meta name=\"twitter:label2\" content=\"Dur\u00e9e de lecture estim\u00e9e\" \/>\n\t<meta name=\"twitter:data2\" content=\"2 minutes\" \/>\n<script type=\"application\/ld+json\" class=\"yoast-schema-graph\">{\"@context\":\"https:\/\/schema.org\",\"@graph\":[{\"@type\":\"Article\",\"@id\":\"https:\/\/www.africa-press.net\/centrafricaine\/politique\/rca-crimes-commis-par-les-mercenaires-de-wagner-les-faca-commencent-a-parler#article\",\"isPartOf\":{\"@id\":\"https:\/\/www.africa-press.net\/centrafricaine\/politique\/rca-crimes-commis-par-les-mercenaires-de-wagner-les-faca-commencent-a-parler\"},\"author\":{\"name\":\"cfeditorfr\",\"@id\":\"https:\/\/www.africa-press.net\/centrafricaine\/#\/schema\/person\/2b1cf3cd81a31e3cd26889ca66d677f1\"},\"headline\":\"crimes commis par les mercenaires de Wagner, les FACA\u00a0 commencent \u00e0 parler\",\"datePublished\":\"2021-05-10T09:37:29+00:00\",\"dateModified\":\"2021-05-10T18:44:09+00:00\",\"mainEntityOfPage\":{\"@id\":\"https:\/\/www.africa-press.net\/centrafricaine\/politique\/rca-crimes-commis-par-les-mercenaires-de-wagner-les-faca-commencent-a-parler\"},\"wordCount\":513,\"commentCount\":0,\"image\":{\"@id\":\"https:\/\/www.africa-press.net\/centrafricaine\/politique\/rca-crimes-commis-par-les-mercenaires-de-wagner-les-faca-commencent-a-parler#primaryimage\"},\"thumbnailUrl\":\"https:\/\/static.africa-press.net\/centrafricaine\/sites\/45\/2021\/05\/img-6098fb0c3365c.jpg\",\"keywords\":[\"Africa Press\",\"Africa Press-CentrAfricaine\",\"CentrAfricaine\"],\"articleSection\":[\"homepage-french\",\"Politique\",\"Top Nouvelles\",\"Toutes les actualit\u00e9s\"],\"inLanguage\":\"fr-FR\",\"potentialAction\":[{\"@type\":\"CommentAction\",\"name\":\"Comment\",\"target\":[\"https:\/\/www.africa-press.net\/centrafricaine\/politique\/rca-crimes-commis-par-les-mercenaires-de-wagner-les-faca-commencent-a-parler#respond\"]}]},{\"@type\":\"WebPage\",\"@id\":\"https:\/\/www.africa-press.net\/centrafricaine\/politique\/rca-crimes-commis-par-les-mercenaires-de-wagner-les-faca-commencent-a-parler\",\"url\":\"https:\/\/www.africa-press.net\/centrafricaine\/politique\/rca-crimes-commis-par-les-mercenaires-de-wagner-les-faca-commencent-a-parler\",\"name\":\"crimes commis par les mercenaires de Wagner, les FACA\u00a0 commencent \u00e0 parler - centrafricaine\",\"isPartOf\":{\"@id\":\"https:\/\/www.africa-press.net\/centrafricaine\/#website\"},\"primaryImageOfPage\":{\"@id\":\"https:\/\/www.africa-press.net\/centrafricaine\/politique\/rca-crimes-commis-par-les-mercenaires-de-wagner-les-faca-commencent-a-parler#primaryimage\"},\"image\":{\"@id\":\"https:\/\/www.africa-press.net\/centrafricaine\/politique\/rca-crimes-commis-par-les-mercenaires-de-wagner-les-faca-commencent-a-parler#primaryimage\"},\"thumbnailUrl\":\"https:\/\/static.africa-press.net\/centrafricaine\/sites\/45\/2021\/05\/img-6098fb0c3365c.jpg\",\"datePublished\":\"2021-05-10T09:37:29+00:00\",\"dateModified\":\"2021-05-10T18:44:09+00:00\",\"author\":{\"@id\":\"https:\/\/www.africa-press.net\/centrafricaine\/#\/schema\/person\/2b1cf3cd81a31e3cd26889ca66d677f1\"},\"description\":\"Kaga-Bandoro, R\u00e9publique centrafricaine, lundi, 10 mai 2021, 03:44:36 ( Corbeaunews-Centrafrique ). 24 heures ap ...\",\"breadcrumb\":{\"@id\":\"https:\/\/www.africa-press.net\/centrafricaine\/politique\/rca-crimes-commis-par-les-mercenaires-de-wagner-les-faca-commencent-a-parler#breadcrumb\"},\"inLanguage\":\"fr-FR\",\"potentialAction\":[{\"@type\":\"ReadAction\",\"target\":[\"https:\/\/www.africa-press.net\/centrafricaine\/politique\/rca-crimes-commis-par-les-mercenaires-de-wagner-les-faca-commencent-a-parler\"]}]},{\"@type\":\"ImageObject\",\"inLanguage\":\"fr-FR\",\"@id\":\"https:\/\/www.africa-press.net\/centrafricaine\/politique\/rca-crimes-commis-par-les-mercenaires-de-wagner-les-faca-commencent-a-parler#primaryimage\",\"url\":\"https:\/\/static.africa-press.net\/centrafricaine\/sites\/45\/2021\/05\/img-6098fb0c3365c.jpg\",\"contentUrl\":\"https:\/\/static.africa-press.net\/centrafricaine\/sites\/45\/2021\/05\/img-6098fb0c3365c.jpg\",\"width\":720,\"height\":479,\"caption\":\"RCA\u00a0: crimes commis par les mercenaires de Wagner, les FACA\u00a0 commencent \u00e0 parler\"},{\"@type\":\"BreadcrumbList\",\"@id\":\"https:\/\/www.africa-press.net\/centrafricaine\/politique\/rca-crimes-commis-par-les-mercenaires-de-wagner-les-faca-commencent-a-parler#breadcrumb\",\"itemListElement\":[{\"@type\":\"ListItem\",\"position\":1,\"name\":\"Accueil\",\"item\":\"https:\/\/www.africa-press.net\/centrafricaine\/\"},{\"@type\":\"ListItem\",\"position\":2,\"name\":\"crimes commis par les mercenaires de Wagner, les FACA\u00a0 commencent \u00e0 parler\"}]},{\"@type\":\"WebSite\",\"@id\":\"https:\/\/www.africa-press.net\/centrafricaine\/#website\",\"url\":\"https:\/\/www.africa-press.net\/centrafricaine\/\",\"name\":\"centrafricaine\",\"description\":\"Just another Africa News Agency Sites site\",\"potentialAction\":[{\"@type\":\"SearchAction\",\"target\":{\"@type\":\"EntryPoint\",\"urlTemplate\":\"https:\/\/www.africa-press.net\/centrafricaine\/?s={search_term_string}\"},\"query-input\":{\"@type\":\"PropertyValueSpecification\",\"valueRequired\":true,\"valueName\":\"search_term_string\"}}],\"inLanguage\":\"fr-FR\"},{\"@type\":\"Person\",\"@id\":\"https:\/\/www.africa-press.net\/centrafricaine\/#\/schema\/person\/2b1cf3cd81a31e3cd26889ca66d677f1\",\"name\":\"cfeditorfr\"}]}<\/script>\n<!-- \/ Yoast SEO Premium plugin. -->","yoast_head_json":{"title":"crimes commis par les mercenaires de Wagner, les FACA\u00a0 commencent \u00e0 parler - centrafricaine","description":"Kaga-Bandoro, R\u00e9publique centrafricaine, lundi, 10 mai 2021, 03:44:36 ( Corbeaunews-Centrafrique ). 24 heures ap ...","robots":{"index":"index","follow":"follow","max-snippet":"max-snippet:-1","max-image-preview":"max-image-preview:large","max-video-preview":"max-video-preview:-1"},"canonical":"https:\/\/www.africa-press.net\/centrafricaine\/politique\/rca-crimes-commis-par-les-mercenaires-de-wagner-les-faca-commencent-a-parler","og_locale":"fr_FR","og_type":"article","og_title":"crimes commis par les mercenaires de Wagner, les FACA\u00a0 commencent \u00e0 parler","og_description":"Kaga-Bandoro, R\u00e9publique centrafricaine, lundi, 10 mai 2021, 03:44:36 ( Corbeaunews-Centrafrique ). 24 heures ap ...","og_url":"https:\/\/www.africa-press.net\/centrafricaine\/politique\/rca-crimes-commis-par-les-mercenaires-de-wagner-les-faca-commencent-a-parler","og_site_name":"centrafricaine","article_published_time":"2021-05-10T09:37:29+00:00","article_modified_time":"2021-05-10T18:44:09+00:00","og_image":[{"width":720,"height":479,"url":"https:\/\/static.africa-press.net\/centrafricaine\/sites\/45\/2021\/05\/img-6098fb0c3365c.jpg","type":"image\/jpeg"}],"author":"cfeditorfr","twitter_card":"summary_large_image","twitter_misc":{"\u00c9crit par":"cfeditorfr","Dur\u00e9e de lecture estim\u00e9e":"2 minutes"},"schema":{"@context":"https:\/\/schema.org","@graph":[{"@type":"Article","@id":"https:\/\/www.africa-press.net\/centrafricaine\/politique\/rca-crimes-commis-par-les-mercenaires-de-wagner-les-faca-commencent-a-parler#article","isPartOf":{"@id":"https:\/\/www.africa-press.net\/centrafricaine\/politique\/rca-crimes-commis-par-les-mercenaires-de-wagner-les-faca-commencent-a-parler"},"author":{"name":"cfeditorfr","@id":"https:\/\/www.africa-press.net\/centrafricaine\/#\/schema\/person\/2b1cf3cd81a31e3cd26889ca66d677f1"},"headline":"crimes commis par les mercenaires de Wagner, les FACA\u00a0 commencent \u00e0 parler","datePublished":"2021-05-10T09:37:29+00:00","dateModified":"2021-05-10T18:44:09+00:00","mainEntityOfPage":{"@id":"https:\/\/www.africa-press.net\/centrafricaine\/politique\/rca-crimes-commis-par-les-mercenaires-de-wagner-les-faca-commencent-a-parler"},"wordCount":513,"commentCount":0,"image":{"@id":"https:\/\/www.africa-press.net\/centrafricaine\/politique\/rca-crimes-commis-par-les-mercenaires-de-wagner-les-faca-commencent-a-parler#primaryimage"},"thumbnailUrl":"https:\/\/static.africa-press.net\/centrafricaine\/sites\/45\/2021\/05\/img-6098fb0c3365c.jpg","keywords":["Africa Press","Africa Press-CentrAfricaine","CentrAfricaine"],"articleSection":["homepage-french","Politique","Top Nouvelles","Toutes les actualit\u00e9s"],"inLanguage":"fr-FR","potentialAction":[{"@type":"CommentAction","name":"Comment","target":["https:\/\/www.africa-press.net\/centrafricaine\/politique\/rca-crimes-commis-par-les-mercenaires-de-wagner-les-faca-commencent-a-parler#respond"]}]},{"@type":"WebPage","@id":"https:\/\/www.africa-press.net\/centrafricaine\/politique\/rca-crimes-commis-par-les-mercenaires-de-wagner-les-faca-commencent-a-parler","url":"https:\/\/www.africa-press.net\/centrafricaine\/politique\/rca-crimes-commis-par-les-mercenaires-de-wagner-les-faca-commencent-a-parler","name":"crimes commis par les mercenaires de Wagner, les FACA\u00a0 commencent \u00e0 parler - centrafricaine","isPartOf":{"@id":"https:\/\/www.africa-press.net\/centrafricaine\/#website"},"primaryImageOfPage":{"@id":"https:\/\/www.africa-press.net\/centrafricaine\/politique\/rca-crimes-commis-par-les-mercenaires-de-wagner-les-faca-commencent-a-parler#primaryimage"},"image":{"@id":"https:\/\/www.africa-press.net\/centrafricaine\/politique\/rca-crimes-commis-par-les-mercenaires-de-wagner-les-faca-commencent-a-parler#primaryimage"},"thumbnailUrl":"https:\/\/static.africa-press.net\/centrafricaine\/sites\/45\/2021\/05\/img-6098fb0c3365c.jpg","datePublished":"2021-05-10T09:37:29+00:00","dateModified":"2021-05-10T18:44:09+00:00","author":{"@id":"https:\/\/www.africa-press.net\/centrafricaine\/#\/schema\/person\/2b1cf3cd81a31e3cd26889ca66d677f1"},"description":"Kaga-Bandoro, R\u00e9publique centrafricaine, lundi, 10 mai 2021, 03:44:36 ( Corbeaunews-Centrafrique ). 24 heures ap ...","breadcrumb":{"@id":"https:\/\/www.africa-press.net\/centrafricaine\/politique\/rca-crimes-commis-par-les-mercenaires-de-wagner-les-faca-commencent-a-parler#breadcrumb"},"inLanguage":"fr-FR","potentialAction":[{"@type":"ReadAction","target":["https:\/\/www.africa-press.net\/centrafricaine\/politique\/rca-crimes-commis-par-les-mercenaires-de-wagner-les-faca-commencent-a-parler"]}]},{"@type":"ImageObject","inLanguage":"fr-FR","@id":"https:\/\/www.africa-press.net\/centrafricaine\/politique\/rca-crimes-commis-par-les-mercenaires-de-wagner-les-faca-commencent-a-parler#primaryimage","url":"https:\/\/static.africa-press.net\/centrafricaine\/sites\/45\/2021\/05\/img-6098fb0c3365c.jpg","contentUrl":"https:\/\/static.africa-press.net\/centrafricaine\/sites\/45\/2021\/05\/img-6098fb0c3365c.jpg","width":720,"height":479,"caption":"RCA\u00a0: crimes commis par les mercenaires de Wagner, les FACA\u00a0 commencent \u00e0 parler"},{"@type":"BreadcrumbList","@id":"https:\/\/www.africa-press.net\/centrafricaine\/politique\/rca-crimes-commis-par-les-mercenaires-de-wagner-les-faca-commencent-a-parler#breadcrumb","itemListElement":[{"@type":"ListItem","position":1,"name":"Accueil","item":"https:\/\/www.africa-press.net\/centrafricaine\/"},{"@type":"ListItem","position":2,"name":"crimes commis par les mercenaires de Wagner, les FACA\u00a0 commencent \u00e0 parler"}]},{"@type":"WebSite","@id":"https:\/\/www.africa-press.net\/centrafricaine\/#website","url":"https:\/\/www.africa-press.net\/centrafricaine\/","name":"centrafricaine","description":"Just another Africa News Agency Sites site","potentialAction":[{"@type":"SearchAction","target":{"@type":"EntryPoint","urlTemplate":"https:\/\/www.africa-press.net\/centrafricaine\/?s={search_term_string}"},"query-input":{"@type":"PropertyValueSpecification","valueRequired":true,"valueName":"search_term_string"}}],"inLanguage":"fr-FR"},{"@type":"Person","@id":"https:\/\/www.africa-press.net\/centrafricaine\/#\/schema\/person\/2b1cf3cd81a31e3cd26889ca66d677f1","name":"cfeditorfr"}]}},"_links":{"self":[{"href":"https:\/\/www.africa-press.net\/centrafricaine\/wp-json\/wp\/v2\/posts\/6726","targetHints":{"allow":["GET"]}}],"collection":[{"href":"https:\/\/www.africa-press.net\/centrafricaine\/wp-json\/wp\/v2\/posts"}],"about":[{"href":"https:\/\/www.africa-press.net\/centrafricaine\/wp-json\/wp\/v2\/types\/post"}],"author":[{"embeddable":true,"href":"https:\/\/www.africa-press.net\/centrafricaine\/wp-json\/wp\/v2\/users\/82"}],"replies":[{"embeddable":true,"href":"https:\/\/www.africa-press.net\/centrafricaine\/wp-json\/wp\/v2\/comments?post=6726"}],"version-history":[{"count":0,"href":"https:\/\/www.africa-press.net\/centrafricaine\/wp-json\/wp\/v2\/posts\/6726\/revisions"}],"wp:featuredmedia":[{"embeddable":true,"href":"https:\/\/www.africa-press.net\/centrafricaine\/wp-json\/wp\/v2\/media\/6725"}],"wp:attachment":[{"href":"https:\/\/www.africa-press.net\/centrafricaine\/wp-json\/wp\/v2\/media?parent=6726"}],"wp:term":[{"taxonomy":"category","embeddable":true,"href":"https:\/\/www.africa-press.net\/centrafricaine\/wp-json\/wp\/v2\/categories?post=6726"},{"taxonomy":"post_tag","embeddable":true,"href":"https:\/\/www.africa-press.net\/centrafricaine\/wp-json\/wp\/v2\/tags?post=6726"}],"curies":[{"name":"wp","href":"https:\/\/api.w.org\/{rel}","templated":true}]}}