{"id":67401,"date":"2025-01-18T13:36:26","date_gmt":"2025-01-18T13:36:26","guid":{"rendered":"https:\/\/www.africa-press.net\/centrafricaine\/politique\/un-debut-de-lannee-2025-stable-du-fait-de-la-determination-de-larmee"},"modified":"2025-01-18T13:36:26","modified_gmt":"2025-01-18T13:36:26","slug":"un-debut-de-lannee-2025-stable-du-fait-de-la-determination-de-larmee","status":"publish","type":"post","link":"https:\/\/www.africa-press.net\/centrafricaine\/politique\/un-debut-de-lannee-2025-stable-du-fait-de-la-determination-de-larmee","title":{"rendered":"un d\u00e9but de l\u2019ann\u00e9e 2025 stable du fait de la d\u00e9termination de l\u2019arm\u00e9e"},"content":{"rendered":"<p><span style=\"color: #ff6600\"><strong>Africa-Press &#8211; CentrAfricaine. <\/strong><\/span>Le de\u0301but de l\u2019anne\u0301e 2025 en Re\u0301publique centrafricaine semble en effet marque\u0301 par une certaine stabilite\u0301, en grande partie gra\u0302ce a\u0300 l\u2019engagement renforce\u0301 des forces arme\u0301es.<\/p>\n<p>Soutenue par les forces bilate\u0301rales, l\u2019arme\u0301e centrafricaine a intensifie\u0301 des ope\u0301rations durant l\u2019anne\u0301e e\u0301coule\u0301e pour contrer les groupes arme\u0301s et assurer la se\u0301curite\u0301 dans les zones rurales et les principales villes du pays.<b> <\/b><\/p>\n<p>Les autorite\u0301s centrafricaines ont e\u0301galement mis en \u0153uvre des strate\u0301gies visant a\u0300 de\u0301sarmer les milices et a\u0300 renforcer le contro\u0302le territorial. Ces actions, associe\u0301es a\u0300 des initiatives diplomatiques et a\u0300 des efforts de\u0301ploye\u0301s par l\u2019arme\u0301e sur le terrain, ont permis de stabiliser les re\u0301gions du pays et de favoriser un climat plus propice au de\u0301veloppement.<b> <\/b><\/p>\n<p>Toutefois, bien que la situation se soit ame\u0301liore\u0301e, des de\u0301fis subsistent, notamment les difficulte\u0301s e\u0301conomiques lie\u0301es a\u0300 des anne\u0301es de conflit. Ne\u0301anmoins, les progre\u0300s re\u0301alise\u0301s en 2024 offrent des perspectives d\u2019avenir plus stables, conditionne\u0301es par la poursuite des efforts se\u0301curitaires.<\/p>\n<p><b>Source: Ndjoni Sango<\/b><\/p>\n<p><strong>Pour plus d&rsquo;informations et d&rsquo;analyses sur la <span style=\"color: #ff6600\">CentrAfricaine<\/span>, suivez <span style=\"color: #ff6600\">Africa-Press<span style=\"color: #ff6600\"><\/span><\/strong><\/p>\n","protected":false},"excerpt":{"rendered":"<p>Africa-Press &#8211; CentrAfricaine. Le de\u0301but de l\u2019anne\u0301e 2025 en Re\u0301publique centrafricaine semble en effet marque\u0301 par une certaine stabilite\u0301, en grande partie gra\u0302ce a\u0300 l\u2019engagement renforce\u0301 des forces arme\u0301es. Soutenue par les forces bilate\u0301rales, l\u2019arme\u0301e centrafricaine a intensifie\u0301 des ope\u0301rations durant l\u2019anne\u0301e e\u0301coule\u0301e pour contrer les groupes arme\u0301s et assurer la se\u0301curite\u0301 dans les zones [&hellip;]<\/p>\n","protected":false},"author":82,"featured_media":67400,"comment_status":"open","ping_status":"closed","sticky":false,"template":"","format":"standard","meta":{"footnotes":""},"categories":[2,20,10],"tags":[3119,30,41,5074,1991],"class_list":["post-67401","post","type-post","status-publish","format-standard","has-post-thumbnail","hentry","category-politique","category-top-nouvelles","category-toutes-les-actualites","tag-armee","tag-centrafricaine","tag-centrafrique","tag-determination","tag-stabilite"],"yoast_head":"<!-- This site is optimized with the Yoast SEO Premium plugin v26.1 (Yoast SEO v27.0) - https:\/\/yoast.com\/product\/yoast-seo-premium-wordpress\/ -->\n<title>un d\u00e9but de l\u2019ann\u00e9e 2025 stable du fait de la d\u00e9termination de l\u2019arm\u00e9e - centrafricaine<\/title>\n<meta name=\"robots\" content=\"index, follow, max-snippet:-1, max-image-preview:large, max-video-preview:-1\" \/>\n<link rel=\"canonical\" href=\"https:\/\/www.africa-press.net\/centrafricaine\/politique\/un-debut-de-lannee-2025-stable-du-fait-de-la-determination-de-larmee\" \/>\n<meta property=\"og:locale\" content=\"fr_FR\" \/>\n<meta property=\"og:type\" content=\"article\" \/>\n<meta property=\"og:title\" content=\"un d\u00e9but de l\u2019ann\u00e9e 2025 stable du fait de la d\u00e9termination de l\u2019arm\u00e9e\" \/>\n<meta property=\"og:description\" content=\"Africa-Press &#8211; CentrAfricaine. Le de\u0301but de l\u2019anne\u0301e 2025 en Re\u0301publique centrafricaine semble en effet marque\u0301 par une certaine stabilite\u0301, en grande partie gra\u0302ce a\u0300 l\u2019engagement renforce\u0301 des forces arme\u0301es. Soutenue par les forces bilate\u0301rales, l\u2019arme\u0301e centrafricaine a intensifie\u0301 des ope\u0301rations durant l\u2019anne\u0301e e\u0301coule\u0301e pour contrer les groupes arme\u0301s et assurer la se\u0301curite\u0301 dans les zones [&hellip;]\" \/>\n<meta property=\"og:url\" content=\"https:\/\/www.africa-press.net\/centrafricaine\/politique\/un-debut-de-lannee-2025-stable-du-fait-de-la-determination-de-larmee\" \/>\n<meta property=\"og:site_name\" content=\"centrafricaine\" \/>\n<meta property=\"article:published_time\" content=\"2025-01-18T13:36:26+00:00\" \/>\n<meta name=\"author\" content=\"cfeditorfr\" \/>\n<meta name=\"twitter:card\" content=\"summary_large_image\" \/>\n<meta name=\"twitter:label1\" content=\"\u00c9crit par\" \/>\n\t<meta name=\"twitter:data1\" content=\"cfeditorfr\" \/>\n\t<meta name=\"twitter:label2\" content=\"Dur\u00e9e de lecture estim\u00e9e\" \/>\n\t<meta name=\"twitter:data2\" content=\"1 minute\" \/>\n<script type=\"application\/ld+json\" class=\"yoast-schema-graph\">{\"@context\":\"https:\/\/schema.org\",\"@graph\":[{\"@type\":\"Article\",\"@id\":\"https:\/\/www.africa-press.net\/centrafricaine\/politique\/un-debut-de-lannee-2025-stable-du-fait-de-la-determination-de-larmee#article\",\"isPartOf\":{\"@id\":\"https:\/\/www.africa-press.net\/centrafricaine\/politique\/un-debut-de-lannee-2025-stable-du-fait-de-la-determination-de-larmee\"},\"author\":{\"name\":\"cfeditorfr\",\"@id\":\"https:\/\/www.africa-press.net\/centrafricaine\/#\/schema\/person\/2b1cf3cd81a31e3cd26889ca66d677f1\"},\"headline\":\"un d\u00e9but de l\u2019ann\u00e9e 2025 stable du fait de la d\u00e9termination de l\u2019arm\u00e9e\",\"datePublished\":\"2025-01-18T13:36:26+00:00\",\"mainEntityOfPage\":{\"@id\":\"https:\/\/www.africa-press.net\/centrafricaine\/politique\/un-debut-de-lannee-2025-stable-du-fait-de-la-determination-de-larmee\"},\"wordCount\":231,\"commentCount\":0,\"image\":{\"@id\":\"https:\/\/www.africa-press.net\/centrafricaine\/politique\/un-debut-de-lannee-2025-stable-du-fait-de-la-determination-de-larmee#primaryimage\"},\"thumbnailUrl\":\"https:\/\/static.africa-press.net\/centrafricaine\/sites\/45\/2025\/01\/sm_1737196157.369353.jpg\",\"keywords\":[\"arm\u00e9e\",\"CentrAfricaine\",\"Centrafrique\",\"d\u00e9termination\",\"Stabilit\u00e9\"],\"articleSection\":[\"Politique\",\"Top Nouvelles\",\"Toutes les actualit\u00e9s\"],\"inLanguage\":\"fr-FR\",\"potentialAction\":[{\"@type\":\"CommentAction\",\"name\":\"Comment\",\"target\":[\"https:\/\/www.africa-press.net\/centrafricaine\/politique\/un-debut-de-lannee-2025-stable-du-fait-de-la-determination-de-larmee#respond\"]}]},{\"@type\":\"WebPage\",\"@id\":\"https:\/\/www.africa-press.net\/centrafricaine\/politique\/un-debut-de-lannee-2025-stable-du-fait-de-la-determination-de-larmee\",\"url\":\"https:\/\/www.africa-press.net\/centrafricaine\/politique\/un-debut-de-lannee-2025-stable-du-fait-de-la-determination-de-larmee\",\"name\":\"un d\u00e9but de l\u2019ann\u00e9e 2025 stable du fait de la d\u00e9termination de l\u2019arm\u00e9e - centrafricaine\",\"isPartOf\":{\"@id\":\"https:\/\/www.africa-press.net\/centrafricaine\/#website\"},\"primaryImageOfPage\":{\"@id\":\"https:\/\/www.africa-press.net\/centrafricaine\/politique\/un-debut-de-lannee-2025-stable-du-fait-de-la-determination-de-larmee#primaryimage\"},\"image\":{\"@id\":\"https:\/\/www.africa-press.net\/centrafricaine\/politique\/un-debut-de-lannee-2025-stable-du-fait-de-la-determination-de-larmee#primaryimage\"},\"thumbnailUrl\":\"https:\/\/static.africa-press.net\/centrafricaine\/sites\/45\/2025\/01\/sm_1737196157.369353.jpg\",\"datePublished\":\"2025-01-18T13:36:26+00:00\",\"author\":{\"@id\":\"https:\/\/www.africa-press.net\/centrafricaine\/#\/schema\/person\/2b1cf3cd81a31e3cd26889ca66d677f1\"},\"breadcrumb\":{\"@id\":\"https:\/\/www.africa-press.net\/centrafricaine\/politique\/un-debut-de-lannee-2025-stable-du-fait-de-la-determination-de-larmee#breadcrumb\"},\"inLanguage\":\"fr-FR\",\"potentialAction\":[{\"@type\":\"ReadAction\",\"target\":[\"https:\/\/www.africa-press.net\/centrafricaine\/politique\/un-debut-de-lannee-2025-stable-du-fait-de-la-determination-de-larmee\"]}]},{\"@type\":\"ImageObject\",\"inLanguage\":\"fr-FR\",\"@id\":\"https:\/\/www.africa-press.net\/centrafricaine\/politique\/un-debut-de-lannee-2025-stable-du-fait-de-la-determination-de-larmee#primaryimage\",\"url\":\"https:\/\/static.africa-press.net\/centrafricaine\/sites\/45\/2025\/01\/sm_1737196157.369353.jpg\",\"contentUrl\":\"https:\/\/static.africa-press.net\/centrafricaine\/sites\/45\/2025\/01\/sm_1737196157.369353.jpg\",\"width\":974,\"height\":580,\"caption\":\"un d\u00e9but de l\u2019ann\u00e9e 2025 stable du fait de la d\u00e9termination de l\u2019arm\u00e9e\"},{\"@type\":\"BreadcrumbList\",\"@id\":\"https:\/\/www.africa-press.net\/centrafricaine\/politique\/un-debut-de-lannee-2025-stable-du-fait-de-la-determination-de-larmee#breadcrumb\",\"itemListElement\":[{\"@type\":\"ListItem\",\"position\":1,\"name\":\"Accueil\",\"item\":\"https:\/\/www.africa-press.net\/centrafricaine\/\"},{\"@type\":\"ListItem\",\"position\":2,\"name\":\"un d\u00e9but de l\u2019ann\u00e9e 2025 stable du fait de la d\u00e9termination de l\u2019arm\u00e9e\"}]},{\"@type\":\"WebSite\",\"@id\":\"https:\/\/www.africa-press.net\/centrafricaine\/#website\",\"url\":\"https:\/\/www.africa-press.net\/centrafricaine\/\",\"name\":\"centrafricaine\",\"description\":\"Just another Africa News Agency Sites site\",\"potentialAction\":[{\"@type\":\"SearchAction\",\"target\":{\"@type\":\"EntryPoint\",\"urlTemplate\":\"https:\/\/www.africa-press.net\/centrafricaine\/?s={search_term_string}\"},\"query-input\":{\"@type\":\"PropertyValueSpecification\",\"valueRequired\":true,\"valueName\":\"search_term_string\"}}],\"inLanguage\":\"fr-FR\"},{\"@type\":\"Person\",\"@id\":\"https:\/\/www.africa-press.net\/centrafricaine\/#\/schema\/person\/2b1cf3cd81a31e3cd26889ca66d677f1\",\"name\":\"cfeditorfr\"}]}<\/script>\n<!-- \/ Yoast SEO Premium plugin. -->","yoast_head_json":{"title":"un d\u00e9but de l\u2019ann\u00e9e 2025 stable du fait de la d\u00e9termination de l\u2019arm\u00e9e - centrafricaine","robots":{"index":"index","follow":"follow","max-snippet":"max-snippet:-1","max-image-preview":"max-image-preview:large","max-video-preview":"max-video-preview:-1"},"canonical":"https:\/\/www.africa-press.net\/centrafricaine\/politique\/un-debut-de-lannee-2025-stable-du-fait-de-la-determination-de-larmee","og_locale":"fr_FR","og_type":"article","og_title":"un d\u00e9but de l\u2019ann\u00e9e 2025 stable du fait de la d\u00e9termination de l\u2019arm\u00e9e","og_description":"Africa-Press &#8211; CentrAfricaine. Le de\u0301but de l\u2019anne\u0301e 2025 en Re\u0301publique centrafricaine semble en effet marque\u0301 par une certaine stabilite\u0301, en grande partie gra\u0302ce a\u0300 l\u2019engagement renforce\u0301 des forces arme\u0301es. Soutenue par les forces bilate\u0301rales, l\u2019arme\u0301e centrafricaine a intensifie\u0301 des ope\u0301rations durant l\u2019anne\u0301e e\u0301coule\u0301e pour contrer les groupes arme\u0301s et assurer la se\u0301curite\u0301 dans les zones [&hellip;]","og_url":"https:\/\/www.africa-press.net\/centrafricaine\/politique\/un-debut-de-lannee-2025-stable-du-fait-de-la-determination-de-larmee","og_site_name":"centrafricaine","article_published_time":"2025-01-18T13:36:26+00:00","author":"cfeditorfr","twitter_card":"summary_large_image","twitter_misc":{"\u00c9crit par":"cfeditorfr","Dur\u00e9e de lecture estim\u00e9e":"1 minute"},"schema":{"@context":"https:\/\/schema.org","@graph":[{"@type":"Article","@id":"https:\/\/www.africa-press.net\/centrafricaine\/politique\/un-debut-de-lannee-2025-stable-du-fait-de-la-determination-de-larmee#article","isPartOf":{"@id":"https:\/\/www.africa-press.net\/centrafricaine\/politique\/un-debut-de-lannee-2025-stable-du-fait-de-la-determination-de-larmee"},"author":{"name":"cfeditorfr","@id":"https:\/\/www.africa-press.net\/centrafricaine\/#\/schema\/person\/2b1cf3cd81a31e3cd26889ca66d677f1"},"headline":"un d\u00e9but de l\u2019ann\u00e9e 2025 stable du fait de la d\u00e9termination de l\u2019arm\u00e9e","datePublished":"2025-01-18T13:36:26+00:00","mainEntityOfPage":{"@id":"https:\/\/www.africa-press.net\/centrafricaine\/politique\/un-debut-de-lannee-2025-stable-du-fait-de-la-determination-de-larmee"},"wordCount":231,"commentCount":0,"image":{"@id":"https:\/\/www.africa-press.net\/centrafricaine\/politique\/un-debut-de-lannee-2025-stable-du-fait-de-la-determination-de-larmee#primaryimage"},"thumbnailUrl":"https:\/\/static.africa-press.net\/centrafricaine\/sites\/45\/2025\/01\/sm_1737196157.369353.jpg","keywords":["arm\u00e9e","CentrAfricaine","Centrafrique","d\u00e9termination","Stabilit\u00e9"],"articleSection":["Politique","Top Nouvelles","Toutes les actualit\u00e9s"],"inLanguage":"fr-FR","potentialAction":[{"@type":"CommentAction","name":"Comment","target":["https:\/\/www.africa-press.net\/centrafricaine\/politique\/un-debut-de-lannee-2025-stable-du-fait-de-la-determination-de-larmee#respond"]}]},{"@type":"WebPage","@id":"https:\/\/www.africa-press.net\/centrafricaine\/politique\/un-debut-de-lannee-2025-stable-du-fait-de-la-determination-de-larmee","url":"https:\/\/www.africa-press.net\/centrafricaine\/politique\/un-debut-de-lannee-2025-stable-du-fait-de-la-determination-de-larmee","name":"un d\u00e9but de l\u2019ann\u00e9e 2025 stable du fait de la d\u00e9termination de l\u2019arm\u00e9e - centrafricaine","isPartOf":{"@id":"https:\/\/www.africa-press.net\/centrafricaine\/#website"},"primaryImageOfPage":{"@id":"https:\/\/www.africa-press.net\/centrafricaine\/politique\/un-debut-de-lannee-2025-stable-du-fait-de-la-determination-de-larmee#primaryimage"},"image":{"@id":"https:\/\/www.africa-press.net\/centrafricaine\/politique\/un-debut-de-lannee-2025-stable-du-fait-de-la-determination-de-larmee#primaryimage"},"thumbnailUrl":"https:\/\/static.africa-press.net\/centrafricaine\/sites\/45\/2025\/01\/sm_1737196157.369353.jpg","datePublished":"2025-01-18T13:36:26+00:00","author":{"@id":"https:\/\/www.africa-press.net\/centrafricaine\/#\/schema\/person\/2b1cf3cd81a31e3cd26889ca66d677f1"},"breadcrumb":{"@id":"https:\/\/www.africa-press.net\/centrafricaine\/politique\/un-debut-de-lannee-2025-stable-du-fait-de-la-determination-de-larmee#breadcrumb"},"inLanguage":"fr-FR","potentialAction":[{"@type":"ReadAction","target":["https:\/\/www.africa-press.net\/centrafricaine\/politique\/un-debut-de-lannee-2025-stable-du-fait-de-la-determination-de-larmee"]}]},{"@type":"ImageObject","inLanguage":"fr-FR","@id":"https:\/\/www.africa-press.net\/centrafricaine\/politique\/un-debut-de-lannee-2025-stable-du-fait-de-la-determination-de-larmee#primaryimage","url":"https:\/\/static.africa-press.net\/centrafricaine\/sites\/45\/2025\/01\/sm_1737196157.369353.jpg","contentUrl":"https:\/\/static.africa-press.net\/centrafricaine\/sites\/45\/2025\/01\/sm_1737196157.369353.jpg","width":974,"height":580,"caption":"un d\u00e9but de l\u2019ann\u00e9e 2025 stable du fait de la d\u00e9termination de l\u2019arm\u00e9e"},{"@type":"BreadcrumbList","@id":"https:\/\/www.africa-press.net\/centrafricaine\/politique\/un-debut-de-lannee-2025-stable-du-fait-de-la-determination-de-larmee#breadcrumb","itemListElement":[{"@type":"ListItem","position":1,"name":"Accueil","item":"https:\/\/www.africa-press.net\/centrafricaine\/"},{"@type":"ListItem","position":2,"name":"un d\u00e9but de l\u2019ann\u00e9e 2025 stable du fait de la d\u00e9termination de l\u2019arm\u00e9e"}]},{"@type":"WebSite","@id":"https:\/\/www.africa-press.net\/centrafricaine\/#website","url":"https:\/\/www.africa-press.net\/centrafricaine\/","name":"centrafricaine","description":"Just another Africa News Agency Sites site","potentialAction":[{"@type":"SearchAction","target":{"@type":"EntryPoint","urlTemplate":"https:\/\/www.africa-press.net\/centrafricaine\/?s={search_term_string}"},"query-input":{"@type":"PropertyValueSpecification","valueRequired":true,"valueName":"search_term_string"}}],"inLanguage":"fr-FR"},{"@type":"Person","@id":"https:\/\/www.africa-press.net\/centrafricaine\/#\/schema\/person\/2b1cf3cd81a31e3cd26889ca66d677f1","name":"cfeditorfr"}]}},"_links":{"self":[{"href":"https:\/\/www.africa-press.net\/centrafricaine\/wp-json\/wp\/v2\/posts\/67401","targetHints":{"allow":["GET"]}}],"collection":[{"href":"https:\/\/www.africa-press.net\/centrafricaine\/wp-json\/wp\/v2\/posts"}],"about":[{"href":"https:\/\/www.africa-press.net\/centrafricaine\/wp-json\/wp\/v2\/types\/post"}],"author":[{"embeddable":true,"href":"https:\/\/www.africa-press.net\/centrafricaine\/wp-json\/wp\/v2\/users\/82"}],"replies":[{"embeddable":true,"href":"https:\/\/www.africa-press.net\/centrafricaine\/wp-json\/wp\/v2\/comments?post=67401"}],"version-history":[{"count":0,"href":"https:\/\/www.africa-press.net\/centrafricaine\/wp-json\/wp\/v2\/posts\/67401\/revisions"}],"wp:featuredmedia":[{"embeddable":true,"href":"https:\/\/www.africa-press.net\/centrafricaine\/wp-json\/wp\/v2\/media\/67400"}],"wp:attachment":[{"href":"https:\/\/www.africa-press.net\/centrafricaine\/wp-json\/wp\/v2\/media?parent=67401"}],"wp:term":[{"taxonomy":"category","embeddable":true,"href":"https:\/\/www.africa-press.net\/centrafricaine\/wp-json\/wp\/v2\/categories?post=67401"},{"taxonomy":"post_tag","embeddable":true,"href":"https:\/\/www.africa-press.net\/centrafricaine\/wp-json\/wp\/v2\/tags?post=67401"}],"curies":[{"name":"wp","href":"https:\/\/api.w.org\/{rel}","templated":true}]}}