{"id":67413,"date":"2025-01-18T13:36:19","date_gmt":"2025-01-18T13:36:19","guid":{"rendered":"https:\/\/www.africa-press.net\/centrafricaine\/politique\/arrestation-du-chef-rebelle-armel-sayo-au-cameroun-par-la-police"},"modified":"2025-01-18T13:36:19","modified_gmt":"2025-01-18T13:36:19","slug":"arrestation-du-chef-rebelle-armel-sayo-au-cameroun-par-la-police","status":"publish","type":"post","link":"https:\/\/www.africa-press.net\/centrafricaine\/politique\/arrestation-du-chef-rebelle-armel-sayo-au-cameroun-par-la-police","title":{"rendered":"arrestation du chef rebelle Armel Sayo au Cameroun par la police"},"content":{"rendered":"<p><span style=\"color: #ff6600\"><strong>Africa-Press &#8211; CentrAfricaine. <\/strong><\/span>L\u2019ancien ministre centrafricain et chef rebelle, Armel Sayo a e\u0301te\u0301 arre\u0302te\u0301 dans la journe\u0301e du vendredi 17 janvier courant par la police camerounaise. Son arrestation a eu lieu dans un contexte de tensions lie\u0301es aux mouvements rebelles et aux conflits en Re\u0301publique centrafricaine, ou\u0300 il a cre\u0301e\u0301 vers fin 2024 un groupe arme\u0301 de\u0301nomme\u0301 Conseil militaire pour le salut du peuple et le redressement (CMSPR).<\/p>\n<p>L\u2019arrestation d\u2019<b>Armel Sayo<\/b> qui a surpris plus d\u2019un, a aussito\u0302t inonde\u0301 les re\u0301seaux sociaux. Me\u0302me si aucune de\u0301claration officielle n\u2019est encore faite, mais le chef du groupe arme\u0301 CMSPR a e\u0301te\u0301 clair dans son projet visant a\u0300 renverser le re\u0301gime de Touadera lorsqu\u2019il s\u2019est confie\u0301 me\u0301dia en ligne centrafricain \u00ab centrafrica.com \u00bb<\/p>\n<p>\u00ab <b>Absolument ! L\u2019envergure de nos actions s\u2019e\u0301tendra jusqu\u2019a\u0300 la chute de ce re\u0301gime, a\u0300 savoir le de\u0301part de Touadera. Notre lutte s\u2019adresse personnellement a\u0300 Touadera et sa clique que nous devons e\u0301radiquer <\/b>\u00bb, a de\u0301clare\u0301<b> Armel Sayo<\/b> dans une interview exclusive a\u0300 Centrafrica.<\/p>\n<p>Ces derniers temps, ses combattants sur le terrain ont lance\u0301 des attaques contre les positions des forces arme\u0301es centrafricaines vers Kouki, dans le nord de la Re\u0301publique centrafricaine.<\/p>\n<p><b>Armel Sayo<\/b>, l\u2019un des signataires de l\u2019accord de paix du 6 fe\u0301vrier 2019 avec le gouvernement, a e\u0301te\u0301 appre\u0301hende\u0301 a\u0300 l\u2019ae\u0301roport de Douala au moment ou\u0300 il s\u2019appre\u0302tait pour s\u2019envoler au Soudan.<\/p>\n<p>Les circonstances ayant conduit a\u0300 son arrestation sont reste\u0301es secret de\u0301fense. Mais, toutefois, Ndjoni Sango donnera dans les heures qui suivent, les plus amples de\u0301tails des circonstances dans lesquelles il a e\u0301te\u0301 arre\u0302te\u0301.<\/p>\n<p><b>Source: Ndjoni Sango<\/b><\/p>\n<p><strong>Pour plus d&rsquo;informations et d&rsquo;analyses sur la <span style=\"color: #ff6600\">CentrAfricaine<\/span>, suivez <span style=\"color: #ff6600\">Africa-Press<span style=\"color: #ff6600\"><\/span><\/strong><\/p>\n","protected":false},"excerpt":{"rendered":"<p>Africa-Press &#8211; CentrAfricaine. L\u2019ancien ministre centrafricain et chef rebelle, Armel Sayo a e\u0301te\u0301 arre\u0302te\u0301 dans la journe\u0301e du vendredi 17 janvier courant par la police camerounaise. Son arrestation a eu lieu dans un contexte de tensions lie\u0301es aux mouvements rebelles et aux conflits en Re\u0301publique centrafricaine, ou\u0300 il a cre\u0301e\u0301 vers fin 2024 un groupe [&hellip;]<\/p>\n","protected":false},"author":82,"featured_media":67412,"comment_status":"open","ping_status":"closed","sticky":false,"template":"","format":"standard","meta":{"footnotes":""},"categories":[2,10],"tags":[5581,451,91,30,41],"class_list":["post-67413","post","type-post","status-publish","format-standard","has-post-thumbnail","hentry","category-politique","category-toutes-les-actualites","tag-armel-sayo","tag-arrestation","tag-cameroun","tag-centrafricaine","tag-centrafrique"],"yoast_head":"<!-- This site is optimized with the Yoast SEO Premium plugin v26.1 (Yoast SEO v27.0) - https:\/\/yoast.com\/product\/yoast-seo-premium-wordpress\/ -->\n<title>arrestation du chef rebelle Armel Sayo au Cameroun par la police - centrafricaine<\/title>\n<meta name=\"robots\" content=\"index, follow, max-snippet:-1, max-image-preview:large, max-video-preview:-1\" \/>\n<link rel=\"canonical\" href=\"https:\/\/www.africa-press.net\/centrafricaine\/politique\/arrestation-du-chef-rebelle-armel-sayo-au-cameroun-par-la-police\" \/>\n<meta property=\"og:locale\" content=\"fr_FR\" \/>\n<meta property=\"og:type\" content=\"article\" \/>\n<meta property=\"og:title\" content=\"arrestation du chef rebelle Armel Sayo au Cameroun par la police\" \/>\n<meta property=\"og:description\" content=\"Africa-Press &#8211; CentrAfricaine. L\u2019ancien ministre centrafricain et chef rebelle, Armel Sayo a e\u0301te\u0301 arre\u0302te\u0301 dans la journe\u0301e du vendredi 17 janvier courant par la police camerounaise. Son arrestation a eu lieu dans un contexte de tensions lie\u0301es aux mouvements rebelles et aux conflits en Re\u0301publique centrafricaine, ou\u0300 il a cre\u0301e\u0301 vers fin 2024 un groupe [&hellip;]\" \/>\n<meta property=\"og:url\" content=\"https:\/\/www.africa-press.net\/centrafricaine\/politique\/arrestation-du-chef-rebelle-armel-sayo-au-cameroun-par-la-police\" \/>\n<meta property=\"og:site_name\" content=\"centrafricaine\" \/>\n<meta property=\"article:published_time\" content=\"2025-01-18T13:36:19+00:00\" \/>\n<meta name=\"author\" content=\"cfeditorfr\" \/>\n<meta name=\"twitter:card\" content=\"summary_large_image\" \/>\n<meta name=\"twitter:label1\" content=\"\u00c9crit par\" \/>\n\t<meta name=\"twitter:data1\" content=\"cfeditorfr\" \/>\n\t<meta name=\"twitter:label2\" content=\"Dur\u00e9e de lecture estim\u00e9e\" \/>\n\t<meta name=\"twitter:data2\" content=\"2 minutes\" \/>\n<script type=\"application\/ld+json\" class=\"yoast-schema-graph\">{\"@context\":\"https:\/\/schema.org\",\"@graph\":[{\"@type\":\"Article\",\"@id\":\"https:\/\/www.africa-press.net\/centrafricaine\/politique\/arrestation-du-chef-rebelle-armel-sayo-au-cameroun-par-la-police#article\",\"isPartOf\":{\"@id\":\"https:\/\/www.africa-press.net\/centrafricaine\/politique\/arrestation-du-chef-rebelle-armel-sayo-au-cameroun-par-la-police\"},\"author\":{\"name\":\"cfeditorfr\",\"@id\":\"https:\/\/www.africa-press.net\/centrafricaine\/#\/schema\/person\/2b1cf3cd81a31e3cd26889ca66d677f1\"},\"headline\":\"arrestation du chef rebelle Armel Sayo au Cameroun par la police\",\"datePublished\":\"2025-01-18T13:36:19+00:00\",\"mainEntityOfPage\":{\"@id\":\"https:\/\/www.africa-press.net\/centrafricaine\/politique\/arrestation-du-chef-rebelle-armel-sayo-au-cameroun-par-la-police\"},\"wordCount\":322,\"commentCount\":0,\"image\":{\"@id\":\"https:\/\/www.africa-press.net\/centrafricaine\/politique\/arrestation-du-chef-rebelle-armel-sayo-au-cameroun-par-la-police#primaryimage\"},\"thumbnailUrl\":\"https:\/\/static.africa-press.net\/centrafricaine\/sites\/45\/2025\/01\/sm_1737196222.179172.jpg\",\"keywords\":[\"Armel Sayo\",\"arrestation\",\"Cameroun\",\"CentrAfricaine\",\"Centrafrique\"],\"articleSection\":[\"Politique\",\"Toutes les actualit\u00e9s\"],\"inLanguage\":\"fr-FR\",\"potentialAction\":[{\"@type\":\"CommentAction\",\"name\":\"Comment\",\"target\":[\"https:\/\/www.africa-press.net\/centrafricaine\/politique\/arrestation-du-chef-rebelle-armel-sayo-au-cameroun-par-la-police#respond\"]}]},{\"@type\":\"WebPage\",\"@id\":\"https:\/\/www.africa-press.net\/centrafricaine\/politique\/arrestation-du-chef-rebelle-armel-sayo-au-cameroun-par-la-police\",\"url\":\"https:\/\/www.africa-press.net\/centrafricaine\/politique\/arrestation-du-chef-rebelle-armel-sayo-au-cameroun-par-la-police\",\"name\":\"arrestation du chef rebelle Armel Sayo au Cameroun par la police - centrafricaine\",\"isPartOf\":{\"@id\":\"https:\/\/www.africa-press.net\/centrafricaine\/#website\"},\"primaryImageOfPage\":{\"@id\":\"https:\/\/www.africa-press.net\/centrafricaine\/politique\/arrestation-du-chef-rebelle-armel-sayo-au-cameroun-par-la-police#primaryimage\"},\"image\":{\"@id\":\"https:\/\/www.africa-press.net\/centrafricaine\/politique\/arrestation-du-chef-rebelle-armel-sayo-au-cameroun-par-la-police#primaryimage\"},\"thumbnailUrl\":\"https:\/\/static.africa-press.net\/centrafricaine\/sites\/45\/2025\/01\/sm_1737196222.179172.jpg\",\"datePublished\":\"2025-01-18T13:36:19+00:00\",\"author\":{\"@id\":\"https:\/\/www.africa-press.net\/centrafricaine\/#\/schema\/person\/2b1cf3cd81a31e3cd26889ca66d677f1\"},\"breadcrumb\":{\"@id\":\"https:\/\/www.africa-press.net\/centrafricaine\/politique\/arrestation-du-chef-rebelle-armel-sayo-au-cameroun-par-la-police#breadcrumb\"},\"inLanguage\":\"fr-FR\",\"potentialAction\":[{\"@type\":\"ReadAction\",\"target\":[\"https:\/\/www.africa-press.net\/centrafricaine\/politique\/arrestation-du-chef-rebelle-armel-sayo-au-cameroun-par-la-police\"]}]},{\"@type\":\"ImageObject\",\"inLanguage\":\"fr-FR\",\"@id\":\"https:\/\/www.africa-press.net\/centrafricaine\/politique\/arrestation-du-chef-rebelle-armel-sayo-au-cameroun-par-la-police#primaryimage\",\"url\":\"https:\/\/static.africa-press.net\/centrafricaine\/sites\/45\/2025\/01\/sm_1737196222.179172.jpg\",\"contentUrl\":\"https:\/\/static.africa-press.net\/centrafricaine\/sites\/45\/2025\/01\/sm_1737196222.179172.jpg\",\"width\":712,\"height\":437,\"caption\":\"arrestation du chef rebelle Armel Sayo au Cameroun par la police\"},{\"@type\":\"BreadcrumbList\",\"@id\":\"https:\/\/www.africa-press.net\/centrafricaine\/politique\/arrestation-du-chef-rebelle-armel-sayo-au-cameroun-par-la-police#breadcrumb\",\"itemListElement\":[{\"@type\":\"ListItem\",\"position\":1,\"name\":\"Accueil\",\"item\":\"https:\/\/www.africa-press.net\/centrafricaine\/\"},{\"@type\":\"ListItem\",\"position\":2,\"name\":\"arrestation du chef rebelle Armel Sayo au Cameroun par la police\"}]},{\"@type\":\"WebSite\",\"@id\":\"https:\/\/www.africa-press.net\/centrafricaine\/#website\",\"url\":\"https:\/\/www.africa-press.net\/centrafricaine\/\",\"name\":\"centrafricaine\",\"description\":\"Just another Africa News Agency Sites site\",\"potentialAction\":[{\"@type\":\"SearchAction\",\"target\":{\"@type\":\"EntryPoint\",\"urlTemplate\":\"https:\/\/www.africa-press.net\/centrafricaine\/?s={search_term_string}\"},\"query-input\":{\"@type\":\"PropertyValueSpecification\",\"valueRequired\":true,\"valueName\":\"search_term_string\"}}],\"inLanguage\":\"fr-FR\"},{\"@type\":\"Person\",\"@id\":\"https:\/\/www.africa-press.net\/centrafricaine\/#\/schema\/person\/2b1cf3cd81a31e3cd26889ca66d677f1\",\"name\":\"cfeditorfr\"}]}<\/script>\n<!-- \/ Yoast SEO Premium plugin. -->","yoast_head_json":{"title":"arrestation du chef rebelle Armel Sayo au Cameroun par la police - centrafricaine","robots":{"index":"index","follow":"follow","max-snippet":"max-snippet:-1","max-image-preview":"max-image-preview:large","max-video-preview":"max-video-preview:-1"},"canonical":"https:\/\/www.africa-press.net\/centrafricaine\/politique\/arrestation-du-chef-rebelle-armel-sayo-au-cameroun-par-la-police","og_locale":"fr_FR","og_type":"article","og_title":"arrestation du chef rebelle Armel Sayo au Cameroun par la police","og_description":"Africa-Press &#8211; CentrAfricaine. L\u2019ancien ministre centrafricain et chef rebelle, Armel Sayo a e\u0301te\u0301 arre\u0302te\u0301 dans la journe\u0301e du vendredi 17 janvier courant par la police camerounaise. Son arrestation a eu lieu dans un contexte de tensions lie\u0301es aux mouvements rebelles et aux conflits en Re\u0301publique centrafricaine, ou\u0300 il a cre\u0301e\u0301 vers fin 2024 un groupe [&hellip;]","og_url":"https:\/\/www.africa-press.net\/centrafricaine\/politique\/arrestation-du-chef-rebelle-armel-sayo-au-cameroun-par-la-police","og_site_name":"centrafricaine","article_published_time":"2025-01-18T13:36:19+00:00","author":"cfeditorfr","twitter_card":"summary_large_image","twitter_misc":{"\u00c9crit par":"cfeditorfr","Dur\u00e9e de lecture estim\u00e9e":"2 minutes"},"schema":{"@context":"https:\/\/schema.org","@graph":[{"@type":"Article","@id":"https:\/\/www.africa-press.net\/centrafricaine\/politique\/arrestation-du-chef-rebelle-armel-sayo-au-cameroun-par-la-police#article","isPartOf":{"@id":"https:\/\/www.africa-press.net\/centrafricaine\/politique\/arrestation-du-chef-rebelle-armel-sayo-au-cameroun-par-la-police"},"author":{"name":"cfeditorfr","@id":"https:\/\/www.africa-press.net\/centrafricaine\/#\/schema\/person\/2b1cf3cd81a31e3cd26889ca66d677f1"},"headline":"arrestation du chef rebelle Armel Sayo au Cameroun par la police","datePublished":"2025-01-18T13:36:19+00:00","mainEntityOfPage":{"@id":"https:\/\/www.africa-press.net\/centrafricaine\/politique\/arrestation-du-chef-rebelle-armel-sayo-au-cameroun-par-la-police"},"wordCount":322,"commentCount":0,"image":{"@id":"https:\/\/www.africa-press.net\/centrafricaine\/politique\/arrestation-du-chef-rebelle-armel-sayo-au-cameroun-par-la-police#primaryimage"},"thumbnailUrl":"https:\/\/static.africa-press.net\/centrafricaine\/sites\/45\/2025\/01\/sm_1737196222.179172.jpg","keywords":["Armel Sayo","arrestation","Cameroun","CentrAfricaine","Centrafrique"],"articleSection":["Politique","Toutes les actualit\u00e9s"],"inLanguage":"fr-FR","potentialAction":[{"@type":"CommentAction","name":"Comment","target":["https:\/\/www.africa-press.net\/centrafricaine\/politique\/arrestation-du-chef-rebelle-armel-sayo-au-cameroun-par-la-police#respond"]}]},{"@type":"WebPage","@id":"https:\/\/www.africa-press.net\/centrafricaine\/politique\/arrestation-du-chef-rebelle-armel-sayo-au-cameroun-par-la-police","url":"https:\/\/www.africa-press.net\/centrafricaine\/politique\/arrestation-du-chef-rebelle-armel-sayo-au-cameroun-par-la-police","name":"arrestation du chef rebelle Armel Sayo au Cameroun par la police - centrafricaine","isPartOf":{"@id":"https:\/\/www.africa-press.net\/centrafricaine\/#website"},"primaryImageOfPage":{"@id":"https:\/\/www.africa-press.net\/centrafricaine\/politique\/arrestation-du-chef-rebelle-armel-sayo-au-cameroun-par-la-police#primaryimage"},"image":{"@id":"https:\/\/www.africa-press.net\/centrafricaine\/politique\/arrestation-du-chef-rebelle-armel-sayo-au-cameroun-par-la-police#primaryimage"},"thumbnailUrl":"https:\/\/static.africa-press.net\/centrafricaine\/sites\/45\/2025\/01\/sm_1737196222.179172.jpg","datePublished":"2025-01-18T13:36:19+00:00","author":{"@id":"https:\/\/www.africa-press.net\/centrafricaine\/#\/schema\/person\/2b1cf3cd81a31e3cd26889ca66d677f1"},"breadcrumb":{"@id":"https:\/\/www.africa-press.net\/centrafricaine\/politique\/arrestation-du-chef-rebelle-armel-sayo-au-cameroun-par-la-police#breadcrumb"},"inLanguage":"fr-FR","potentialAction":[{"@type":"ReadAction","target":["https:\/\/www.africa-press.net\/centrafricaine\/politique\/arrestation-du-chef-rebelle-armel-sayo-au-cameroun-par-la-police"]}]},{"@type":"ImageObject","inLanguage":"fr-FR","@id":"https:\/\/www.africa-press.net\/centrafricaine\/politique\/arrestation-du-chef-rebelle-armel-sayo-au-cameroun-par-la-police#primaryimage","url":"https:\/\/static.africa-press.net\/centrafricaine\/sites\/45\/2025\/01\/sm_1737196222.179172.jpg","contentUrl":"https:\/\/static.africa-press.net\/centrafricaine\/sites\/45\/2025\/01\/sm_1737196222.179172.jpg","width":712,"height":437,"caption":"arrestation du chef rebelle Armel Sayo au Cameroun par la police"},{"@type":"BreadcrumbList","@id":"https:\/\/www.africa-press.net\/centrafricaine\/politique\/arrestation-du-chef-rebelle-armel-sayo-au-cameroun-par-la-police#breadcrumb","itemListElement":[{"@type":"ListItem","position":1,"name":"Accueil","item":"https:\/\/www.africa-press.net\/centrafricaine\/"},{"@type":"ListItem","position":2,"name":"arrestation du chef rebelle Armel Sayo au Cameroun par la police"}]},{"@type":"WebSite","@id":"https:\/\/www.africa-press.net\/centrafricaine\/#website","url":"https:\/\/www.africa-press.net\/centrafricaine\/","name":"centrafricaine","description":"Just another Africa News Agency Sites site","potentialAction":[{"@type":"SearchAction","target":{"@type":"EntryPoint","urlTemplate":"https:\/\/www.africa-press.net\/centrafricaine\/?s={search_term_string}"},"query-input":{"@type":"PropertyValueSpecification","valueRequired":true,"valueName":"search_term_string"}}],"inLanguage":"fr-FR"},{"@type":"Person","@id":"https:\/\/www.africa-press.net\/centrafricaine\/#\/schema\/person\/2b1cf3cd81a31e3cd26889ca66d677f1","name":"cfeditorfr"}]}},"_links":{"self":[{"href":"https:\/\/www.africa-press.net\/centrafricaine\/wp-json\/wp\/v2\/posts\/67413","targetHints":{"allow":["GET"]}}],"collection":[{"href":"https:\/\/www.africa-press.net\/centrafricaine\/wp-json\/wp\/v2\/posts"}],"about":[{"href":"https:\/\/www.africa-press.net\/centrafricaine\/wp-json\/wp\/v2\/types\/post"}],"author":[{"embeddable":true,"href":"https:\/\/www.africa-press.net\/centrafricaine\/wp-json\/wp\/v2\/users\/82"}],"replies":[{"embeddable":true,"href":"https:\/\/www.africa-press.net\/centrafricaine\/wp-json\/wp\/v2\/comments?post=67413"}],"version-history":[{"count":0,"href":"https:\/\/www.africa-press.net\/centrafricaine\/wp-json\/wp\/v2\/posts\/67413\/revisions"}],"wp:featuredmedia":[{"embeddable":true,"href":"https:\/\/www.africa-press.net\/centrafricaine\/wp-json\/wp\/v2\/media\/67412"}],"wp:attachment":[{"href":"https:\/\/www.africa-press.net\/centrafricaine\/wp-json\/wp\/v2\/media?parent=67413"}],"wp:term":[{"taxonomy":"category","embeddable":true,"href":"https:\/\/www.africa-press.net\/centrafricaine\/wp-json\/wp\/v2\/categories?post=67413"},{"taxonomy":"post_tag","embeddable":true,"href":"https:\/\/www.africa-press.net\/centrafricaine\/wp-json\/wp\/v2\/tags?post=67413"}],"curies":[{"name":"wp","href":"https:\/\/api.w.org\/{rel}","templated":true}]}}