{"id":6754,"date":"2021-05-11T11:13:25","date_gmt":"2021-05-11T11:13:25","guid":{"rendered":"https:\/\/www.africa-press.net\/centrafricaine\/?p=6754"},"modified":"2021-05-11T14:53:03","modified_gmt":"2021-05-11T14:53:03","slug":"rca-les-casques-bleus-de-la-minusca-sont-de-retour-a-bakouma","status":"publish","type":"post","link":"https:\/\/www.africa-press.net\/centrafricaine\/politique\/rca-les-casques-bleus-de-la-minusca-sont-de-retour-a-bakouma","title":{"rendered":"les casques-bleus de la Minusca sont de retour \u00e0 Bakouma"},"content":{"rendered":"<p><span style=\"color: #ff6600\"><strong><a href=\"https:\/\/www.africa-press.net\/\">Africa-Press<\/a> &#8211; <a href=\"https:\/\/www.africa-press.net\/centrafricaine\">CentrAfricaine<\/a>. <\/strong><\/span><b>\u00a0Dans le cadre des \u00e9lections l\u00e9gislatives qui auront lieu dimanche 23 mai prochain, plus de 300 casques bleus de la Mission multidimensionnelle int\u00e9gr\u00e9e des Nations Unies pour la stabilisation en R\u00e9publique centrafricaine (MINUSCA) sont d\u00e9ploy\u00e9s depuis dimanche matin \u00e0 Bakouma o\u00f9 ils proc\u00e8dent \u00e0 la s\u00e9curisation de cette ville situ\u00e9e \u00e0 130 km au nord de Bangassou, dans la pr\u00e9fecture de Mbomou.<\/b><\/p>\n<p>L\u2019arriv\u00e9e de 300 casques bleus appuy\u00e9s par des blind\u00e9s s\u2019est faite sans incidents et a \u00e9t\u00e9 pr\u00e9c\u00e9d\u00e9e de la restauration, par le g\u00e9nie militaire de la MINUSCA, des ponts liant Bakouma au reste de la pr\u00e9fecture. Ces infrastructures avaient \u00e9t\u00e9 d\u00e9truites il y a quelques semaines par les groupes arm\u00e9s coalis\u00e9s, dont l\u2019UPC, emp\u00eachant tout acc\u00e8s de v\u00e9hicules \u00e0 la ville.<\/p>\n<p>Le d\u00e9ploiement de la Force de la MINUSCA contribuera \u00e0 la protection de la population et \u00e0 l\u2019organisation des \u00e9lections l\u00e9gislatives dans cette ville situ\u00e9e au sud de la RCA. Bakouma fait partie des localit\u00e9s o\u00f9 la situation s\u00e9curitaire avait emp\u00each\u00e9 la tenue des scrutins du 27 d\u00e9cembre et 14 mars.<\/p>\n<p>Le Repr\u00e9sentant sp\u00e9cial du Secr\u00e9taire g\u00e9n\u00e9ral des Nations unies en RCA, Mankeur Ndiaye, r\u00e9affirme l\u2019engagement de la MINUSCA dans l\u2019ex\u00e9cution de son mandat, notamment l\u2019appui \u00e0 la protection des populations civiles, la r\u00e9duction de la pr\u00e9sence et la menace des groupes arm\u00e9s et l\u2019extension de l\u2019autorit\u00e9 de l\u2019Etat, en coop\u00e9ration avec le Gouvernement centrafricain conform\u00e9ment \u00e0 la r\u00e9solution 2552 du Conseil de s\u00e9curit\u00e9 des Nations unies.<\/p>\n","protected":false},"excerpt":{"rendered":"<p>Africa-Press &#8211; CentrAfricaine. \u00a0Dans le cadre des \u00e9lections l\u00e9gislatives qui auront lieu dimanche 23 mai prochain, plus de 300 casques bleus de la Mission multidimensionnelle int\u00e9gr\u00e9e des Nations Unies pour la stabilisation en R\u00e9publique centrafricaine (MINUSCA) sont d\u00e9ploy\u00e9s depuis dimanche matin \u00e0 Bakouma o\u00f9 ils proc\u00e8dent \u00e0 la s\u00e9curisation de cette ville situ\u00e9e \u00e0 130 [&hellip;]<\/p>\n","protected":false},"author":82,"featured_media":6753,"comment_status":"open","ping_status":"closed","sticky":false,"template":"","format":"standard","meta":{"footnotes":""},"categories":[11,2,10],"tags":[36,58,30],"class_list":["post-6754","post","type-post","status-publish","format-standard","has-post-thumbnail","hentry","category-homepage-french","category-politique","category-toutes-les-actualites","tag-africa-press","tag-africa-press-centrafricaine","tag-centrafricaine"],"yoast_head":"<!-- This site is optimized with the Yoast SEO Premium plugin v26.1 (Yoast SEO v27.0) - https:\/\/yoast.com\/product\/yoast-seo-premium-wordpress\/ -->\n<title>les casques-bleus de la Minusca sont de retour \u00e0 Bakouma - centrafricaine<\/title>\n<meta name=\"description\" content=\"Bangui, R\u00e9publique centrafricaine, mardi, 11 mai 2021 ( Corbeaunews-Centrafrique). Dans le cadre des \u00e9lections l\u00e9gi ...\" \/>\n<meta name=\"robots\" content=\"index, follow, max-snippet:-1, max-image-preview:large, max-video-preview:-1\" \/>\n<link rel=\"canonical\" href=\"https:\/\/www.africa-press.net\/centrafricaine\/politique\/rca-les-casques-bleus-de-la-minusca-sont-de-retour-a-bakouma\" \/>\n<meta property=\"og:locale\" content=\"fr_FR\" \/>\n<meta property=\"og:type\" content=\"article\" \/>\n<meta property=\"og:title\" content=\"les casques-bleus de la Minusca sont de retour \u00e0 Bakouma\" \/>\n<meta property=\"og:description\" content=\"Bangui, R\u00e9publique centrafricaine, mardi, 11 mai 2021 ( Corbeaunews-Centrafrique). Dans le cadre des \u00e9lections l\u00e9gi ...\" \/>\n<meta property=\"og:url\" content=\"https:\/\/www.africa-press.net\/centrafricaine\/politique\/rca-les-casques-bleus-de-la-minusca-sont-de-retour-a-bakouma\" \/>\n<meta property=\"og:site_name\" content=\"centrafricaine\" \/>\n<meta property=\"article:published_time\" content=\"2021-05-11T11:13:25+00:00\" \/>\n<meta property=\"article:modified_time\" content=\"2021-05-11T14:53:03+00:00\" \/>\n<meta property=\"og:image\" content=\"https:\/\/static.africa-press.net\/centrafricaine\/sites\/45\/2021\/05\/img-609a5f825e4a3.jpg\" \/>\n\t<meta property=\"og:image:width\" content=\"750\" \/>\n\t<meta property=\"og:image:height\" content=\"500\" \/>\n\t<meta property=\"og:image:type\" content=\"image\/jpeg\" \/>\n<meta name=\"author\" content=\"cfeditorfr\" \/>\n<meta name=\"twitter:card\" content=\"summary_large_image\" \/>\n<meta name=\"twitter:label1\" content=\"\u00c9crit par\" \/>\n\t<meta name=\"twitter:data1\" content=\"cfeditorfr\" \/>\n\t<meta name=\"twitter:label2\" content=\"Dur\u00e9e de lecture estim\u00e9e\" \/>\n\t<meta name=\"twitter:data2\" content=\"2 minutes\" \/>\n<script type=\"application\/ld+json\" class=\"yoast-schema-graph\">{\"@context\":\"https:\/\/schema.org\",\"@graph\":[{\"@type\":\"Article\",\"@id\":\"https:\/\/www.africa-press.net\/centrafricaine\/politique\/rca-les-casques-bleus-de-la-minusca-sont-de-retour-a-bakouma#article\",\"isPartOf\":{\"@id\":\"https:\/\/www.africa-press.net\/centrafricaine\/politique\/rca-les-casques-bleus-de-la-minusca-sont-de-retour-a-bakouma\"},\"author\":{\"name\":\"cfeditorfr\",\"@id\":\"https:\/\/www.africa-press.net\/centrafricaine\/#\/schema\/person\/2b1cf3cd81a31e3cd26889ca66d677f1\"},\"headline\":\"les casques-bleus de la Minusca sont de retour \u00e0 Bakouma\",\"datePublished\":\"2021-05-11T11:13:25+00:00\",\"dateModified\":\"2021-05-11T14:53:03+00:00\",\"mainEntityOfPage\":{\"@id\":\"https:\/\/www.africa-press.net\/centrafricaine\/politique\/rca-les-casques-bleus-de-la-minusca-sont-de-retour-a-bakouma\"},\"wordCount\":292,\"commentCount\":0,\"image\":{\"@id\":\"https:\/\/www.africa-press.net\/centrafricaine\/politique\/rca-les-casques-bleus-de-la-minusca-sont-de-retour-a-bakouma#primaryimage\"},\"thumbnailUrl\":\"https:\/\/static.africa-press.net\/centrafricaine\/sites\/45\/2021\/05\/img-609a5f825e4a3.jpg\",\"keywords\":[\"Africa Press\",\"Africa Press-CentrAfricaine\",\"CentrAfricaine\"],\"articleSection\":[\"homepage-french\",\"Politique\",\"Toutes les actualit\u00e9s\"],\"inLanguage\":\"fr-FR\",\"potentialAction\":[{\"@type\":\"CommentAction\",\"name\":\"Comment\",\"target\":[\"https:\/\/www.africa-press.net\/centrafricaine\/politique\/rca-les-casques-bleus-de-la-minusca-sont-de-retour-a-bakouma#respond\"]}]},{\"@type\":\"WebPage\",\"@id\":\"https:\/\/www.africa-press.net\/centrafricaine\/politique\/rca-les-casques-bleus-de-la-minusca-sont-de-retour-a-bakouma\",\"url\":\"https:\/\/www.africa-press.net\/centrafricaine\/politique\/rca-les-casques-bleus-de-la-minusca-sont-de-retour-a-bakouma\",\"name\":\"les casques-bleus de la Minusca sont de retour \u00e0 Bakouma - centrafricaine\",\"isPartOf\":{\"@id\":\"https:\/\/www.africa-press.net\/centrafricaine\/#website\"},\"primaryImageOfPage\":{\"@id\":\"https:\/\/www.africa-press.net\/centrafricaine\/politique\/rca-les-casques-bleus-de-la-minusca-sont-de-retour-a-bakouma#primaryimage\"},\"image\":{\"@id\":\"https:\/\/www.africa-press.net\/centrafricaine\/politique\/rca-les-casques-bleus-de-la-minusca-sont-de-retour-a-bakouma#primaryimage\"},\"thumbnailUrl\":\"https:\/\/static.africa-press.net\/centrafricaine\/sites\/45\/2021\/05\/img-609a5f825e4a3.jpg\",\"datePublished\":\"2021-05-11T11:13:25+00:00\",\"dateModified\":\"2021-05-11T14:53:03+00:00\",\"author\":{\"@id\":\"https:\/\/www.africa-press.net\/centrafricaine\/#\/schema\/person\/2b1cf3cd81a31e3cd26889ca66d677f1\"},\"description\":\"Bangui, R\u00e9publique centrafricaine, mardi, 11 mai 2021 ( Corbeaunews-Centrafrique). Dans le cadre des \u00e9lections l\u00e9gi ...\",\"breadcrumb\":{\"@id\":\"https:\/\/www.africa-press.net\/centrafricaine\/politique\/rca-les-casques-bleus-de-la-minusca-sont-de-retour-a-bakouma#breadcrumb\"},\"inLanguage\":\"fr-FR\",\"potentialAction\":[{\"@type\":\"ReadAction\",\"target\":[\"https:\/\/www.africa-press.net\/centrafricaine\/politique\/rca-les-casques-bleus-de-la-minusca-sont-de-retour-a-bakouma\"]}]},{\"@type\":\"ImageObject\",\"inLanguage\":\"fr-FR\",\"@id\":\"https:\/\/www.africa-press.net\/centrafricaine\/politique\/rca-les-casques-bleus-de-la-minusca-sont-de-retour-a-bakouma#primaryimage\",\"url\":\"https:\/\/static.africa-press.net\/centrafricaine\/sites\/45\/2021\/05\/img-609a5f825e4a3.jpg\",\"contentUrl\":\"https:\/\/static.africa-press.net\/centrafricaine\/sites\/45\/2021\/05\/img-609a5f825e4a3.jpg\",\"width\":750,\"height\":500,\"caption\":\"RCA\u00a0: les casques-bleus de la Minusca sont de retour \u00e0 Bakouma\"},{\"@type\":\"BreadcrumbList\",\"@id\":\"https:\/\/www.africa-press.net\/centrafricaine\/politique\/rca-les-casques-bleus-de-la-minusca-sont-de-retour-a-bakouma#breadcrumb\",\"itemListElement\":[{\"@type\":\"ListItem\",\"position\":1,\"name\":\"Accueil\",\"item\":\"https:\/\/www.africa-press.net\/centrafricaine\/\"},{\"@type\":\"ListItem\",\"position\":2,\"name\":\"les casques-bleus de la Minusca sont de retour \u00e0 Bakouma\"}]},{\"@type\":\"WebSite\",\"@id\":\"https:\/\/www.africa-press.net\/centrafricaine\/#website\",\"url\":\"https:\/\/www.africa-press.net\/centrafricaine\/\",\"name\":\"centrafricaine\",\"description\":\"Just another Africa News Agency Sites site\",\"potentialAction\":[{\"@type\":\"SearchAction\",\"target\":{\"@type\":\"EntryPoint\",\"urlTemplate\":\"https:\/\/www.africa-press.net\/centrafricaine\/?s={search_term_string}\"},\"query-input\":{\"@type\":\"PropertyValueSpecification\",\"valueRequired\":true,\"valueName\":\"search_term_string\"}}],\"inLanguage\":\"fr-FR\"},{\"@type\":\"Person\",\"@id\":\"https:\/\/www.africa-press.net\/centrafricaine\/#\/schema\/person\/2b1cf3cd81a31e3cd26889ca66d677f1\",\"name\":\"cfeditorfr\"}]}<\/script>\n<!-- \/ Yoast SEO Premium plugin. -->","yoast_head_json":{"title":"les casques-bleus de la Minusca sont de retour \u00e0 Bakouma - centrafricaine","description":"Bangui, R\u00e9publique centrafricaine, mardi, 11 mai 2021 ( Corbeaunews-Centrafrique). Dans le cadre des \u00e9lections l\u00e9gi ...","robots":{"index":"index","follow":"follow","max-snippet":"max-snippet:-1","max-image-preview":"max-image-preview:large","max-video-preview":"max-video-preview:-1"},"canonical":"https:\/\/www.africa-press.net\/centrafricaine\/politique\/rca-les-casques-bleus-de-la-minusca-sont-de-retour-a-bakouma","og_locale":"fr_FR","og_type":"article","og_title":"les casques-bleus de la Minusca sont de retour \u00e0 Bakouma","og_description":"Bangui, R\u00e9publique centrafricaine, mardi, 11 mai 2021 ( Corbeaunews-Centrafrique). Dans le cadre des \u00e9lections l\u00e9gi ...","og_url":"https:\/\/www.africa-press.net\/centrafricaine\/politique\/rca-les-casques-bleus-de-la-minusca-sont-de-retour-a-bakouma","og_site_name":"centrafricaine","article_published_time":"2021-05-11T11:13:25+00:00","article_modified_time":"2021-05-11T14:53:03+00:00","og_image":[{"width":750,"height":500,"url":"https:\/\/static.africa-press.net\/centrafricaine\/sites\/45\/2021\/05\/img-609a5f825e4a3.jpg","type":"image\/jpeg"}],"author":"cfeditorfr","twitter_card":"summary_large_image","twitter_misc":{"\u00c9crit par":"cfeditorfr","Dur\u00e9e de lecture estim\u00e9e":"2 minutes"},"schema":{"@context":"https:\/\/schema.org","@graph":[{"@type":"Article","@id":"https:\/\/www.africa-press.net\/centrafricaine\/politique\/rca-les-casques-bleus-de-la-minusca-sont-de-retour-a-bakouma#article","isPartOf":{"@id":"https:\/\/www.africa-press.net\/centrafricaine\/politique\/rca-les-casques-bleus-de-la-minusca-sont-de-retour-a-bakouma"},"author":{"name":"cfeditorfr","@id":"https:\/\/www.africa-press.net\/centrafricaine\/#\/schema\/person\/2b1cf3cd81a31e3cd26889ca66d677f1"},"headline":"les casques-bleus de la Minusca sont de retour \u00e0 Bakouma","datePublished":"2021-05-11T11:13:25+00:00","dateModified":"2021-05-11T14:53:03+00:00","mainEntityOfPage":{"@id":"https:\/\/www.africa-press.net\/centrafricaine\/politique\/rca-les-casques-bleus-de-la-minusca-sont-de-retour-a-bakouma"},"wordCount":292,"commentCount":0,"image":{"@id":"https:\/\/www.africa-press.net\/centrafricaine\/politique\/rca-les-casques-bleus-de-la-minusca-sont-de-retour-a-bakouma#primaryimage"},"thumbnailUrl":"https:\/\/static.africa-press.net\/centrafricaine\/sites\/45\/2021\/05\/img-609a5f825e4a3.jpg","keywords":["Africa Press","Africa Press-CentrAfricaine","CentrAfricaine"],"articleSection":["homepage-french","Politique","Toutes les actualit\u00e9s"],"inLanguage":"fr-FR","potentialAction":[{"@type":"CommentAction","name":"Comment","target":["https:\/\/www.africa-press.net\/centrafricaine\/politique\/rca-les-casques-bleus-de-la-minusca-sont-de-retour-a-bakouma#respond"]}]},{"@type":"WebPage","@id":"https:\/\/www.africa-press.net\/centrafricaine\/politique\/rca-les-casques-bleus-de-la-minusca-sont-de-retour-a-bakouma","url":"https:\/\/www.africa-press.net\/centrafricaine\/politique\/rca-les-casques-bleus-de-la-minusca-sont-de-retour-a-bakouma","name":"les casques-bleus de la Minusca sont de retour \u00e0 Bakouma - centrafricaine","isPartOf":{"@id":"https:\/\/www.africa-press.net\/centrafricaine\/#website"},"primaryImageOfPage":{"@id":"https:\/\/www.africa-press.net\/centrafricaine\/politique\/rca-les-casques-bleus-de-la-minusca-sont-de-retour-a-bakouma#primaryimage"},"image":{"@id":"https:\/\/www.africa-press.net\/centrafricaine\/politique\/rca-les-casques-bleus-de-la-minusca-sont-de-retour-a-bakouma#primaryimage"},"thumbnailUrl":"https:\/\/static.africa-press.net\/centrafricaine\/sites\/45\/2021\/05\/img-609a5f825e4a3.jpg","datePublished":"2021-05-11T11:13:25+00:00","dateModified":"2021-05-11T14:53:03+00:00","author":{"@id":"https:\/\/www.africa-press.net\/centrafricaine\/#\/schema\/person\/2b1cf3cd81a31e3cd26889ca66d677f1"},"description":"Bangui, R\u00e9publique centrafricaine, mardi, 11 mai 2021 ( Corbeaunews-Centrafrique). Dans le cadre des \u00e9lections l\u00e9gi ...","breadcrumb":{"@id":"https:\/\/www.africa-press.net\/centrafricaine\/politique\/rca-les-casques-bleus-de-la-minusca-sont-de-retour-a-bakouma#breadcrumb"},"inLanguage":"fr-FR","potentialAction":[{"@type":"ReadAction","target":["https:\/\/www.africa-press.net\/centrafricaine\/politique\/rca-les-casques-bleus-de-la-minusca-sont-de-retour-a-bakouma"]}]},{"@type":"ImageObject","inLanguage":"fr-FR","@id":"https:\/\/www.africa-press.net\/centrafricaine\/politique\/rca-les-casques-bleus-de-la-minusca-sont-de-retour-a-bakouma#primaryimage","url":"https:\/\/static.africa-press.net\/centrafricaine\/sites\/45\/2021\/05\/img-609a5f825e4a3.jpg","contentUrl":"https:\/\/static.africa-press.net\/centrafricaine\/sites\/45\/2021\/05\/img-609a5f825e4a3.jpg","width":750,"height":500,"caption":"RCA\u00a0: les casques-bleus de la Minusca sont de retour \u00e0 Bakouma"},{"@type":"BreadcrumbList","@id":"https:\/\/www.africa-press.net\/centrafricaine\/politique\/rca-les-casques-bleus-de-la-minusca-sont-de-retour-a-bakouma#breadcrumb","itemListElement":[{"@type":"ListItem","position":1,"name":"Accueil","item":"https:\/\/www.africa-press.net\/centrafricaine\/"},{"@type":"ListItem","position":2,"name":"les casques-bleus de la Minusca sont de retour \u00e0 Bakouma"}]},{"@type":"WebSite","@id":"https:\/\/www.africa-press.net\/centrafricaine\/#website","url":"https:\/\/www.africa-press.net\/centrafricaine\/","name":"centrafricaine","description":"Just another Africa News Agency Sites site","potentialAction":[{"@type":"SearchAction","target":{"@type":"EntryPoint","urlTemplate":"https:\/\/www.africa-press.net\/centrafricaine\/?s={search_term_string}"},"query-input":{"@type":"PropertyValueSpecification","valueRequired":true,"valueName":"search_term_string"}}],"inLanguage":"fr-FR"},{"@type":"Person","@id":"https:\/\/www.africa-press.net\/centrafricaine\/#\/schema\/person\/2b1cf3cd81a31e3cd26889ca66d677f1","name":"cfeditorfr"}]}},"_links":{"self":[{"href":"https:\/\/www.africa-press.net\/centrafricaine\/wp-json\/wp\/v2\/posts\/6754","targetHints":{"allow":["GET"]}}],"collection":[{"href":"https:\/\/www.africa-press.net\/centrafricaine\/wp-json\/wp\/v2\/posts"}],"about":[{"href":"https:\/\/www.africa-press.net\/centrafricaine\/wp-json\/wp\/v2\/types\/post"}],"author":[{"embeddable":true,"href":"https:\/\/www.africa-press.net\/centrafricaine\/wp-json\/wp\/v2\/users\/82"}],"replies":[{"embeddable":true,"href":"https:\/\/www.africa-press.net\/centrafricaine\/wp-json\/wp\/v2\/comments?post=6754"}],"version-history":[{"count":0,"href":"https:\/\/www.africa-press.net\/centrafricaine\/wp-json\/wp\/v2\/posts\/6754\/revisions"}],"wp:featuredmedia":[{"embeddable":true,"href":"https:\/\/www.africa-press.net\/centrafricaine\/wp-json\/wp\/v2\/media\/6753"}],"wp:attachment":[{"href":"https:\/\/www.africa-press.net\/centrafricaine\/wp-json\/wp\/v2\/media?parent=6754"}],"wp:term":[{"taxonomy":"category","embeddable":true,"href":"https:\/\/www.africa-press.net\/centrafricaine\/wp-json\/wp\/v2\/categories?post=6754"},{"taxonomy":"post_tag","embeddable":true,"href":"https:\/\/www.africa-press.net\/centrafricaine\/wp-json\/wp\/v2\/tags?post=6754"}],"curies":[{"name":"wp","href":"https:\/\/api.w.org\/{rel}","templated":true}]}}