{"id":6760,"date":"2021-05-11T11:27:57","date_gmt":"2021-05-11T11:27:57","guid":{"rendered":"https:\/\/www.africa-press.net\/centrafricaine\/?p=6760"},"modified":"2021-05-11T14:53:30","modified_gmt":"2021-05-11T14:53:30","slug":"centrafrique-simplice-mathieu-sarandji-un-fidele-de-touadera-au-perchoir","status":"publish","type":"post","link":"https:\/\/www.africa-press.net\/centrafricaine\/dossiers\/centrafrique-simplice-mathieu-sarandji-un-fidele-de-touadera-au-perchoir","title":{"rendered":"Simplice Mathieu Sarandji, un fid\u00e8le de Touad\u00e9ra au perchoir"},"content":{"rendered":"<p><span style=\"color: #ff6600\"><strong><a href=\"https:\/\/www.africa-press.net\/\">Africa-Press<\/a> &#8211; <a href=\"https:\/\/www.africa-press.net\/centrafricaine\">CentrAfricaine<\/a>. <\/strong><\/span>Face \u00e0 Martin Zigu\u00e9l\u00e9, c\u2019est l\u2019ancien Premier ministre qui a pris la t\u00eate de l\u2019Assembl\u00e9e nationale. Tr\u00e8s actif lors des derni\u00e8res campagnes \u00e9lectorales, Simplice Mathieu Sarandji est le v\u00e9ritable bras droit du chef de l\u2019\u00c9tat.<\/p>\n<p>Est-ce une mani\u00e8re de le remercier pour services rendus ? Soutenu par la majorit\u00e9 pr\u00e9sidentielle \u00e0 laquelle il appartient, Simplice Mathieu Sarandji a \u00e9t\u00e9 \u00e9lu \u00e0 la t\u00eate de l\u2019Assembl\u00e9e nationale, devenant ainsi le deuxi\u00e8me personnage de l\u2019\u00c9tat par ordre protocolaire. L\u2019opposant Martin Zigu\u00e9l\u00e9 convoitait \u00e9galement le poste, mais Sarandji s\u2019est largement impos\u00e9, obtenant 69 voix contre 17.<\/p>\n<p><b>Facteur apaisant ?<\/b><\/p>\n<p>\u00c2g\u00e9 de 66 ans, le nouveau pr\u00e9sident de l\u2019Assembl\u00e9e est un fid\u00e8le du pr\u00e9sident Faustin-Archange Touad\u00e9ra. En 2016 d\u00e9j\u00e0, il lui avait apport\u00e9 son soutien pour le second tour de l\u2019\u00e9lection pr\u00e9sidentielle, lors duquel Touad\u00e9ra avait affront\u00e9 Anicet-George Dologu\u00e9l\u00e9. Une fois cette s\u00e9quence referm\u00e9e, Sarandji avait \u00e9t\u00e9 nomm\u00e9 Premier ministre, fonction qu\u2019il exercera durant pr\u00e8s de trois ans avant de d\u00e9missionner, en f\u00e9vrier 2019, apr\u00e8s la signature d\u2019un accord de paix entre Bangui et quatorze groupes arm\u00e9s. Il \u00e9tait depuis conseiller sp\u00e9cial du pr\u00e9sident centrafricain, avec rang de ministre d\u2019\u00c9tat.<\/p>\n<p>Son \u00e9lection peut-elle contribuer \u00e0 apaiser la sc\u00e8ne politique centrafricaine ? En plus d\u2019avoir \u00e9t\u00e9 le directeur de campagne de Touad\u00e9ra, ce g\u00e9ographe de formation est le secr\u00e9taire ex\u00e9cutif du Mouvement c\u0153urs unis (MCU), la formation du chef de l\u2019\u00c9tat. Si les d\u00e9put\u00e9s lui ont fait assez confiance pour le porter au perchoir, c\u2019est qu\u2019ils savent qu\u2019il est \u00e0 la hauteur de leurs attentes<\/p>\n<p>\u00c0 l\u2019annonce de sa d\u00e9faite, Martin Zigu\u00e9l\u00e9 a d\u00e9nonc\u00e9 \u00ab un accaparement de l\u2019espace politique par le parti au pouvoir \u00bb. Une critique qu\u2019\u00e9carte \u00c9variste Ngamana, porte-parole du MCU et premier vice-pr\u00e9sident de l\u2019Assembl\u00e9e nationale. \u00ab Si les d\u00e9put\u00e9s lui ont fait assez confiance pour le porter au perchoir, c\u2019est qu\u2019ils savent qu\u2019il est \u00e0 la hauteur de leurs attentes, assure-t-il. Il n\u2019est pas l\u00e0 pour ne repr\u00e9senter que le MCU ; il est l\u00e0 dans l\u2019int\u00e9r\u00eat du peuple centrafricain. \u00bb<\/p>\n<p><b>R\u00e9seaux \u00e9tendus<\/b><\/p>\n<p>\u00ab Sarandji a une tr\u00e8s grande influence au sein du parti au pouvoir et aupr\u00e8s du pr\u00e9sident Touad\u00e9ra, analyse un diplomate en poste \u00e0 Bangui. Il a su l\u2019utiliser et a r\u00e9ussi \u00e0 soigner ses relations avec la communaut\u00e9 internationale. Politiquement, il s\u2019est bien pr\u00e9par\u00e9. \u00bb<\/p>\n<p>De fait, le nouveau pr\u00e9sident de l\u2019Assembl\u00e9e nationale dispose de nombreuses connexions au-del\u00e0 de son parti d\u2019origine. En 2020, il a mis ses r\u00e9seaux au service de Touad\u00e9ra pour le faire r\u00e9\u00e9lire et a largement contribu\u00e9 \u00e0 la conclusion d\u2019alliances, y compris avec des formations se revendiquant de l\u2019opposition.<\/p>\n<p>Il est humble, il sait \u00e9couter et il est respect\u00e9 \u00ab C\u2019est un rassembleur, insiste Timol\u00e9on Mbaikoua, coordonnateur de la plateforme des partis politiques de la majorit\u00e9 pr\u00e9sidentielle. Il est humble, il sait \u00e9couter et il est respect\u00e9 au sein de la classe politique. \u00bb<\/p>\n<p>\u00c0 son poste, Sarandji va contribuer \u00e0 l\u2019organisation d\u2019un dialogue politique, auquel plusieurs figures de l\u2019opposition ont d\u00e9j\u00e0 annonc\u00e9 qu\u2019elles n\u2019avaient pas l\u2019intention de participer. \u00ab Les membres de la plateforme de l\u2019opposition ont effectivement dit qu\u2019ils ne prendraient pas part aux concertations, mais la porte n\u2019est pas pour autant ferm\u00e9e et Sarandji peut \u00eatre celui qui les ram\u00e8nera autour de la table \u00bb, veut croire Timol\u00e9on Mbaikoua.<\/p>\n<p>Le nouveau pr\u00e9sident de l\u2019Assembl\u00e9e nationale ne compte toutefois pas que des amis, \u00e0 l\u2019international notamment. En 2018, alors qu\u2019il \u00e9tait encore \u00e0 la primature, Simplice Mathieu Sarandji s\u2019est illustr\u00e9 par des propos peu diplomatiques, accusant la Minusca (la mission des Nations unies d\u00e9ploy\u00e9e dans le pays) d\u2019\u00eatre incapable d\u2019aider la Centrafrique \u2013 un reproche formul\u00e9 vertement que les chancelleries n\u2019ont pas oubli\u00e9.<\/p>\n","protected":false},"excerpt":{"rendered":"<p>Africa-Press &#8211; CentrAfricaine. Face \u00e0 Martin Zigu\u00e9l\u00e9, c\u2019est l\u2019ancien Premier ministre qui a pris la t\u00eate de l\u2019Assembl\u00e9e nationale. Tr\u00e8s actif lors des derni\u00e8res campagnes \u00e9lectorales, Simplice Mathieu Sarandji est le v\u00e9ritable bras droit du chef de l\u2019\u00c9tat. Est-ce une mani\u00e8re de le remercier pour services rendus ? Soutenu par la majorit\u00e9 pr\u00e9sidentielle \u00e0 laquelle [&hellip;]<\/p>\n","protected":false},"author":82,"featured_media":6759,"comment_status":"open","ping_status":"closed","sticky":false,"template":"","format":"standard","meta":{"footnotes":""},"categories":[7,11,20,10],"tags":[36,58,30],"class_list":["post-6760","post","type-post","status-publish","format-standard","has-post-thumbnail","hentry","category-dossiers","category-homepage-french","category-top-nouvelles","category-toutes-les-actualites","tag-africa-press","tag-africa-press-centrafricaine","tag-centrafricaine"],"yoast_head":"<!-- This site is optimized with the Yoast SEO Premium plugin v26.1 (Yoast SEO v27.0) - https:\/\/yoast.com\/product\/yoast-seo-premium-wordpress\/ -->\n<title>Simplice Mathieu Sarandji, un fid\u00e8le de Touad\u00e9ra au perchoir - centrafricaine<\/title>\n<meta name=\"description\" content=\"Face \u00e0 Martin Zigu\u00e9l\u00e9, c\u2019est l\u2019ancien Premier ministre qui a pris la t\u00eate de l\u2019Assembl\u00e9e nationale. Tr\u00e8s actif lors des ...\" \/>\n<meta name=\"robots\" content=\"index, follow, max-snippet:-1, max-image-preview:large, max-video-preview:-1\" \/>\n<link rel=\"canonical\" href=\"https:\/\/www.africa-press.net\/centrafricaine\/dossiers\/centrafrique-simplice-mathieu-sarandji-un-fidele-de-touadera-au-perchoir\" \/>\n<meta property=\"og:locale\" content=\"fr_FR\" \/>\n<meta property=\"og:type\" content=\"article\" \/>\n<meta property=\"og:title\" content=\"Simplice Mathieu Sarandji, un fid\u00e8le de Touad\u00e9ra au perchoir\" \/>\n<meta property=\"og:description\" content=\"Face \u00e0 Martin Zigu\u00e9l\u00e9, c\u2019est l\u2019ancien Premier ministre qui a pris la t\u00eate de l\u2019Assembl\u00e9e nationale. Tr\u00e8s actif lors des ...\" \/>\n<meta property=\"og:url\" content=\"https:\/\/www.africa-press.net\/centrafricaine\/dossiers\/centrafrique-simplice-mathieu-sarandji-un-fidele-de-touadera-au-perchoir\" \/>\n<meta property=\"og:site_name\" content=\"centrafricaine\" \/>\n<meta property=\"article:published_time\" content=\"2021-05-11T11:27:57+00:00\" \/>\n<meta property=\"article:modified_time\" content=\"2021-05-11T14:53:30+00:00\" \/>\n<meta property=\"og:image\" content=\"https:\/\/static.africa-press.net\/centrafricaine\/sites\/45\/2021\/05\/img-609a5fdf4c498.jpg\" \/>\n\t<meta property=\"og:image:width\" content=\"720\" \/>\n\t<meta property=\"og:image:height\" content=\"360\" \/>\n\t<meta property=\"og:image:type\" content=\"image\/jpeg\" \/>\n<meta name=\"author\" content=\"cfeditorfr\" \/>\n<meta name=\"twitter:card\" content=\"summary_large_image\" \/>\n<meta name=\"twitter:label1\" content=\"\u00c9crit par\" \/>\n\t<meta name=\"twitter:data1\" content=\"cfeditorfr\" \/>\n\t<meta name=\"twitter:label2\" content=\"Dur\u00e9e de lecture estim\u00e9e\" \/>\n\t<meta name=\"twitter:data2\" content=\"3 minutes\" \/>\n<script type=\"application\/ld+json\" class=\"yoast-schema-graph\">{\"@context\":\"https:\/\/schema.org\",\"@graph\":[{\"@type\":\"Article\",\"@id\":\"https:\/\/www.africa-press.net\/centrafricaine\/dossiers\/centrafrique-simplice-mathieu-sarandji-un-fidele-de-touadera-au-perchoir#article\",\"isPartOf\":{\"@id\":\"https:\/\/www.africa-press.net\/centrafricaine\/dossiers\/centrafrique-simplice-mathieu-sarandji-un-fidele-de-touadera-au-perchoir\"},\"author\":{\"name\":\"cfeditorfr\",\"@id\":\"https:\/\/www.africa-press.net\/centrafricaine\/#\/schema\/person\/2b1cf3cd81a31e3cd26889ca66d677f1\"},\"headline\":\"Simplice Mathieu Sarandji, un fid\u00e8le de Touad\u00e9ra au perchoir\",\"datePublished\":\"2021-05-11T11:27:57+00:00\",\"dateModified\":\"2021-05-11T14:53:30+00:00\",\"mainEntityOfPage\":{\"@id\":\"https:\/\/www.africa-press.net\/centrafricaine\/dossiers\/centrafrique-simplice-mathieu-sarandji-un-fidele-de-touadera-au-perchoir\"},\"wordCount\":702,\"commentCount\":0,\"image\":{\"@id\":\"https:\/\/www.africa-press.net\/centrafricaine\/dossiers\/centrafrique-simplice-mathieu-sarandji-un-fidele-de-touadera-au-perchoir#primaryimage\"},\"thumbnailUrl\":\"https:\/\/static.africa-press.net\/centrafricaine\/sites\/45\/2021\/05\/img-609a5fdf4c498.jpg\",\"keywords\":[\"Africa Press\",\"Africa Press-CentrAfricaine\",\"CentrAfricaine\"],\"articleSection\":[\"Dossiers\",\"homepage-french\",\"Top Nouvelles\",\"Toutes les actualit\u00e9s\"],\"inLanguage\":\"fr-FR\",\"potentialAction\":[{\"@type\":\"CommentAction\",\"name\":\"Comment\",\"target\":[\"https:\/\/www.africa-press.net\/centrafricaine\/dossiers\/centrafrique-simplice-mathieu-sarandji-un-fidele-de-touadera-au-perchoir#respond\"]}]},{\"@type\":\"WebPage\",\"@id\":\"https:\/\/www.africa-press.net\/centrafricaine\/dossiers\/centrafrique-simplice-mathieu-sarandji-un-fidele-de-touadera-au-perchoir\",\"url\":\"https:\/\/www.africa-press.net\/centrafricaine\/dossiers\/centrafrique-simplice-mathieu-sarandji-un-fidele-de-touadera-au-perchoir\",\"name\":\"Simplice Mathieu Sarandji, un fid\u00e8le de Touad\u00e9ra au perchoir - centrafricaine\",\"isPartOf\":{\"@id\":\"https:\/\/www.africa-press.net\/centrafricaine\/#website\"},\"primaryImageOfPage\":{\"@id\":\"https:\/\/www.africa-press.net\/centrafricaine\/dossiers\/centrafrique-simplice-mathieu-sarandji-un-fidele-de-touadera-au-perchoir#primaryimage\"},\"image\":{\"@id\":\"https:\/\/www.africa-press.net\/centrafricaine\/dossiers\/centrafrique-simplice-mathieu-sarandji-un-fidele-de-touadera-au-perchoir#primaryimage\"},\"thumbnailUrl\":\"https:\/\/static.africa-press.net\/centrafricaine\/sites\/45\/2021\/05\/img-609a5fdf4c498.jpg\",\"datePublished\":\"2021-05-11T11:27:57+00:00\",\"dateModified\":\"2021-05-11T14:53:30+00:00\",\"author\":{\"@id\":\"https:\/\/www.africa-press.net\/centrafricaine\/#\/schema\/person\/2b1cf3cd81a31e3cd26889ca66d677f1\"},\"description\":\"Face \u00e0 Martin Zigu\u00e9l\u00e9, c\u2019est l\u2019ancien Premier ministre qui a pris la t\u00eate de l\u2019Assembl\u00e9e nationale. Tr\u00e8s actif lors des ...\",\"breadcrumb\":{\"@id\":\"https:\/\/www.africa-press.net\/centrafricaine\/dossiers\/centrafrique-simplice-mathieu-sarandji-un-fidele-de-touadera-au-perchoir#breadcrumb\"},\"inLanguage\":\"fr-FR\",\"potentialAction\":[{\"@type\":\"ReadAction\",\"target\":[\"https:\/\/www.africa-press.net\/centrafricaine\/dossiers\/centrafrique-simplice-mathieu-sarandji-un-fidele-de-touadera-au-perchoir\"]}]},{\"@type\":\"ImageObject\",\"inLanguage\":\"fr-FR\",\"@id\":\"https:\/\/www.africa-press.net\/centrafricaine\/dossiers\/centrafrique-simplice-mathieu-sarandji-un-fidele-de-touadera-au-perchoir#primaryimage\",\"url\":\"https:\/\/static.africa-press.net\/centrafricaine\/sites\/45\/2021\/05\/img-609a5fdf4c498.jpg\",\"contentUrl\":\"https:\/\/static.africa-press.net\/centrafricaine\/sites\/45\/2021\/05\/img-609a5fdf4c498.jpg\",\"width\":720,\"height\":360,\"caption\":\"Centrafrique : Simplice Mathieu Sarandji, un fid\u00e8le de Touad\u00e9ra au perchoir\"},{\"@type\":\"BreadcrumbList\",\"@id\":\"https:\/\/www.africa-press.net\/centrafricaine\/dossiers\/centrafrique-simplice-mathieu-sarandji-un-fidele-de-touadera-au-perchoir#breadcrumb\",\"itemListElement\":[{\"@type\":\"ListItem\",\"position\":1,\"name\":\"Accueil\",\"item\":\"https:\/\/www.africa-press.net\/centrafricaine\/\"},{\"@type\":\"ListItem\",\"position\":2,\"name\":\"Simplice Mathieu Sarandji, un fid\u00e8le de Touad\u00e9ra au perchoir\"}]},{\"@type\":\"WebSite\",\"@id\":\"https:\/\/www.africa-press.net\/centrafricaine\/#website\",\"url\":\"https:\/\/www.africa-press.net\/centrafricaine\/\",\"name\":\"centrafricaine\",\"description\":\"Just another Africa News Agency Sites site\",\"potentialAction\":[{\"@type\":\"SearchAction\",\"target\":{\"@type\":\"EntryPoint\",\"urlTemplate\":\"https:\/\/www.africa-press.net\/centrafricaine\/?s={search_term_string}\"},\"query-input\":{\"@type\":\"PropertyValueSpecification\",\"valueRequired\":true,\"valueName\":\"search_term_string\"}}],\"inLanguage\":\"fr-FR\"},{\"@type\":\"Person\",\"@id\":\"https:\/\/www.africa-press.net\/centrafricaine\/#\/schema\/person\/2b1cf3cd81a31e3cd26889ca66d677f1\",\"name\":\"cfeditorfr\"}]}<\/script>\n<!-- \/ Yoast SEO Premium plugin. -->","yoast_head_json":{"title":"Simplice Mathieu Sarandji, un fid\u00e8le de Touad\u00e9ra au perchoir - centrafricaine","description":"Face \u00e0 Martin Zigu\u00e9l\u00e9, c\u2019est l\u2019ancien Premier ministre qui a pris la t\u00eate de l\u2019Assembl\u00e9e nationale. Tr\u00e8s actif lors des ...","robots":{"index":"index","follow":"follow","max-snippet":"max-snippet:-1","max-image-preview":"max-image-preview:large","max-video-preview":"max-video-preview:-1"},"canonical":"https:\/\/www.africa-press.net\/centrafricaine\/dossiers\/centrafrique-simplice-mathieu-sarandji-un-fidele-de-touadera-au-perchoir","og_locale":"fr_FR","og_type":"article","og_title":"Simplice Mathieu Sarandji, un fid\u00e8le de Touad\u00e9ra au perchoir","og_description":"Face \u00e0 Martin Zigu\u00e9l\u00e9, c\u2019est l\u2019ancien Premier ministre qui a pris la t\u00eate de l\u2019Assembl\u00e9e nationale. Tr\u00e8s actif lors des ...","og_url":"https:\/\/www.africa-press.net\/centrafricaine\/dossiers\/centrafrique-simplice-mathieu-sarandji-un-fidele-de-touadera-au-perchoir","og_site_name":"centrafricaine","article_published_time":"2021-05-11T11:27:57+00:00","article_modified_time":"2021-05-11T14:53:30+00:00","og_image":[{"width":720,"height":360,"url":"https:\/\/static.africa-press.net\/centrafricaine\/sites\/45\/2021\/05\/img-609a5fdf4c498.jpg","type":"image\/jpeg"}],"author":"cfeditorfr","twitter_card":"summary_large_image","twitter_misc":{"\u00c9crit par":"cfeditorfr","Dur\u00e9e de lecture estim\u00e9e":"3 minutes"},"schema":{"@context":"https:\/\/schema.org","@graph":[{"@type":"Article","@id":"https:\/\/www.africa-press.net\/centrafricaine\/dossiers\/centrafrique-simplice-mathieu-sarandji-un-fidele-de-touadera-au-perchoir#article","isPartOf":{"@id":"https:\/\/www.africa-press.net\/centrafricaine\/dossiers\/centrafrique-simplice-mathieu-sarandji-un-fidele-de-touadera-au-perchoir"},"author":{"name":"cfeditorfr","@id":"https:\/\/www.africa-press.net\/centrafricaine\/#\/schema\/person\/2b1cf3cd81a31e3cd26889ca66d677f1"},"headline":"Simplice Mathieu Sarandji, un fid\u00e8le de Touad\u00e9ra au perchoir","datePublished":"2021-05-11T11:27:57+00:00","dateModified":"2021-05-11T14:53:30+00:00","mainEntityOfPage":{"@id":"https:\/\/www.africa-press.net\/centrafricaine\/dossiers\/centrafrique-simplice-mathieu-sarandji-un-fidele-de-touadera-au-perchoir"},"wordCount":702,"commentCount":0,"image":{"@id":"https:\/\/www.africa-press.net\/centrafricaine\/dossiers\/centrafrique-simplice-mathieu-sarandji-un-fidele-de-touadera-au-perchoir#primaryimage"},"thumbnailUrl":"https:\/\/static.africa-press.net\/centrafricaine\/sites\/45\/2021\/05\/img-609a5fdf4c498.jpg","keywords":["Africa Press","Africa Press-CentrAfricaine","CentrAfricaine"],"articleSection":["Dossiers","homepage-french","Top Nouvelles","Toutes les actualit\u00e9s"],"inLanguage":"fr-FR","potentialAction":[{"@type":"CommentAction","name":"Comment","target":["https:\/\/www.africa-press.net\/centrafricaine\/dossiers\/centrafrique-simplice-mathieu-sarandji-un-fidele-de-touadera-au-perchoir#respond"]}]},{"@type":"WebPage","@id":"https:\/\/www.africa-press.net\/centrafricaine\/dossiers\/centrafrique-simplice-mathieu-sarandji-un-fidele-de-touadera-au-perchoir","url":"https:\/\/www.africa-press.net\/centrafricaine\/dossiers\/centrafrique-simplice-mathieu-sarandji-un-fidele-de-touadera-au-perchoir","name":"Simplice Mathieu Sarandji, un fid\u00e8le de Touad\u00e9ra au perchoir - centrafricaine","isPartOf":{"@id":"https:\/\/www.africa-press.net\/centrafricaine\/#website"},"primaryImageOfPage":{"@id":"https:\/\/www.africa-press.net\/centrafricaine\/dossiers\/centrafrique-simplice-mathieu-sarandji-un-fidele-de-touadera-au-perchoir#primaryimage"},"image":{"@id":"https:\/\/www.africa-press.net\/centrafricaine\/dossiers\/centrafrique-simplice-mathieu-sarandji-un-fidele-de-touadera-au-perchoir#primaryimage"},"thumbnailUrl":"https:\/\/static.africa-press.net\/centrafricaine\/sites\/45\/2021\/05\/img-609a5fdf4c498.jpg","datePublished":"2021-05-11T11:27:57+00:00","dateModified":"2021-05-11T14:53:30+00:00","author":{"@id":"https:\/\/www.africa-press.net\/centrafricaine\/#\/schema\/person\/2b1cf3cd81a31e3cd26889ca66d677f1"},"description":"Face \u00e0 Martin Zigu\u00e9l\u00e9, c\u2019est l\u2019ancien Premier ministre qui a pris la t\u00eate de l\u2019Assembl\u00e9e nationale. Tr\u00e8s actif lors des ...","breadcrumb":{"@id":"https:\/\/www.africa-press.net\/centrafricaine\/dossiers\/centrafrique-simplice-mathieu-sarandji-un-fidele-de-touadera-au-perchoir#breadcrumb"},"inLanguage":"fr-FR","potentialAction":[{"@type":"ReadAction","target":["https:\/\/www.africa-press.net\/centrafricaine\/dossiers\/centrafrique-simplice-mathieu-sarandji-un-fidele-de-touadera-au-perchoir"]}]},{"@type":"ImageObject","inLanguage":"fr-FR","@id":"https:\/\/www.africa-press.net\/centrafricaine\/dossiers\/centrafrique-simplice-mathieu-sarandji-un-fidele-de-touadera-au-perchoir#primaryimage","url":"https:\/\/static.africa-press.net\/centrafricaine\/sites\/45\/2021\/05\/img-609a5fdf4c498.jpg","contentUrl":"https:\/\/static.africa-press.net\/centrafricaine\/sites\/45\/2021\/05\/img-609a5fdf4c498.jpg","width":720,"height":360,"caption":"Centrafrique : Simplice Mathieu Sarandji, un fid\u00e8le de Touad\u00e9ra au perchoir"},{"@type":"BreadcrumbList","@id":"https:\/\/www.africa-press.net\/centrafricaine\/dossiers\/centrafrique-simplice-mathieu-sarandji-un-fidele-de-touadera-au-perchoir#breadcrumb","itemListElement":[{"@type":"ListItem","position":1,"name":"Accueil","item":"https:\/\/www.africa-press.net\/centrafricaine\/"},{"@type":"ListItem","position":2,"name":"Simplice Mathieu Sarandji, un fid\u00e8le de Touad\u00e9ra au perchoir"}]},{"@type":"WebSite","@id":"https:\/\/www.africa-press.net\/centrafricaine\/#website","url":"https:\/\/www.africa-press.net\/centrafricaine\/","name":"centrafricaine","description":"Just another Africa News Agency Sites site","potentialAction":[{"@type":"SearchAction","target":{"@type":"EntryPoint","urlTemplate":"https:\/\/www.africa-press.net\/centrafricaine\/?s={search_term_string}"},"query-input":{"@type":"PropertyValueSpecification","valueRequired":true,"valueName":"search_term_string"}}],"inLanguage":"fr-FR"},{"@type":"Person","@id":"https:\/\/www.africa-press.net\/centrafricaine\/#\/schema\/person\/2b1cf3cd81a31e3cd26889ca66d677f1","name":"cfeditorfr"}]}},"_links":{"self":[{"href":"https:\/\/www.africa-press.net\/centrafricaine\/wp-json\/wp\/v2\/posts\/6760","targetHints":{"allow":["GET"]}}],"collection":[{"href":"https:\/\/www.africa-press.net\/centrafricaine\/wp-json\/wp\/v2\/posts"}],"about":[{"href":"https:\/\/www.africa-press.net\/centrafricaine\/wp-json\/wp\/v2\/types\/post"}],"author":[{"embeddable":true,"href":"https:\/\/www.africa-press.net\/centrafricaine\/wp-json\/wp\/v2\/users\/82"}],"replies":[{"embeddable":true,"href":"https:\/\/www.africa-press.net\/centrafricaine\/wp-json\/wp\/v2\/comments?post=6760"}],"version-history":[{"count":0,"href":"https:\/\/www.africa-press.net\/centrafricaine\/wp-json\/wp\/v2\/posts\/6760\/revisions"}],"wp:featuredmedia":[{"embeddable":true,"href":"https:\/\/www.africa-press.net\/centrafricaine\/wp-json\/wp\/v2\/media\/6759"}],"wp:attachment":[{"href":"https:\/\/www.africa-press.net\/centrafricaine\/wp-json\/wp\/v2\/media?parent=6760"}],"wp:term":[{"taxonomy":"category","embeddable":true,"href":"https:\/\/www.africa-press.net\/centrafricaine\/wp-json\/wp\/v2\/categories?post=6760"},{"taxonomy":"post_tag","embeddable":true,"href":"https:\/\/www.africa-press.net\/centrafricaine\/wp-json\/wp\/v2\/tags?post=6760"}],"curies":[{"name":"wp","href":"https:\/\/api.w.org\/{rel}","templated":true}]}}