{"id":6763,"date":"2021-05-11T11:36:35","date_gmt":"2021-05-11T11:36:35","guid":{"rendered":"https:\/\/www.africa-press.net\/centrafricaine\/?p=6763"},"modified":"2021-05-11T14:53:44","modified_gmt":"2021-05-11T14:53:44","slug":"rca-demain-le-mercredi-12-mai-aura-lieu-le-proces-sur-laffaire-de-linterdiction-de-sortie-des-opposants-martin-ziguele-et-anicet-georges-dologuele","status":"publish","type":"post","link":"https:\/\/www.africa-press.net\/centrafricaine\/politique\/rca-demain-le-mercredi-12-mai-aura-lieu-le-proces-sur-laffaire-de-linterdiction-de-sortie-des-opposants-martin-ziguele-et-anicet-georges-dologuele","title":{"rendered":"demain, le mercredi 12 mai, aura lieu le proc\u00e8s sur l\u2019affaire de l\u2019interdiction de sortie des opposants Martin Zigu\u00e9l\u00e9 et Anicet Georges Dologu\u00e9l\u00e9"},"content":{"rendered":"<p><span style=\"color: #ff6600\"><strong><a href=\"https:\/\/www.africa-press.net\/\">Africa-Press<\/a> &#8211; <a href=\"https:\/\/www.africa-press.net\/centrafricaine\">CentrAfricaine<\/a>.\u00a0 <\/strong><\/span>\u00a0Le 7 mai 2021 vers 14 heures, le greffe du tribunal de grande instance de Bangui avait publi\u00e9 un communiqu\u00e9 sur les antennes de la radio nationale, informant les opposants Martin Zigu\u00e9l\u00e9 et Anicet Georges Dologu\u00e9l\u00e9 que l\u2019audience sur leur plainte aupr\u00e8s du tribunal administratif est fix\u00e9e au 12 mai dans l\u2019affaire de leur interdiction de sortie du territoire national<\/p>\n<p>En effet, le mercredi 24 mars 2021, l\u2019opposant Anicet Georges Dologu\u00e9l\u00e9, Pr\u00e9sident de l\u2019URCA, qui voudrait se rendre en France pour des raisons de sant\u00e9, avait \u00e9t\u00e9 emp\u00each\u00e9 par la police de l\u2019air et de fronti\u00e8re d\u2019embarquer \u00e0 bord de l\u2019avion de la compagnie Air France.<\/p>\n<p>Quelques jours plus tard, c\u2019est le tour de l\u2019opposant Martin Zigu\u00e9l\u00e9, Pr\u00e9sident du mouvement de lib\u00e9ration du peuple centrafricain (MLPC) d\u2019\u00eatre interdit par le gouvernement de quitter le territoire national alors qu\u2019il voudrait se rendre \u00e0 Niamey au Niger afin d\u2019assister \u00e0 l\u2019investiture du nouveau Pr\u00e9sident \u00e9lu Mohamed Bazoum.<\/p>\n<p><b>Le gouvernement justifie cette mesure par une action judiciaire en cours les concernant. Ce que contestent les deux opposants. Selon eux, l\u2019\u00c9tat d\u2019urgence n\u2019est pas sup\u00e9rieur \u00e0 la constitution dans notre pays, et que la libert\u00e9 d\u2019aller et venir est constitutionnelle, surtout que cette affaire judiciaire ne les vise pas directement.<\/b><\/p>\n<p>Et ce n\u2019est pas tout ! Ils d\u00e9cident de saisir le tribunal administratif d\u2019une action contre l\u2019\u00e9tat pour demander l\u2019annulation de la mesure qu\u2019ils consid\u00e8rent comme ill\u00e9gale et non fond\u00e9e de leur interdiction de sortie.<\/p>\n<p>Ainsi, le tribunal administratif a fix\u00e9 la date du proc\u00e8s le 12 mai prochain.<\/p>\n<p>Mais ce qui est \u00e9tonnant dans cette affaire, le tribunal avait proc\u00e9d\u00e9 \u00e0 un communiqu\u00e9 radio pour leur annoncer la date du proc\u00e8s. Ce qui est rare et presque du jamais vu. Que se cache-t-il derri\u00e8re ce jeu ?<\/p>\n<p>&nbsp;<\/p>\n","protected":false},"excerpt":{"rendered":"<p>Africa-Press &#8211; CentrAfricaine.\u00a0 \u00a0Le 7 mai 2021 vers 14 heures, le greffe du tribunal de grande instance de Bangui avait publi\u00e9 un communiqu\u00e9 sur les antennes de la radio nationale, informant les opposants Martin Zigu\u00e9l\u00e9 et Anicet Georges Dologu\u00e9l\u00e9 que l\u2019audience sur leur plainte aupr\u00e8s du tribunal administratif est fix\u00e9e au 12 mai dans l\u2019affaire [&hellip;]<\/p>\n","protected":false},"author":82,"featured_media":6762,"comment_status":"open","ping_status":"closed","sticky":false,"template":"","format":"standard","meta":{"footnotes":""},"categories":[11,2,20,10],"tags":[36,58,30],"class_list":["post-6763","post","type-post","status-publish","format-standard","has-post-thumbnail","hentry","category-homepage-french","category-politique","category-top-nouvelles","category-toutes-les-actualites","tag-africa-press","tag-africa-press-centrafricaine","tag-centrafricaine"],"yoast_head":"<!-- This site is optimized with the Yoast SEO Premium plugin v26.1 (Yoast SEO v27.0) - https:\/\/yoast.com\/product\/yoast-seo-premium-wordpress\/ -->\n<title>demain, le mercredi 12 mai, aura lieu le proc\u00e8s sur l\u2019affaire de l\u2019interdiction de sortie des opposants Martin Zigu\u00e9l\u00e9 et Anicet Georges Dologu\u00e9l\u00e9 - centrafricaine<\/title>\n<meta name=\"description\" content=\"Bangui, R\u00e9publique centrafricaine, mardi, 11 mai 2021, 03:13:01 ( Corbeaunews-Centrafrique ). Le 7 mai 2021 vers ...\" \/>\n<meta name=\"robots\" content=\"index, follow, max-snippet:-1, max-image-preview:large, max-video-preview:-1\" \/>\n<link rel=\"canonical\" href=\"https:\/\/www.africa-press.net\/centrafricaine\/politique\/rca-demain-le-mercredi-12-mai-aura-lieu-le-proces-sur-laffaire-de-linterdiction-de-sortie-des-opposants-martin-ziguele-et-anicet-georges-dologuele\" \/>\n<meta property=\"og:locale\" content=\"fr_FR\" \/>\n<meta property=\"og:type\" content=\"article\" \/>\n<meta property=\"og:title\" content=\"demain, le mercredi 12 mai, aura lieu le proc\u00e8s sur l\u2019affaire de l\u2019interdiction de sortie des opposants Martin Zigu\u00e9l\u00e9 et Anicet Georges Dologu\u00e9l\u00e9\" \/>\n<meta property=\"og:description\" content=\"Bangui, R\u00e9publique centrafricaine, mardi, 11 mai 2021, 03:13:01 ( Corbeaunews-Centrafrique ). Le 7 mai 2021 vers ...\" \/>\n<meta property=\"og:url\" content=\"https:\/\/www.africa-press.net\/centrafricaine\/politique\/rca-demain-le-mercredi-12-mai-aura-lieu-le-proces-sur-laffaire-de-linterdiction-de-sortie-des-opposants-martin-ziguele-et-anicet-georges-dologuele\" \/>\n<meta property=\"og:site_name\" content=\"centrafricaine\" \/>\n<meta property=\"article:published_time\" content=\"2021-05-11T11:36:35+00:00\" \/>\n<meta property=\"article:modified_time\" content=\"2021-05-11T14:53:44+00:00\" \/>\n<meta property=\"og:image\" content=\"https:\/\/static.africa-press.net\/centrafricaine\/sites\/45\/2021\/05\/img-609a6005dd7dc.jpg\" \/>\n\t<meta property=\"og:image:width\" content=\"720\" \/>\n\t<meta property=\"og:image:height\" content=\"413\" \/>\n\t<meta property=\"og:image:type\" content=\"image\/jpeg\" \/>\n<meta name=\"author\" content=\"cfeditorfr\" \/>\n<meta name=\"twitter:card\" content=\"summary_large_image\" \/>\n<meta name=\"twitter:label1\" content=\"\u00c9crit par\" \/>\n\t<meta name=\"twitter:data1\" content=\"cfeditorfr\" \/>\n\t<meta name=\"twitter:label2\" content=\"Dur\u00e9e de lecture estim\u00e9e\" \/>\n\t<meta name=\"twitter:data2\" content=\"2 minutes\" \/>\n<script type=\"application\/ld+json\" class=\"yoast-schema-graph\">{\"@context\":\"https:\/\/schema.org\",\"@graph\":[{\"@type\":\"Article\",\"@id\":\"https:\/\/www.africa-press.net\/centrafricaine\/politique\/rca-demain-le-mercredi-12-mai-aura-lieu-le-proces-sur-laffaire-de-linterdiction-de-sortie-des-opposants-martin-ziguele-et-anicet-georges-dologuele#article\",\"isPartOf\":{\"@id\":\"https:\/\/www.africa-press.net\/centrafricaine\/politique\/rca-demain-le-mercredi-12-mai-aura-lieu-le-proces-sur-laffaire-de-linterdiction-de-sortie-des-opposants-martin-ziguele-et-anicet-georges-dologuele\"},\"author\":{\"name\":\"cfeditorfr\",\"@id\":\"https:\/\/www.africa-press.net\/centrafricaine\/#\/schema\/person\/2b1cf3cd81a31e3cd26889ca66d677f1\"},\"headline\":\"demain, le mercredi 12 mai, aura lieu le proc\u00e8s sur l\u2019affaire de l\u2019interdiction de sortie des opposants Martin Zigu\u00e9l\u00e9 et Anicet Georges Dologu\u00e9l\u00e9\",\"datePublished\":\"2021-05-11T11:36:35+00:00\",\"dateModified\":\"2021-05-11T14:53:44+00:00\",\"mainEntityOfPage\":{\"@id\":\"https:\/\/www.africa-press.net\/centrafricaine\/politique\/rca-demain-le-mercredi-12-mai-aura-lieu-le-proces-sur-laffaire-de-linterdiction-de-sortie-des-opposants-martin-ziguele-et-anicet-georges-dologuele\"},\"wordCount\":354,\"commentCount\":0,\"image\":{\"@id\":\"https:\/\/www.africa-press.net\/centrafricaine\/politique\/rca-demain-le-mercredi-12-mai-aura-lieu-le-proces-sur-laffaire-de-linterdiction-de-sortie-des-opposants-martin-ziguele-et-anicet-georges-dologuele#primaryimage\"},\"thumbnailUrl\":\"https:\/\/static.africa-press.net\/centrafricaine\/sites\/45\/2021\/05\/img-609a6005dd7dc.jpg\",\"keywords\":[\"Africa Press\",\"Africa Press-CentrAfricaine\",\"CentrAfricaine\"],\"articleSection\":[\"homepage-french\",\"Politique\",\"Top Nouvelles\",\"Toutes les actualit\u00e9s\"],\"inLanguage\":\"fr-FR\",\"potentialAction\":[{\"@type\":\"CommentAction\",\"name\":\"Comment\",\"target\":[\"https:\/\/www.africa-press.net\/centrafricaine\/politique\/rca-demain-le-mercredi-12-mai-aura-lieu-le-proces-sur-laffaire-de-linterdiction-de-sortie-des-opposants-martin-ziguele-et-anicet-georges-dologuele#respond\"]}]},{\"@type\":\"WebPage\",\"@id\":\"https:\/\/www.africa-press.net\/centrafricaine\/politique\/rca-demain-le-mercredi-12-mai-aura-lieu-le-proces-sur-laffaire-de-linterdiction-de-sortie-des-opposants-martin-ziguele-et-anicet-georges-dologuele\",\"url\":\"https:\/\/www.africa-press.net\/centrafricaine\/politique\/rca-demain-le-mercredi-12-mai-aura-lieu-le-proces-sur-laffaire-de-linterdiction-de-sortie-des-opposants-martin-ziguele-et-anicet-georges-dologuele\",\"name\":\"demain, le mercredi 12 mai, aura lieu le proc\u00e8s sur l\u2019affaire de l\u2019interdiction de sortie des opposants Martin Zigu\u00e9l\u00e9 et Anicet Georges Dologu\u00e9l\u00e9 - centrafricaine\",\"isPartOf\":{\"@id\":\"https:\/\/www.africa-press.net\/centrafricaine\/#website\"},\"primaryImageOfPage\":{\"@id\":\"https:\/\/www.africa-press.net\/centrafricaine\/politique\/rca-demain-le-mercredi-12-mai-aura-lieu-le-proces-sur-laffaire-de-linterdiction-de-sortie-des-opposants-martin-ziguele-et-anicet-georges-dologuele#primaryimage\"},\"image\":{\"@id\":\"https:\/\/www.africa-press.net\/centrafricaine\/politique\/rca-demain-le-mercredi-12-mai-aura-lieu-le-proces-sur-laffaire-de-linterdiction-de-sortie-des-opposants-martin-ziguele-et-anicet-georges-dologuele#primaryimage\"},\"thumbnailUrl\":\"https:\/\/static.africa-press.net\/centrafricaine\/sites\/45\/2021\/05\/img-609a6005dd7dc.jpg\",\"datePublished\":\"2021-05-11T11:36:35+00:00\",\"dateModified\":\"2021-05-11T14:53:44+00:00\",\"author\":{\"@id\":\"https:\/\/www.africa-press.net\/centrafricaine\/#\/schema\/person\/2b1cf3cd81a31e3cd26889ca66d677f1\"},\"description\":\"Bangui, R\u00e9publique centrafricaine, mardi, 11 mai 2021, 03:13:01 ( Corbeaunews-Centrafrique ). Le 7 mai 2021 vers ...\",\"breadcrumb\":{\"@id\":\"https:\/\/www.africa-press.net\/centrafricaine\/politique\/rca-demain-le-mercredi-12-mai-aura-lieu-le-proces-sur-laffaire-de-linterdiction-de-sortie-des-opposants-martin-ziguele-et-anicet-georges-dologuele#breadcrumb\"},\"inLanguage\":\"fr-FR\",\"potentialAction\":[{\"@type\":\"ReadAction\",\"target\":[\"https:\/\/www.africa-press.net\/centrafricaine\/politique\/rca-demain-le-mercredi-12-mai-aura-lieu-le-proces-sur-laffaire-de-linterdiction-de-sortie-des-opposants-martin-ziguele-et-anicet-georges-dologuele\"]}]},{\"@type\":\"ImageObject\",\"inLanguage\":\"fr-FR\",\"@id\":\"https:\/\/www.africa-press.net\/centrafricaine\/politique\/rca-demain-le-mercredi-12-mai-aura-lieu-le-proces-sur-laffaire-de-linterdiction-de-sortie-des-opposants-martin-ziguele-et-anicet-georges-dologuele#primaryimage\",\"url\":\"https:\/\/static.africa-press.net\/centrafricaine\/sites\/45\/2021\/05\/img-609a6005dd7dc.jpg\",\"contentUrl\":\"https:\/\/static.africa-press.net\/centrafricaine\/sites\/45\/2021\/05\/img-609a6005dd7dc.jpg\",\"width\":720,\"height\":413,\"caption\":\"RCA\u00a0: demain, le mercredi 12 mai, aura lieu le proc\u00e8s sur l\u2019affaire de l\u2019interdiction de sortie des opposants Martin Zigu\u00e9l\u00e9 et Anicet Georges Dologu\u00e9l\u00e9\"},{\"@type\":\"BreadcrumbList\",\"@id\":\"https:\/\/www.africa-press.net\/centrafricaine\/politique\/rca-demain-le-mercredi-12-mai-aura-lieu-le-proces-sur-laffaire-de-linterdiction-de-sortie-des-opposants-martin-ziguele-et-anicet-georges-dologuele#breadcrumb\",\"itemListElement\":[{\"@type\":\"ListItem\",\"position\":1,\"name\":\"Accueil\",\"item\":\"https:\/\/www.africa-press.net\/centrafricaine\/\"},{\"@type\":\"ListItem\",\"position\":2,\"name\":\"demain, le mercredi 12 mai, aura lieu le proc\u00e8s sur l\u2019affaire de l\u2019interdiction de sortie des opposants Martin Zigu\u00e9l\u00e9 et Anicet Georges Dologu\u00e9l\u00e9\"}]},{\"@type\":\"WebSite\",\"@id\":\"https:\/\/www.africa-press.net\/centrafricaine\/#website\",\"url\":\"https:\/\/www.africa-press.net\/centrafricaine\/\",\"name\":\"centrafricaine\",\"description\":\"Just another Africa News Agency Sites site\",\"potentialAction\":[{\"@type\":\"SearchAction\",\"target\":{\"@type\":\"EntryPoint\",\"urlTemplate\":\"https:\/\/www.africa-press.net\/centrafricaine\/?s={search_term_string}\"},\"query-input\":{\"@type\":\"PropertyValueSpecification\",\"valueRequired\":true,\"valueName\":\"search_term_string\"}}],\"inLanguage\":\"fr-FR\"},{\"@type\":\"Person\",\"@id\":\"https:\/\/www.africa-press.net\/centrafricaine\/#\/schema\/person\/2b1cf3cd81a31e3cd26889ca66d677f1\",\"name\":\"cfeditorfr\"}]}<\/script>\n<!-- \/ Yoast SEO Premium plugin. -->","yoast_head_json":{"title":"demain, le mercredi 12 mai, aura lieu le proc\u00e8s sur l\u2019affaire de l\u2019interdiction de sortie des opposants Martin Zigu\u00e9l\u00e9 et Anicet Georges Dologu\u00e9l\u00e9 - centrafricaine","description":"Bangui, R\u00e9publique centrafricaine, mardi, 11 mai 2021, 03:13:01 ( Corbeaunews-Centrafrique ). Le 7 mai 2021 vers ...","robots":{"index":"index","follow":"follow","max-snippet":"max-snippet:-1","max-image-preview":"max-image-preview:large","max-video-preview":"max-video-preview:-1"},"canonical":"https:\/\/www.africa-press.net\/centrafricaine\/politique\/rca-demain-le-mercredi-12-mai-aura-lieu-le-proces-sur-laffaire-de-linterdiction-de-sortie-des-opposants-martin-ziguele-et-anicet-georges-dologuele","og_locale":"fr_FR","og_type":"article","og_title":"demain, le mercredi 12 mai, aura lieu le proc\u00e8s sur l\u2019affaire de l\u2019interdiction de sortie des opposants Martin Zigu\u00e9l\u00e9 et Anicet Georges Dologu\u00e9l\u00e9","og_description":"Bangui, R\u00e9publique centrafricaine, mardi, 11 mai 2021, 03:13:01 ( Corbeaunews-Centrafrique ). Le 7 mai 2021 vers ...","og_url":"https:\/\/www.africa-press.net\/centrafricaine\/politique\/rca-demain-le-mercredi-12-mai-aura-lieu-le-proces-sur-laffaire-de-linterdiction-de-sortie-des-opposants-martin-ziguele-et-anicet-georges-dologuele","og_site_name":"centrafricaine","article_published_time":"2021-05-11T11:36:35+00:00","article_modified_time":"2021-05-11T14:53:44+00:00","og_image":[{"width":720,"height":413,"url":"https:\/\/static.africa-press.net\/centrafricaine\/sites\/45\/2021\/05\/img-609a6005dd7dc.jpg","type":"image\/jpeg"}],"author":"cfeditorfr","twitter_card":"summary_large_image","twitter_misc":{"\u00c9crit par":"cfeditorfr","Dur\u00e9e de lecture estim\u00e9e":"2 minutes"},"schema":{"@context":"https:\/\/schema.org","@graph":[{"@type":"Article","@id":"https:\/\/www.africa-press.net\/centrafricaine\/politique\/rca-demain-le-mercredi-12-mai-aura-lieu-le-proces-sur-laffaire-de-linterdiction-de-sortie-des-opposants-martin-ziguele-et-anicet-georges-dologuele#article","isPartOf":{"@id":"https:\/\/www.africa-press.net\/centrafricaine\/politique\/rca-demain-le-mercredi-12-mai-aura-lieu-le-proces-sur-laffaire-de-linterdiction-de-sortie-des-opposants-martin-ziguele-et-anicet-georges-dologuele"},"author":{"name":"cfeditorfr","@id":"https:\/\/www.africa-press.net\/centrafricaine\/#\/schema\/person\/2b1cf3cd81a31e3cd26889ca66d677f1"},"headline":"demain, le mercredi 12 mai, aura lieu le proc\u00e8s sur l\u2019affaire de l\u2019interdiction de sortie des opposants Martin Zigu\u00e9l\u00e9 et Anicet Georges Dologu\u00e9l\u00e9","datePublished":"2021-05-11T11:36:35+00:00","dateModified":"2021-05-11T14:53:44+00:00","mainEntityOfPage":{"@id":"https:\/\/www.africa-press.net\/centrafricaine\/politique\/rca-demain-le-mercredi-12-mai-aura-lieu-le-proces-sur-laffaire-de-linterdiction-de-sortie-des-opposants-martin-ziguele-et-anicet-georges-dologuele"},"wordCount":354,"commentCount":0,"image":{"@id":"https:\/\/www.africa-press.net\/centrafricaine\/politique\/rca-demain-le-mercredi-12-mai-aura-lieu-le-proces-sur-laffaire-de-linterdiction-de-sortie-des-opposants-martin-ziguele-et-anicet-georges-dologuele#primaryimage"},"thumbnailUrl":"https:\/\/static.africa-press.net\/centrafricaine\/sites\/45\/2021\/05\/img-609a6005dd7dc.jpg","keywords":["Africa Press","Africa Press-CentrAfricaine","CentrAfricaine"],"articleSection":["homepage-french","Politique","Top Nouvelles","Toutes les actualit\u00e9s"],"inLanguage":"fr-FR","potentialAction":[{"@type":"CommentAction","name":"Comment","target":["https:\/\/www.africa-press.net\/centrafricaine\/politique\/rca-demain-le-mercredi-12-mai-aura-lieu-le-proces-sur-laffaire-de-linterdiction-de-sortie-des-opposants-martin-ziguele-et-anicet-georges-dologuele#respond"]}]},{"@type":"WebPage","@id":"https:\/\/www.africa-press.net\/centrafricaine\/politique\/rca-demain-le-mercredi-12-mai-aura-lieu-le-proces-sur-laffaire-de-linterdiction-de-sortie-des-opposants-martin-ziguele-et-anicet-georges-dologuele","url":"https:\/\/www.africa-press.net\/centrafricaine\/politique\/rca-demain-le-mercredi-12-mai-aura-lieu-le-proces-sur-laffaire-de-linterdiction-de-sortie-des-opposants-martin-ziguele-et-anicet-georges-dologuele","name":"demain, le mercredi 12 mai, aura lieu le proc\u00e8s sur l\u2019affaire de l\u2019interdiction de sortie des opposants Martin Zigu\u00e9l\u00e9 et Anicet Georges Dologu\u00e9l\u00e9 - centrafricaine","isPartOf":{"@id":"https:\/\/www.africa-press.net\/centrafricaine\/#website"},"primaryImageOfPage":{"@id":"https:\/\/www.africa-press.net\/centrafricaine\/politique\/rca-demain-le-mercredi-12-mai-aura-lieu-le-proces-sur-laffaire-de-linterdiction-de-sortie-des-opposants-martin-ziguele-et-anicet-georges-dologuele#primaryimage"},"image":{"@id":"https:\/\/www.africa-press.net\/centrafricaine\/politique\/rca-demain-le-mercredi-12-mai-aura-lieu-le-proces-sur-laffaire-de-linterdiction-de-sortie-des-opposants-martin-ziguele-et-anicet-georges-dologuele#primaryimage"},"thumbnailUrl":"https:\/\/static.africa-press.net\/centrafricaine\/sites\/45\/2021\/05\/img-609a6005dd7dc.jpg","datePublished":"2021-05-11T11:36:35+00:00","dateModified":"2021-05-11T14:53:44+00:00","author":{"@id":"https:\/\/www.africa-press.net\/centrafricaine\/#\/schema\/person\/2b1cf3cd81a31e3cd26889ca66d677f1"},"description":"Bangui, R\u00e9publique centrafricaine, mardi, 11 mai 2021, 03:13:01 ( Corbeaunews-Centrafrique ). Le 7 mai 2021 vers ...","breadcrumb":{"@id":"https:\/\/www.africa-press.net\/centrafricaine\/politique\/rca-demain-le-mercredi-12-mai-aura-lieu-le-proces-sur-laffaire-de-linterdiction-de-sortie-des-opposants-martin-ziguele-et-anicet-georges-dologuele#breadcrumb"},"inLanguage":"fr-FR","potentialAction":[{"@type":"ReadAction","target":["https:\/\/www.africa-press.net\/centrafricaine\/politique\/rca-demain-le-mercredi-12-mai-aura-lieu-le-proces-sur-laffaire-de-linterdiction-de-sortie-des-opposants-martin-ziguele-et-anicet-georges-dologuele"]}]},{"@type":"ImageObject","inLanguage":"fr-FR","@id":"https:\/\/www.africa-press.net\/centrafricaine\/politique\/rca-demain-le-mercredi-12-mai-aura-lieu-le-proces-sur-laffaire-de-linterdiction-de-sortie-des-opposants-martin-ziguele-et-anicet-georges-dologuele#primaryimage","url":"https:\/\/static.africa-press.net\/centrafricaine\/sites\/45\/2021\/05\/img-609a6005dd7dc.jpg","contentUrl":"https:\/\/static.africa-press.net\/centrafricaine\/sites\/45\/2021\/05\/img-609a6005dd7dc.jpg","width":720,"height":413,"caption":"RCA\u00a0: demain, le mercredi 12 mai, aura lieu le proc\u00e8s sur l\u2019affaire de l\u2019interdiction de sortie des opposants Martin Zigu\u00e9l\u00e9 et Anicet Georges Dologu\u00e9l\u00e9"},{"@type":"BreadcrumbList","@id":"https:\/\/www.africa-press.net\/centrafricaine\/politique\/rca-demain-le-mercredi-12-mai-aura-lieu-le-proces-sur-laffaire-de-linterdiction-de-sortie-des-opposants-martin-ziguele-et-anicet-georges-dologuele#breadcrumb","itemListElement":[{"@type":"ListItem","position":1,"name":"Accueil","item":"https:\/\/www.africa-press.net\/centrafricaine\/"},{"@type":"ListItem","position":2,"name":"demain, le mercredi 12 mai, aura lieu le proc\u00e8s sur l\u2019affaire de l\u2019interdiction de sortie des opposants Martin Zigu\u00e9l\u00e9 et Anicet Georges Dologu\u00e9l\u00e9"}]},{"@type":"WebSite","@id":"https:\/\/www.africa-press.net\/centrafricaine\/#website","url":"https:\/\/www.africa-press.net\/centrafricaine\/","name":"centrafricaine","description":"Just another Africa News Agency Sites site","potentialAction":[{"@type":"SearchAction","target":{"@type":"EntryPoint","urlTemplate":"https:\/\/www.africa-press.net\/centrafricaine\/?s={search_term_string}"},"query-input":{"@type":"PropertyValueSpecification","valueRequired":true,"valueName":"search_term_string"}}],"inLanguage":"fr-FR"},{"@type":"Person","@id":"https:\/\/www.africa-press.net\/centrafricaine\/#\/schema\/person\/2b1cf3cd81a31e3cd26889ca66d677f1","name":"cfeditorfr"}]}},"_links":{"self":[{"href":"https:\/\/www.africa-press.net\/centrafricaine\/wp-json\/wp\/v2\/posts\/6763","targetHints":{"allow":["GET"]}}],"collection":[{"href":"https:\/\/www.africa-press.net\/centrafricaine\/wp-json\/wp\/v2\/posts"}],"about":[{"href":"https:\/\/www.africa-press.net\/centrafricaine\/wp-json\/wp\/v2\/types\/post"}],"author":[{"embeddable":true,"href":"https:\/\/www.africa-press.net\/centrafricaine\/wp-json\/wp\/v2\/users\/82"}],"replies":[{"embeddable":true,"href":"https:\/\/www.africa-press.net\/centrafricaine\/wp-json\/wp\/v2\/comments?post=6763"}],"version-history":[{"count":0,"href":"https:\/\/www.africa-press.net\/centrafricaine\/wp-json\/wp\/v2\/posts\/6763\/revisions"}],"wp:featuredmedia":[{"embeddable":true,"href":"https:\/\/www.africa-press.net\/centrafricaine\/wp-json\/wp\/v2\/media\/6762"}],"wp:attachment":[{"href":"https:\/\/www.africa-press.net\/centrafricaine\/wp-json\/wp\/v2\/media?parent=6763"}],"wp:term":[{"taxonomy":"category","embeddable":true,"href":"https:\/\/www.africa-press.net\/centrafricaine\/wp-json\/wp\/v2\/categories?post=6763"},{"taxonomy":"post_tag","embeddable":true,"href":"https:\/\/www.africa-press.net\/centrafricaine\/wp-json\/wp\/v2\/tags?post=6763"}],"curies":[{"name":"wp","href":"https:\/\/api.w.org\/{rel}","templated":true}]}}