{"id":68113,"date":"2025-02-10T14:17:27","date_gmt":"2025-02-10T14:17:27","guid":{"rendered":"https:\/\/www.africa-press.net\/centrafricaine\/politique\/formation-des-agents-des-services-des-douanes-et-impots-sur-lutilisation-approfondie-du-systeme-e-taxe"},"modified":"2025-02-10T14:17:27","modified_gmt":"2025-02-10T14:17:27","slug":"formation-des-agents-des-services-des-douanes-et-impots-sur-lutilisation-approfondie-du-systeme-e-taxe","status":"publish","type":"post","link":"https:\/\/www.africa-press.net\/centrafricaine\/economie\/formation-des-agents-des-services-des-douanes-et-impots-sur-lutilisation-approfondie-du-systeme-e-taxe","title":{"rendered":"formation des agents des services des douanes et imp\u00f4ts sur l\u2019utilisation approfondie du syst\u00e8me e-taxe"},"content":{"rendered":"<p><span style=\"color: #ff6600\"><strong>Africa-Press &#8211; CentrAfricaine. <\/strong><\/span>La salle de confe\u0301rences de l\u2019ho\u0302tel des impo\u0302ts a e\u0301te\u0301 le cadre d\u2019une ce\u0301re\u0301monie d\u2019ouverture de l\u2019atelier de formation relatif a\u0300 l\u2019utilisation du syste\u0300me e-Taxe. Place\u0301 sous la pre\u0301sidence de Romain Kobondit Douathe, Directeur ge\u0301ne\u0301ral des impo\u0302ts et des domaines, cet atelier, qui se de\u0301roule du 27 janvier au 21 fe\u0301vrier 2025, a pour objectif de garantir la compre\u0301hension et l\u2019utilisation efficace des fonctionnalite\u0301s de l\u2019applicatif e-Taxe.<\/p>\n<p>C\u2019est une formation qui vise a\u0300 faciliter la te\u0301le\u0301-de\u0301claration et le te\u0301le\u0301-paiement des impo\u0302ts et taxes, tout en ame\u0301liorant la gestion fiscale. Lors de l\u2019ouverture de l\u2019atelier, <b>Jean Marc Dewerpe\u0301<\/b>, chef de la coope\u0301ration de l\u2019Union europe\u0301enne en Re\u0301publique Centrafricaine <b>(RCA)<\/b>, a salue\u0301 les efforts de modernisation de l\u2019administration fiscale, particulie\u0300rement a\u0300 travers la digitalisation.<\/p>\n<p>Il a rappele\u0301 que cette initiative be\u0301ne\u0301ficie du soutien inde\u0301fectible du ministre des Finances et du Budget, <b>Herve\u0301 Ndoba<\/b>, et qu\u2019elle constitue un levier essentiel pour ame\u0301liorer la collecte des recettes publiques, garantir la transparence et renforcer la lutte contre la fraude fiscale.<\/p>\n<p><b>\u00ab La digitalisation est un moteur pour accroi\u0302tre les performances et le civisme fiscal, un facteur cle\u0301 pour assurer au pays une plus grande autonomie financie\u0300re dans le financement de son de\u0301veloppement\u00bb<\/b>, a-t-il de\u0301clare\u0301.<\/p>\n<p>De son co\u0302te\u0301, <b>Romain Kobondit Douathe\u0301<\/b> a re\u0301affirme\u0301 l\u2019engagement de la Direction ge\u0301ne\u0301rale des impo\u0302ts et des domaines dans le processus de digitalisation, soutenu par les plus hautes autorite\u0301s du pays.<\/p>\n<p><b>\u00ab L\u2019objectif est clair accroi\u0302tre la mobilisation des ressources inte\u0301rieures pour financer les programmes prioritaires de de\u0301veloppement. Ce de\u0301fi ambitieux est rendu possible gra\u0302ce au soutien pre\u0301cieux de nos partenaires techniques et financiers, notamment l\u2019Union Europe\u0301enne<\/b> <b>\u00bb, a-t-il fait savoir<\/b>.<\/p>\n<p>Un aspect marquant de l\u2019atelier est la mise en lumie\u0300re des progre\u0300s re\u0301alise\u0301s gra\u0302ce au syste\u0300me e-Taxe. A\u0300 la division de la fiscalite\u0301 des grandes entreprises, sur 315 contribuables inscrits, 301 ont de\u0301ja\u0300 e\u0301te\u0301 enro\u0302le\u0301s au NIU <b>(Nume\u0301ro d\u2019Identification Unique)<\/b>, et une centaine d\u2019entre eux ont de\u0301ja\u0300 effectue\u0301 leurs de\u0301clarations via la plateforme e-Taxe. Quant aux moyennes entreprises, 325 ont e\u0301te\u0301 immatricule\u0301es et commencent e\u0301galement a\u0300 be\u0301ne\u0301ficier des fonctionnalite\u0301s de la plateforme.<\/p>\n<p>Cet atelier de formation et d\u2019information constitue donc un moment crucial pour permettre aux agents, cadres et contribuables de se familiariser avec les outils de la plateforme e-Taxe et d\u2019assurer une mise en \u0153uvre re\u0301ussie de cette re\u0301forme fiscale nume\u0301rique.<\/p>\n<p>Enfin, il convient de souligner que cet atelier est entie\u0300rement finance\u0301 par le projet GINGER SOFRECO, soutenu par l\u2019Union Europe\u0301enne dans le cadre d\u2019un contrat de service de 24 mois. Ce projet vise a\u0300 accompagner la re\u0301forme du syste\u0300me de gestion des finances publiques en RCA, un pilier fondamental de la modernisation de l\u2019administration fiscale.<\/p>\n<p>L\u2019atelier se poursuivra jusqu\u2019au 21 fe\u0301vrier 2025 et reste une e\u0301tape importante dans la digitalisation de la gestion fiscale du pays, avec des perspectives prometteuses pour l\u2019avenir de la collecte des impo\u0302ts en Re\u0301publique Centrafricaine.<\/p>\n<p><b>Source: Ndjoni Sango<\/b><\/p>\n<p><strong>Pour plus d&rsquo;informations et d&rsquo;analyses sur la <span style=\"color: #ff6600\">CentrAfricaine<\/span>, suivez <span style=\"color: #ff6600\">Africa-Press<span style=\"color: #ff6600\"><\/span><\/strong><\/p>\n","protected":false},"excerpt":{"rendered":"<p>Africa-Press &#8211; CentrAfricaine. La salle de confe\u0301rences de l\u2019ho\u0302tel des impo\u0302ts a e\u0301te\u0301 le cadre d\u2019une ce\u0301re\u0301monie d\u2019ouverture de l\u2019atelier de formation relatif a\u0300 l\u2019utilisation du syste\u0300me e-Taxe. Place\u0301 sous la pre\u0301sidence de Romain Kobondit Douathe, Directeur ge\u0301ne\u0301ral des impo\u0302ts et des domaines, cet atelier, qui se de\u0301roule du 27 janvier au 21 fe\u0301vrier 2025, [&hellip;]<\/p>\n","protected":false},"author":82,"featured_media":68112,"comment_status":"open","ping_status":"closed","sticky":false,"template":"","format":"standard","meta":{"footnotes":""},"categories":[3,10],"tags":[30,41,1512,5709,426,843],"class_list":["post-68113","post","type-post","status-publish","format-standard","has-post-thumbnail","hentry","category-economie","category-toutes-les-actualites","tag-centrafricaine","tag-centrafrique","tag-douanes","tag-e-taxe","tag-formation","tag-services"],"yoast_head":"<!-- This site is optimized with the Yoast SEO Premium plugin v26.1 (Yoast SEO v27.0) - https:\/\/yoast.com\/product\/yoast-seo-premium-wordpress\/ -->\n<title>formation des agents des services des douanes et imp\u00f4ts sur l\u2019utilisation approfondie du syst\u00e8me e-taxe - centrafricaine<\/title>\n<meta name=\"robots\" content=\"index, follow, max-snippet:-1, max-image-preview:large, max-video-preview:-1\" \/>\n<link rel=\"canonical\" href=\"https:\/\/www.africa-press.net\/centrafricaine\/politique\/formation-des-agents-des-services-des-douanes-et-impots-sur-lutilisation-approfondie-du-systeme-e-taxe\" \/>\n<meta property=\"og:locale\" content=\"fr_FR\" \/>\n<meta property=\"og:type\" content=\"article\" \/>\n<meta property=\"og:title\" content=\"formation des agents des services des douanes et imp\u00f4ts sur l\u2019utilisation approfondie du syst\u00e8me e-taxe\" \/>\n<meta property=\"og:description\" content=\"Africa-Press &#8211; CentrAfricaine. La salle de confe\u0301rences de l\u2019ho\u0302tel des impo\u0302ts a e\u0301te\u0301 le cadre d\u2019une ce\u0301re\u0301monie d\u2019ouverture de l\u2019atelier de formation relatif a\u0300 l\u2019utilisation du syste\u0300me e-Taxe. Place\u0301 sous la pre\u0301sidence de Romain Kobondit Douathe, Directeur ge\u0301ne\u0301ral des impo\u0302ts et des domaines, cet atelier, qui se de\u0301roule du 27 janvier au 21 fe\u0301vrier 2025, [&hellip;]\" \/>\n<meta property=\"og:url\" content=\"https:\/\/www.africa-press.net\/centrafricaine\/politique\/formation-des-agents-des-services-des-douanes-et-impots-sur-lutilisation-approfondie-du-systeme-e-taxe\" \/>\n<meta property=\"og:site_name\" content=\"centrafricaine\" \/>\n<meta property=\"article:published_time\" content=\"2025-02-10T14:17:27+00:00\" \/>\n<meta name=\"author\" content=\"cfeditorfr\" \/>\n<meta name=\"twitter:card\" content=\"summary_large_image\" \/>\n<meta name=\"twitter:label1\" content=\"\u00c9crit par\" \/>\n\t<meta name=\"twitter:data1\" content=\"cfeditorfr\" \/>\n\t<meta name=\"twitter:label2\" content=\"Dur\u00e9e de lecture estim\u00e9e\" \/>\n\t<meta name=\"twitter:data2\" content=\"3 minutes\" \/>\n<script type=\"application\/ld+json\" class=\"yoast-schema-graph\">{\"@context\":\"https:\/\/schema.org\",\"@graph\":[{\"@type\":\"Article\",\"@id\":\"https:\/\/www.africa-press.net\/centrafricaine\/politique\/formation-des-agents-des-services-des-douanes-et-impots-sur-lutilisation-approfondie-du-systeme-e-taxe#article\",\"isPartOf\":{\"@id\":\"https:\/\/www.africa-press.net\/centrafricaine\/politique\/formation-des-agents-des-services-des-douanes-et-impots-sur-lutilisation-approfondie-du-systeme-e-taxe\"},\"author\":{\"name\":\"cfeditorfr\",\"@id\":\"https:\/\/www.africa-press.net\/centrafricaine\/#\/schema\/person\/2b1cf3cd81a31e3cd26889ca66d677f1\"},\"headline\":\"formation des agents des services des douanes et imp\u00f4ts sur l\u2019utilisation approfondie du syst\u00e8me e-taxe\",\"datePublished\":\"2025-02-10T14:17:27+00:00\",\"mainEntityOfPage\":{\"@id\":\"https:\/\/www.africa-press.net\/centrafricaine\/politique\/formation-des-agents-des-services-des-douanes-et-impots-sur-lutilisation-approfondie-du-systeme-e-taxe\"},\"wordCount\":600,\"commentCount\":0,\"image\":{\"@id\":\"https:\/\/www.africa-press.net\/centrafricaine\/politique\/formation-des-agents-des-services-des-douanes-et-impots-sur-lutilisation-approfondie-du-systeme-e-taxe#primaryimage\"},\"thumbnailUrl\":\"https:\/\/static.africa-press.net\/centrafricaine\/sites\/45\/2025\/02\/sm_1739185782.827209.jpg\",\"keywords\":[\"CentrAfricaine\",\"Centrafrique\",\"Douanes\",\"e-taxe\",\"FORMATION\",\"services\"],\"articleSection\":[\"\u00c9conomie\",\"Toutes les actualit\u00e9s\"],\"inLanguage\":\"fr-FR\",\"potentialAction\":[{\"@type\":\"CommentAction\",\"name\":\"Comment\",\"target\":[\"https:\/\/www.africa-press.net\/centrafricaine\/politique\/formation-des-agents-des-services-des-douanes-et-impots-sur-lutilisation-approfondie-du-systeme-e-taxe#respond\"]}]},{\"@type\":\"WebPage\",\"@id\":\"https:\/\/www.africa-press.net\/centrafricaine\/politique\/formation-des-agents-des-services-des-douanes-et-impots-sur-lutilisation-approfondie-du-systeme-e-taxe\",\"url\":\"https:\/\/www.africa-press.net\/centrafricaine\/politique\/formation-des-agents-des-services-des-douanes-et-impots-sur-lutilisation-approfondie-du-systeme-e-taxe\",\"name\":\"formation des agents des services des douanes et imp\u00f4ts sur l\u2019utilisation approfondie du syst\u00e8me e-taxe - centrafricaine\",\"isPartOf\":{\"@id\":\"https:\/\/www.africa-press.net\/centrafricaine\/#website\"},\"primaryImageOfPage\":{\"@id\":\"https:\/\/www.africa-press.net\/centrafricaine\/politique\/formation-des-agents-des-services-des-douanes-et-impots-sur-lutilisation-approfondie-du-systeme-e-taxe#primaryimage\"},\"image\":{\"@id\":\"https:\/\/www.africa-press.net\/centrafricaine\/politique\/formation-des-agents-des-services-des-douanes-et-impots-sur-lutilisation-approfondie-du-systeme-e-taxe#primaryimage\"},\"thumbnailUrl\":\"https:\/\/static.africa-press.net\/centrafricaine\/sites\/45\/2025\/02\/sm_1739185782.827209.jpg\",\"datePublished\":\"2025-02-10T14:17:27+00:00\",\"author\":{\"@id\":\"https:\/\/www.africa-press.net\/centrafricaine\/#\/schema\/person\/2b1cf3cd81a31e3cd26889ca66d677f1\"},\"breadcrumb\":{\"@id\":\"https:\/\/www.africa-press.net\/centrafricaine\/politique\/formation-des-agents-des-services-des-douanes-et-impots-sur-lutilisation-approfondie-du-systeme-e-taxe#breadcrumb\"},\"inLanguage\":\"fr-FR\",\"potentialAction\":[{\"@type\":\"ReadAction\",\"target\":[\"https:\/\/www.africa-press.net\/centrafricaine\/politique\/formation-des-agents-des-services-des-douanes-et-impots-sur-lutilisation-approfondie-du-systeme-e-taxe\"]}]},{\"@type\":\"ImageObject\",\"inLanguage\":\"fr-FR\",\"@id\":\"https:\/\/www.africa-press.net\/centrafricaine\/politique\/formation-des-agents-des-services-des-douanes-et-impots-sur-lutilisation-approfondie-du-systeme-e-taxe#primaryimage\",\"url\":\"https:\/\/static.africa-press.net\/centrafricaine\/sites\/45\/2025\/02\/sm_1739185782.827209.jpg\",\"contentUrl\":\"https:\/\/static.africa-press.net\/centrafricaine\/sites\/45\/2025\/02\/sm_1739185782.827209.jpg\",\"width\":720,\"height\":480,\"caption\":\"formation des agents des services des douanes et imp\u00f4ts sur l\u2019utilisation approfondie du syst\u00e8me e-taxe\"},{\"@type\":\"BreadcrumbList\",\"@id\":\"https:\/\/www.africa-press.net\/centrafricaine\/politique\/formation-des-agents-des-services-des-douanes-et-impots-sur-lutilisation-approfondie-du-systeme-e-taxe#breadcrumb\",\"itemListElement\":[{\"@type\":\"ListItem\",\"position\":1,\"name\":\"Accueil\",\"item\":\"https:\/\/www.africa-press.net\/centrafricaine\/\"},{\"@type\":\"ListItem\",\"position\":2,\"name\":\"formation des agents des services des douanes et imp\u00f4ts sur l\u2019utilisation approfondie du syst\u00e8me e-taxe\"}]},{\"@type\":\"WebSite\",\"@id\":\"https:\/\/www.africa-press.net\/centrafricaine\/#website\",\"url\":\"https:\/\/www.africa-press.net\/centrafricaine\/\",\"name\":\"centrafricaine\",\"description\":\"Just another Africa News Agency Sites site\",\"potentialAction\":[{\"@type\":\"SearchAction\",\"target\":{\"@type\":\"EntryPoint\",\"urlTemplate\":\"https:\/\/www.africa-press.net\/centrafricaine\/?s={search_term_string}\"},\"query-input\":{\"@type\":\"PropertyValueSpecification\",\"valueRequired\":true,\"valueName\":\"search_term_string\"}}],\"inLanguage\":\"fr-FR\"},{\"@type\":\"Person\",\"@id\":\"https:\/\/www.africa-press.net\/centrafricaine\/#\/schema\/person\/2b1cf3cd81a31e3cd26889ca66d677f1\",\"name\":\"cfeditorfr\"}]}<\/script>\n<!-- \/ Yoast SEO Premium plugin. -->","yoast_head_json":{"title":"formation des agents des services des douanes et imp\u00f4ts sur l\u2019utilisation approfondie du syst\u00e8me e-taxe - centrafricaine","robots":{"index":"index","follow":"follow","max-snippet":"max-snippet:-1","max-image-preview":"max-image-preview:large","max-video-preview":"max-video-preview:-1"},"canonical":"https:\/\/www.africa-press.net\/centrafricaine\/politique\/formation-des-agents-des-services-des-douanes-et-impots-sur-lutilisation-approfondie-du-systeme-e-taxe","og_locale":"fr_FR","og_type":"article","og_title":"formation des agents des services des douanes et imp\u00f4ts sur l\u2019utilisation approfondie du syst\u00e8me e-taxe","og_description":"Africa-Press &#8211; CentrAfricaine. La salle de confe\u0301rences de l\u2019ho\u0302tel des impo\u0302ts a e\u0301te\u0301 le cadre d\u2019une ce\u0301re\u0301monie d\u2019ouverture de l\u2019atelier de formation relatif a\u0300 l\u2019utilisation du syste\u0300me e-Taxe. Place\u0301 sous la pre\u0301sidence de Romain Kobondit Douathe, Directeur ge\u0301ne\u0301ral des impo\u0302ts et des domaines, cet atelier, qui se de\u0301roule du 27 janvier au 21 fe\u0301vrier 2025, [&hellip;]","og_url":"https:\/\/www.africa-press.net\/centrafricaine\/politique\/formation-des-agents-des-services-des-douanes-et-impots-sur-lutilisation-approfondie-du-systeme-e-taxe","og_site_name":"centrafricaine","article_published_time":"2025-02-10T14:17:27+00:00","author":"cfeditorfr","twitter_card":"summary_large_image","twitter_misc":{"\u00c9crit par":"cfeditorfr","Dur\u00e9e de lecture estim\u00e9e":"3 minutes"},"schema":{"@context":"https:\/\/schema.org","@graph":[{"@type":"Article","@id":"https:\/\/www.africa-press.net\/centrafricaine\/politique\/formation-des-agents-des-services-des-douanes-et-impots-sur-lutilisation-approfondie-du-systeme-e-taxe#article","isPartOf":{"@id":"https:\/\/www.africa-press.net\/centrafricaine\/politique\/formation-des-agents-des-services-des-douanes-et-impots-sur-lutilisation-approfondie-du-systeme-e-taxe"},"author":{"name":"cfeditorfr","@id":"https:\/\/www.africa-press.net\/centrafricaine\/#\/schema\/person\/2b1cf3cd81a31e3cd26889ca66d677f1"},"headline":"formation des agents des services des douanes et imp\u00f4ts sur l\u2019utilisation approfondie du syst\u00e8me e-taxe","datePublished":"2025-02-10T14:17:27+00:00","mainEntityOfPage":{"@id":"https:\/\/www.africa-press.net\/centrafricaine\/politique\/formation-des-agents-des-services-des-douanes-et-impots-sur-lutilisation-approfondie-du-systeme-e-taxe"},"wordCount":600,"commentCount":0,"image":{"@id":"https:\/\/www.africa-press.net\/centrafricaine\/politique\/formation-des-agents-des-services-des-douanes-et-impots-sur-lutilisation-approfondie-du-systeme-e-taxe#primaryimage"},"thumbnailUrl":"https:\/\/static.africa-press.net\/centrafricaine\/sites\/45\/2025\/02\/sm_1739185782.827209.jpg","keywords":["CentrAfricaine","Centrafrique","Douanes","e-taxe","FORMATION","services"],"articleSection":["\u00c9conomie","Toutes les actualit\u00e9s"],"inLanguage":"fr-FR","potentialAction":[{"@type":"CommentAction","name":"Comment","target":["https:\/\/www.africa-press.net\/centrafricaine\/politique\/formation-des-agents-des-services-des-douanes-et-impots-sur-lutilisation-approfondie-du-systeme-e-taxe#respond"]}]},{"@type":"WebPage","@id":"https:\/\/www.africa-press.net\/centrafricaine\/politique\/formation-des-agents-des-services-des-douanes-et-impots-sur-lutilisation-approfondie-du-systeme-e-taxe","url":"https:\/\/www.africa-press.net\/centrafricaine\/politique\/formation-des-agents-des-services-des-douanes-et-impots-sur-lutilisation-approfondie-du-systeme-e-taxe","name":"formation des agents des services des douanes et imp\u00f4ts sur l\u2019utilisation approfondie du syst\u00e8me e-taxe - centrafricaine","isPartOf":{"@id":"https:\/\/www.africa-press.net\/centrafricaine\/#website"},"primaryImageOfPage":{"@id":"https:\/\/www.africa-press.net\/centrafricaine\/politique\/formation-des-agents-des-services-des-douanes-et-impots-sur-lutilisation-approfondie-du-systeme-e-taxe#primaryimage"},"image":{"@id":"https:\/\/www.africa-press.net\/centrafricaine\/politique\/formation-des-agents-des-services-des-douanes-et-impots-sur-lutilisation-approfondie-du-systeme-e-taxe#primaryimage"},"thumbnailUrl":"https:\/\/static.africa-press.net\/centrafricaine\/sites\/45\/2025\/02\/sm_1739185782.827209.jpg","datePublished":"2025-02-10T14:17:27+00:00","author":{"@id":"https:\/\/www.africa-press.net\/centrafricaine\/#\/schema\/person\/2b1cf3cd81a31e3cd26889ca66d677f1"},"breadcrumb":{"@id":"https:\/\/www.africa-press.net\/centrafricaine\/politique\/formation-des-agents-des-services-des-douanes-et-impots-sur-lutilisation-approfondie-du-systeme-e-taxe#breadcrumb"},"inLanguage":"fr-FR","potentialAction":[{"@type":"ReadAction","target":["https:\/\/www.africa-press.net\/centrafricaine\/politique\/formation-des-agents-des-services-des-douanes-et-impots-sur-lutilisation-approfondie-du-systeme-e-taxe"]}]},{"@type":"ImageObject","inLanguage":"fr-FR","@id":"https:\/\/www.africa-press.net\/centrafricaine\/politique\/formation-des-agents-des-services-des-douanes-et-impots-sur-lutilisation-approfondie-du-systeme-e-taxe#primaryimage","url":"https:\/\/static.africa-press.net\/centrafricaine\/sites\/45\/2025\/02\/sm_1739185782.827209.jpg","contentUrl":"https:\/\/static.africa-press.net\/centrafricaine\/sites\/45\/2025\/02\/sm_1739185782.827209.jpg","width":720,"height":480,"caption":"formation des agents des services des douanes et imp\u00f4ts sur l\u2019utilisation approfondie du syst\u00e8me e-taxe"},{"@type":"BreadcrumbList","@id":"https:\/\/www.africa-press.net\/centrafricaine\/politique\/formation-des-agents-des-services-des-douanes-et-impots-sur-lutilisation-approfondie-du-systeme-e-taxe#breadcrumb","itemListElement":[{"@type":"ListItem","position":1,"name":"Accueil","item":"https:\/\/www.africa-press.net\/centrafricaine\/"},{"@type":"ListItem","position":2,"name":"formation des agents des services des douanes et imp\u00f4ts sur l\u2019utilisation approfondie du syst\u00e8me e-taxe"}]},{"@type":"WebSite","@id":"https:\/\/www.africa-press.net\/centrafricaine\/#website","url":"https:\/\/www.africa-press.net\/centrafricaine\/","name":"centrafricaine","description":"Just another Africa News Agency Sites site","potentialAction":[{"@type":"SearchAction","target":{"@type":"EntryPoint","urlTemplate":"https:\/\/www.africa-press.net\/centrafricaine\/?s={search_term_string}"},"query-input":{"@type":"PropertyValueSpecification","valueRequired":true,"valueName":"search_term_string"}}],"inLanguage":"fr-FR"},{"@type":"Person","@id":"https:\/\/www.africa-press.net\/centrafricaine\/#\/schema\/person\/2b1cf3cd81a31e3cd26889ca66d677f1","name":"cfeditorfr"}]}},"_links":{"self":[{"href":"https:\/\/www.africa-press.net\/centrafricaine\/wp-json\/wp\/v2\/posts\/68113","targetHints":{"allow":["GET"]}}],"collection":[{"href":"https:\/\/www.africa-press.net\/centrafricaine\/wp-json\/wp\/v2\/posts"}],"about":[{"href":"https:\/\/www.africa-press.net\/centrafricaine\/wp-json\/wp\/v2\/types\/post"}],"author":[{"embeddable":true,"href":"https:\/\/www.africa-press.net\/centrafricaine\/wp-json\/wp\/v2\/users\/82"}],"replies":[{"embeddable":true,"href":"https:\/\/www.africa-press.net\/centrafricaine\/wp-json\/wp\/v2\/comments?post=68113"}],"version-history":[{"count":0,"href":"https:\/\/www.africa-press.net\/centrafricaine\/wp-json\/wp\/v2\/posts\/68113\/revisions"}],"wp:featuredmedia":[{"embeddable":true,"href":"https:\/\/www.africa-press.net\/centrafricaine\/wp-json\/wp\/v2\/media\/68112"}],"wp:attachment":[{"href":"https:\/\/www.africa-press.net\/centrafricaine\/wp-json\/wp\/v2\/media?parent=68113"}],"wp:term":[{"taxonomy":"category","embeddable":true,"href":"https:\/\/www.africa-press.net\/centrafricaine\/wp-json\/wp\/v2\/categories?post=68113"},{"taxonomy":"post_tag","embeddable":true,"href":"https:\/\/www.africa-press.net\/centrafricaine\/wp-json\/wp\/v2\/tags?post=68113"}],"curies":[{"name":"wp","href":"https:\/\/api.w.org\/{rel}","templated":true}]}}