{"id":68229,"date":"2025-02-13T17:36:58","date_gmt":"2025-02-13T17:36:58","guid":{"rendered":"https:\/\/www.africa-press.net\/centrafricaine\/politique\/et-si-les-centrafricains-sunissent-pour-relever-les-defis-de-developpement-qui-attendent-leur-pays"},"modified":"2025-02-13T17:36:58","modified_gmt":"2025-02-13T17:36:58","slug":"et-si-les-centrafricains-sunissent-pour-relever-les-defis-de-developpement-qui-attendent-leur-pays","status":"publish","type":"post","link":"https:\/\/www.africa-press.net\/centrafricaine\/dossiers\/et-si-les-centrafricains-sunissent-pour-relever-les-defis-de-developpement-qui-attendent-leur-pays","title":{"rendered":"et si les centrafricains s\u2019unissent pour relever les d\u00e9fis de d\u00e9veloppement qui attendent leur pays"},"content":{"rendered":"<p><span style=\"color: #ff6600\"><strong>Africa-Press &#8211; CentrAfricaine. <\/strong><\/span><b> Apre\u0300s plusieurs anne\u0301es d\u2019instabilite\u0301 et de baisse de croissance e\u0301conomique, la Re\u0301publique centrafricaine commence peu a\u0300 peu a\u0300 retrouver sa quie\u0301tude. Cela s\u2019explique par le retour des partenaires au de\u0301veloppement qui posent leurs valises dans le pays. Mais le grand proble\u0300me reste l\u2019union entre les centrafricains afin de pouvoir relever leur pays a\u0300 comme sa devise l\u2019indique: Unite\u0301-Dignite\u0301-Travail.<\/b><\/p>\n<p>La Re\u0301publique centrafricaine a dans les anne\u0301es ante\u0301rieures, traverse\u0301 des moments sombres de son histoire. Cela est du\u0302 aux multiples crises se\u0301curitaires, impactant sur son de\u0301veloppement. Mais aujourd\u2019hui, la stabilite\u0301 commence a\u0300 se restaurer progressivement et ne\u0301cessite des coups de pouce de tous les citoyens. Et si tout le monde s\u2019unit main dans la main pour relever les de\u0301fis qui attendent la Re\u0301publique centrafricaine ?<\/p>\n<p>Pour re\u0301pondre a\u0300 cette question ouverte, plusieurs fils et filles de la Re\u0301publique centrafricaine donnent leurs points de vue en ces termes: <b>\u00ab Notre pays a longtemps e\u0301te\u0301 sous le joug des personnes malveillantes qui ont profite\u0301 des crises se\u0301curitaires pour l\u2019engloutir. Mais Dieu qui donne a\u0300 chaque peuple sa nation, n\u2019a pas laisse\u0301 sombrer la RCA et aujourd\u2019hui, nous connaissons progressivement le retour de la stabilite\u0301. Ce qui est une chose grandiose. Et le vraiment proble\u0300me aujourd\u2019hui est l\u2019e\u0301veil a\u0300 la conscience de chaque citoyen afin de mettre la main a\u0300 la pa\u0302te pouvoir relever les de\u0301fis du de\u0301veloppement qui attendent notre cher et beau pays. Nous avons espoir que cela va se faire, puisque le retour des investisseurs, l\u2019annonce \u00bb<\/b>, ont-ils cru.<\/p>\n<p>Cette interrogation vient suite au constat fait que certaines personnes au lieu de mettre les mains a\u0300 la pa\u0302te pour construire leur pays a\u0300 travers des actions concre\u0300tes et objectives, cherchent par tous les moyens a\u0300 remettre en cause certaines bonnes actions dans l\u2019objectif de ternir l\u2019image de la Re\u0301publique centrafricaine. Ce qui est une source qui de\u0301motive la plupart des investisseurs et partenaires techniques et financiers.<\/p>\n<p><b>Source: Ndjoni Sango<\/b><\/p>\n<p><strong>Pour plus d&rsquo;informations et d&rsquo;analyses sur la <span style=\"color: #ff6600\">CentrAfricaine<\/span>, suivez <span style=\"color: #ff6600\">Africa-Press<span style=\"color: #ff6600\"><\/span><\/strong><\/p>\n","protected":false},"excerpt":{"rendered":"<p>Africa-Press &#8211; CentrAfricaine. Apre\u0300s plusieurs anne\u0301es d\u2019instabilite\u0301 et de baisse de croissance e\u0301conomique, la Re\u0301publique centrafricaine commence peu a\u0300 peu a\u0300 retrouver sa quie\u0301tude. Cela s\u2019explique par le retour des partenaires au de\u0301veloppement qui posent leurs valises dans le pays. Mais le grand proble\u0300me reste l\u2019union entre les centrafricains afin de pouvoir relever leur pays [&hellip;]<\/p>\n","protected":false},"author":82,"featured_media":68228,"comment_status":"open","ping_status":"closed","sticky":false,"template":"","format":"standard","meta":{"footnotes":""},"categories":[7,10],"tags":[30,41,3191,2421,5720],"class_list":["post-68229","post","type-post","status-publish","format-standard","has-post-thumbnail","hentry","category-dossiers","category-toutes-les-actualites","tag-centrafricaine","tag-centrafrique","tag-cohesion-sociale","tag-construction","tag-solidarite"],"yoast_head":"<!-- This site is optimized with the Yoast SEO Premium plugin v26.1 (Yoast SEO v27.0) - https:\/\/yoast.com\/product\/yoast-seo-premium-wordpress\/ -->\n<title>et si les centrafricains s\u2019unissent pour relever les d\u00e9fis de d\u00e9veloppement qui attendent leur pays - centrafricaine<\/title>\n<meta name=\"robots\" content=\"index, follow, max-snippet:-1, max-image-preview:large, max-video-preview:-1\" \/>\n<link rel=\"canonical\" href=\"https:\/\/www.africa-press.net\/centrafricaine\/politique\/et-si-les-centrafricains-sunissent-pour-relever-les-defis-de-developpement-qui-attendent-leur-pays\" \/>\n<meta property=\"og:locale\" content=\"fr_FR\" \/>\n<meta property=\"og:type\" content=\"article\" \/>\n<meta property=\"og:title\" content=\"et si les centrafricains s\u2019unissent pour relever les d\u00e9fis de d\u00e9veloppement qui attendent leur pays\" \/>\n<meta property=\"og:description\" content=\"Africa-Press &#8211; CentrAfricaine. Apre\u0300s plusieurs anne\u0301es d\u2019instabilite\u0301 et de baisse de croissance e\u0301conomique, la Re\u0301publique centrafricaine commence peu a\u0300 peu a\u0300 retrouver sa quie\u0301tude. Cela s\u2019explique par le retour des partenaires au de\u0301veloppement qui posent leurs valises dans le pays. Mais le grand proble\u0300me reste l\u2019union entre les centrafricains afin de pouvoir relever leur pays [&hellip;]\" \/>\n<meta property=\"og:url\" content=\"https:\/\/www.africa-press.net\/centrafricaine\/politique\/et-si-les-centrafricains-sunissent-pour-relever-les-defis-de-developpement-qui-attendent-leur-pays\" \/>\n<meta property=\"og:site_name\" content=\"centrafricaine\" \/>\n<meta property=\"article:published_time\" content=\"2025-02-13T17:36:58+00:00\" \/>\n<meta name=\"author\" content=\"cfeditorfr\" \/>\n<meta name=\"twitter:card\" content=\"summary_large_image\" \/>\n<meta name=\"twitter:label1\" content=\"\u00c9crit par\" \/>\n\t<meta name=\"twitter:data1\" content=\"cfeditorfr\" \/>\n\t<meta name=\"twitter:label2\" content=\"Dur\u00e9e de lecture estim\u00e9e\" \/>\n\t<meta name=\"twitter:data2\" content=\"2 minutes\" \/>\n<script type=\"application\/ld+json\" class=\"yoast-schema-graph\">{\"@context\":\"https:\/\/schema.org\",\"@graph\":[{\"@type\":\"Article\",\"@id\":\"https:\/\/www.africa-press.net\/centrafricaine\/politique\/et-si-les-centrafricains-sunissent-pour-relever-les-defis-de-developpement-qui-attendent-leur-pays#article\",\"isPartOf\":{\"@id\":\"https:\/\/www.africa-press.net\/centrafricaine\/politique\/et-si-les-centrafricains-sunissent-pour-relever-les-defis-de-developpement-qui-attendent-leur-pays\"},\"author\":{\"name\":\"cfeditorfr\",\"@id\":\"https:\/\/www.africa-press.net\/centrafricaine\/#\/schema\/person\/2b1cf3cd81a31e3cd26889ca66d677f1\"},\"headline\":\"et si les centrafricains s\u2019unissent pour relever les d\u00e9fis de d\u00e9veloppement qui attendent leur pays\",\"datePublished\":\"2025-02-13T17:36:58+00:00\",\"mainEntityOfPage\":{\"@id\":\"https:\/\/www.africa-press.net\/centrafricaine\/politique\/et-si-les-centrafricains-sunissent-pour-relever-les-defis-de-developpement-qui-attendent-leur-pays\"},\"wordCount\":391,\"commentCount\":0,\"image\":{\"@id\":\"https:\/\/www.africa-press.net\/centrafricaine\/politique\/et-si-les-centrafricains-sunissent-pour-relever-les-defis-de-developpement-qui-attendent-leur-pays#primaryimage\"},\"thumbnailUrl\":\"https:\/\/static.africa-press.net\/centrafricaine\/sites\/45\/2025\/02\/sm_1739456864.720388.jpg\",\"keywords\":[\"CentrAfricaine\",\"Centrafrique\",\"coh\u00e9sion sociale\",\"construction\",\"Solidarit\u00e9\"],\"articleSection\":[\"Dossiers\",\"Toutes les actualit\u00e9s\"],\"inLanguage\":\"fr-FR\",\"potentialAction\":[{\"@type\":\"CommentAction\",\"name\":\"Comment\",\"target\":[\"https:\/\/www.africa-press.net\/centrafricaine\/politique\/et-si-les-centrafricains-sunissent-pour-relever-les-defis-de-developpement-qui-attendent-leur-pays#respond\"]}]},{\"@type\":\"WebPage\",\"@id\":\"https:\/\/www.africa-press.net\/centrafricaine\/politique\/et-si-les-centrafricains-sunissent-pour-relever-les-defis-de-developpement-qui-attendent-leur-pays\",\"url\":\"https:\/\/www.africa-press.net\/centrafricaine\/politique\/et-si-les-centrafricains-sunissent-pour-relever-les-defis-de-developpement-qui-attendent-leur-pays\",\"name\":\"et si les centrafricains s\u2019unissent pour relever les d\u00e9fis de d\u00e9veloppement qui attendent leur pays - centrafricaine\",\"isPartOf\":{\"@id\":\"https:\/\/www.africa-press.net\/centrafricaine\/#website\"},\"primaryImageOfPage\":{\"@id\":\"https:\/\/www.africa-press.net\/centrafricaine\/politique\/et-si-les-centrafricains-sunissent-pour-relever-les-defis-de-developpement-qui-attendent-leur-pays#primaryimage\"},\"image\":{\"@id\":\"https:\/\/www.africa-press.net\/centrafricaine\/politique\/et-si-les-centrafricains-sunissent-pour-relever-les-defis-de-developpement-qui-attendent-leur-pays#primaryimage\"},\"thumbnailUrl\":\"https:\/\/static.africa-press.net\/centrafricaine\/sites\/45\/2025\/02\/sm_1739456864.720388.jpg\",\"datePublished\":\"2025-02-13T17:36:58+00:00\",\"author\":{\"@id\":\"https:\/\/www.africa-press.net\/centrafricaine\/#\/schema\/person\/2b1cf3cd81a31e3cd26889ca66d677f1\"},\"breadcrumb\":{\"@id\":\"https:\/\/www.africa-press.net\/centrafricaine\/politique\/et-si-les-centrafricains-sunissent-pour-relever-les-defis-de-developpement-qui-attendent-leur-pays#breadcrumb\"},\"inLanguage\":\"fr-FR\",\"potentialAction\":[{\"@type\":\"ReadAction\",\"target\":[\"https:\/\/www.africa-press.net\/centrafricaine\/politique\/et-si-les-centrafricains-sunissent-pour-relever-les-defis-de-developpement-qui-attendent-leur-pays\"]}]},{\"@type\":\"ImageObject\",\"inLanguage\":\"fr-FR\",\"@id\":\"https:\/\/www.africa-press.net\/centrafricaine\/politique\/et-si-les-centrafricains-sunissent-pour-relever-les-defis-de-developpement-qui-attendent-leur-pays#primaryimage\",\"url\":\"https:\/\/static.africa-press.net\/centrafricaine\/sites\/45\/2025\/02\/sm_1739456864.720388.jpg\",\"contentUrl\":\"https:\/\/static.africa-press.net\/centrafricaine\/sites\/45\/2025\/02\/sm_1739456864.720388.jpg\",\"width\":715,\"height\":292,\"caption\":\"et si les centrafricains s\u2019unissent pour relever les d\u00e9fis de d\u00e9veloppement qui attendent leur pays\"},{\"@type\":\"BreadcrumbList\",\"@id\":\"https:\/\/www.africa-press.net\/centrafricaine\/politique\/et-si-les-centrafricains-sunissent-pour-relever-les-defis-de-developpement-qui-attendent-leur-pays#breadcrumb\",\"itemListElement\":[{\"@type\":\"ListItem\",\"position\":1,\"name\":\"Accueil\",\"item\":\"https:\/\/www.africa-press.net\/centrafricaine\/\"},{\"@type\":\"ListItem\",\"position\":2,\"name\":\"et si les centrafricains s\u2019unissent pour relever les d\u00e9fis de d\u00e9veloppement qui attendent leur pays\"}]},{\"@type\":\"WebSite\",\"@id\":\"https:\/\/www.africa-press.net\/centrafricaine\/#website\",\"url\":\"https:\/\/www.africa-press.net\/centrafricaine\/\",\"name\":\"centrafricaine\",\"description\":\"Just another Africa News Agency Sites site\",\"potentialAction\":[{\"@type\":\"SearchAction\",\"target\":{\"@type\":\"EntryPoint\",\"urlTemplate\":\"https:\/\/www.africa-press.net\/centrafricaine\/?s={search_term_string}\"},\"query-input\":{\"@type\":\"PropertyValueSpecification\",\"valueRequired\":true,\"valueName\":\"search_term_string\"}}],\"inLanguage\":\"fr-FR\"},{\"@type\":\"Person\",\"@id\":\"https:\/\/www.africa-press.net\/centrafricaine\/#\/schema\/person\/2b1cf3cd81a31e3cd26889ca66d677f1\",\"name\":\"cfeditorfr\"}]}<\/script>\n<!-- \/ Yoast SEO Premium plugin. -->","yoast_head_json":{"title":"et si les centrafricains s\u2019unissent pour relever les d\u00e9fis de d\u00e9veloppement qui attendent leur pays - centrafricaine","robots":{"index":"index","follow":"follow","max-snippet":"max-snippet:-1","max-image-preview":"max-image-preview:large","max-video-preview":"max-video-preview:-1"},"canonical":"https:\/\/www.africa-press.net\/centrafricaine\/politique\/et-si-les-centrafricains-sunissent-pour-relever-les-defis-de-developpement-qui-attendent-leur-pays","og_locale":"fr_FR","og_type":"article","og_title":"et si les centrafricains s\u2019unissent pour relever les d\u00e9fis de d\u00e9veloppement qui attendent leur pays","og_description":"Africa-Press &#8211; CentrAfricaine. Apre\u0300s plusieurs anne\u0301es d\u2019instabilite\u0301 et de baisse de croissance e\u0301conomique, la Re\u0301publique centrafricaine commence peu a\u0300 peu a\u0300 retrouver sa quie\u0301tude. Cela s\u2019explique par le retour des partenaires au de\u0301veloppement qui posent leurs valises dans le pays. Mais le grand proble\u0300me reste l\u2019union entre les centrafricains afin de pouvoir relever leur pays [&hellip;]","og_url":"https:\/\/www.africa-press.net\/centrafricaine\/politique\/et-si-les-centrafricains-sunissent-pour-relever-les-defis-de-developpement-qui-attendent-leur-pays","og_site_name":"centrafricaine","article_published_time":"2025-02-13T17:36:58+00:00","author":"cfeditorfr","twitter_card":"summary_large_image","twitter_misc":{"\u00c9crit par":"cfeditorfr","Dur\u00e9e de lecture estim\u00e9e":"2 minutes"},"schema":{"@context":"https:\/\/schema.org","@graph":[{"@type":"Article","@id":"https:\/\/www.africa-press.net\/centrafricaine\/politique\/et-si-les-centrafricains-sunissent-pour-relever-les-defis-de-developpement-qui-attendent-leur-pays#article","isPartOf":{"@id":"https:\/\/www.africa-press.net\/centrafricaine\/politique\/et-si-les-centrafricains-sunissent-pour-relever-les-defis-de-developpement-qui-attendent-leur-pays"},"author":{"name":"cfeditorfr","@id":"https:\/\/www.africa-press.net\/centrafricaine\/#\/schema\/person\/2b1cf3cd81a31e3cd26889ca66d677f1"},"headline":"et si les centrafricains s\u2019unissent pour relever les d\u00e9fis de d\u00e9veloppement qui attendent leur pays","datePublished":"2025-02-13T17:36:58+00:00","mainEntityOfPage":{"@id":"https:\/\/www.africa-press.net\/centrafricaine\/politique\/et-si-les-centrafricains-sunissent-pour-relever-les-defis-de-developpement-qui-attendent-leur-pays"},"wordCount":391,"commentCount":0,"image":{"@id":"https:\/\/www.africa-press.net\/centrafricaine\/politique\/et-si-les-centrafricains-sunissent-pour-relever-les-defis-de-developpement-qui-attendent-leur-pays#primaryimage"},"thumbnailUrl":"https:\/\/static.africa-press.net\/centrafricaine\/sites\/45\/2025\/02\/sm_1739456864.720388.jpg","keywords":["CentrAfricaine","Centrafrique","coh\u00e9sion sociale","construction","Solidarit\u00e9"],"articleSection":["Dossiers","Toutes les actualit\u00e9s"],"inLanguage":"fr-FR","potentialAction":[{"@type":"CommentAction","name":"Comment","target":["https:\/\/www.africa-press.net\/centrafricaine\/politique\/et-si-les-centrafricains-sunissent-pour-relever-les-defis-de-developpement-qui-attendent-leur-pays#respond"]}]},{"@type":"WebPage","@id":"https:\/\/www.africa-press.net\/centrafricaine\/politique\/et-si-les-centrafricains-sunissent-pour-relever-les-defis-de-developpement-qui-attendent-leur-pays","url":"https:\/\/www.africa-press.net\/centrafricaine\/politique\/et-si-les-centrafricains-sunissent-pour-relever-les-defis-de-developpement-qui-attendent-leur-pays","name":"et si les centrafricains s\u2019unissent pour relever les d\u00e9fis de d\u00e9veloppement qui attendent leur pays - centrafricaine","isPartOf":{"@id":"https:\/\/www.africa-press.net\/centrafricaine\/#website"},"primaryImageOfPage":{"@id":"https:\/\/www.africa-press.net\/centrafricaine\/politique\/et-si-les-centrafricains-sunissent-pour-relever-les-defis-de-developpement-qui-attendent-leur-pays#primaryimage"},"image":{"@id":"https:\/\/www.africa-press.net\/centrafricaine\/politique\/et-si-les-centrafricains-sunissent-pour-relever-les-defis-de-developpement-qui-attendent-leur-pays#primaryimage"},"thumbnailUrl":"https:\/\/static.africa-press.net\/centrafricaine\/sites\/45\/2025\/02\/sm_1739456864.720388.jpg","datePublished":"2025-02-13T17:36:58+00:00","author":{"@id":"https:\/\/www.africa-press.net\/centrafricaine\/#\/schema\/person\/2b1cf3cd81a31e3cd26889ca66d677f1"},"breadcrumb":{"@id":"https:\/\/www.africa-press.net\/centrafricaine\/politique\/et-si-les-centrafricains-sunissent-pour-relever-les-defis-de-developpement-qui-attendent-leur-pays#breadcrumb"},"inLanguage":"fr-FR","potentialAction":[{"@type":"ReadAction","target":["https:\/\/www.africa-press.net\/centrafricaine\/politique\/et-si-les-centrafricains-sunissent-pour-relever-les-defis-de-developpement-qui-attendent-leur-pays"]}]},{"@type":"ImageObject","inLanguage":"fr-FR","@id":"https:\/\/www.africa-press.net\/centrafricaine\/politique\/et-si-les-centrafricains-sunissent-pour-relever-les-defis-de-developpement-qui-attendent-leur-pays#primaryimage","url":"https:\/\/static.africa-press.net\/centrafricaine\/sites\/45\/2025\/02\/sm_1739456864.720388.jpg","contentUrl":"https:\/\/static.africa-press.net\/centrafricaine\/sites\/45\/2025\/02\/sm_1739456864.720388.jpg","width":715,"height":292,"caption":"et si les centrafricains s\u2019unissent pour relever les d\u00e9fis de d\u00e9veloppement qui attendent leur pays"},{"@type":"BreadcrumbList","@id":"https:\/\/www.africa-press.net\/centrafricaine\/politique\/et-si-les-centrafricains-sunissent-pour-relever-les-defis-de-developpement-qui-attendent-leur-pays#breadcrumb","itemListElement":[{"@type":"ListItem","position":1,"name":"Accueil","item":"https:\/\/www.africa-press.net\/centrafricaine\/"},{"@type":"ListItem","position":2,"name":"et si les centrafricains s\u2019unissent pour relever les d\u00e9fis de d\u00e9veloppement qui attendent leur pays"}]},{"@type":"WebSite","@id":"https:\/\/www.africa-press.net\/centrafricaine\/#website","url":"https:\/\/www.africa-press.net\/centrafricaine\/","name":"centrafricaine","description":"Just another Africa News Agency Sites site","potentialAction":[{"@type":"SearchAction","target":{"@type":"EntryPoint","urlTemplate":"https:\/\/www.africa-press.net\/centrafricaine\/?s={search_term_string}"},"query-input":{"@type":"PropertyValueSpecification","valueRequired":true,"valueName":"search_term_string"}}],"inLanguage":"fr-FR"},{"@type":"Person","@id":"https:\/\/www.africa-press.net\/centrafricaine\/#\/schema\/person\/2b1cf3cd81a31e3cd26889ca66d677f1","name":"cfeditorfr"}]}},"_links":{"self":[{"href":"https:\/\/www.africa-press.net\/centrafricaine\/wp-json\/wp\/v2\/posts\/68229","targetHints":{"allow":["GET"]}}],"collection":[{"href":"https:\/\/www.africa-press.net\/centrafricaine\/wp-json\/wp\/v2\/posts"}],"about":[{"href":"https:\/\/www.africa-press.net\/centrafricaine\/wp-json\/wp\/v2\/types\/post"}],"author":[{"embeddable":true,"href":"https:\/\/www.africa-press.net\/centrafricaine\/wp-json\/wp\/v2\/users\/82"}],"replies":[{"embeddable":true,"href":"https:\/\/www.africa-press.net\/centrafricaine\/wp-json\/wp\/v2\/comments?post=68229"}],"version-history":[{"count":0,"href":"https:\/\/www.africa-press.net\/centrafricaine\/wp-json\/wp\/v2\/posts\/68229\/revisions"}],"wp:featuredmedia":[{"embeddable":true,"href":"https:\/\/www.africa-press.net\/centrafricaine\/wp-json\/wp\/v2\/media\/68228"}],"wp:attachment":[{"href":"https:\/\/www.africa-press.net\/centrafricaine\/wp-json\/wp\/v2\/media?parent=68229"}],"wp:term":[{"taxonomy":"category","embeddable":true,"href":"https:\/\/www.africa-press.net\/centrafricaine\/wp-json\/wp\/v2\/categories?post=68229"},{"taxonomy":"post_tag","embeddable":true,"href":"https:\/\/www.africa-press.net\/centrafricaine\/wp-json\/wp\/v2\/tags?post=68229"}],"curies":[{"name":"wp","href":"https:\/\/api.w.org\/{rel}","templated":true}]}}