{"id":68283,"date":"2025-02-13T18:12:00","date_gmt":"2025-02-13T18:12:00","guid":{"rendered":"https:\/\/www.africa-press.net\/centrafricaine\/politique\/evaluation-des-contrats-dobjectifs-des-membres-du-gouvernement-le-departement-de-edasso-rodrigue-bayala-affiche-un-taux-de-realisation-de-9903"},"modified":"2025-02-13T18:12:00","modified_gmt":"2025-02-13T18:12:00","slug":"evaluation-des-contrats-dobjectifs-des-membres-du-gouvernement-le-departement-de-edasso-rodrigue-bayala-affiche-un-taux-de-realisation-de-9903","status":"publish","type":"post","link":"https:\/\/www.africa-press.net\/centrafricaine\/politique\/evaluation-des-contrats-dobjectifs-des-membres-du-gouvernement-le-departement-de-edasso-rodrigue-bayala-affiche-un-taux-de-realisation-de-9903","title":{"rendered":"Evaluation des contrats d\u2019objectifs des membres du gouvernement : Le d\u00e9partement de Edasso Rodrigue Bayala affiche un taux de r\u00e9alisation de 99,03%"},"content":{"rendered":"<p><span style=\"color: #ff6600\"><strong>Africa-Press &#8211; CentrAfricaine. <\/strong><\/span>Devant le Premier ministre, Rimtalba Jean Emmanuel Oue\u0301draogo, il a dresse\u0301 le bilan des activite\u0301s mene\u0301es par son de\u0301partement au cours de l\u2019anne\u0301e 2024.<\/p>\n<p>Le ministre de la Justice et des Droits humains, charge\u0301 des relations avec les institutions, Garde des Sceaux, a \u0153uvre\u0301 pour l\u2019atteinte de cinq (05) objectifs spe\u0301cifiques, notamment ame\u0301liorer l\u2019acce\u0300s a\u0300 la justice, renforcer la gestion de l\u2019administration pe\u0301nitentiaire, ame\u0301liorer le traitement des affaires judiciaires, prote\u0301ger les droits humains, renforcer la promotion du civisme, de la citoyennete\u0301 et de la paix.<\/p>\n<p>A l\u2019issue de son e\u0301valuation, le ministre Bayala a annonce\u0301 que son de\u0301partement affiche un taux de re\u0301alisation de 99,03% en 2024. Un bilan juge\u0301 satisfaisant par le Premier ministre qui a ne\u0301anmoins appele\u0301 a\u0300 plus d\u2019engagement sur le terrain, afin de changer l\u2019image de la justice pour faire d\u2019elle \u00ab une justice du peuple, qui re\u0301pond aux inte\u0301re\u0302ts et aux attentes des Burkinabe\u0300 \u00bb.\r\n                <style type=\"text\/css\">\r\n                    \r\n                    #td_uid_1_69f782a44f888  .td-doubleSlider-2 .td-item1 {\r\n                        background: url(https:\/\/static.africa-press.net\/centrafricaine\/sites\/45\/2025\/02\/sm_1739459223.39977-80x60.jpg) 0 0 no-repeat;\r\n                    }\r\n                    #td_uid_1_69f782a44f888  .td-doubleSlider-2 .td-item2 {\r\n                        background: url(https:\/\/static.africa-press.net\/centrafricaine\/sites\/45\/2025\/02\/sm_1739459226.962162-80x60.jpg) 0 0 no-repeat;\r\n                    }\r\n                <\/style>\r\n\r\n                <div id=\"td_uid_1_69f782a44f888\" class=\"td-gallery td-slide-on-2-columns\">\r\n                    <div class=\"post_td_gallery\">\r\n                        <div class=\"td-gallery-slide-top\">\r\n                           <div class=\"td-gallery-title\"><\/div>\r\n\r\n                            <div class=\"td-gallery-controls-wrapper\">\r\n                                <div class=\"td-gallery-slide-count\"><span class=\"td-gallery-slide-item-focus\">1<\/span> de 2<\/div>\r\n                                <div class=\"td-gallery-slide-prev-next-but\">\r\n                                    <i class = \"td-icon-left doubleSliderPrevButton\"><\/i>\r\n                                    <i class = \"td-icon-right doubleSliderNextButton\"><\/i>\r\n                                <\/div>\r\n                            <\/div>\r\n                        <\/div>\r\n\r\n                        <div class = \"td-doubleSlider-1 \">\r\n                            <div class = \"td-slider\">\r\n                                \r\n                    <div class = \"td-slide-item td-item1\">\r\n                        <figure class=\"td-slide-galery-figure td-slide-popup-gallery\">\r\n                            <a class=\"slide-gallery-image-link\" href=\"https:\/\/static.africa-press.net\/centrafricaine\/sites\/45\/2025\/02\/sm_1739459223.39977.jpg\" title=\"sm_1739459223.39977\"  data-caption=\"\"  data-description=\"\">\r\n                                <img decoding=\"async\" src=\"https:\/\/static.africa-press.net\/centrafricaine\/sites\/45\/2025\/02\/sm_1739459223.39977.jpg\" srcset=\"https:\/\/static.africa-press.net\/centrafricaine\/sites\/45\/2025\/02\/sm_1739459223.39977.jpg 1024w, https:\/\/static.africa-press.net\/centrafricaine\/sites\/45\/2025\/02\/sm_1739459223.39977-300x224.jpg 300w, https:\/\/static.africa-press.net\/centrafricaine\/sites\/45\/2025\/02\/sm_1739459223.39977-768x572.jpg 768w, https:\/\/static.africa-press.net\/centrafricaine\/sites\/45\/2025\/02\/sm_1739459223.39977-80x60.jpg 80w\" sizes=\"(max-width: 1024px) 100vw, 1024px\" alt=\"\">\r\n                            <\/a>\r\n                            \r\n                        <\/figure>\r\n                    <\/div>\r\n                    <div class = \"td-slide-item td-item2\">\r\n                        <figure class=\"td-slide-galery-figure td-slide-popup-gallery\">\r\n                            <a class=\"slide-gallery-image-link\" href=\"https:\/\/static.africa-press.net\/centrafricaine\/sites\/45\/2025\/02\/sm_1739459226.962162.jpg\" title=\"sm_1739459226.962162\"  data-caption=\"\"  data-description=\"\">\r\n                                <img decoding=\"async\" src=\"https:\/\/static.africa-press.net\/centrafricaine\/sites\/45\/2025\/02\/sm_1739459226.962162.jpg\" srcset=\"https:\/\/static.africa-press.net\/centrafricaine\/sites\/45\/2025\/02\/sm_1739459226.962162.jpg 1024w, https:\/\/static.africa-press.net\/centrafricaine\/sites\/45\/2025\/02\/sm_1739459226.962162-300x223.jpg 300w, https:\/\/static.africa-press.net\/centrafricaine\/sites\/45\/2025\/02\/sm_1739459226.962162-768x571.jpg 768w, https:\/\/static.africa-press.net\/centrafricaine\/sites\/45\/2025\/02\/sm_1739459226.962162-80x60.jpg 80w\" sizes=\"(max-width: 1024px) 100vw, 1024px\" alt=\"\">\r\n                            <\/a>\r\n                            \r\n                        <\/figure>\r\n                    <\/div>\r\n                            <\/div>\r\n                        <\/div>\r\n\r\n                        <div class = \"td-doubleSlider-2\">\r\n                            <div class = \"td-slider\">\r\n                                \r\n                    <div class = \"td-button td-item1\">\r\n                        <div class = \"td-border\"><\/div>\r\n                    <\/div>\r\n                    <div class = \"td-button td-item2\">\r\n                        <div class = \"td-border\"><\/div>\r\n                    <\/div>\r\n                            <\/div>\r\n                        <\/div>\r\n\r\n                    <\/div>\r\n\r\n                <\/div>\r\n                <\/p>\n<p><strong>Pour plus d&rsquo;informations et d&rsquo;analyses sur la <span style=\"color: #ff6600\">CentrAfricaine<\/span>, suivez <span style=\"color: #ff6600\">Africa-Press<span style=\"color: #ff6600\"><\/span><\/strong><\/p>\n","protected":false},"excerpt":{"rendered":"<p>Africa-Press &#8211; CentrAfricaine. Devant le Premier ministre, Rimtalba Jean Emmanuel Oue\u0301draogo, il a dresse\u0301 le bilan des activite\u0301s mene\u0301es par son de\u0301partement au cours de l\u2019anne\u0301e 2024. Le ministre de la Justice et des Droits humains, charge\u0301 des relations avec les institutions, Garde des Sceaux, a \u0153uvre\u0301 pour l\u2019atteinte de cinq (05) objectifs spe\u0301cifiques, notamment [&hellip;]<\/p>\n","protected":false},"author":82,"featured_media":68282,"comment_status":"open","ping_status":"closed","sticky":false,"template":"","format":"standard","meta":{"footnotes":""},"categories":[8,2,10],"tags":[30],"class_list":["post-68283","post","type-post","status-publish","format-standard","has-post-thumbnail","hentry","category-photo","category-politique","category-toutes-les-actualites","tag-centrafricaine"],"yoast_head":"<!-- This site is optimized with the Yoast SEO Premium plugin v26.1 (Yoast SEO v27.0) - https:\/\/yoast.com\/product\/yoast-seo-premium-wordpress\/ -->\n<title>Evaluation des contrats d\u2019objectifs des membres du gouvernement : Le d\u00e9partement de Edasso Rodrigue Bayala affiche un taux de r\u00e9alisation de 99,03% - centrafricaine<\/title>\n<meta name=\"robots\" content=\"index, follow, max-snippet:-1, max-image-preview:large, max-video-preview:-1\" \/>\n<link rel=\"canonical\" href=\"https:\/\/www.africa-press.net\/centrafricaine\/politique\/evaluation-des-contrats-dobjectifs-des-membres-du-gouvernement-le-departement-de-edasso-rodrigue-bayala-affiche-un-taux-de-realisation-de-9903\" \/>\n<meta property=\"og:locale\" content=\"fr_FR\" \/>\n<meta property=\"og:type\" content=\"article\" \/>\n<meta property=\"og:title\" content=\"Evaluation des contrats d\u2019objectifs des membres du gouvernement : Le d\u00e9partement de Edasso Rodrigue Bayala affiche un taux de r\u00e9alisation de 99,03%\" \/>\n<meta property=\"og:description\" content=\"Africa-Press &#8211; CentrAfricaine. Devant le Premier ministre, Rimtalba Jean Emmanuel Oue\u0301draogo, il a dresse\u0301 le bilan des activite\u0301s mene\u0301es par son de\u0301partement au cours de l\u2019anne\u0301e 2024. Le ministre de la Justice et des Droits humains, charge\u0301 des relations avec les institutions, Garde des Sceaux, a \u0153uvre\u0301 pour l\u2019atteinte de cinq (05) objectifs spe\u0301cifiques, notamment [&hellip;]\" \/>\n<meta property=\"og:url\" content=\"https:\/\/www.africa-press.net\/centrafricaine\/politique\/evaluation-des-contrats-dobjectifs-des-membres-du-gouvernement-le-departement-de-edasso-rodrigue-bayala-affiche-un-taux-de-realisation-de-9903\" \/>\n<meta property=\"og:site_name\" content=\"centrafricaine\" \/>\n<meta property=\"article:published_time\" content=\"2025-02-13T18:12:00+00:00\" \/>\n<meta property=\"og:image\" content=\"https:\/\/static.africa-press.net\/centrafricaine\/sites\/45\/2025\/02\/sm_1739459223.39977.jpg\" \/>\n<meta name=\"author\" content=\"cfeditorfr\" \/>\n<meta name=\"twitter:card\" content=\"summary_large_image\" \/>\n<meta name=\"twitter:label1\" content=\"\u00c9crit par\" \/>\n\t<meta name=\"twitter:data1\" content=\"cfeditorfr\" \/>\n\t<meta name=\"twitter:label2\" content=\"Dur\u00e9e de lecture estim\u00e9e\" \/>\n\t<meta name=\"twitter:data2\" content=\"1 minute\" \/>\n<script type=\"application\/ld+json\" class=\"yoast-schema-graph\">{\"@context\":\"https:\/\/schema.org\",\"@graph\":[{\"@type\":\"Article\",\"@id\":\"https:\/\/www.africa-press.net\/centrafricaine\/politique\/evaluation-des-contrats-dobjectifs-des-membres-du-gouvernement-le-departement-de-edasso-rodrigue-bayala-affiche-un-taux-de-realisation-de-9903#article\",\"isPartOf\":{\"@id\":\"https:\/\/www.africa-press.net\/centrafricaine\/politique\/evaluation-des-contrats-dobjectifs-des-membres-du-gouvernement-le-departement-de-edasso-rodrigue-bayala-affiche-un-taux-de-realisation-de-9903\"},\"author\":{\"name\":\"cfeditorfr\",\"@id\":\"https:\/\/www.africa-press.net\/centrafricaine\/#\/schema\/person\/2b1cf3cd81a31e3cd26889ca66d677f1\"},\"headline\":\"Evaluation des contrats d\u2019objectifs des membres du gouvernement : Le d\u00e9partement de Edasso Rodrigue Bayala affiche un taux de r\u00e9alisation de 99,03%\",\"datePublished\":\"2025-02-13T18:12:00+00:00\",\"mainEntityOfPage\":{\"@id\":\"https:\/\/www.africa-press.net\/centrafricaine\/politique\/evaluation-des-contrats-dobjectifs-des-membres-du-gouvernement-le-departement-de-edasso-rodrigue-bayala-affiche-un-taux-de-realisation-de-9903\"},\"wordCount\":218,\"commentCount\":0,\"image\":{\"@id\":\"https:\/\/www.africa-press.net\/centrafricaine\/politique\/evaluation-des-contrats-dobjectifs-des-membres-du-gouvernement-le-departement-de-edasso-rodrigue-bayala-affiche-un-taux-de-realisation-de-9903#primaryimage\"},\"thumbnailUrl\":\"https:\/\/static.africa-press.net\/centrafricaine\/sites\/45\/2025\/02\/sm_1739459231.263767.jpg\",\"keywords\":[\"CentrAfricaine\"],\"articleSection\":[\"Photo\",\"Politique\",\"Toutes les actualit\u00e9s\"],\"inLanguage\":\"fr-FR\",\"potentialAction\":[{\"@type\":\"CommentAction\",\"name\":\"Comment\",\"target\":[\"https:\/\/www.africa-press.net\/centrafricaine\/politique\/evaluation-des-contrats-dobjectifs-des-membres-du-gouvernement-le-departement-de-edasso-rodrigue-bayala-affiche-un-taux-de-realisation-de-9903#respond\"]}]},{\"@type\":\"WebPage\",\"@id\":\"https:\/\/www.africa-press.net\/centrafricaine\/politique\/evaluation-des-contrats-dobjectifs-des-membres-du-gouvernement-le-departement-de-edasso-rodrigue-bayala-affiche-un-taux-de-realisation-de-9903\",\"url\":\"https:\/\/www.africa-press.net\/centrafricaine\/politique\/evaluation-des-contrats-dobjectifs-des-membres-du-gouvernement-le-departement-de-edasso-rodrigue-bayala-affiche-un-taux-de-realisation-de-9903\",\"name\":\"Evaluation des contrats d\u2019objectifs des membres du gouvernement : Le d\u00e9partement de Edasso Rodrigue Bayala affiche un taux de r\u00e9alisation de 99,03% - centrafricaine\",\"isPartOf\":{\"@id\":\"https:\/\/www.africa-press.net\/centrafricaine\/#website\"},\"primaryImageOfPage\":{\"@id\":\"https:\/\/www.africa-press.net\/centrafricaine\/politique\/evaluation-des-contrats-dobjectifs-des-membres-du-gouvernement-le-departement-de-edasso-rodrigue-bayala-affiche-un-taux-de-realisation-de-9903#primaryimage\"},\"image\":{\"@id\":\"https:\/\/www.africa-press.net\/centrafricaine\/politique\/evaluation-des-contrats-dobjectifs-des-membres-du-gouvernement-le-departement-de-edasso-rodrigue-bayala-affiche-un-taux-de-realisation-de-9903#primaryimage\"},\"thumbnailUrl\":\"https:\/\/static.africa-press.net\/centrafricaine\/sites\/45\/2025\/02\/sm_1739459231.263767.jpg\",\"datePublished\":\"2025-02-13T18:12:00+00:00\",\"author\":{\"@id\":\"https:\/\/www.africa-press.net\/centrafricaine\/#\/schema\/person\/2b1cf3cd81a31e3cd26889ca66d677f1\"},\"breadcrumb\":{\"@id\":\"https:\/\/www.africa-press.net\/centrafricaine\/politique\/evaluation-des-contrats-dobjectifs-des-membres-du-gouvernement-le-departement-de-edasso-rodrigue-bayala-affiche-un-taux-de-realisation-de-9903#breadcrumb\"},\"inLanguage\":\"fr-FR\",\"potentialAction\":[{\"@type\":\"ReadAction\",\"target\":[\"https:\/\/www.africa-press.net\/centrafricaine\/politique\/evaluation-des-contrats-dobjectifs-des-membres-du-gouvernement-le-departement-de-edasso-rodrigue-bayala-affiche-un-taux-de-realisation-de-9903\"]}]},{\"@type\":\"ImageObject\",\"inLanguage\":\"fr-FR\",\"@id\":\"https:\/\/www.africa-press.net\/centrafricaine\/politique\/evaluation-des-contrats-dobjectifs-des-membres-du-gouvernement-le-departement-de-edasso-rodrigue-bayala-affiche-un-taux-de-realisation-de-9903#primaryimage\",\"url\":\"https:\/\/static.africa-press.net\/centrafricaine\/sites\/45\/2025\/02\/sm_1739459231.263767.jpg\",\"contentUrl\":\"https:\/\/static.africa-press.net\/centrafricaine\/sites\/45\/2025\/02\/sm_1739459231.263767.jpg\",\"width\":750,\"height\":460,\"caption\":\"Evaluation des contrats d\u2019objectifs des membres du gouvernement : Le d\u00e9partement de Edasso Rodrigue Bayala affiche un taux de r\u00e9alisation de 99,03%\"},{\"@type\":\"BreadcrumbList\",\"@id\":\"https:\/\/www.africa-press.net\/centrafricaine\/politique\/evaluation-des-contrats-dobjectifs-des-membres-du-gouvernement-le-departement-de-edasso-rodrigue-bayala-affiche-un-taux-de-realisation-de-9903#breadcrumb\",\"itemListElement\":[{\"@type\":\"ListItem\",\"position\":1,\"name\":\"Accueil\",\"item\":\"https:\/\/www.africa-press.net\/centrafricaine\/\"},{\"@type\":\"ListItem\",\"position\":2,\"name\":\"Evaluation des contrats d\u2019objectifs des membres du gouvernement : Le d\u00e9partement de Edasso Rodrigue Bayala affiche un taux de r\u00e9alisation de 99,03%\"}]},{\"@type\":\"WebSite\",\"@id\":\"https:\/\/www.africa-press.net\/centrafricaine\/#website\",\"url\":\"https:\/\/www.africa-press.net\/centrafricaine\/\",\"name\":\"centrafricaine\",\"description\":\"Just another Africa News Agency Sites site\",\"potentialAction\":[{\"@type\":\"SearchAction\",\"target\":{\"@type\":\"EntryPoint\",\"urlTemplate\":\"https:\/\/www.africa-press.net\/centrafricaine\/?s={search_term_string}\"},\"query-input\":{\"@type\":\"PropertyValueSpecification\",\"valueRequired\":true,\"valueName\":\"search_term_string\"}}],\"inLanguage\":\"fr-FR\"},{\"@type\":\"Person\",\"@id\":\"https:\/\/www.africa-press.net\/centrafricaine\/#\/schema\/person\/2b1cf3cd81a31e3cd26889ca66d677f1\",\"name\":\"cfeditorfr\"}]}<\/script>\n<!-- \/ Yoast SEO Premium plugin. -->","yoast_head_json":{"title":"Evaluation des contrats d\u2019objectifs des membres du gouvernement : Le d\u00e9partement de Edasso Rodrigue Bayala affiche un taux de r\u00e9alisation de 99,03% - centrafricaine","robots":{"index":"index","follow":"follow","max-snippet":"max-snippet:-1","max-image-preview":"max-image-preview:large","max-video-preview":"max-video-preview:-1"},"canonical":"https:\/\/www.africa-press.net\/centrafricaine\/politique\/evaluation-des-contrats-dobjectifs-des-membres-du-gouvernement-le-departement-de-edasso-rodrigue-bayala-affiche-un-taux-de-realisation-de-9903","og_locale":"fr_FR","og_type":"article","og_title":"Evaluation des contrats d\u2019objectifs des membres du gouvernement : Le d\u00e9partement de Edasso Rodrigue Bayala affiche un taux de r\u00e9alisation de 99,03%","og_description":"Africa-Press &#8211; CentrAfricaine. Devant le Premier ministre, Rimtalba Jean Emmanuel Oue\u0301draogo, il a dresse\u0301 le bilan des activite\u0301s mene\u0301es par son de\u0301partement au cours de l\u2019anne\u0301e 2024. Le ministre de la Justice et des Droits humains, charge\u0301 des relations avec les institutions, Garde des Sceaux, a \u0153uvre\u0301 pour l\u2019atteinte de cinq (05) objectifs spe\u0301cifiques, notamment [&hellip;]","og_url":"https:\/\/www.africa-press.net\/centrafricaine\/politique\/evaluation-des-contrats-dobjectifs-des-membres-du-gouvernement-le-departement-de-edasso-rodrigue-bayala-affiche-un-taux-de-realisation-de-9903","og_site_name":"centrafricaine","article_published_time":"2025-02-13T18:12:00+00:00","og_image":[{"url":"https:\/\/static.africa-press.net\/centrafricaine\/sites\/45\/2025\/02\/sm_1739459223.39977.jpg","type":"","width":"","height":""}],"author":"cfeditorfr","twitter_card":"summary_large_image","twitter_misc":{"\u00c9crit par":"cfeditorfr","Dur\u00e9e de lecture estim\u00e9e":"1 minute"},"schema":{"@context":"https:\/\/schema.org","@graph":[{"@type":"Article","@id":"https:\/\/www.africa-press.net\/centrafricaine\/politique\/evaluation-des-contrats-dobjectifs-des-membres-du-gouvernement-le-departement-de-edasso-rodrigue-bayala-affiche-un-taux-de-realisation-de-9903#article","isPartOf":{"@id":"https:\/\/www.africa-press.net\/centrafricaine\/politique\/evaluation-des-contrats-dobjectifs-des-membres-du-gouvernement-le-departement-de-edasso-rodrigue-bayala-affiche-un-taux-de-realisation-de-9903"},"author":{"name":"cfeditorfr","@id":"https:\/\/www.africa-press.net\/centrafricaine\/#\/schema\/person\/2b1cf3cd81a31e3cd26889ca66d677f1"},"headline":"Evaluation des contrats d\u2019objectifs des membres du gouvernement : Le d\u00e9partement de Edasso Rodrigue Bayala affiche un taux de r\u00e9alisation de 99,03%","datePublished":"2025-02-13T18:12:00+00:00","mainEntityOfPage":{"@id":"https:\/\/www.africa-press.net\/centrafricaine\/politique\/evaluation-des-contrats-dobjectifs-des-membres-du-gouvernement-le-departement-de-edasso-rodrigue-bayala-affiche-un-taux-de-realisation-de-9903"},"wordCount":218,"commentCount":0,"image":{"@id":"https:\/\/www.africa-press.net\/centrafricaine\/politique\/evaluation-des-contrats-dobjectifs-des-membres-du-gouvernement-le-departement-de-edasso-rodrigue-bayala-affiche-un-taux-de-realisation-de-9903#primaryimage"},"thumbnailUrl":"https:\/\/static.africa-press.net\/centrafricaine\/sites\/45\/2025\/02\/sm_1739459231.263767.jpg","keywords":["CentrAfricaine"],"articleSection":["Photo","Politique","Toutes les actualit\u00e9s"],"inLanguage":"fr-FR","potentialAction":[{"@type":"CommentAction","name":"Comment","target":["https:\/\/www.africa-press.net\/centrafricaine\/politique\/evaluation-des-contrats-dobjectifs-des-membres-du-gouvernement-le-departement-de-edasso-rodrigue-bayala-affiche-un-taux-de-realisation-de-9903#respond"]}]},{"@type":"WebPage","@id":"https:\/\/www.africa-press.net\/centrafricaine\/politique\/evaluation-des-contrats-dobjectifs-des-membres-du-gouvernement-le-departement-de-edasso-rodrigue-bayala-affiche-un-taux-de-realisation-de-9903","url":"https:\/\/www.africa-press.net\/centrafricaine\/politique\/evaluation-des-contrats-dobjectifs-des-membres-du-gouvernement-le-departement-de-edasso-rodrigue-bayala-affiche-un-taux-de-realisation-de-9903","name":"Evaluation des contrats d\u2019objectifs des membres du gouvernement : Le d\u00e9partement de Edasso Rodrigue Bayala affiche un taux de r\u00e9alisation de 99,03% - centrafricaine","isPartOf":{"@id":"https:\/\/www.africa-press.net\/centrafricaine\/#website"},"primaryImageOfPage":{"@id":"https:\/\/www.africa-press.net\/centrafricaine\/politique\/evaluation-des-contrats-dobjectifs-des-membres-du-gouvernement-le-departement-de-edasso-rodrigue-bayala-affiche-un-taux-de-realisation-de-9903#primaryimage"},"image":{"@id":"https:\/\/www.africa-press.net\/centrafricaine\/politique\/evaluation-des-contrats-dobjectifs-des-membres-du-gouvernement-le-departement-de-edasso-rodrigue-bayala-affiche-un-taux-de-realisation-de-9903#primaryimage"},"thumbnailUrl":"https:\/\/static.africa-press.net\/centrafricaine\/sites\/45\/2025\/02\/sm_1739459231.263767.jpg","datePublished":"2025-02-13T18:12:00+00:00","author":{"@id":"https:\/\/www.africa-press.net\/centrafricaine\/#\/schema\/person\/2b1cf3cd81a31e3cd26889ca66d677f1"},"breadcrumb":{"@id":"https:\/\/www.africa-press.net\/centrafricaine\/politique\/evaluation-des-contrats-dobjectifs-des-membres-du-gouvernement-le-departement-de-edasso-rodrigue-bayala-affiche-un-taux-de-realisation-de-9903#breadcrumb"},"inLanguage":"fr-FR","potentialAction":[{"@type":"ReadAction","target":["https:\/\/www.africa-press.net\/centrafricaine\/politique\/evaluation-des-contrats-dobjectifs-des-membres-du-gouvernement-le-departement-de-edasso-rodrigue-bayala-affiche-un-taux-de-realisation-de-9903"]}]},{"@type":"ImageObject","inLanguage":"fr-FR","@id":"https:\/\/www.africa-press.net\/centrafricaine\/politique\/evaluation-des-contrats-dobjectifs-des-membres-du-gouvernement-le-departement-de-edasso-rodrigue-bayala-affiche-un-taux-de-realisation-de-9903#primaryimage","url":"https:\/\/static.africa-press.net\/centrafricaine\/sites\/45\/2025\/02\/sm_1739459231.263767.jpg","contentUrl":"https:\/\/static.africa-press.net\/centrafricaine\/sites\/45\/2025\/02\/sm_1739459231.263767.jpg","width":750,"height":460,"caption":"Evaluation des contrats d\u2019objectifs des membres du gouvernement : Le d\u00e9partement de Edasso Rodrigue Bayala affiche un taux de r\u00e9alisation de 99,03%"},{"@type":"BreadcrumbList","@id":"https:\/\/www.africa-press.net\/centrafricaine\/politique\/evaluation-des-contrats-dobjectifs-des-membres-du-gouvernement-le-departement-de-edasso-rodrigue-bayala-affiche-un-taux-de-realisation-de-9903#breadcrumb","itemListElement":[{"@type":"ListItem","position":1,"name":"Accueil","item":"https:\/\/www.africa-press.net\/centrafricaine\/"},{"@type":"ListItem","position":2,"name":"Evaluation des contrats d\u2019objectifs des membres du gouvernement : Le d\u00e9partement de Edasso Rodrigue Bayala affiche un taux de r\u00e9alisation de 99,03%"}]},{"@type":"WebSite","@id":"https:\/\/www.africa-press.net\/centrafricaine\/#website","url":"https:\/\/www.africa-press.net\/centrafricaine\/","name":"centrafricaine","description":"Just another Africa News Agency Sites site","potentialAction":[{"@type":"SearchAction","target":{"@type":"EntryPoint","urlTemplate":"https:\/\/www.africa-press.net\/centrafricaine\/?s={search_term_string}"},"query-input":{"@type":"PropertyValueSpecification","valueRequired":true,"valueName":"search_term_string"}}],"inLanguage":"fr-FR"},{"@type":"Person","@id":"https:\/\/www.africa-press.net\/centrafricaine\/#\/schema\/person\/2b1cf3cd81a31e3cd26889ca66d677f1","name":"cfeditorfr"}]}},"_links":{"self":[{"href":"https:\/\/www.africa-press.net\/centrafricaine\/wp-json\/wp\/v2\/posts\/68283","targetHints":{"allow":["GET"]}}],"collection":[{"href":"https:\/\/www.africa-press.net\/centrafricaine\/wp-json\/wp\/v2\/posts"}],"about":[{"href":"https:\/\/www.africa-press.net\/centrafricaine\/wp-json\/wp\/v2\/types\/post"}],"author":[{"embeddable":true,"href":"https:\/\/www.africa-press.net\/centrafricaine\/wp-json\/wp\/v2\/users\/82"}],"replies":[{"embeddable":true,"href":"https:\/\/www.africa-press.net\/centrafricaine\/wp-json\/wp\/v2\/comments?post=68283"}],"version-history":[{"count":0,"href":"https:\/\/www.africa-press.net\/centrafricaine\/wp-json\/wp\/v2\/posts\/68283\/revisions"}],"wp:featuredmedia":[{"embeddable":true,"href":"https:\/\/www.africa-press.net\/centrafricaine\/wp-json\/wp\/v2\/media\/68282"}],"wp:attachment":[{"href":"https:\/\/www.africa-press.net\/centrafricaine\/wp-json\/wp\/v2\/media?parent=68283"}],"wp:term":[{"taxonomy":"category","embeddable":true,"href":"https:\/\/www.africa-press.net\/centrafricaine\/wp-json\/wp\/v2\/categories?post=68283"},{"taxonomy":"post_tag","embeddable":true,"href":"https:\/\/www.africa-press.net\/centrafricaine\/wp-json\/wp\/v2\/tags?post=68283"}],"curies":[{"name":"wp","href":"https:\/\/api.w.org\/{rel}","templated":true}]}}