{"id":68314,"date":"2025-02-15T16:49:08","date_gmt":"2025-02-15T16:49:08","guid":{"rendered":"https:\/\/www.africa-press.net\/centrafricaine\/politique\/la-ville-de-bouar-abrite-la-15eme-edition-de-la-foire-agro-pastorale"},"modified":"2025-02-15T16:49:08","modified_gmt":"2025-02-15T16:49:08","slug":"la-ville-de-bouar-abrite-la-15eme-edition-de-la-foire-agro-pastorale","status":"publish","type":"post","link":"https:\/\/www.africa-press.net\/centrafricaine\/economie\/la-ville-de-bouar-abrite-la-15eme-edition-de-la-foire-agro-pastorale","title":{"rendered":"la ville de Bouar abrite la 15\u00e8me \u00e9dition de la foire agro-pastorale"},"content":{"rendered":"<p><span style=\"color: #ff6600\"><strong>Africa-Press &#8211; CentrAfricaine. <\/strong><\/span><b>  Dans l\u2019objectif de lutter contre la faim en Re\u0301publique centrafricaine en ge\u0301ne\u0301ral et la Nana-Mambe\u0301re\u0301 en particulier, la ville de Bouar a abrite\u0301 la 15e\u0300me e\u0301dition de la foire agro-pastorale. La ce\u0301re\u0301monie du lancement a eu lieu le vendredi 14 fe\u0301vrier dans ladite localite\u0301 en pre\u0301sence de la Premie\u0300re Dame Tina Marguerite Touadera, du de\u0301pute\u0301 de Bouar 1 Fleury Junior Pabandji, de la pre\u0301sidente de la FAFECA Portia Deya Abaze\u0300ne et certaines personnalite\u0301s gouvernementales ainsi que des repre\u0301sentants des organisations.<\/b><\/p>\n<p>La Re\u0301publique centrafricaine posse\u0300de de grandes potentialite\u0301s en ce qui concerne les ressources naturelles et la fertilite\u0301 du sol.<\/p>\n<p>Mais, le de\u0301veloppement de l\u2019agriculture reste encore embryonnaire, ce qui fait que certaines populations font face a\u0300 l\u2019inse\u0301curite\u0301 alimentaire.<\/p>\n<p>Pour reme\u0301dier a\u0300 ce proble\u0300me, plusieurs me\u0301canismes ont e\u0301te\u0301 mis en place afin d\u2019e\u0301radiquer ce fle\u0301au.<\/p>\n<p>C\u2019est dans ce sens que des e\u0301ditions de foire agro-pastorale sont organise\u0301es dans les villes inte\u0301rieures de la Re\u0301publique centrafricaine afin d\u2019instaurer l\u2019autosuffisance alimentaire.<\/p>\n<p><b>Pour cette e\u0301dition de 2025 qui est la 15e\u0300me dans la Nana-Mambe\u0301re\u0301, le the\u0300me choisi est &gt;.<\/b><br \/>\n<b>Une occasion pour le de\u0301pute\u0301 de Bouar 1 Fleury Junior Pabandji de louer cette initiative et d\u2019encourager les populations de Bouar a\u0300 se pencher dans le secteur agro-pastoral afin de relever le de\u0301fi de de\u0301veloppement.<\/b><br \/>\n<b>\u00abLe de\u0301fi de l\u2019agriculture n\u2019est en effet plus seulement de produire en plus grande quantite\u0301 ou avec des qualite\u0301s plus exigeantes, mais aussi et surtout de parvenir a\u0300 produire tout en prote\u0301geant l\u2019environnement et en pre\u0301servant la capacite\u0301 des ge\u0301ne\u0301rations futures a\u0300 assurer leur propre suffisance. Qu\u2019il me soit permis de rendre un vibrant hommage a\u0300 la Premie\u0300re Dame de Centrafrique Tina Marguerite Touadera qui accompagne avec enthousiasme, toutes les femmes de la RCA dans divers projets de de\u0301veloppement. Je voudrai e\u0301galement profiter de l\u2019occasion pour remercier les membres du gouvernement et la pre\u0301sidente de la FAFECA pour leurs appuis multiformes ayant contribue\u0301 a\u0300 la visibilite\u0301 de l\u2019organisation nationale des femmes rurales de la Nana-Mambe\u0301re\u0301. Cette foire agro-pastorale est un e\u0301ve\u0300nement majeur pour notre circonscription et pour notre pre\u0301fecture. La pre\u0301sence de notre che\u0300re maman en tant que marraine a\u0300 cette foire est un signal fort qui traduit effectivement la vision de son excellence le Professeur Faustin Archange Touadera Pre\u0301sident de la Re\u0301publique Chef de l\u2019E\u0301tat, a\u0300 promouvoir l\u2019autonomisation des femmes gra\u0302ce a\u0300 l\u2019agriculture. C\u2019est ici l\u2019occasion pour moi d\u2019inviter tous les partenaires au de\u0301veloppement a\u0300 former les femmes rurales avec des pratiques agricoles pour utiliser les semences ame\u0301liore\u0301es dans leurs champs ou les vendre a\u0300 d\u2019autres agriculteurs. Ce qui leur offre des revenus supple\u0301mentaires. Che\u0300re maman, la FAFECA a de\u0301ja\u0300 pose\u0301 la premie\u0300re base et ce travail devrait e\u0302tre poursuivi avec un appui de haut niveau<\/b> \u00bb, a-t-il lance\u0301.<\/p>\n<p>Il faut souligner plusieurs points relatifs au de\u0301veloppement de l\u2019agriculture dans la Nana-Mambe\u0301re\u0301 ont e\u0301te\u0301 souleve\u0301s par les diffe\u0301rents participants a\u0300 cette foire afin de booster ce secteur combien important pour le de\u0301veloppement de la Re\u0301publique centrafricaine.<\/p>\n<p><b>Source: Ndjoni Sango<\/b><\/p>\n<p><strong>Pour plus d&rsquo;informations et d&rsquo;analyses sur la <span style=\"color: #ff6600\">CentrAfricaine<\/span>, suivez <span style=\"color: #ff6600\">Africa-Press<span style=\"color: #ff6600\"><\/span><\/strong><\/p>\n","protected":false},"excerpt":{"rendered":"<p>Africa-Press &#8211; CentrAfricaine. Dans l\u2019objectif de lutter contre la faim en Re\u0301publique centrafricaine en ge\u0301ne\u0301ral et la Nana-Mambe\u0301re\u0301 en particulier, la ville de Bouar a abrite\u0301 la 15e\u0300me e\u0301dition de la foire agro-pastorale. La ce\u0301re\u0301monie du lancement a eu lieu le vendredi 14 fe\u0301vrier dans ladite localite\u0301 en pre\u0301sence de la Premie\u0300re Dame Tina Marguerite [&hellip;]<\/p>\n","protected":false},"author":82,"featured_media":68313,"comment_status":"open","ping_status":"closed","sticky":false,"template":"","format":"standard","meta":{"footnotes":""},"categories":[3,10],"tags":[1011,30,41,1630],"class_list":["post-68314","post","type-post","status-publish","format-standard","has-post-thumbnail","hentry","category-economie","category-toutes-les-actualites","tag-bouar","tag-centrafricaine","tag-centrafrique","tag-foire-agricole"],"yoast_head":"<!-- This site is optimized with the Yoast SEO Premium plugin v26.1 (Yoast SEO v27.0) - https:\/\/yoast.com\/product\/yoast-seo-premium-wordpress\/ -->\n<title>la ville de Bouar abrite la 15\u00e8me \u00e9dition de la foire agro-pastorale - centrafricaine<\/title>\n<meta name=\"robots\" content=\"index, follow, max-snippet:-1, max-image-preview:large, max-video-preview:-1\" \/>\n<link rel=\"canonical\" href=\"https:\/\/www.africa-press.net\/centrafricaine\/politique\/la-ville-de-bouar-abrite-la-15eme-edition-de-la-foire-agro-pastorale\" \/>\n<meta property=\"og:locale\" content=\"fr_FR\" \/>\n<meta property=\"og:type\" content=\"article\" \/>\n<meta property=\"og:title\" content=\"la ville de Bouar abrite la 15\u00e8me \u00e9dition de la foire agro-pastorale\" \/>\n<meta property=\"og:description\" content=\"Africa-Press &#8211; CentrAfricaine. Dans l\u2019objectif de lutter contre la faim en Re\u0301publique centrafricaine en ge\u0301ne\u0301ral et la Nana-Mambe\u0301re\u0301 en particulier, la ville de Bouar a abrite\u0301 la 15e\u0300me e\u0301dition de la foire agro-pastorale. La ce\u0301re\u0301monie du lancement a eu lieu le vendredi 14 fe\u0301vrier dans ladite localite\u0301 en pre\u0301sence de la Premie\u0300re Dame Tina Marguerite [&hellip;]\" \/>\n<meta property=\"og:url\" content=\"https:\/\/www.africa-press.net\/centrafricaine\/politique\/la-ville-de-bouar-abrite-la-15eme-edition-de-la-foire-agro-pastorale\" \/>\n<meta property=\"og:site_name\" content=\"centrafricaine\" \/>\n<meta property=\"article:published_time\" content=\"2025-02-15T16:49:08+00:00\" \/>\n<meta name=\"author\" content=\"cfeditorfr\" \/>\n<meta name=\"twitter:card\" content=\"summary_large_image\" \/>\n<meta name=\"twitter:label1\" content=\"\u00c9crit par\" \/>\n\t<meta name=\"twitter:data1\" content=\"cfeditorfr\" \/>\n\t<meta name=\"twitter:label2\" content=\"Dur\u00e9e de lecture estim\u00e9e\" \/>\n\t<meta name=\"twitter:data2\" content=\"3 minutes\" \/>\n<script type=\"application\/ld+json\" class=\"yoast-schema-graph\">{\"@context\":\"https:\/\/schema.org\",\"@graph\":[{\"@type\":\"Article\",\"@id\":\"https:\/\/www.africa-press.net\/centrafricaine\/politique\/la-ville-de-bouar-abrite-la-15eme-edition-de-la-foire-agro-pastorale#article\",\"isPartOf\":{\"@id\":\"https:\/\/www.africa-press.net\/centrafricaine\/politique\/la-ville-de-bouar-abrite-la-15eme-edition-de-la-foire-agro-pastorale\"},\"author\":{\"name\":\"cfeditorfr\",\"@id\":\"https:\/\/www.africa-press.net\/centrafricaine\/#\/schema\/person\/2b1cf3cd81a31e3cd26889ca66d677f1\"},\"headline\":\"la ville de Bouar abrite la 15\u00e8me \u00e9dition de la foire agro-pastorale\",\"datePublished\":\"2025-02-15T16:49:08+00:00\",\"mainEntityOfPage\":{\"@id\":\"https:\/\/www.africa-press.net\/centrafricaine\/politique\/la-ville-de-bouar-abrite-la-15eme-edition-de-la-foire-agro-pastorale\"},\"wordCount\":607,\"commentCount\":0,\"image\":{\"@id\":\"https:\/\/www.africa-press.net\/centrafricaine\/politique\/la-ville-de-bouar-abrite-la-15eme-edition-de-la-foire-agro-pastorale#primaryimage\"},\"thumbnailUrl\":\"https:\/\/static.africa-press.net\/centrafricaine\/sites\/45\/2025\/02\/sm_1739626770.654182.jpg\",\"keywords\":[\"Bouar\",\"CentrAfricaine\",\"Centrafrique\",\"foire agricole\"],\"articleSection\":[\"\u00c9conomie\",\"Toutes les actualit\u00e9s\"],\"inLanguage\":\"fr-FR\",\"potentialAction\":[{\"@type\":\"CommentAction\",\"name\":\"Comment\",\"target\":[\"https:\/\/www.africa-press.net\/centrafricaine\/politique\/la-ville-de-bouar-abrite-la-15eme-edition-de-la-foire-agro-pastorale#respond\"]}]},{\"@type\":\"WebPage\",\"@id\":\"https:\/\/www.africa-press.net\/centrafricaine\/politique\/la-ville-de-bouar-abrite-la-15eme-edition-de-la-foire-agro-pastorale\",\"url\":\"https:\/\/www.africa-press.net\/centrafricaine\/politique\/la-ville-de-bouar-abrite-la-15eme-edition-de-la-foire-agro-pastorale\",\"name\":\"la ville de Bouar abrite la 15\u00e8me \u00e9dition de la foire agro-pastorale - centrafricaine\",\"isPartOf\":{\"@id\":\"https:\/\/www.africa-press.net\/centrafricaine\/#website\"},\"primaryImageOfPage\":{\"@id\":\"https:\/\/www.africa-press.net\/centrafricaine\/politique\/la-ville-de-bouar-abrite-la-15eme-edition-de-la-foire-agro-pastorale#primaryimage\"},\"image\":{\"@id\":\"https:\/\/www.africa-press.net\/centrafricaine\/politique\/la-ville-de-bouar-abrite-la-15eme-edition-de-la-foire-agro-pastorale#primaryimage\"},\"thumbnailUrl\":\"https:\/\/static.africa-press.net\/centrafricaine\/sites\/45\/2025\/02\/sm_1739626770.654182.jpg\",\"datePublished\":\"2025-02-15T16:49:08+00:00\",\"author\":{\"@id\":\"https:\/\/www.africa-press.net\/centrafricaine\/#\/schema\/person\/2b1cf3cd81a31e3cd26889ca66d677f1\"},\"breadcrumb\":{\"@id\":\"https:\/\/www.africa-press.net\/centrafricaine\/politique\/la-ville-de-bouar-abrite-la-15eme-edition-de-la-foire-agro-pastorale#breadcrumb\"},\"inLanguage\":\"fr-FR\",\"potentialAction\":[{\"@type\":\"ReadAction\",\"target\":[\"https:\/\/www.africa-press.net\/centrafricaine\/politique\/la-ville-de-bouar-abrite-la-15eme-edition-de-la-foire-agro-pastorale\"]}]},{\"@type\":\"ImageObject\",\"inLanguage\":\"fr-FR\",\"@id\":\"https:\/\/www.africa-press.net\/centrafricaine\/politique\/la-ville-de-bouar-abrite-la-15eme-edition-de-la-foire-agro-pastorale#primaryimage\",\"url\":\"https:\/\/static.africa-press.net\/centrafricaine\/sites\/45\/2025\/02\/sm_1739626770.654182.jpg\",\"contentUrl\":\"https:\/\/static.africa-press.net\/centrafricaine\/sites\/45\/2025\/02\/sm_1739626770.654182.jpg\",\"width\":1080,\"height\":486,\"caption\":\"la ville de Bouar abrite la 15\u00e8me \u00e9dition de la foire agro-pastorale\"},{\"@type\":\"BreadcrumbList\",\"@id\":\"https:\/\/www.africa-press.net\/centrafricaine\/politique\/la-ville-de-bouar-abrite-la-15eme-edition-de-la-foire-agro-pastorale#breadcrumb\",\"itemListElement\":[{\"@type\":\"ListItem\",\"position\":1,\"name\":\"Accueil\",\"item\":\"https:\/\/www.africa-press.net\/centrafricaine\/\"},{\"@type\":\"ListItem\",\"position\":2,\"name\":\"la ville de Bouar abrite la 15\u00e8me \u00e9dition de la foire agro-pastorale\"}]},{\"@type\":\"WebSite\",\"@id\":\"https:\/\/www.africa-press.net\/centrafricaine\/#website\",\"url\":\"https:\/\/www.africa-press.net\/centrafricaine\/\",\"name\":\"centrafricaine\",\"description\":\"Just another Africa News Agency Sites site\",\"potentialAction\":[{\"@type\":\"SearchAction\",\"target\":{\"@type\":\"EntryPoint\",\"urlTemplate\":\"https:\/\/www.africa-press.net\/centrafricaine\/?s={search_term_string}\"},\"query-input\":{\"@type\":\"PropertyValueSpecification\",\"valueRequired\":true,\"valueName\":\"search_term_string\"}}],\"inLanguage\":\"fr-FR\"},{\"@type\":\"Person\",\"@id\":\"https:\/\/www.africa-press.net\/centrafricaine\/#\/schema\/person\/2b1cf3cd81a31e3cd26889ca66d677f1\",\"name\":\"cfeditorfr\"}]}<\/script>\n<!-- \/ Yoast SEO Premium plugin. -->","yoast_head_json":{"title":"la ville de Bouar abrite la 15\u00e8me \u00e9dition de la foire agro-pastorale - centrafricaine","robots":{"index":"index","follow":"follow","max-snippet":"max-snippet:-1","max-image-preview":"max-image-preview:large","max-video-preview":"max-video-preview:-1"},"canonical":"https:\/\/www.africa-press.net\/centrafricaine\/politique\/la-ville-de-bouar-abrite-la-15eme-edition-de-la-foire-agro-pastorale","og_locale":"fr_FR","og_type":"article","og_title":"la ville de Bouar abrite la 15\u00e8me \u00e9dition de la foire agro-pastorale","og_description":"Africa-Press &#8211; CentrAfricaine. Dans l\u2019objectif de lutter contre la faim en Re\u0301publique centrafricaine en ge\u0301ne\u0301ral et la Nana-Mambe\u0301re\u0301 en particulier, la ville de Bouar a abrite\u0301 la 15e\u0300me e\u0301dition de la foire agro-pastorale. La ce\u0301re\u0301monie du lancement a eu lieu le vendredi 14 fe\u0301vrier dans ladite localite\u0301 en pre\u0301sence de la Premie\u0300re Dame Tina Marguerite [&hellip;]","og_url":"https:\/\/www.africa-press.net\/centrafricaine\/politique\/la-ville-de-bouar-abrite-la-15eme-edition-de-la-foire-agro-pastorale","og_site_name":"centrafricaine","article_published_time":"2025-02-15T16:49:08+00:00","author":"cfeditorfr","twitter_card":"summary_large_image","twitter_misc":{"\u00c9crit par":"cfeditorfr","Dur\u00e9e de lecture estim\u00e9e":"3 minutes"},"schema":{"@context":"https:\/\/schema.org","@graph":[{"@type":"Article","@id":"https:\/\/www.africa-press.net\/centrafricaine\/politique\/la-ville-de-bouar-abrite-la-15eme-edition-de-la-foire-agro-pastorale#article","isPartOf":{"@id":"https:\/\/www.africa-press.net\/centrafricaine\/politique\/la-ville-de-bouar-abrite-la-15eme-edition-de-la-foire-agro-pastorale"},"author":{"name":"cfeditorfr","@id":"https:\/\/www.africa-press.net\/centrafricaine\/#\/schema\/person\/2b1cf3cd81a31e3cd26889ca66d677f1"},"headline":"la ville de Bouar abrite la 15\u00e8me \u00e9dition de la foire agro-pastorale","datePublished":"2025-02-15T16:49:08+00:00","mainEntityOfPage":{"@id":"https:\/\/www.africa-press.net\/centrafricaine\/politique\/la-ville-de-bouar-abrite-la-15eme-edition-de-la-foire-agro-pastorale"},"wordCount":607,"commentCount":0,"image":{"@id":"https:\/\/www.africa-press.net\/centrafricaine\/politique\/la-ville-de-bouar-abrite-la-15eme-edition-de-la-foire-agro-pastorale#primaryimage"},"thumbnailUrl":"https:\/\/static.africa-press.net\/centrafricaine\/sites\/45\/2025\/02\/sm_1739626770.654182.jpg","keywords":["Bouar","CentrAfricaine","Centrafrique","foire agricole"],"articleSection":["\u00c9conomie","Toutes les actualit\u00e9s"],"inLanguage":"fr-FR","potentialAction":[{"@type":"CommentAction","name":"Comment","target":["https:\/\/www.africa-press.net\/centrafricaine\/politique\/la-ville-de-bouar-abrite-la-15eme-edition-de-la-foire-agro-pastorale#respond"]}]},{"@type":"WebPage","@id":"https:\/\/www.africa-press.net\/centrafricaine\/politique\/la-ville-de-bouar-abrite-la-15eme-edition-de-la-foire-agro-pastorale","url":"https:\/\/www.africa-press.net\/centrafricaine\/politique\/la-ville-de-bouar-abrite-la-15eme-edition-de-la-foire-agro-pastorale","name":"la ville de Bouar abrite la 15\u00e8me \u00e9dition de la foire agro-pastorale - centrafricaine","isPartOf":{"@id":"https:\/\/www.africa-press.net\/centrafricaine\/#website"},"primaryImageOfPage":{"@id":"https:\/\/www.africa-press.net\/centrafricaine\/politique\/la-ville-de-bouar-abrite-la-15eme-edition-de-la-foire-agro-pastorale#primaryimage"},"image":{"@id":"https:\/\/www.africa-press.net\/centrafricaine\/politique\/la-ville-de-bouar-abrite-la-15eme-edition-de-la-foire-agro-pastorale#primaryimage"},"thumbnailUrl":"https:\/\/static.africa-press.net\/centrafricaine\/sites\/45\/2025\/02\/sm_1739626770.654182.jpg","datePublished":"2025-02-15T16:49:08+00:00","author":{"@id":"https:\/\/www.africa-press.net\/centrafricaine\/#\/schema\/person\/2b1cf3cd81a31e3cd26889ca66d677f1"},"breadcrumb":{"@id":"https:\/\/www.africa-press.net\/centrafricaine\/politique\/la-ville-de-bouar-abrite-la-15eme-edition-de-la-foire-agro-pastorale#breadcrumb"},"inLanguage":"fr-FR","potentialAction":[{"@type":"ReadAction","target":["https:\/\/www.africa-press.net\/centrafricaine\/politique\/la-ville-de-bouar-abrite-la-15eme-edition-de-la-foire-agro-pastorale"]}]},{"@type":"ImageObject","inLanguage":"fr-FR","@id":"https:\/\/www.africa-press.net\/centrafricaine\/politique\/la-ville-de-bouar-abrite-la-15eme-edition-de-la-foire-agro-pastorale#primaryimage","url":"https:\/\/static.africa-press.net\/centrafricaine\/sites\/45\/2025\/02\/sm_1739626770.654182.jpg","contentUrl":"https:\/\/static.africa-press.net\/centrafricaine\/sites\/45\/2025\/02\/sm_1739626770.654182.jpg","width":1080,"height":486,"caption":"la ville de Bouar abrite la 15\u00e8me \u00e9dition de la foire agro-pastorale"},{"@type":"BreadcrumbList","@id":"https:\/\/www.africa-press.net\/centrafricaine\/politique\/la-ville-de-bouar-abrite-la-15eme-edition-de-la-foire-agro-pastorale#breadcrumb","itemListElement":[{"@type":"ListItem","position":1,"name":"Accueil","item":"https:\/\/www.africa-press.net\/centrafricaine\/"},{"@type":"ListItem","position":2,"name":"la ville de Bouar abrite la 15\u00e8me \u00e9dition de la foire agro-pastorale"}]},{"@type":"WebSite","@id":"https:\/\/www.africa-press.net\/centrafricaine\/#website","url":"https:\/\/www.africa-press.net\/centrafricaine\/","name":"centrafricaine","description":"Just another Africa News Agency Sites site","potentialAction":[{"@type":"SearchAction","target":{"@type":"EntryPoint","urlTemplate":"https:\/\/www.africa-press.net\/centrafricaine\/?s={search_term_string}"},"query-input":{"@type":"PropertyValueSpecification","valueRequired":true,"valueName":"search_term_string"}}],"inLanguage":"fr-FR"},{"@type":"Person","@id":"https:\/\/www.africa-press.net\/centrafricaine\/#\/schema\/person\/2b1cf3cd81a31e3cd26889ca66d677f1","name":"cfeditorfr"}]}},"_links":{"self":[{"href":"https:\/\/www.africa-press.net\/centrafricaine\/wp-json\/wp\/v2\/posts\/68314","targetHints":{"allow":["GET"]}}],"collection":[{"href":"https:\/\/www.africa-press.net\/centrafricaine\/wp-json\/wp\/v2\/posts"}],"about":[{"href":"https:\/\/www.africa-press.net\/centrafricaine\/wp-json\/wp\/v2\/types\/post"}],"author":[{"embeddable":true,"href":"https:\/\/www.africa-press.net\/centrafricaine\/wp-json\/wp\/v2\/users\/82"}],"replies":[{"embeddable":true,"href":"https:\/\/www.africa-press.net\/centrafricaine\/wp-json\/wp\/v2\/comments?post=68314"}],"version-history":[{"count":0,"href":"https:\/\/www.africa-press.net\/centrafricaine\/wp-json\/wp\/v2\/posts\/68314\/revisions"}],"wp:featuredmedia":[{"embeddable":true,"href":"https:\/\/www.africa-press.net\/centrafricaine\/wp-json\/wp\/v2\/media\/68313"}],"wp:attachment":[{"href":"https:\/\/www.africa-press.net\/centrafricaine\/wp-json\/wp\/v2\/media?parent=68314"}],"wp:term":[{"taxonomy":"category","embeddable":true,"href":"https:\/\/www.africa-press.net\/centrafricaine\/wp-json\/wp\/v2\/categories?post=68314"},{"taxonomy":"post_tag","embeddable":true,"href":"https:\/\/www.africa-press.net\/centrafricaine\/wp-json\/wp\/v2\/tags?post=68314"}],"curies":[{"name":"wp","href":"https:\/\/api.w.org\/{rel}","templated":true}]}}