{"id":68432,"date":"2025-02-18T19:26:09","date_gmt":"2025-02-18T19:26:09","guid":{"rendered":"https:\/\/www.africa-press.net\/centrafricaine\/politique\/le-stade-zari-herman-de-bouar-desormais-en-cloture-pour-le-bon-deroulement-des-activites-footballistiques"},"modified":"2025-04-07T18:10:19","modified_gmt":"2025-04-07T18:10:19","slug":"le-stade-zari-herman-de-bouar-desormais-en-cloture-pour-le-bon-deroulement-des-activites-footballistiques","status":"publish","type":"post","link":"https:\/\/www.africa-press.net\/centrafricaine\/sports\/le-stade-zari-herman-de-bouar-desormais-en-cloture-pour-le-bon-deroulement-des-activites-footballistiques","title":{"rendered":"Le stade Zari Herman de Bouar d\u00e9sormais en cl\u00f4ture pour le bon d\u00e9roulement des activit\u00e9s footballistiques"},"content":{"rendered":"<p><span style=\"color: #ff6600\"><strong>Africa-Press &#8211; CentrAfricaine. <\/strong><\/span>En vue de favoriser le bon de\u0301roulement des activite\u0301s footballistiques dans la pre\u0301fecture de la Nana-Mambe\u0301re\u0301, le stade Zari Herman de Bouar est de\u0301sormais clo\u0302ture\u0301 et attend juste la pose des pelouses. Ce qui est une satisfaction pour le pre\u0301sident de la ligue Isaac Denamgane et plusieurs fanatiques du ballon rond de ladite pre\u0301fecture.<\/p>\n<p>Tout comme les autres villes de la Re\u0301publique centrafricaine, la pre\u0301fecture de la Nana-Mambe\u0301re\u0301 a aussi une ligue de football dont le championnat se de\u0301roule re\u0301gulie\u0300rement chaque saison. Et pour favoriser le bon de\u0301roulement des activite\u0301s sur le stade Zari Herman, la MINUSCA a proce\u0301de\u0301 a\u0300 la construction de clo\u0302ture autour du terrain.<\/p>\n<p>Ce qui a e\u0301te\u0301 fait et que la fe\u0301de\u0301ration centrafricaine de football apre\u0300s l\u2019expertise du terrain, entend poser les pelouses pour rendre le stade re\u0301glementaire. Ce qui est une satisfaction pour <b>Isaac Denamgane<\/b>, pre\u0301sident de ligue de football de la Nana-Mambe\u0301re\u0301 qui affirme qu\u2019il est content de voir la Nana-Mambe\u0301re\u0301 abriter le play-off national cette anne\u0301e:<\/p>\n<p><b>\u00ab Le championnat se de\u0301roule sans difficulte\u0301 mais de\u0301localise\u0301 sur le terrain du lyce\u0301e de Bouar en attendant la finition des travaux sur le stade. Et nous sommes de\u0301ja\u0300 en phase retour dont la 2e\u0300me journe\u0301e se dispute. Nous avons cre\u0301e\u0301 la division deux donc la ligue a maintenant 6 clubs en D1 et 6 en D2. Nous avons obtenu la clo\u0302ture du stade faite par la MINUSCA et nous sommes en train de mener des de\u0301marches aupre\u0300s de la fe\u0301de\u0301ration pour la mise des pelouses. Ce qui est favorable et que la fe\u0301de\u0301ration a envoye\u0301 une e\u0301quipe d\u2019\u2019expertise pour voir dans quelle mesure mettre les pelouses dans un bref de\u0301lai afin que nous puissions abriter le play-off national comme annonce\u0301. Le play-off national c\u2019est au mois de juin, donc s\u2019il faut mettre la pelouse, il faut que ce soit 3 mois avant pour que le terrain soit praticable et le pre\u0301sident de la fe\u0301de\u0301ration en est conscient, c\u2019est pour cela qu\u2019il a de\u0301pe\u0302che\u0301 cette mission d\u2019expertise. Donc je remercie les autorite\u0301s de la ville de Bouar, la MINUSCA et la fe\u0301de\u0301ration centrafricaine de football pour ces efforts et je profite de l\u2019occasion pour signaler que la tribune est petite alors la clo\u0302ture est grande, d\u2019ou\u0300 l\u2019importance de penser a\u0300 l\u2019agrandissement de la tribune \u00bb<\/b>, a-t-il affirme\u0301.<\/p>\n<p>La ligue de football de la Nana-Mambe\u0301re\u0301 est l\u2019une des prestigieuses ligues de la Re\u0301publique centrafricaine. La construction de cette clo\u0302ture est un atout pour le bon de\u0301roulement des activite\u0301s de football a\u0300 Bouar et du prochain play-off national pre\u0301vu dans ladite localite\u0301.<\/p>\n<p><b>Source: Ndjoni Sango<\/b><\/p>\n<p><strong>Pour plus d&rsquo;informations et d&rsquo;analyses sur la <span style=\"color: #ff6600\">CentrAfricaine<\/span>, suivez <span style=\"color: #ff6600\">Africa-Press<\/span><\/strong><\/p>\n","protected":false},"excerpt":{"rendered":"<p>Africa-Press &#8211; CentrAfricaine. En vue de favoriser le bon de\u0301roulement des activite\u0301s footballistiques dans la pre\u0301fecture de la Nana-Mambe\u0301re\u0301, le stade Zari Herman de Bouar est de\u0301sormais clo\u0302ture\u0301 et attend juste la pose des pelouses. Ce qui est une satisfaction pour le pre\u0301sident de la ligue Isaac Denamgane et plusieurs fanatiques du ballon rond de [&hellip;]<\/p>\n","protected":false},"author":82,"featured_media":68431,"comment_status":"open","ping_status":"closed","sticky":false,"template":"","format":"standard","meta":{"footnotes":""},"categories":[6,10],"tags":[1011,30,41,5731],"class_list":["post-68432","post","type-post","status-publish","format-standard","has-post-thumbnail","hentry","category-sports","category-toutes-les-actualites","tag-bouar","tag-centrafricaine","tag-centrafrique","tag-stade-zari-herman"],"yoast_head":"<!-- This site is optimized with the Yoast SEO Premium plugin v26.1 (Yoast SEO v27.0) - https:\/\/yoast.com\/product\/yoast-seo-premium-wordpress\/ -->\n<title>Le stade Zari Herman de Bouar d\u00e9sormais en cl\u00f4ture pour le bon d\u00e9roulement des activit\u00e9s footballistiques - centrafricaine<\/title>\n<meta name=\"description\" content=\"En vue de favoriser le bon de\u0301roulement des activite\u0301s footballistiques dans la pre\u0301fecture de la Nana-Mambe\u0301re\u0301, le sta ...\" \/>\n<meta name=\"robots\" content=\"index, follow, max-snippet:-1, max-image-preview:large, max-video-preview:-1\" \/>\n<link rel=\"canonical\" href=\"https:\/\/www.africa-press.net\/centrafricaine\/sports\/le-stade-zari-herman-de-bouar-desormais-en-cloture-pour-le-bon-deroulement-des-activites-footballistiques\" \/>\n<meta property=\"og:locale\" content=\"fr_FR\" \/>\n<meta property=\"og:type\" content=\"article\" \/>\n<meta property=\"og:title\" content=\"Le stade Zari Herman de Bouar d\u00e9sormais en cl\u00f4ture pour le bon d\u00e9roulement des activit\u00e9s footballistiques\" \/>\n<meta property=\"og:description\" content=\"En vue de favoriser le bon de\u0301roulement des activite\u0301s footballistiques dans la pre\u0301fecture de la Nana-Mambe\u0301re\u0301, le sta ...\" \/>\n<meta property=\"og:url\" content=\"https:\/\/www.africa-press.net\/centrafricaine\/sports\/le-stade-zari-herman-de-bouar-desormais-en-cloture-pour-le-bon-deroulement-des-activites-footballistiques\" \/>\n<meta property=\"og:site_name\" content=\"centrafricaine\" \/>\n<meta property=\"article:published_time\" content=\"2025-02-18T19:26:09+00:00\" \/>\n<meta property=\"article:modified_time\" content=\"2025-04-07T18:10:19+00:00\" \/>\n<meta property=\"og:image\" content=\"https:\/\/static.africa-press.net\/centrafricaine\/sites\/45\/2025\/02\/sm_1739894329.765644.jpg\" \/>\n\t<meta property=\"og:image:width\" content=\"711\" \/>\n\t<meta property=\"og:image:height\" content=\"271\" \/>\n\t<meta property=\"og:image:type\" content=\"image\/jpeg\" \/>\n<meta name=\"author\" content=\"cfeditorfr\" \/>\n<meta name=\"twitter:card\" content=\"summary_large_image\" \/>\n<meta name=\"twitter:label1\" content=\"\u00c9crit par\" \/>\n\t<meta name=\"twitter:data1\" content=\"cfeditorfr\" \/>\n\t<meta name=\"twitter:label2\" content=\"Dur\u00e9e de lecture estim\u00e9e\" \/>\n\t<meta name=\"twitter:data2\" content=\"3 minutes\" \/>\n<script type=\"application\/ld+json\" class=\"yoast-schema-graph\">{\"@context\":\"https:\/\/schema.org\",\"@graph\":[{\"@type\":\"Article\",\"@id\":\"https:\/\/www.africa-press.net\/centrafricaine\/sports\/le-stade-zari-herman-de-bouar-desormais-en-cloture-pour-le-bon-deroulement-des-activites-footballistiques#article\",\"isPartOf\":{\"@id\":\"https:\/\/www.africa-press.net\/centrafricaine\/sports\/le-stade-zari-herman-de-bouar-desormais-en-cloture-pour-le-bon-deroulement-des-activites-footballistiques\"},\"author\":{\"name\":\"cfeditorfr\",\"@id\":\"https:\/\/www.africa-press.net\/centrafricaine\/#\/schema\/person\/2b1cf3cd81a31e3cd26889ca66d677f1\"},\"headline\":\"Le stade Zari Herman de Bouar d\u00e9sormais en cl\u00f4ture pour le bon d\u00e9roulement des activit\u00e9s footballistiques\",\"datePublished\":\"2025-02-18T19:26:09+00:00\",\"dateModified\":\"2025-04-07T18:10:19+00:00\",\"mainEntityOfPage\":{\"@id\":\"https:\/\/www.africa-press.net\/centrafricaine\/sports\/le-stade-zari-herman-de-bouar-desormais-en-cloture-pour-le-bon-deroulement-des-activites-footballistiques\"},\"wordCount\":527,\"commentCount\":0,\"image\":{\"@id\":\"https:\/\/www.africa-press.net\/centrafricaine\/sports\/le-stade-zari-herman-de-bouar-desormais-en-cloture-pour-le-bon-deroulement-des-activites-footballistiques#primaryimage\"},\"thumbnailUrl\":\"https:\/\/static.africa-press.net\/centrafricaine\/sites\/45\/2025\/02\/sm_1739894329.765644.jpg\",\"keywords\":[\"Bouar\",\"CentrAfricaine\",\"Centrafrique\",\"stade Zari Herman\"],\"articleSection\":[\"Sports\",\"Toutes les actualit\u00e9s\"],\"inLanguage\":\"fr-FR\",\"potentialAction\":[{\"@type\":\"CommentAction\",\"name\":\"Comment\",\"target\":[\"https:\/\/www.africa-press.net\/centrafricaine\/sports\/le-stade-zari-herman-de-bouar-desormais-en-cloture-pour-le-bon-deroulement-des-activites-footballistiques#respond\"]}]},{\"@type\":\"WebPage\",\"@id\":\"https:\/\/www.africa-press.net\/centrafricaine\/sports\/le-stade-zari-herman-de-bouar-desormais-en-cloture-pour-le-bon-deroulement-des-activites-footballistiques\",\"url\":\"https:\/\/www.africa-press.net\/centrafricaine\/sports\/le-stade-zari-herman-de-bouar-desormais-en-cloture-pour-le-bon-deroulement-des-activites-footballistiques\",\"name\":\"Le stade Zari Herman de Bouar d\u00e9sormais en cl\u00f4ture pour le bon d\u00e9roulement des activit\u00e9s footballistiques - centrafricaine\",\"isPartOf\":{\"@id\":\"https:\/\/www.africa-press.net\/centrafricaine\/#website\"},\"primaryImageOfPage\":{\"@id\":\"https:\/\/www.africa-press.net\/centrafricaine\/sports\/le-stade-zari-herman-de-bouar-desormais-en-cloture-pour-le-bon-deroulement-des-activites-footballistiques#primaryimage\"},\"image\":{\"@id\":\"https:\/\/www.africa-press.net\/centrafricaine\/sports\/le-stade-zari-herman-de-bouar-desormais-en-cloture-pour-le-bon-deroulement-des-activites-footballistiques#primaryimage\"},\"thumbnailUrl\":\"https:\/\/static.africa-press.net\/centrafricaine\/sites\/45\/2025\/02\/sm_1739894329.765644.jpg\",\"datePublished\":\"2025-02-18T19:26:09+00:00\",\"dateModified\":\"2025-04-07T18:10:19+00:00\",\"author\":{\"@id\":\"https:\/\/www.africa-press.net\/centrafricaine\/#\/schema\/person\/2b1cf3cd81a31e3cd26889ca66d677f1\"},\"description\":\"En vue de favoriser le bon de\u0301roulement des activite\u0301s footballistiques dans la pre\u0301fecture de la Nana-Mambe\u0301re\u0301, le sta ...\",\"breadcrumb\":{\"@id\":\"https:\/\/www.africa-press.net\/centrafricaine\/sports\/le-stade-zari-herman-de-bouar-desormais-en-cloture-pour-le-bon-deroulement-des-activites-footballistiques#breadcrumb\"},\"inLanguage\":\"fr-FR\",\"potentialAction\":[{\"@type\":\"ReadAction\",\"target\":[\"https:\/\/www.africa-press.net\/centrafricaine\/sports\/le-stade-zari-herman-de-bouar-desormais-en-cloture-pour-le-bon-deroulement-des-activites-footballistiques\"]}]},{\"@type\":\"ImageObject\",\"inLanguage\":\"fr-FR\",\"@id\":\"https:\/\/www.africa-press.net\/centrafricaine\/sports\/le-stade-zari-herman-de-bouar-desormais-en-cloture-pour-le-bon-deroulement-des-activites-footballistiques#primaryimage\",\"url\":\"https:\/\/static.africa-press.net\/centrafricaine\/sites\/45\/2025\/02\/sm_1739894329.765644.jpg\",\"contentUrl\":\"https:\/\/static.africa-press.net\/centrafricaine\/sites\/45\/2025\/02\/sm_1739894329.765644.jpg\",\"width\":711,\"height\":271,\"caption\":\"Le stade Zari Herman de Bouar d\u00e9sormais en cl\u00f4ture pour le bon d\u00e9roulement des activit\u00e9s footballistiques\"},{\"@type\":\"BreadcrumbList\",\"@id\":\"https:\/\/www.africa-press.net\/centrafricaine\/sports\/le-stade-zari-herman-de-bouar-desormais-en-cloture-pour-le-bon-deroulement-des-activites-footballistiques#breadcrumb\",\"itemListElement\":[{\"@type\":\"ListItem\",\"position\":1,\"name\":\"Accueil\",\"item\":\"https:\/\/www.africa-press.net\/centrafricaine\/\"},{\"@type\":\"ListItem\",\"position\":2,\"name\":\"Le stade Zari Herman de Bouar d\u00e9sormais en cl\u00f4ture pour le bon d\u00e9roulement des activit\u00e9s footballistiques\"}]},{\"@type\":\"WebSite\",\"@id\":\"https:\/\/www.africa-press.net\/centrafricaine\/#website\",\"url\":\"https:\/\/www.africa-press.net\/centrafricaine\/\",\"name\":\"centrafricaine\",\"description\":\"Just another Africa News Agency Sites site\",\"potentialAction\":[{\"@type\":\"SearchAction\",\"target\":{\"@type\":\"EntryPoint\",\"urlTemplate\":\"https:\/\/www.africa-press.net\/centrafricaine\/?s={search_term_string}\"},\"query-input\":{\"@type\":\"PropertyValueSpecification\",\"valueRequired\":true,\"valueName\":\"search_term_string\"}}],\"inLanguage\":\"fr-FR\"},{\"@type\":\"Person\",\"@id\":\"https:\/\/www.africa-press.net\/centrafricaine\/#\/schema\/person\/2b1cf3cd81a31e3cd26889ca66d677f1\",\"name\":\"cfeditorfr\"}]}<\/script>\n<!-- \/ Yoast SEO Premium plugin. -->","yoast_head_json":{"title":"Le stade Zari Herman de Bouar d\u00e9sormais en cl\u00f4ture pour le bon d\u00e9roulement des activit\u00e9s footballistiques - centrafricaine","description":"En vue de favoriser le bon de\u0301roulement des activite\u0301s footballistiques dans la pre\u0301fecture de la Nana-Mambe\u0301re\u0301, le sta ...","robots":{"index":"index","follow":"follow","max-snippet":"max-snippet:-1","max-image-preview":"max-image-preview:large","max-video-preview":"max-video-preview:-1"},"canonical":"https:\/\/www.africa-press.net\/centrafricaine\/sports\/le-stade-zari-herman-de-bouar-desormais-en-cloture-pour-le-bon-deroulement-des-activites-footballistiques","og_locale":"fr_FR","og_type":"article","og_title":"Le stade Zari Herman de Bouar d\u00e9sormais en cl\u00f4ture pour le bon d\u00e9roulement des activit\u00e9s footballistiques","og_description":"En vue de favoriser le bon de\u0301roulement des activite\u0301s footballistiques dans la pre\u0301fecture de la Nana-Mambe\u0301re\u0301, le sta ...","og_url":"https:\/\/www.africa-press.net\/centrafricaine\/sports\/le-stade-zari-herman-de-bouar-desormais-en-cloture-pour-le-bon-deroulement-des-activites-footballistiques","og_site_name":"centrafricaine","article_published_time":"2025-02-18T19:26:09+00:00","article_modified_time":"2025-04-07T18:10:19+00:00","og_image":[{"width":711,"height":271,"url":"https:\/\/static.africa-press.net\/centrafricaine\/sites\/45\/2025\/02\/sm_1739894329.765644.jpg","type":"image\/jpeg"}],"author":"cfeditorfr","twitter_card":"summary_large_image","twitter_misc":{"\u00c9crit par":"cfeditorfr","Dur\u00e9e de lecture estim\u00e9e":"3 minutes"},"schema":{"@context":"https:\/\/schema.org","@graph":[{"@type":"Article","@id":"https:\/\/www.africa-press.net\/centrafricaine\/sports\/le-stade-zari-herman-de-bouar-desormais-en-cloture-pour-le-bon-deroulement-des-activites-footballistiques#article","isPartOf":{"@id":"https:\/\/www.africa-press.net\/centrafricaine\/sports\/le-stade-zari-herman-de-bouar-desormais-en-cloture-pour-le-bon-deroulement-des-activites-footballistiques"},"author":{"name":"cfeditorfr","@id":"https:\/\/www.africa-press.net\/centrafricaine\/#\/schema\/person\/2b1cf3cd81a31e3cd26889ca66d677f1"},"headline":"Le stade Zari Herman de Bouar d\u00e9sormais en cl\u00f4ture pour le bon d\u00e9roulement des activit\u00e9s footballistiques","datePublished":"2025-02-18T19:26:09+00:00","dateModified":"2025-04-07T18:10:19+00:00","mainEntityOfPage":{"@id":"https:\/\/www.africa-press.net\/centrafricaine\/sports\/le-stade-zari-herman-de-bouar-desormais-en-cloture-pour-le-bon-deroulement-des-activites-footballistiques"},"wordCount":527,"commentCount":0,"image":{"@id":"https:\/\/www.africa-press.net\/centrafricaine\/sports\/le-stade-zari-herman-de-bouar-desormais-en-cloture-pour-le-bon-deroulement-des-activites-footballistiques#primaryimage"},"thumbnailUrl":"https:\/\/static.africa-press.net\/centrafricaine\/sites\/45\/2025\/02\/sm_1739894329.765644.jpg","keywords":["Bouar","CentrAfricaine","Centrafrique","stade Zari Herman"],"articleSection":["Sports","Toutes les actualit\u00e9s"],"inLanguage":"fr-FR","potentialAction":[{"@type":"CommentAction","name":"Comment","target":["https:\/\/www.africa-press.net\/centrafricaine\/sports\/le-stade-zari-herman-de-bouar-desormais-en-cloture-pour-le-bon-deroulement-des-activites-footballistiques#respond"]}]},{"@type":"WebPage","@id":"https:\/\/www.africa-press.net\/centrafricaine\/sports\/le-stade-zari-herman-de-bouar-desormais-en-cloture-pour-le-bon-deroulement-des-activites-footballistiques","url":"https:\/\/www.africa-press.net\/centrafricaine\/sports\/le-stade-zari-herman-de-bouar-desormais-en-cloture-pour-le-bon-deroulement-des-activites-footballistiques","name":"Le stade Zari Herman de Bouar d\u00e9sormais en cl\u00f4ture pour le bon d\u00e9roulement des activit\u00e9s footballistiques - centrafricaine","isPartOf":{"@id":"https:\/\/www.africa-press.net\/centrafricaine\/#website"},"primaryImageOfPage":{"@id":"https:\/\/www.africa-press.net\/centrafricaine\/sports\/le-stade-zari-herman-de-bouar-desormais-en-cloture-pour-le-bon-deroulement-des-activites-footballistiques#primaryimage"},"image":{"@id":"https:\/\/www.africa-press.net\/centrafricaine\/sports\/le-stade-zari-herman-de-bouar-desormais-en-cloture-pour-le-bon-deroulement-des-activites-footballistiques#primaryimage"},"thumbnailUrl":"https:\/\/static.africa-press.net\/centrafricaine\/sites\/45\/2025\/02\/sm_1739894329.765644.jpg","datePublished":"2025-02-18T19:26:09+00:00","dateModified":"2025-04-07T18:10:19+00:00","author":{"@id":"https:\/\/www.africa-press.net\/centrafricaine\/#\/schema\/person\/2b1cf3cd81a31e3cd26889ca66d677f1"},"description":"En vue de favoriser le bon de\u0301roulement des activite\u0301s footballistiques dans la pre\u0301fecture de la Nana-Mambe\u0301re\u0301, le sta ...","breadcrumb":{"@id":"https:\/\/www.africa-press.net\/centrafricaine\/sports\/le-stade-zari-herman-de-bouar-desormais-en-cloture-pour-le-bon-deroulement-des-activites-footballistiques#breadcrumb"},"inLanguage":"fr-FR","potentialAction":[{"@type":"ReadAction","target":["https:\/\/www.africa-press.net\/centrafricaine\/sports\/le-stade-zari-herman-de-bouar-desormais-en-cloture-pour-le-bon-deroulement-des-activites-footballistiques"]}]},{"@type":"ImageObject","inLanguage":"fr-FR","@id":"https:\/\/www.africa-press.net\/centrafricaine\/sports\/le-stade-zari-herman-de-bouar-desormais-en-cloture-pour-le-bon-deroulement-des-activites-footballistiques#primaryimage","url":"https:\/\/static.africa-press.net\/centrafricaine\/sites\/45\/2025\/02\/sm_1739894329.765644.jpg","contentUrl":"https:\/\/static.africa-press.net\/centrafricaine\/sites\/45\/2025\/02\/sm_1739894329.765644.jpg","width":711,"height":271,"caption":"Le stade Zari Herman de Bouar d\u00e9sormais en cl\u00f4ture pour le bon d\u00e9roulement des activit\u00e9s footballistiques"},{"@type":"BreadcrumbList","@id":"https:\/\/www.africa-press.net\/centrafricaine\/sports\/le-stade-zari-herman-de-bouar-desormais-en-cloture-pour-le-bon-deroulement-des-activites-footballistiques#breadcrumb","itemListElement":[{"@type":"ListItem","position":1,"name":"Accueil","item":"https:\/\/www.africa-press.net\/centrafricaine\/"},{"@type":"ListItem","position":2,"name":"Le stade Zari Herman de Bouar d\u00e9sormais en cl\u00f4ture pour le bon d\u00e9roulement des activit\u00e9s footballistiques"}]},{"@type":"WebSite","@id":"https:\/\/www.africa-press.net\/centrafricaine\/#website","url":"https:\/\/www.africa-press.net\/centrafricaine\/","name":"centrafricaine","description":"Just another Africa News Agency Sites site","potentialAction":[{"@type":"SearchAction","target":{"@type":"EntryPoint","urlTemplate":"https:\/\/www.africa-press.net\/centrafricaine\/?s={search_term_string}"},"query-input":{"@type":"PropertyValueSpecification","valueRequired":true,"valueName":"search_term_string"}}],"inLanguage":"fr-FR"},{"@type":"Person","@id":"https:\/\/www.africa-press.net\/centrafricaine\/#\/schema\/person\/2b1cf3cd81a31e3cd26889ca66d677f1","name":"cfeditorfr"}]}},"_links":{"self":[{"href":"https:\/\/www.africa-press.net\/centrafricaine\/wp-json\/wp\/v2\/posts\/68432","targetHints":{"allow":["GET"]}}],"collection":[{"href":"https:\/\/www.africa-press.net\/centrafricaine\/wp-json\/wp\/v2\/posts"}],"about":[{"href":"https:\/\/www.africa-press.net\/centrafricaine\/wp-json\/wp\/v2\/types\/post"}],"author":[{"embeddable":true,"href":"https:\/\/www.africa-press.net\/centrafricaine\/wp-json\/wp\/v2\/users\/82"}],"replies":[{"embeddable":true,"href":"https:\/\/www.africa-press.net\/centrafricaine\/wp-json\/wp\/v2\/comments?post=68432"}],"version-history":[{"count":0,"href":"https:\/\/www.africa-press.net\/centrafricaine\/wp-json\/wp\/v2\/posts\/68432\/revisions"}],"wp:featuredmedia":[{"embeddable":true,"href":"https:\/\/www.africa-press.net\/centrafricaine\/wp-json\/wp\/v2\/media\/68431"}],"wp:attachment":[{"href":"https:\/\/www.africa-press.net\/centrafricaine\/wp-json\/wp\/v2\/media?parent=68432"}],"wp:term":[{"taxonomy":"category","embeddable":true,"href":"https:\/\/www.africa-press.net\/centrafricaine\/wp-json\/wp\/v2\/categories?post=68432"},{"taxonomy":"post_tag","embeddable":true,"href":"https:\/\/www.africa-press.net\/centrafricaine\/wp-json\/wp\/v2\/tags?post=68432"}],"curies":[{"name":"wp","href":"https:\/\/api.w.org\/{rel}","templated":true}]}}