{"id":6849,"date":"2021-05-12T10:22:32","date_gmt":"2021-05-12T10:22:32","guid":{"rendered":"https:\/\/www.africa-press.net\/centrafricaine\/?p=6849"},"modified":"2021-05-12T13:02:01","modified_gmt":"2021-05-12T13:02:01","slug":"rca-une-marche-contre-la-minusca-et-la-france-qui-avait-ete-programmee-pour-jeudi-6-mai-est-reportee-pour-ce-mercredi-12-mai","status":"publish","type":"post","link":"https:\/\/www.africa-press.net\/centrafricaine\/politique\/rca-une-marche-contre-la-minusca-et-la-france-qui-avait-ete-programmee-pour-jeudi-6-mai-est-reportee-pour-ce-mercredi-12-mai","title":{"rendered":"une marche contre la Minusca et la France qui avait \u00e9t\u00e9 programm\u00e9e pour jeudi 6 mai, est report\u00e9e pour ce mercredi 12 mai"},"content":{"rendered":"<p><span style=\"color: #ff6600\"><strong><a href=\"https:\/\/www.africa-press.net\/\">Africa-Press<\/a> &#8211; <a href=\"https:\/\/www.africa-press.net\/centrafricaine\">CentrAfricaine<\/a>. <\/strong><\/span>\u00a0Les affiches et les banderoles imprim\u00e9es, les associations des \u00e9l\u00e8ves et \u00c9tudiants convoqu\u00e9es, une centaine des mototaxis invit\u00e9s, les \u00e9l\u00e9ments de la garde pr\u00e9sidentielle positionn\u00e9s, la journ\u00e9e du mercredi 12 mai est une nouvelle fois class\u00e9e noire en R\u00e9publique centrafricaine par les nations unies. En cause, des collectifs des jeunes du parti au pouvoir, le MCU, et proche de la Russie, ont report\u00e9 pour ce mercredi 12 mai une marche de protestation contre la Minusca et la France.<\/p>\n<p>Selon les organisateurs, la marche du jeudi vise avant tout \u00e0 d\u00e9noncer les accusations port\u00e9es par la Minusca contre \u00ab les forces de d\u00e9fense et de s\u00e9curit\u00e9 nationale, des mercenaires russes \u00e0 travers des all\u00e9gations d\u2019ex\u00e9cution extrajudiciaire, tortures, violences sexuelles, traitements cruels, inhumains et d\u00e9gradants, arrestation et d\u00e9tention arbitraires, menace \u00e0 l\u2019int\u00e9grit\u00e9 physique, menace de mort, etc. \u00bb.<\/p>\n<p>D\u2019apr\u00e8s un proche du chef de l\u2019\u00c9tat, la d\u00e9marche de la Minusca est claire. C\u2019est un complot orchestr\u00e9 par des puissances invisibles contre la R\u00e9publique centrafricaine.<\/p>\n<p><b>\u00ab Nous savons que la Minusca joue le jeu de certaines puissance comme la France, les \u00c9tats-Unis pour d\u00e9stabiliser le pays. Ils ne veulent pas qu\u2019on touche aux rebelles \u00bb<\/b><\/p>\n<p>, ajoute-t-il.<\/p>\n<p>Pour la France, les organisateurs font allusion au reportage publi\u00e9 le 3 mai par la radio France internationale (RFI) intitul\u00e9e : \u00ab en Centrafrique, des victimes des exactions russes brisent la loi du silence \u00bb. Pour eux, c\u2019est encore un complot de la France contre la RCA. D\u2019apr\u00e8s eux, toutes les victimes \u00e9voqu\u00e9es dans le reportage de RFI sont imaginaires et n\u2019existent pas r\u00e9ellement.<\/p>\n<p>Selon nos informations, lors de la marche de ce mercredi 12 mai, une centaine des \u00e9l\u00e9ments de la garde pr\u00e9sidentielle, habill\u00e9e en civils seront d\u00e9ploy\u00e9s parmi les manifestants. L\u2019objectif, attaqu\u00e9 les v\u00e9hicules des nations unies qui seront de passage dans la capitale.<\/p>\n<p>Rappelons que les exactions des mercenaires russes et syriens contre les civils en Centrafrique sont largement tol\u00e9r\u00e9es et couvertes par le gouvernement centrafricain. Selon plusieurs observateurs, l\u2019enqu\u00eate que la justice centrafricaine entend mener sur les all\u00e9gations de ces crimes est juste une poudre \u00e0 l\u2019\u0153il. Rien ne sera fait en ce sens.<\/p>\n<p>Pour cette raison, la journ\u00e9e du mercredi 12 mai est class\u00e9e f\u00e9ri\u00e9e. Pas de travail, et aucun v\u00e9hicule des nations-unies ne circulent \u00e0 Bangui.<\/p>\n<p>&nbsp;<\/p>\n","protected":false},"excerpt":{"rendered":"<p>Africa-Press &#8211; CentrAfricaine. \u00a0Les affiches et les banderoles imprim\u00e9es, les associations des \u00e9l\u00e8ves et \u00c9tudiants convoqu\u00e9es, une centaine des mototaxis invit\u00e9s, les \u00e9l\u00e9ments de la garde pr\u00e9sidentielle positionn\u00e9s, la journ\u00e9e du mercredi 12 mai est une nouvelle fois class\u00e9e noire en R\u00e9publique centrafricaine par les nations unies. En cause, des collectifs des jeunes du parti [&hellip;]<\/p>\n","protected":false},"author":82,"featured_media":6848,"comment_status":"open","ping_status":"closed","sticky":false,"template":"","format":"standard","meta":{"footnotes":""},"categories":[11,2,20,10],"tags":[36,58,30],"class_list":["post-6849","post","type-post","status-publish","format-standard","has-post-thumbnail","hentry","category-homepage-french","category-politique","category-top-nouvelles","category-toutes-les-actualites","tag-africa-press","tag-africa-press-centrafricaine","tag-centrafricaine"],"yoast_head":"<!-- This site is optimized with the Yoast SEO Premium plugin v26.1 (Yoast SEO v27.0) - https:\/\/yoast.com\/product\/yoast-seo-premium-wordpress\/ -->\n<title>une marche contre la Minusca et la France qui avait \u00e9t\u00e9 programm\u00e9e pour jeudi 6 mai, est report\u00e9e pour ce mercredi 12 mai - centrafricaine<\/title>\n<meta name=\"description\" content=\"Bangui, R\u00e9publique centrafricaine, mercredi, 12 mai 2021, 03:59:01 ( Corbeaunews-Centrafrique ). Les affiches et ...\" \/>\n<meta name=\"robots\" content=\"index, follow, max-snippet:-1, max-image-preview:large, max-video-preview:-1\" \/>\n<link rel=\"canonical\" href=\"https:\/\/www.africa-press.net\/centrafricaine\/politique\/rca-une-marche-contre-la-minusca-et-la-france-qui-avait-ete-programmee-pour-jeudi-6-mai-est-reportee-pour-ce-mercredi-12-mai\" \/>\n<meta property=\"og:locale\" content=\"fr_FR\" \/>\n<meta property=\"og:type\" content=\"article\" \/>\n<meta property=\"og:title\" content=\"une marche contre la Minusca et la France qui avait \u00e9t\u00e9 programm\u00e9e pour jeudi 6 mai, est report\u00e9e pour ce mercredi 12 mai\" \/>\n<meta property=\"og:description\" content=\"Bangui, R\u00e9publique centrafricaine, mercredi, 12 mai 2021, 03:59:01 ( Corbeaunews-Centrafrique ). Les affiches et ...\" \/>\n<meta property=\"og:url\" content=\"https:\/\/www.africa-press.net\/centrafricaine\/politique\/rca-une-marche-contre-la-minusca-et-la-france-qui-avait-ete-programmee-pour-jeudi-6-mai-est-reportee-pour-ce-mercredi-12-mai\" \/>\n<meta property=\"og:site_name\" content=\"centrafricaine\" \/>\n<meta property=\"article:published_time\" content=\"2021-05-12T10:22:32+00:00\" \/>\n<meta property=\"article:modified_time\" content=\"2021-05-12T13:02:01+00:00\" \/>\n<meta property=\"og:image\" content=\"https:\/\/static.africa-press.net\/centrafricaine\/sites\/45\/2021\/05\/img-609ba641393e6.jpg\" \/>\n\t<meta property=\"og:image:width\" content=\"720\" \/>\n\t<meta property=\"og:image:height\" content=\"538\" \/>\n\t<meta property=\"og:image:type\" content=\"image\/jpeg\" \/>\n<meta name=\"author\" content=\"cfeditorfr\" \/>\n<meta name=\"twitter:card\" content=\"summary_large_image\" \/>\n<meta name=\"twitter:label1\" content=\"\u00c9crit par\" \/>\n\t<meta name=\"twitter:data1\" content=\"cfeditorfr\" \/>\n\t<meta name=\"twitter:label2\" content=\"Dur\u00e9e de lecture estim\u00e9e\" \/>\n\t<meta name=\"twitter:data2\" content=\"2 minutes\" \/>\n<script type=\"application\/ld+json\" class=\"yoast-schema-graph\">{\"@context\":\"https:\/\/schema.org\",\"@graph\":[{\"@type\":\"Article\",\"@id\":\"https:\/\/www.africa-press.net\/centrafricaine\/politique\/rca-une-marche-contre-la-minusca-et-la-france-qui-avait-ete-programmee-pour-jeudi-6-mai-est-reportee-pour-ce-mercredi-12-mai#article\",\"isPartOf\":{\"@id\":\"https:\/\/www.africa-press.net\/centrafricaine\/politique\/rca-une-marche-contre-la-minusca-et-la-france-qui-avait-ete-programmee-pour-jeudi-6-mai-est-reportee-pour-ce-mercredi-12-mai\"},\"author\":{\"name\":\"cfeditorfr\",\"@id\":\"https:\/\/www.africa-press.net\/centrafricaine\/#\/schema\/person\/2b1cf3cd81a31e3cd26889ca66d677f1\"},\"headline\":\"une marche contre la Minusca et la France qui avait \u00e9t\u00e9 programm\u00e9e pour jeudi 6 mai, est report\u00e9e pour ce mercredi 12 mai\",\"datePublished\":\"2021-05-12T10:22:32+00:00\",\"dateModified\":\"2021-05-12T13:02:01+00:00\",\"mainEntityOfPage\":{\"@id\":\"https:\/\/www.africa-press.net\/centrafricaine\/politique\/rca-une-marche-contre-la-minusca-et-la-france-qui-avait-ete-programmee-pour-jeudi-6-mai-est-reportee-pour-ce-mercredi-12-mai\"},\"wordCount\":439,\"commentCount\":0,\"image\":{\"@id\":\"https:\/\/www.africa-press.net\/centrafricaine\/politique\/rca-une-marche-contre-la-minusca-et-la-france-qui-avait-ete-programmee-pour-jeudi-6-mai-est-reportee-pour-ce-mercredi-12-mai#primaryimage\"},\"thumbnailUrl\":\"https:\/\/static.africa-press.net\/centrafricaine\/sites\/45\/2021\/05\/img-609ba641393e6.jpg\",\"keywords\":[\"Africa Press\",\"Africa Press-CentrAfricaine\",\"CentrAfricaine\"],\"articleSection\":[\"homepage-french\",\"Politique\",\"Top Nouvelles\",\"Toutes les actualit\u00e9s\"],\"inLanguage\":\"fr-FR\",\"potentialAction\":[{\"@type\":\"CommentAction\",\"name\":\"Comment\",\"target\":[\"https:\/\/www.africa-press.net\/centrafricaine\/politique\/rca-une-marche-contre-la-minusca-et-la-france-qui-avait-ete-programmee-pour-jeudi-6-mai-est-reportee-pour-ce-mercredi-12-mai#respond\"]}]},{\"@type\":\"WebPage\",\"@id\":\"https:\/\/www.africa-press.net\/centrafricaine\/politique\/rca-une-marche-contre-la-minusca-et-la-france-qui-avait-ete-programmee-pour-jeudi-6-mai-est-reportee-pour-ce-mercredi-12-mai\",\"url\":\"https:\/\/www.africa-press.net\/centrafricaine\/politique\/rca-une-marche-contre-la-minusca-et-la-france-qui-avait-ete-programmee-pour-jeudi-6-mai-est-reportee-pour-ce-mercredi-12-mai\",\"name\":\"une marche contre la Minusca et la France qui avait \u00e9t\u00e9 programm\u00e9e pour jeudi 6 mai, est report\u00e9e pour ce mercredi 12 mai - centrafricaine\",\"isPartOf\":{\"@id\":\"https:\/\/www.africa-press.net\/centrafricaine\/#website\"},\"primaryImageOfPage\":{\"@id\":\"https:\/\/www.africa-press.net\/centrafricaine\/politique\/rca-une-marche-contre-la-minusca-et-la-france-qui-avait-ete-programmee-pour-jeudi-6-mai-est-reportee-pour-ce-mercredi-12-mai#primaryimage\"},\"image\":{\"@id\":\"https:\/\/www.africa-press.net\/centrafricaine\/politique\/rca-une-marche-contre-la-minusca-et-la-france-qui-avait-ete-programmee-pour-jeudi-6-mai-est-reportee-pour-ce-mercredi-12-mai#primaryimage\"},\"thumbnailUrl\":\"https:\/\/static.africa-press.net\/centrafricaine\/sites\/45\/2021\/05\/img-609ba641393e6.jpg\",\"datePublished\":\"2021-05-12T10:22:32+00:00\",\"dateModified\":\"2021-05-12T13:02:01+00:00\",\"author\":{\"@id\":\"https:\/\/www.africa-press.net\/centrafricaine\/#\/schema\/person\/2b1cf3cd81a31e3cd26889ca66d677f1\"},\"description\":\"Bangui, R\u00e9publique centrafricaine, mercredi, 12 mai 2021, 03:59:01 ( Corbeaunews-Centrafrique ). Les affiches et ...\",\"breadcrumb\":{\"@id\":\"https:\/\/www.africa-press.net\/centrafricaine\/politique\/rca-une-marche-contre-la-minusca-et-la-france-qui-avait-ete-programmee-pour-jeudi-6-mai-est-reportee-pour-ce-mercredi-12-mai#breadcrumb\"},\"inLanguage\":\"fr-FR\",\"potentialAction\":[{\"@type\":\"ReadAction\",\"target\":[\"https:\/\/www.africa-press.net\/centrafricaine\/politique\/rca-une-marche-contre-la-minusca-et-la-france-qui-avait-ete-programmee-pour-jeudi-6-mai-est-reportee-pour-ce-mercredi-12-mai\"]}]},{\"@type\":\"ImageObject\",\"inLanguage\":\"fr-FR\",\"@id\":\"https:\/\/www.africa-press.net\/centrafricaine\/politique\/rca-une-marche-contre-la-minusca-et-la-france-qui-avait-ete-programmee-pour-jeudi-6-mai-est-reportee-pour-ce-mercredi-12-mai#primaryimage\",\"url\":\"https:\/\/static.africa-press.net\/centrafricaine\/sites\/45\/2021\/05\/img-609ba641393e6.jpg\",\"contentUrl\":\"https:\/\/static.africa-press.net\/centrafricaine\/sites\/45\/2021\/05\/img-609ba641393e6.jpg\",\"width\":720,\"height\":538,\"caption\":\"RCA\u00a0: une marche contre la Minusca et la France qui avait \u00e9t\u00e9 programm\u00e9e pour jeudi 6 mai, est report\u00e9e pour ce mercredi 12 mai\"},{\"@type\":\"BreadcrumbList\",\"@id\":\"https:\/\/www.africa-press.net\/centrafricaine\/politique\/rca-une-marche-contre-la-minusca-et-la-france-qui-avait-ete-programmee-pour-jeudi-6-mai-est-reportee-pour-ce-mercredi-12-mai#breadcrumb\",\"itemListElement\":[{\"@type\":\"ListItem\",\"position\":1,\"name\":\"Accueil\",\"item\":\"https:\/\/www.africa-press.net\/centrafricaine\/\"},{\"@type\":\"ListItem\",\"position\":2,\"name\":\"une marche contre la Minusca et la France qui avait \u00e9t\u00e9 programm\u00e9e pour jeudi 6 mai, est report\u00e9e pour ce mercredi 12 mai\"}]},{\"@type\":\"WebSite\",\"@id\":\"https:\/\/www.africa-press.net\/centrafricaine\/#website\",\"url\":\"https:\/\/www.africa-press.net\/centrafricaine\/\",\"name\":\"centrafricaine\",\"description\":\"Just another Africa News Agency Sites site\",\"potentialAction\":[{\"@type\":\"SearchAction\",\"target\":{\"@type\":\"EntryPoint\",\"urlTemplate\":\"https:\/\/www.africa-press.net\/centrafricaine\/?s={search_term_string}\"},\"query-input\":{\"@type\":\"PropertyValueSpecification\",\"valueRequired\":true,\"valueName\":\"search_term_string\"}}],\"inLanguage\":\"fr-FR\"},{\"@type\":\"Person\",\"@id\":\"https:\/\/www.africa-press.net\/centrafricaine\/#\/schema\/person\/2b1cf3cd81a31e3cd26889ca66d677f1\",\"name\":\"cfeditorfr\"}]}<\/script>\n<!-- \/ Yoast SEO Premium plugin. -->","yoast_head_json":{"title":"une marche contre la Minusca et la France qui avait \u00e9t\u00e9 programm\u00e9e pour jeudi 6 mai, est report\u00e9e pour ce mercredi 12 mai - centrafricaine","description":"Bangui, R\u00e9publique centrafricaine, mercredi, 12 mai 2021, 03:59:01 ( Corbeaunews-Centrafrique ). Les affiches et ...","robots":{"index":"index","follow":"follow","max-snippet":"max-snippet:-1","max-image-preview":"max-image-preview:large","max-video-preview":"max-video-preview:-1"},"canonical":"https:\/\/www.africa-press.net\/centrafricaine\/politique\/rca-une-marche-contre-la-minusca-et-la-france-qui-avait-ete-programmee-pour-jeudi-6-mai-est-reportee-pour-ce-mercredi-12-mai","og_locale":"fr_FR","og_type":"article","og_title":"une marche contre la Minusca et la France qui avait \u00e9t\u00e9 programm\u00e9e pour jeudi 6 mai, est report\u00e9e pour ce mercredi 12 mai","og_description":"Bangui, R\u00e9publique centrafricaine, mercredi, 12 mai 2021, 03:59:01 ( Corbeaunews-Centrafrique ). Les affiches et ...","og_url":"https:\/\/www.africa-press.net\/centrafricaine\/politique\/rca-une-marche-contre-la-minusca-et-la-france-qui-avait-ete-programmee-pour-jeudi-6-mai-est-reportee-pour-ce-mercredi-12-mai","og_site_name":"centrafricaine","article_published_time":"2021-05-12T10:22:32+00:00","article_modified_time":"2021-05-12T13:02:01+00:00","og_image":[{"width":720,"height":538,"url":"https:\/\/static.africa-press.net\/centrafricaine\/sites\/45\/2021\/05\/img-609ba641393e6.jpg","type":"image\/jpeg"}],"author":"cfeditorfr","twitter_card":"summary_large_image","twitter_misc":{"\u00c9crit par":"cfeditorfr","Dur\u00e9e de lecture estim\u00e9e":"2 minutes"},"schema":{"@context":"https:\/\/schema.org","@graph":[{"@type":"Article","@id":"https:\/\/www.africa-press.net\/centrafricaine\/politique\/rca-une-marche-contre-la-minusca-et-la-france-qui-avait-ete-programmee-pour-jeudi-6-mai-est-reportee-pour-ce-mercredi-12-mai#article","isPartOf":{"@id":"https:\/\/www.africa-press.net\/centrafricaine\/politique\/rca-une-marche-contre-la-minusca-et-la-france-qui-avait-ete-programmee-pour-jeudi-6-mai-est-reportee-pour-ce-mercredi-12-mai"},"author":{"name":"cfeditorfr","@id":"https:\/\/www.africa-press.net\/centrafricaine\/#\/schema\/person\/2b1cf3cd81a31e3cd26889ca66d677f1"},"headline":"une marche contre la Minusca et la France qui avait \u00e9t\u00e9 programm\u00e9e pour jeudi 6 mai, est report\u00e9e pour ce mercredi 12 mai","datePublished":"2021-05-12T10:22:32+00:00","dateModified":"2021-05-12T13:02:01+00:00","mainEntityOfPage":{"@id":"https:\/\/www.africa-press.net\/centrafricaine\/politique\/rca-une-marche-contre-la-minusca-et-la-france-qui-avait-ete-programmee-pour-jeudi-6-mai-est-reportee-pour-ce-mercredi-12-mai"},"wordCount":439,"commentCount":0,"image":{"@id":"https:\/\/www.africa-press.net\/centrafricaine\/politique\/rca-une-marche-contre-la-minusca-et-la-france-qui-avait-ete-programmee-pour-jeudi-6-mai-est-reportee-pour-ce-mercredi-12-mai#primaryimage"},"thumbnailUrl":"https:\/\/static.africa-press.net\/centrafricaine\/sites\/45\/2021\/05\/img-609ba641393e6.jpg","keywords":["Africa Press","Africa Press-CentrAfricaine","CentrAfricaine"],"articleSection":["homepage-french","Politique","Top Nouvelles","Toutes les actualit\u00e9s"],"inLanguage":"fr-FR","potentialAction":[{"@type":"CommentAction","name":"Comment","target":["https:\/\/www.africa-press.net\/centrafricaine\/politique\/rca-une-marche-contre-la-minusca-et-la-france-qui-avait-ete-programmee-pour-jeudi-6-mai-est-reportee-pour-ce-mercredi-12-mai#respond"]}]},{"@type":"WebPage","@id":"https:\/\/www.africa-press.net\/centrafricaine\/politique\/rca-une-marche-contre-la-minusca-et-la-france-qui-avait-ete-programmee-pour-jeudi-6-mai-est-reportee-pour-ce-mercredi-12-mai","url":"https:\/\/www.africa-press.net\/centrafricaine\/politique\/rca-une-marche-contre-la-minusca-et-la-france-qui-avait-ete-programmee-pour-jeudi-6-mai-est-reportee-pour-ce-mercredi-12-mai","name":"une marche contre la Minusca et la France qui avait \u00e9t\u00e9 programm\u00e9e pour jeudi 6 mai, est report\u00e9e pour ce mercredi 12 mai - centrafricaine","isPartOf":{"@id":"https:\/\/www.africa-press.net\/centrafricaine\/#website"},"primaryImageOfPage":{"@id":"https:\/\/www.africa-press.net\/centrafricaine\/politique\/rca-une-marche-contre-la-minusca-et-la-france-qui-avait-ete-programmee-pour-jeudi-6-mai-est-reportee-pour-ce-mercredi-12-mai#primaryimage"},"image":{"@id":"https:\/\/www.africa-press.net\/centrafricaine\/politique\/rca-une-marche-contre-la-minusca-et-la-france-qui-avait-ete-programmee-pour-jeudi-6-mai-est-reportee-pour-ce-mercredi-12-mai#primaryimage"},"thumbnailUrl":"https:\/\/static.africa-press.net\/centrafricaine\/sites\/45\/2021\/05\/img-609ba641393e6.jpg","datePublished":"2021-05-12T10:22:32+00:00","dateModified":"2021-05-12T13:02:01+00:00","author":{"@id":"https:\/\/www.africa-press.net\/centrafricaine\/#\/schema\/person\/2b1cf3cd81a31e3cd26889ca66d677f1"},"description":"Bangui, R\u00e9publique centrafricaine, mercredi, 12 mai 2021, 03:59:01 ( Corbeaunews-Centrafrique ). Les affiches et ...","breadcrumb":{"@id":"https:\/\/www.africa-press.net\/centrafricaine\/politique\/rca-une-marche-contre-la-minusca-et-la-france-qui-avait-ete-programmee-pour-jeudi-6-mai-est-reportee-pour-ce-mercredi-12-mai#breadcrumb"},"inLanguage":"fr-FR","potentialAction":[{"@type":"ReadAction","target":["https:\/\/www.africa-press.net\/centrafricaine\/politique\/rca-une-marche-contre-la-minusca-et-la-france-qui-avait-ete-programmee-pour-jeudi-6-mai-est-reportee-pour-ce-mercredi-12-mai"]}]},{"@type":"ImageObject","inLanguage":"fr-FR","@id":"https:\/\/www.africa-press.net\/centrafricaine\/politique\/rca-une-marche-contre-la-minusca-et-la-france-qui-avait-ete-programmee-pour-jeudi-6-mai-est-reportee-pour-ce-mercredi-12-mai#primaryimage","url":"https:\/\/static.africa-press.net\/centrafricaine\/sites\/45\/2021\/05\/img-609ba641393e6.jpg","contentUrl":"https:\/\/static.africa-press.net\/centrafricaine\/sites\/45\/2021\/05\/img-609ba641393e6.jpg","width":720,"height":538,"caption":"RCA\u00a0: une marche contre la Minusca et la France qui avait \u00e9t\u00e9 programm\u00e9e pour jeudi 6 mai, est report\u00e9e pour ce mercredi 12 mai"},{"@type":"BreadcrumbList","@id":"https:\/\/www.africa-press.net\/centrafricaine\/politique\/rca-une-marche-contre-la-minusca-et-la-france-qui-avait-ete-programmee-pour-jeudi-6-mai-est-reportee-pour-ce-mercredi-12-mai#breadcrumb","itemListElement":[{"@type":"ListItem","position":1,"name":"Accueil","item":"https:\/\/www.africa-press.net\/centrafricaine\/"},{"@type":"ListItem","position":2,"name":"une marche contre la Minusca et la France qui avait \u00e9t\u00e9 programm\u00e9e pour jeudi 6 mai, est report\u00e9e pour ce mercredi 12 mai"}]},{"@type":"WebSite","@id":"https:\/\/www.africa-press.net\/centrafricaine\/#website","url":"https:\/\/www.africa-press.net\/centrafricaine\/","name":"centrafricaine","description":"Just another Africa News Agency Sites site","potentialAction":[{"@type":"SearchAction","target":{"@type":"EntryPoint","urlTemplate":"https:\/\/www.africa-press.net\/centrafricaine\/?s={search_term_string}"},"query-input":{"@type":"PropertyValueSpecification","valueRequired":true,"valueName":"search_term_string"}}],"inLanguage":"fr-FR"},{"@type":"Person","@id":"https:\/\/www.africa-press.net\/centrafricaine\/#\/schema\/person\/2b1cf3cd81a31e3cd26889ca66d677f1","name":"cfeditorfr"}]}},"_links":{"self":[{"href":"https:\/\/www.africa-press.net\/centrafricaine\/wp-json\/wp\/v2\/posts\/6849","targetHints":{"allow":["GET"]}}],"collection":[{"href":"https:\/\/www.africa-press.net\/centrafricaine\/wp-json\/wp\/v2\/posts"}],"about":[{"href":"https:\/\/www.africa-press.net\/centrafricaine\/wp-json\/wp\/v2\/types\/post"}],"author":[{"embeddable":true,"href":"https:\/\/www.africa-press.net\/centrafricaine\/wp-json\/wp\/v2\/users\/82"}],"replies":[{"embeddable":true,"href":"https:\/\/www.africa-press.net\/centrafricaine\/wp-json\/wp\/v2\/comments?post=6849"}],"version-history":[{"count":0,"href":"https:\/\/www.africa-press.net\/centrafricaine\/wp-json\/wp\/v2\/posts\/6849\/revisions"}],"wp:featuredmedia":[{"embeddable":true,"href":"https:\/\/www.africa-press.net\/centrafricaine\/wp-json\/wp\/v2\/media\/6848"}],"wp:attachment":[{"href":"https:\/\/www.africa-press.net\/centrafricaine\/wp-json\/wp\/v2\/media?parent=6849"}],"wp:term":[{"taxonomy":"category","embeddable":true,"href":"https:\/\/www.africa-press.net\/centrafricaine\/wp-json\/wp\/v2\/categories?post=6849"},{"taxonomy":"post_tag","embeddable":true,"href":"https:\/\/www.africa-press.net\/centrafricaine\/wp-json\/wp\/v2\/tags?post=6849"}],"curies":[{"name":"wp","href":"https:\/\/api.w.org\/{rel}","templated":true}]}}