{"id":68511,"date":"2025-02-20T16:52:53","date_gmt":"2025-02-20T16:52:53","guid":{"rendered":"https:\/\/www.africa-press.net\/centrafricaine\/politique\/la-moderation-des-infrastructures-militaires-renforcent-les-capacites-des-faca"},"modified":"2025-04-13T15:06:42","modified_gmt":"2025-04-13T15:06:42","slug":"la-moderation-des-infrastructures-militaires-renforcent-les-capacites-des-faca","status":"publish","type":"post","link":"https:\/\/www.africa-press.net\/centrafricaine\/politique\/la-moderation-des-infrastructures-militaires-renforcent-les-capacites-des-faca","title":{"rendered":"la mod\u00e9ration des infrastructures militaires renforcent les capacit\u00e9s des FACA"},"content":{"rendered":"<p><span style=\"color: #ff6600\"><strong>Africa-Press &#8211; CentrAfricaine. <\/strong><\/span>La mode\u0301ration des infrastructures des forces arme\u0301es centrafricaines (FACA), constitue un effort du gouvernement pour ame\u0301liorer la qualite\u0301, la gestion et la durabilite\u0301 des infrastructures militaires tout en renforc\u0327ant les capacite\u0301s ope\u0301rationnelles de ces forces militaires.<\/p>\n<p>Cette re\u0301alisation inclut la mise a\u0300 niveau des e\u0301quipements, la re\u0301novation des installations de formation et la construction de nouvelles bases et centres logistiques, conforme\u0301ment a\u0300 la vision politique du pre\u0301sident Touadera d\u2019une arme\u0301e de garnison.<\/p>\n<p>Ces efforts ont un impact direct sur l\u2019efficacite\u0301 des FACA, car des infrastructures modernes et bien entretenues permettent une meilleure pre\u0301paration, une gestion des ressources plus optimale et une re\u0301ponse plus rapide aux de\u0301fis de se\u0301curite\u0301 auxquels est confronte\u0301e la Re\u0301publique centrafricaine.<\/p>\n<p>En outre, cela peut favoriser une inte\u0301gration plus forte avec les partenaires internationaux et les missions de maintien de la paix en Afrique centrale.<\/p>\n<p>Cette re\u0301novation des infrastructures pourrait e\u0301galement inclure la formation de personnel, l\u2019ame\u0301lioration des conditions de vie des militaires et une meilleure capacite\u0301 de projection de forces, ce qui renforce leur autonomie et leur compe\u0301titivite\u0301 face aux menaces se\u0301curitaires croissantes.<\/p>\n<p>La mode\u0301ration des infrastructures militaires est un pilier essentiel pour les FACA plus compe\u0301tentes et pre\u0302tes a\u0300 assurer la se\u0301curite\u0301 de la population et de tout le territoire national.<\/p>\n<p><b>Source: Ndjoni Sango<\/b><\/p>\n<p><strong>Pour plus d&rsquo;informations et d&rsquo;analyses sur la <span style=\"color: #ff6600\">CentrAfricaine<\/span>, suivez <span style=\"color: #ff6600\">Africa-Press<\/span><\/strong><\/p>\n","protected":false},"excerpt":{"rendered":"<p>Africa-Press &#8211; CentrAfricaine. La mode\u0301ration des infrastructures des forces arme\u0301es centrafricaines (FACA), constitue un effort du gouvernement pour ame\u0301liorer la qualite\u0301, la gestion et la durabilite\u0301 des infrastructures militaires tout en renforc\u0327ant les capacite\u0301s ope\u0301rationnelles de ces forces militaires. Cette re\u0301alisation inclut la mise a\u0300 niveau des e\u0301quipements, la re\u0301novation des installations de formation et [&hellip;]<\/p>\n","protected":false},"author":82,"featured_media":68510,"comment_status":"open","ping_status":"closed","sticky":false,"template":"","format":"standard","meta":{"footnotes":""},"categories":[2,10],"tags":[30,41,5732,1696],"class_list":["post-68511","post","type-post","status-publish","format-standard","has-post-thumbnail","hentry","category-politique","category-toutes-les-actualites","tag-centrafricaine","tag-centrafrique","tag-infrastructures-militaires","tag-modernisation"],"yoast_head":"<!-- This site is optimized with the Yoast SEO Premium plugin v26.1 (Yoast SEO v27.0) - https:\/\/yoast.com\/product\/yoast-seo-premium-wordpress\/ -->\n<title>la mod\u00e9ration des infrastructures militaires renforcent les capacit\u00e9s des FACA - centrafricaine<\/title>\n<meta name=\"description\" content=\"La mode\u0301ration des infrastructures des forces arme\u0301es centrafricaines (FACA), constitue un effort du gouvernement pour a ...\" \/>\n<meta name=\"robots\" content=\"index, follow, max-snippet:-1, max-image-preview:large, max-video-preview:-1\" \/>\n<link rel=\"canonical\" href=\"https:\/\/www.africa-press.net\/centrafricaine\/politique\/la-moderation-des-infrastructures-militaires-renforcent-les-capacites-des-faca\" \/>\n<meta property=\"og:locale\" content=\"fr_FR\" \/>\n<meta property=\"og:type\" content=\"article\" \/>\n<meta property=\"og:title\" content=\"la mod\u00e9ration des infrastructures militaires renforcent les capacit\u00e9s des FACA\" \/>\n<meta property=\"og:description\" content=\"La mode\u0301ration des infrastructures des forces arme\u0301es centrafricaines (FACA), constitue un effort du gouvernement pour a ...\" \/>\n<meta property=\"og:url\" content=\"https:\/\/www.africa-press.net\/centrafricaine\/politique\/la-moderation-des-infrastructures-militaires-renforcent-les-capacites-des-faca\" \/>\n<meta property=\"og:site_name\" content=\"centrafricaine\" \/>\n<meta property=\"article:published_time\" content=\"2025-02-20T16:52:53+00:00\" \/>\n<meta property=\"article:modified_time\" content=\"2025-04-13T15:06:42+00:00\" \/>\n<meta property=\"og:image\" content=\"https:\/\/static.africa-press.net\/centrafricaine\/sites\/45\/2025\/02\/sm_1740060556.632374.jpg\" \/>\n\t<meta property=\"og:image:width\" content=\"720\" \/>\n\t<meta property=\"og:image:height\" content=\"441\" \/>\n\t<meta property=\"og:image:type\" content=\"image\/jpeg\" \/>\n<meta name=\"author\" content=\"cfeditorfr\" \/>\n<meta name=\"twitter:card\" content=\"summary_large_image\" \/>\n<meta name=\"twitter:label1\" content=\"\u00c9crit par\" \/>\n\t<meta name=\"twitter:data1\" content=\"cfeditorfr\" \/>\n\t<meta name=\"twitter:label2\" content=\"Dur\u00e9e de lecture estim\u00e9e\" \/>\n\t<meta name=\"twitter:data2\" content=\"2 minutes\" \/>\n<script type=\"application\/ld+json\" class=\"yoast-schema-graph\">{\"@context\":\"https:\/\/schema.org\",\"@graph\":[{\"@type\":\"Article\",\"@id\":\"https:\/\/www.africa-press.net\/centrafricaine\/politique\/la-moderation-des-infrastructures-militaires-renforcent-les-capacites-des-faca#article\",\"isPartOf\":{\"@id\":\"https:\/\/www.africa-press.net\/centrafricaine\/politique\/la-moderation-des-infrastructures-militaires-renforcent-les-capacites-des-faca\"},\"author\":{\"name\":\"cfeditorfr\",\"@id\":\"https:\/\/www.africa-press.net\/centrafricaine\/#\/schema\/person\/2b1cf3cd81a31e3cd26889ca66d677f1\"},\"headline\":\"la mod\u00e9ration des infrastructures militaires renforcent les capacit\u00e9s des FACA\",\"datePublished\":\"2025-02-20T16:52:53+00:00\",\"dateModified\":\"2025-04-13T15:06:42+00:00\",\"mainEntityOfPage\":{\"@id\":\"https:\/\/www.africa-press.net\/centrafricaine\/politique\/la-moderation-des-infrastructures-militaires-renforcent-les-capacites-des-faca\"},\"wordCount\":267,\"commentCount\":0,\"image\":{\"@id\":\"https:\/\/www.africa-press.net\/centrafricaine\/politique\/la-moderation-des-infrastructures-militaires-renforcent-les-capacites-des-faca#primaryimage\"},\"thumbnailUrl\":\"https:\/\/static.africa-press.net\/centrafricaine\/sites\/45\/2025\/02\/sm_1740060556.632374.jpg\",\"keywords\":[\"CentrAfricaine\",\"Centrafrique\",\"infrastructures militaires\",\"modernisation\"],\"articleSection\":[\"Politique\",\"Toutes les actualit\u00e9s\"],\"inLanguage\":\"fr-FR\",\"potentialAction\":[{\"@type\":\"CommentAction\",\"name\":\"Comment\",\"target\":[\"https:\/\/www.africa-press.net\/centrafricaine\/politique\/la-moderation-des-infrastructures-militaires-renforcent-les-capacites-des-faca#respond\"]}]},{\"@type\":\"WebPage\",\"@id\":\"https:\/\/www.africa-press.net\/centrafricaine\/politique\/la-moderation-des-infrastructures-militaires-renforcent-les-capacites-des-faca\",\"url\":\"https:\/\/www.africa-press.net\/centrafricaine\/politique\/la-moderation-des-infrastructures-militaires-renforcent-les-capacites-des-faca\",\"name\":\"la mod\u00e9ration des infrastructures militaires renforcent les capacit\u00e9s des FACA - centrafricaine\",\"isPartOf\":{\"@id\":\"https:\/\/www.africa-press.net\/centrafricaine\/#website\"},\"primaryImageOfPage\":{\"@id\":\"https:\/\/www.africa-press.net\/centrafricaine\/politique\/la-moderation-des-infrastructures-militaires-renforcent-les-capacites-des-faca#primaryimage\"},\"image\":{\"@id\":\"https:\/\/www.africa-press.net\/centrafricaine\/politique\/la-moderation-des-infrastructures-militaires-renforcent-les-capacites-des-faca#primaryimage\"},\"thumbnailUrl\":\"https:\/\/static.africa-press.net\/centrafricaine\/sites\/45\/2025\/02\/sm_1740060556.632374.jpg\",\"datePublished\":\"2025-02-20T16:52:53+00:00\",\"dateModified\":\"2025-04-13T15:06:42+00:00\",\"author\":{\"@id\":\"https:\/\/www.africa-press.net\/centrafricaine\/#\/schema\/person\/2b1cf3cd81a31e3cd26889ca66d677f1\"},\"description\":\"La mode\u0301ration des infrastructures des forces arme\u0301es centrafricaines (FACA), constitue un effort du gouvernement pour a ...\",\"breadcrumb\":{\"@id\":\"https:\/\/www.africa-press.net\/centrafricaine\/politique\/la-moderation-des-infrastructures-militaires-renforcent-les-capacites-des-faca#breadcrumb\"},\"inLanguage\":\"fr-FR\",\"potentialAction\":[{\"@type\":\"ReadAction\",\"target\":[\"https:\/\/www.africa-press.net\/centrafricaine\/politique\/la-moderation-des-infrastructures-militaires-renforcent-les-capacites-des-faca\"]}]},{\"@type\":\"ImageObject\",\"inLanguage\":\"fr-FR\",\"@id\":\"https:\/\/www.africa-press.net\/centrafricaine\/politique\/la-moderation-des-infrastructures-militaires-renforcent-les-capacites-des-faca#primaryimage\",\"url\":\"https:\/\/static.africa-press.net\/centrafricaine\/sites\/45\/2025\/02\/sm_1740060556.632374.jpg\",\"contentUrl\":\"https:\/\/static.africa-press.net\/centrafricaine\/sites\/45\/2025\/02\/sm_1740060556.632374.jpg\",\"width\":720,\"height\":441,\"caption\":\"la mod\u00e9ration des infrastructures militaires renforcent les capacit\u00e9s des FACA\"},{\"@type\":\"BreadcrumbList\",\"@id\":\"https:\/\/www.africa-press.net\/centrafricaine\/politique\/la-moderation-des-infrastructures-militaires-renforcent-les-capacites-des-faca#breadcrumb\",\"itemListElement\":[{\"@type\":\"ListItem\",\"position\":1,\"name\":\"Accueil\",\"item\":\"https:\/\/www.africa-press.net\/centrafricaine\/\"},{\"@type\":\"ListItem\",\"position\":2,\"name\":\"la mod\u00e9ration des infrastructures militaires renforcent les capacit\u00e9s des FACA\"}]},{\"@type\":\"WebSite\",\"@id\":\"https:\/\/www.africa-press.net\/centrafricaine\/#website\",\"url\":\"https:\/\/www.africa-press.net\/centrafricaine\/\",\"name\":\"centrafricaine\",\"description\":\"Just another Africa News Agency Sites site\",\"potentialAction\":[{\"@type\":\"SearchAction\",\"target\":{\"@type\":\"EntryPoint\",\"urlTemplate\":\"https:\/\/www.africa-press.net\/centrafricaine\/?s={search_term_string}\"},\"query-input\":{\"@type\":\"PropertyValueSpecification\",\"valueRequired\":true,\"valueName\":\"search_term_string\"}}],\"inLanguage\":\"fr-FR\"},{\"@type\":\"Person\",\"@id\":\"https:\/\/www.africa-press.net\/centrafricaine\/#\/schema\/person\/2b1cf3cd81a31e3cd26889ca66d677f1\",\"name\":\"cfeditorfr\"}]}<\/script>\n<!-- \/ Yoast SEO Premium plugin. -->","yoast_head_json":{"title":"la mod\u00e9ration des infrastructures militaires renforcent les capacit\u00e9s des FACA - centrafricaine","description":"La mode\u0301ration des infrastructures des forces arme\u0301es centrafricaines (FACA), constitue un effort du gouvernement pour a ...","robots":{"index":"index","follow":"follow","max-snippet":"max-snippet:-1","max-image-preview":"max-image-preview:large","max-video-preview":"max-video-preview:-1"},"canonical":"https:\/\/www.africa-press.net\/centrafricaine\/politique\/la-moderation-des-infrastructures-militaires-renforcent-les-capacites-des-faca","og_locale":"fr_FR","og_type":"article","og_title":"la mod\u00e9ration des infrastructures militaires renforcent les capacit\u00e9s des FACA","og_description":"La mode\u0301ration des infrastructures des forces arme\u0301es centrafricaines (FACA), constitue un effort du gouvernement pour a ...","og_url":"https:\/\/www.africa-press.net\/centrafricaine\/politique\/la-moderation-des-infrastructures-militaires-renforcent-les-capacites-des-faca","og_site_name":"centrafricaine","article_published_time":"2025-02-20T16:52:53+00:00","article_modified_time":"2025-04-13T15:06:42+00:00","og_image":[{"width":720,"height":441,"url":"https:\/\/static.africa-press.net\/centrafricaine\/sites\/45\/2025\/02\/sm_1740060556.632374.jpg","type":"image\/jpeg"}],"author":"cfeditorfr","twitter_card":"summary_large_image","twitter_misc":{"\u00c9crit par":"cfeditorfr","Dur\u00e9e de lecture estim\u00e9e":"2 minutes"},"schema":{"@context":"https:\/\/schema.org","@graph":[{"@type":"Article","@id":"https:\/\/www.africa-press.net\/centrafricaine\/politique\/la-moderation-des-infrastructures-militaires-renforcent-les-capacites-des-faca#article","isPartOf":{"@id":"https:\/\/www.africa-press.net\/centrafricaine\/politique\/la-moderation-des-infrastructures-militaires-renforcent-les-capacites-des-faca"},"author":{"name":"cfeditorfr","@id":"https:\/\/www.africa-press.net\/centrafricaine\/#\/schema\/person\/2b1cf3cd81a31e3cd26889ca66d677f1"},"headline":"la mod\u00e9ration des infrastructures militaires renforcent les capacit\u00e9s des FACA","datePublished":"2025-02-20T16:52:53+00:00","dateModified":"2025-04-13T15:06:42+00:00","mainEntityOfPage":{"@id":"https:\/\/www.africa-press.net\/centrafricaine\/politique\/la-moderation-des-infrastructures-militaires-renforcent-les-capacites-des-faca"},"wordCount":267,"commentCount":0,"image":{"@id":"https:\/\/www.africa-press.net\/centrafricaine\/politique\/la-moderation-des-infrastructures-militaires-renforcent-les-capacites-des-faca#primaryimage"},"thumbnailUrl":"https:\/\/static.africa-press.net\/centrafricaine\/sites\/45\/2025\/02\/sm_1740060556.632374.jpg","keywords":["CentrAfricaine","Centrafrique","infrastructures militaires","modernisation"],"articleSection":["Politique","Toutes les actualit\u00e9s"],"inLanguage":"fr-FR","potentialAction":[{"@type":"CommentAction","name":"Comment","target":["https:\/\/www.africa-press.net\/centrafricaine\/politique\/la-moderation-des-infrastructures-militaires-renforcent-les-capacites-des-faca#respond"]}]},{"@type":"WebPage","@id":"https:\/\/www.africa-press.net\/centrafricaine\/politique\/la-moderation-des-infrastructures-militaires-renforcent-les-capacites-des-faca","url":"https:\/\/www.africa-press.net\/centrafricaine\/politique\/la-moderation-des-infrastructures-militaires-renforcent-les-capacites-des-faca","name":"la mod\u00e9ration des infrastructures militaires renforcent les capacit\u00e9s des FACA - centrafricaine","isPartOf":{"@id":"https:\/\/www.africa-press.net\/centrafricaine\/#website"},"primaryImageOfPage":{"@id":"https:\/\/www.africa-press.net\/centrafricaine\/politique\/la-moderation-des-infrastructures-militaires-renforcent-les-capacites-des-faca#primaryimage"},"image":{"@id":"https:\/\/www.africa-press.net\/centrafricaine\/politique\/la-moderation-des-infrastructures-militaires-renforcent-les-capacites-des-faca#primaryimage"},"thumbnailUrl":"https:\/\/static.africa-press.net\/centrafricaine\/sites\/45\/2025\/02\/sm_1740060556.632374.jpg","datePublished":"2025-02-20T16:52:53+00:00","dateModified":"2025-04-13T15:06:42+00:00","author":{"@id":"https:\/\/www.africa-press.net\/centrafricaine\/#\/schema\/person\/2b1cf3cd81a31e3cd26889ca66d677f1"},"description":"La mode\u0301ration des infrastructures des forces arme\u0301es centrafricaines (FACA), constitue un effort du gouvernement pour a ...","breadcrumb":{"@id":"https:\/\/www.africa-press.net\/centrafricaine\/politique\/la-moderation-des-infrastructures-militaires-renforcent-les-capacites-des-faca#breadcrumb"},"inLanguage":"fr-FR","potentialAction":[{"@type":"ReadAction","target":["https:\/\/www.africa-press.net\/centrafricaine\/politique\/la-moderation-des-infrastructures-militaires-renforcent-les-capacites-des-faca"]}]},{"@type":"ImageObject","inLanguage":"fr-FR","@id":"https:\/\/www.africa-press.net\/centrafricaine\/politique\/la-moderation-des-infrastructures-militaires-renforcent-les-capacites-des-faca#primaryimage","url":"https:\/\/static.africa-press.net\/centrafricaine\/sites\/45\/2025\/02\/sm_1740060556.632374.jpg","contentUrl":"https:\/\/static.africa-press.net\/centrafricaine\/sites\/45\/2025\/02\/sm_1740060556.632374.jpg","width":720,"height":441,"caption":"la mod\u00e9ration des infrastructures militaires renforcent les capacit\u00e9s des FACA"},{"@type":"BreadcrumbList","@id":"https:\/\/www.africa-press.net\/centrafricaine\/politique\/la-moderation-des-infrastructures-militaires-renforcent-les-capacites-des-faca#breadcrumb","itemListElement":[{"@type":"ListItem","position":1,"name":"Accueil","item":"https:\/\/www.africa-press.net\/centrafricaine\/"},{"@type":"ListItem","position":2,"name":"la mod\u00e9ration des infrastructures militaires renforcent les capacit\u00e9s des FACA"}]},{"@type":"WebSite","@id":"https:\/\/www.africa-press.net\/centrafricaine\/#website","url":"https:\/\/www.africa-press.net\/centrafricaine\/","name":"centrafricaine","description":"Just another Africa News Agency Sites site","potentialAction":[{"@type":"SearchAction","target":{"@type":"EntryPoint","urlTemplate":"https:\/\/www.africa-press.net\/centrafricaine\/?s={search_term_string}"},"query-input":{"@type":"PropertyValueSpecification","valueRequired":true,"valueName":"search_term_string"}}],"inLanguage":"fr-FR"},{"@type":"Person","@id":"https:\/\/www.africa-press.net\/centrafricaine\/#\/schema\/person\/2b1cf3cd81a31e3cd26889ca66d677f1","name":"cfeditorfr"}]}},"_links":{"self":[{"href":"https:\/\/www.africa-press.net\/centrafricaine\/wp-json\/wp\/v2\/posts\/68511","targetHints":{"allow":["GET"]}}],"collection":[{"href":"https:\/\/www.africa-press.net\/centrafricaine\/wp-json\/wp\/v2\/posts"}],"about":[{"href":"https:\/\/www.africa-press.net\/centrafricaine\/wp-json\/wp\/v2\/types\/post"}],"author":[{"embeddable":true,"href":"https:\/\/www.africa-press.net\/centrafricaine\/wp-json\/wp\/v2\/users\/82"}],"replies":[{"embeddable":true,"href":"https:\/\/www.africa-press.net\/centrafricaine\/wp-json\/wp\/v2\/comments?post=68511"}],"version-history":[{"count":0,"href":"https:\/\/www.africa-press.net\/centrafricaine\/wp-json\/wp\/v2\/posts\/68511\/revisions"}],"wp:featuredmedia":[{"embeddable":true,"href":"https:\/\/www.africa-press.net\/centrafricaine\/wp-json\/wp\/v2\/media\/68510"}],"wp:attachment":[{"href":"https:\/\/www.africa-press.net\/centrafricaine\/wp-json\/wp\/v2\/media?parent=68511"}],"wp:term":[{"taxonomy":"category","embeddable":true,"href":"https:\/\/www.africa-press.net\/centrafricaine\/wp-json\/wp\/v2\/categories?post=68511"},{"taxonomy":"post_tag","embeddable":true,"href":"https:\/\/www.africa-press.net\/centrafricaine\/wp-json\/wp\/v2\/tags?post=68511"}],"curies":[{"name":"wp","href":"https:\/\/api.w.org\/{rel}","templated":true}]}}