{"id":68513,"date":"2025-02-20T16:53:29","date_gmt":"2025-02-20T16:53:29","guid":{"rendered":"https:\/\/www.africa-press.net\/centrafricaine\/politique\/la-necessite-de-mettre-fin-aux-rackets-sur-la-population"},"modified":"2025-04-13T15:06:55","modified_gmt":"2025-04-13T15:06:55","slug":"la-necessite-de-mettre-fin-aux-rackets-sur-la-population","status":"publish","type":"post","link":"https:\/\/www.africa-press.net\/centrafricaine\/toutes-les-actualites\/la-necessite-de-mettre-fin-aux-rackets-sur-la-population","title":{"rendered":"la n\u00e9cessit\u00e9 de mettre fin aux rackets sur la population"},"content":{"rendered":"<p><span style=\"color: #ff6600\"><strong>Africa-Press &#8211; CentrAfricaine. <\/strong><\/span>En de\u0301pit de la volonte\u0301 politique des autorite\u0301s de la Re\u0301publique centrafricaine de mettre en place des cellules de veille pour combattre e\u0301nergiquement les vieilles habitudes dont le racket, des brebis galeuses multiplient des ruses et des strate\u0301gies pour enfreindre les re\u0300gles de la socie\u0301te\u0301. Une situation inquie\u0301tante qui appelle a\u0300 la vigilance des autorite\u0301s compe\u0301tentes de Bangui pour faire e\u0301chec a\u0300 cette pratique.<\/p>\n<p>En effet, le phe\u0301nome\u0300ne de racket et de corruption est loin de prendre fin, continue de prendre de l\u2019ampleur sur les voies publiques en Re\u0301publique Centrafricaine. De nombreuses personnes se plaignent et pour la plupart des cas montrent du doigt les porteurs de tenues tre\u0300s souvent en services sur les barrie\u0300res routie\u0300res.<\/p>\n<p>II faut souligner que ce phe\u0301nome\u0300ne est connu de tous sous le nom de<b> \u00ab Formalite\u0301 \u00bb <\/b>persiste a\u0300 miner la socie\u0301te\u0301 centrafricaine qui a connue autant de crises et qui cherche voies et moyens pour son rele\u0300vement.<\/p>\n<p>Aujourd\u2019hui le phe\u0301nome\u0300ne de racket est re\u0301pandu sur toutes les routes de la Re\u0301publique Centrafricaine. Selon Barthe\u0301le\u0301my Zati un usager la circulation routie\u0300re apre\u0300s Bangui est de mieux en mieux de\u0301sagre\u0301able a\u0300 cause de mauvais comportements de certains agents qui tiennent les barrie\u0300res.<\/p>\n<p><b>\u00ab On se demandait si ces tickets et autres taxes que nous versons a\u0300 ces agents rentrent au tre\u0301sor public. Nous sommes a\u0300 bout de souffle face a\u0300 ces tares qui ne peuvent que couvrir notre pays de la honte. Nous pensons ve\u0301ritablement a\u0300 une prise de conscience parce que le gouvernement ne se lasse pas a\u0300 travailler pour que la libre circulation devienne une re\u0301alite\u0301. Mais force est de constater que des brebis noires veulent saper les efforts des autorite\u0301s en lui mettant des ba\u0302tons dans les roues pour que le pays ne se de\u0301veloppe pas \u00bb,<\/b> a-t-il de\u0301plore\u0301<\/p>\n<p>II admet de souligner que le racket n\u2019est pas un moyen pour joindre les deux bouts c\u2019est prohibe\u0301 par la loi. Alors respectons la loi pour que notre pays se de\u0301veloppe.<\/p>\n<p><b>Source: Ndjoni Sango<\/b><\/p>\n<p><strong>Pour plus d&rsquo;informations et d&rsquo;analyses sur la <span style=\"color: #ff6600\">CentrAfricaine<\/span>, suivez <span style=\"color: #ff6600\">Africa-Press<\/span><\/strong><\/p>\n","protected":false},"excerpt":{"rendered":"<p>Africa-Press &#8211; CentrAfricaine. En de\u0301pit de la volonte\u0301 politique des autorite\u0301s de la Re\u0301publique centrafricaine de mettre en place des cellules de veille pour combattre e\u0301nergiquement les vieilles habitudes dont le racket, des brebis galeuses multiplient des ruses et des strate\u0301gies pour enfreindre les re\u0300gles de la socie\u0301te\u0301. Une situation inquie\u0301tante qui appelle a\u0300 la [&hellip;]<\/p>\n","protected":false},"author":82,"featured_media":68512,"comment_status":"open","ping_status":"closed","sticky":false,"template":"","format":"standard","meta":{"footnotes":""},"categories":[21,10],"tags":[30,41,1499,1683,1528],"class_list":["post-68513","post","type-post","status-publish","format-standard","has-post-thumbnail","hentry","category-communaute","category-toutes-les-actualites","tag-centrafricaine","tag-centrafrique","tag-corruption","tag-lutte","tag-racket"],"yoast_head":"<!-- This site is optimized with the Yoast SEO Premium plugin v26.1 (Yoast SEO v27.0) - https:\/\/yoast.com\/product\/yoast-seo-premium-wordpress\/ -->\n<title>la n\u00e9cessit\u00e9 de mettre fin aux rackets sur la population - centrafricaine<\/title>\n<meta name=\"description\" content=\"En de\u0301pit de la volonte\u0301 politique des autorite\u0301s de la Re\u0301publique centrafricaine de mettre en place des cellules de ve ...\" \/>\n<meta name=\"robots\" content=\"index, follow, max-snippet:-1, max-image-preview:large, max-video-preview:-1\" \/>\n<link rel=\"canonical\" href=\"https:\/\/www.africa-press.net\/centrafricaine\/toutes-les-actualites\/la-necessite-de-mettre-fin-aux-rackets-sur-la-population\" \/>\n<meta property=\"og:locale\" content=\"fr_FR\" \/>\n<meta property=\"og:type\" content=\"article\" \/>\n<meta property=\"og:title\" content=\"la n\u00e9cessit\u00e9 de mettre fin aux rackets sur la population\" \/>\n<meta property=\"og:description\" content=\"En de\u0301pit de la volonte\u0301 politique des autorite\u0301s de la Re\u0301publique centrafricaine de mettre en place des cellules de ve ...\" \/>\n<meta property=\"og:url\" content=\"https:\/\/www.africa-press.net\/centrafricaine\/toutes-les-actualites\/la-necessite-de-mettre-fin-aux-rackets-sur-la-population\" \/>\n<meta property=\"og:site_name\" content=\"centrafricaine\" \/>\n<meta property=\"article:published_time\" content=\"2025-02-20T16:53:29+00:00\" \/>\n<meta property=\"article:modified_time\" content=\"2025-04-13T15:06:55+00:00\" \/>\n<meta property=\"og:image\" content=\"https:\/\/static.africa-press.net\/centrafricaine\/sites\/45\/2025\/02\/sm_1740060581.286425.jpg\" \/>\n\t<meta property=\"og:image:width\" content=\"702\" \/>\n\t<meta property=\"og:image:height\" content=\"366\" \/>\n\t<meta property=\"og:image:type\" content=\"image\/jpeg\" \/>\n<meta name=\"author\" content=\"cfeditorfr\" \/>\n<meta name=\"twitter:card\" content=\"summary_large_image\" \/>\n<meta name=\"twitter:label1\" content=\"\u00c9crit par\" \/>\n\t<meta name=\"twitter:data1\" content=\"cfeditorfr\" \/>\n\t<meta name=\"twitter:label2\" content=\"Dur\u00e9e de lecture estim\u00e9e\" \/>\n\t<meta name=\"twitter:data2\" content=\"2 minutes\" \/>\n<script type=\"application\/ld+json\" class=\"yoast-schema-graph\">{\"@context\":\"https:\/\/schema.org\",\"@graph\":[{\"@type\":\"Article\",\"@id\":\"https:\/\/www.africa-press.net\/centrafricaine\/toutes-les-actualites\/la-necessite-de-mettre-fin-aux-rackets-sur-la-population#article\",\"isPartOf\":{\"@id\":\"https:\/\/www.africa-press.net\/centrafricaine\/toutes-les-actualites\/la-necessite-de-mettre-fin-aux-rackets-sur-la-population\"},\"author\":{\"name\":\"cfeditorfr\",\"@id\":\"https:\/\/www.africa-press.net\/centrafricaine\/#\/schema\/person\/2b1cf3cd81a31e3cd26889ca66d677f1\"},\"headline\":\"la n\u00e9cessit\u00e9 de mettre fin aux rackets sur la population\",\"datePublished\":\"2025-02-20T16:53:29+00:00\",\"dateModified\":\"2025-04-13T15:06:55+00:00\",\"mainEntityOfPage\":{\"@id\":\"https:\/\/www.africa-press.net\/centrafricaine\/toutes-les-actualites\/la-necessite-de-mettre-fin-aux-rackets-sur-la-population\"},\"wordCount\":397,\"commentCount\":0,\"image\":{\"@id\":\"https:\/\/www.africa-press.net\/centrafricaine\/toutes-les-actualites\/la-necessite-de-mettre-fin-aux-rackets-sur-la-population#primaryimage\"},\"thumbnailUrl\":\"https:\/\/static.africa-press.net\/centrafricaine\/sites\/45\/2025\/02\/sm_1740060581.286425.jpg\",\"keywords\":[\"CentrAfricaine\",\"Centrafrique\",\"corruption\",\"lutte\",\"racket\"],\"articleSection\":[\"Communaut\u00e9\",\"Toutes les actualit\u00e9s\"],\"inLanguage\":\"fr-FR\",\"potentialAction\":[{\"@type\":\"CommentAction\",\"name\":\"Comment\",\"target\":[\"https:\/\/www.africa-press.net\/centrafricaine\/toutes-les-actualites\/la-necessite-de-mettre-fin-aux-rackets-sur-la-population#respond\"]}]},{\"@type\":\"WebPage\",\"@id\":\"https:\/\/www.africa-press.net\/centrafricaine\/toutes-les-actualites\/la-necessite-de-mettre-fin-aux-rackets-sur-la-population\",\"url\":\"https:\/\/www.africa-press.net\/centrafricaine\/toutes-les-actualites\/la-necessite-de-mettre-fin-aux-rackets-sur-la-population\",\"name\":\"la n\u00e9cessit\u00e9 de mettre fin aux rackets sur la population - centrafricaine\",\"isPartOf\":{\"@id\":\"https:\/\/www.africa-press.net\/centrafricaine\/#website\"},\"primaryImageOfPage\":{\"@id\":\"https:\/\/www.africa-press.net\/centrafricaine\/toutes-les-actualites\/la-necessite-de-mettre-fin-aux-rackets-sur-la-population#primaryimage\"},\"image\":{\"@id\":\"https:\/\/www.africa-press.net\/centrafricaine\/toutes-les-actualites\/la-necessite-de-mettre-fin-aux-rackets-sur-la-population#primaryimage\"},\"thumbnailUrl\":\"https:\/\/static.africa-press.net\/centrafricaine\/sites\/45\/2025\/02\/sm_1740060581.286425.jpg\",\"datePublished\":\"2025-02-20T16:53:29+00:00\",\"dateModified\":\"2025-04-13T15:06:55+00:00\",\"author\":{\"@id\":\"https:\/\/www.africa-press.net\/centrafricaine\/#\/schema\/person\/2b1cf3cd81a31e3cd26889ca66d677f1\"},\"description\":\"En de\u0301pit de la volonte\u0301 politique des autorite\u0301s de la Re\u0301publique centrafricaine de mettre en place des cellules de ve ...\",\"breadcrumb\":{\"@id\":\"https:\/\/www.africa-press.net\/centrafricaine\/toutes-les-actualites\/la-necessite-de-mettre-fin-aux-rackets-sur-la-population#breadcrumb\"},\"inLanguage\":\"fr-FR\",\"potentialAction\":[{\"@type\":\"ReadAction\",\"target\":[\"https:\/\/www.africa-press.net\/centrafricaine\/toutes-les-actualites\/la-necessite-de-mettre-fin-aux-rackets-sur-la-population\"]}]},{\"@type\":\"ImageObject\",\"inLanguage\":\"fr-FR\",\"@id\":\"https:\/\/www.africa-press.net\/centrafricaine\/toutes-les-actualites\/la-necessite-de-mettre-fin-aux-rackets-sur-la-population#primaryimage\",\"url\":\"https:\/\/static.africa-press.net\/centrafricaine\/sites\/45\/2025\/02\/sm_1740060581.286425.jpg\",\"contentUrl\":\"https:\/\/static.africa-press.net\/centrafricaine\/sites\/45\/2025\/02\/sm_1740060581.286425.jpg\",\"width\":702,\"height\":366,\"caption\":\"la n\u00e9cessit\u00e9 de mettre fin aux rackets sur la population\"},{\"@type\":\"BreadcrumbList\",\"@id\":\"https:\/\/www.africa-press.net\/centrafricaine\/toutes-les-actualites\/la-necessite-de-mettre-fin-aux-rackets-sur-la-population#breadcrumb\",\"itemListElement\":[{\"@type\":\"ListItem\",\"position\":1,\"name\":\"Accueil\",\"item\":\"https:\/\/www.africa-press.net\/centrafricaine\/\"},{\"@type\":\"ListItem\",\"position\":2,\"name\":\"la n\u00e9cessit\u00e9 de mettre fin aux rackets sur la population\"}]},{\"@type\":\"WebSite\",\"@id\":\"https:\/\/www.africa-press.net\/centrafricaine\/#website\",\"url\":\"https:\/\/www.africa-press.net\/centrafricaine\/\",\"name\":\"centrafricaine\",\"description\":\"Just another Africa News Agency Sites site\",\"potentialAction\":[{\"@type\":\"SearchAction\",\"target\":{\"@type\":\"EntryPoint\",\"urlTemplate\":\"https:\/\/www.africa-press.net\/centrafricaine\/?s={search_term_string}\"},\"query-input\":{\"@type\":\"PropertyValueSpecification\",\"valueRequired\":true,\"valueName\":\"search_term_string\"}}],\"inLanguage\":\"fr-FR\"},{\"@type\":\"Person\",\"@id\":\"https:\/\/www.africa-press.net\/centrafricaine\/#\/schema\/person\/2b1cf3cd81a31e3cd26889ca66d677f1\",\"name\":\"cfeditorfr\"}]}<\/script>\n<!-- \/ Yoast SEO Premium plugin. -->","yoast_head_json":{"title":"la n\u00e9cessit\u00e9 de mettre fin aux rackets sur la population - centrafricaine","description":"En de\u0301pit de la volonte\u0301 politique des autorite\u0301s de la Re\u0301publique centrafricaine de mettre en place des cellules de ve ...","robots":{"index":"index","follow":"follow","max-snippet":"max-snippet:-1","max-image-preview":"max-image-preview:large","max-video-preview":"max-video-preview:-1"},"canonical":"https:\/\/www.africa-press.net\/centrafricaine\/toutes-les-actualites\/la-necessite-de-mettre-fin-aux-rackets-sur-la-population","og_locale":"fr_FR","og_type":"article","og_title":"la n\u00e9cessit\u00e9 de mettre fin aux rackets sur la population","og_description":"En de\u0301pit de la volonte\u0301 politique des autorite\u0301s de la Re\u0301publique centrafricaine de mettre en place des cellules de ve ...","og_url":"https:\/\/www.africa-press.net\/centrafricaine\/toutes-les-actualites\/la-necessite-de-mettre-fin-aux-rackets-sur-la-population","og_site_name":"centrafricaine","article_published_time":"2025-02-20T16:53:29+00:00","article_modified_time":"2025-04-13T15:06:55+00:00","og_image":[{"width":702,"height":366,"url":"https:\/\/static.africa-press.net\/centrafricaine\/sites\/45\/2025\/02\/sm_1740060581.286425.jpg","type":"image\/jpeg"}],"author":"cfeditorfr","twitter_card":"summary_large_image","twitter_misc":{"\u00c9crit par":"cfeditorfr","Dur\u00e9e de lecture estim\u00e9e":"2 minutes"},"schema":{"@context":"https:\/\/schema.org","@graph":[{"@type":"Article","@id":"https:\/\/www.africa-press.net\/centrafricaine\/toutes-les-actualites\/la-necessite-de-mettre-fin-aux-rackets-sur-la-population#article","isPartOf":{"@id":"https:\/\/www.africa-press.net\/centrafricaine\/toutes-les-actualites\/la-necessite-de-mettre-fin-aux-rackets-sur-la-population"},"author":{"name":"cfeditorfr","@id":"https:\/\/www.africa-press.net\/centrafricaine\/#\/schema\/person\/2b1cf3cd81a31e3cd26889ca66d677f1"},"headline":"la n\u00e9cessit\u00e9 de mettre fin aux rackets sur la population","datePublished":"2025-02-20T16:53:29+00:00","dateModified":"2025-04-13T15:06:55+00:00","mainEntityOfPage":{"@id":"https:\/\/www.africa-press.net\/centrafricaine\/toutes-les-actualites\/la-necessite-de-mettre-fin-aux-rackets-sur-la-population"},"wordCount":397,"commentCount":0,"image":{"@id":"https:\/\/www.africa-press.net\/centrafricaine\/toutes-les-actualites\/la-necessite-de-mettre-fin-aux-rackets-sur-la-population#primaryimage"},"thumbnailUrl":"https:\/\/static.africa-press.net\/centrafricaine\/sites\/45\/2025\/02\/sm_1740060581.286425.jpg","keywords":["CentrAfricaine","Centrafrique","corruption","lutte","racket"],"articleSection":["Communaut\u00e9","Toutes les actualit\u00e9s"],"inLanguage":"fr-FR","potentialAction":[{"@type":"CommentAction","name":"Comment","target":["https:\/\/www.africa-press.net\/centrafricaine\/toutes-les-actualites\/la-necessite-de-mettre-fin-aux-rackets-sur-la-population#respond"]}]},{"@type":"WebPage","@id":"https:\/\/www.africa-press.net\/centrafricaine\/toutes-les-actualites\/la-necessite-de-mettre-fin-aux-rackets-sur-la-population","url":"https:\/\/www.africa-press.net\/centrafricaine\/toutes-les-actualites\/la-necessite-de-mettre-fin-aux-rackets-sur-la-population","name":"la n\u00e9cessit\u00e9 de mettre fin aux rackets sur la population - centrafricaine","isPartOf":{"@id":"https:\/\/www.africa-press.net\/centrafricaine\/#website"},"primaryImageOfPage":{"@id":"https:\/\/www.africa-press.net\/centrafricaine\/toutes-les-actualites\/la-necessite-de-mettre-fin-aux-rackets-sur-la-population#primaryimage"},"image":{"@id":"https:\/\/www.africa-press.net\/centrafricaine\/toutes-les-actualites\/la-necessite-de-mettre-fin-aux-rackets-sur-la-population#primaryimage"},"thumbnailUrl":"https:\/\/static.africa-press.net\/centrafricaine\/sites\/45\/2025\/02\/sm_1740060581.286425.jpg","datePublished":"2025-02-20T16:53:29+00:00","dateModified":"2025-04-13T15:06:55+00:00","author":{"@id":"https:\/\/www.africa-press.net\/centrafricaine\/#\/schema\/person\/2b1cf3cd81a31e3cd26889ca66d677f1"},"description":"En de\u0301pit de la volonte\u0301 politique des autorite\u0301s de la Re\u0301publique centrafricaine de mettre en place des cellules de ve ...","breadcrumb":{"@id":"https:\/\/www.africa-press.net\/centrafricaine\/toutes-les-actualites\/la-necessite-de-mettre-fin-aux-rackets-sur-la-population#breadcrumb"},"inLanguage":"fr-FR","potentialAction":[{"@type":"ReadAction","target":["https:\/\/www.africa-press.net\/centrafricaine\/toutes-les-actualites\/la-necessite-de-mettre-fin-aux-rackets-sur-la-population"]}]},{"@type":"ImageObject","inLanguage":"fr-FR","@id":"https:\/\/www.africa-press.net\/centrafricaine\/toutes-les-actualites\/la-necessite-de-mettre-fin-aux-rackets-sur-la-population#primaryimage","url":"https:\/\/static.africa-press.net\/centrafricaine\/sites\/45\/2025\/02\/sm_1740060581.286425.jpg","contentUrl":"https:\/\/static.africa-press.net\/centrafricaine\/sites\/45\/2025\/02\/sm_1740060581.286425.jpg","width":702,"height":366,"caption":"la n\u00e9cessit\u00e9 de mettre fin aux rackets sur la population"},{"@type":"BreadcrumbList","@id":"https:\/\/www.africa-press.net\/centrafricaine\/toutes-les-actualites\/la-necessite-de-mettre-fin-aux-rackets-sur-la-population#breadcrumb","itemListElement":[{"@type":"ListItem","position":1,"name":"Accueil","item":"https:\/\/www.africa-press.net\/centrafricaine\/"},{"@type":"ListItem","position":2,"name":"la n\u00e9cessit\u00e9 de mettre fin aux rackets sur la population"}]},{"@type":"WebSite","@id":"https:\/\/www.africa-press.net\/centrafricaine\/#website","url":"https:\/\/www.africa-press.net\/centrafricaine\/","name":"centrafricaine","description":"Just another Africa News Agency Sites site","potentialAction":[{"@type":"SearchAction","target":{"@type":"EntryPoint","urlTemplate":"https:\/\/www.africa-press.net\/centrafricaine\/?s={search_term_string}"},"query-input":{"@type":"PropertyValueSpecification","valueRequired":true,"valueName":"search_term_string"}}],"inLanguage":"fr-FR"},{"@type":"Person","@id":"https:\/\/www.africa-press.net\/centrafricaine\/#\/schema\/person\/2b1cf3cd81a31e3cd26889ca66d677f1","name":"cfeditorfr"}]}},"_links":{"self":[{"href":"https:\/\/www.africa-press.net\/centrafricaine\/wp-json\/wp\/v2\/posts\/68513","targetHints":{"allow":["GET"]}}],"collection":[{"href":"https:\/\/www.africa-press.net\/centrafricaine\/wp-json\/wp\/v2\/posts"}],"about":[{"href":"https:\/\/www.africa-press.net\/centrafricaine\/wp-json\/wp\/v2\/types\/post"}],"author":[{"embeddable":true,"href":"https:\/\/www.africa-press.net\/centrafricaine\/wp-json\/wp\/v2\/users\/82"}],"replies":[{"embeddable":true,"href":"https:\/\/www.africa-press.net\/centrafricaine\/wp-json\/wp\/v2\/comments?post=68513"}],"version-history":[{"count":0,"href":"https:\/\/www.africa-press.net\/centrafricaine\/wp-json\/wp\/v2\/posts\/68513\/revisions"}],"wp:featuredmedia":[{"embeddable":true,"href":"https:\/\/www.africa-press.net\/centrafricaine\/wp-json\/wp\/v2\/media\/68512"}],"wp:attachment":[{"href":"https:\/\/www.africa-press.net\/centrafricaine\/wp-json\/wp\/v2\/media?parent=68513"}],"wp:term":[{"taxonomy":"category","embeddable":true,"href":"https:\/\/www.africa-press.net\/centrafricaine\/wp-json\/wp\/v2\/categories?post=68513"},{"taxonomy":"post_tag","embeddable":true,"href":"https:\/\/www.africa-press.net\/centrafricaine\/wp-json\/wp\/v2\/tags?post=68513"}],"curies":[{"name":"wp","href":"https:\/\/api.w.org\/{rel}","templated":true}]}}