{"id":6852,"date":"2021-05-12T10:29:16","date_gmt":"2021-05-12T10:29:16","guid":{"rendered":"https:\/\/www.africa-press.net\/centrafricaine\/?p=6852"},"modified":"2021-05-12T13:02:12","modified_gmt":"2021-05-12T13:02:12","slug":"rca-une-nouvelle-altercation-entre-les-requins-de-la-garde-presidentielle-et-les-policiers-deux-blesses-graves","status":"publish","type":"post","link":"https:\/\/www.africa-press.net\/centrafricaine\/politique\/rca-une-nouvelle-altercation-entre-les-requins-de-la-garde-presidentielle-et-les-policiers-deux-blesses-graves","title":{"rendered":"une nouvelle altercation entre les requins de la garde pr\u00e9sidentielle et les policiers, deux bless\u00e9s graves"},"content":{"rendered":"<p><span style=\"color: #ff6600\"><strong><a href=\"https:\/\/www.africa-press.net\/\">Africa-Press<\/a> &#8211; <a href=\"https:\/\/www.africa-press.net\/centrafricaine\">CentrAfricaine<\/a>.\u00a0 <\/strong><\/span>L\u2019altercation entre les requins de la garde pr\u00e9sidentielle et les \u00e9l\u00e9ments de la police nationale est survenue une nouvelle fois en un mois dans la nuit du mardi \u00e0 mercredi 12 mai peu \u2013 apr\u00e8s le coup de signal du couvre-feu de 20 heures. Deux policiers ont \u00e9t\u00e9 gri\u00e8vement bless\u00e9s, et leur poste a \u00e9galement \u00e9t\u00e9 saccag\u00e9.<\/p>\n<p>Selon notre \u00e9quipe qui a pu assister \u00e0 la sc\u00e8ne, ce mardi vers 20 heures, quelques minutes seulement apr\u00e8s l\u2019entr\u00e9e en vigueur du couvre-feu dans la capitale, les \u00e9l\u00e9ments de la police, en poste au croisement Sica-Benz-vi, ont mis la main sur une moto mal stationn\u00e9e sur la chauss\u00e9e et la ramener au poste.<\/p>\n<p>Pendant ce temps, le propri\u00e9taire de la moto, un \u00e9l\u00e9ment de la garde pr\u00e9sidentielle, sans dire un mot aux policiers, faisait appel t\u00e9l\u00e9phonique \u00e0 ses coll\u00e8gues d\u2019armes de la garde pr\u00e9sidentielle. Quelques minutes plus tard, un v\u00e9hicule 4\u00d74 BJ80, rempli des hommes lourdement arm\u00e9s, est arriv\u00e9 au poste de police Sica-Benz-Vi. Comme ils ont fait le mois dernier, les policiers en poste ont \u00e9t\u00e9 litt\u00e9ralement agress\u00e9s par ces \u00e9l\u00e9ments de la garde pr\u00e9sidentielle.<\/p>\n<p>Et ce n\u2019est pas tout! Avant de quitter le lieu, les requins ont pris le soin de fouiller chaque policier \u00e0 la m\u00e9thode russe : leur t\u00e9l\u00e9phone, c ont \u00e9t\u00e9 confisqu\u00e9s par les requins.<\/p>\n<p>Les gendarmes ont \u00e9galement \u00e9t\u00e9 appel\u00e9s sur le lieu. Les deux policiers gri\u00e8vement bless\u00e9s ont \u00e9t\u00e9 \u00e9vacu\u00e9s \u00e0 l\u2019h\u00f4pital communautaire, et une enqu\u00eate a \u00e9t\u00e9 ouverte par la gendarmerie.<\/p>\n<p>&nbsp;<\/p>\n","protected":false},"excerpt":{"rendered":"<p>Africa-Press &#8211; CentrAfricaine.\u00a0 L\u2019altercation entre les requins de la garde pr\u00e9sidentielle et les \u00e9l\u00e9ments de la police nationale est survenue une nouvelle fois en un mois dans la nuit du mardi \u00e0 mercredi 12 mai peu \u2013 apr\u00e8s le coup de signal du couvre-feu de 20 heures. Deux policiers ont \u00e9t\u00e9 gri\u00e8vement bless\u00e9s, et leur [&hellip;]<\/p>\n","protected":false},"author":82,"featured_media":6851,"comment_status":"open","ping_status":"closed","sticky":false,"template":"","format":"standard","meta":{"footnotes":""},"categories":[11,2,20,10],"tags":[36,58,30],"class_list":["post-6852","post","type-post","status-publish","format-standard","has-post-thumbnail","hentry","category-homepage-french","category-politique","category-top-nouvelles","category-toutes-les-actualites","tag-africa-press","tag-africa-press-centrafricaine","tag-centrafricaine"],"yoast_head":"<!-- This site is optimized with the Yoast SEO Premium plugin v26.1 (Yoast SEO v27.0) - https:\/\/yoast.com\/product\/yoast-seo-premium-wordpress\/ -->\n<title>une nouvelle altercation entre les requins de la garde pr\u00e9sidentielle et les policiers, deux bless\u00e9s graves - centrafricaine<\/title>\n<meta name=\"description\" content=\"Bangui, R\u00e9publique centrafricaine, mercredi, 12 mai 2021, 03:33:37 ( Corbeaunews-Centrafrique ). L\u2019altercation e ...\" \/>\n<meta name=\"robots\" content=\"index, follow, max-snippet:-1, max-image-preview:large, max-video-preview:-1\" \/>\n<link rel=\"canonical\" href=\"https:\/\/www.africa-press.net\/centrafricaine\/politique\/rca-une-nouvelle-altercation-entre-les-requins-de-la-garde-presidentielle-et-les-policiers-deux-blesses-graves\" \/>\n<meta property=\"og:locale\" content=\"fr_FR\" \/>\n<meta property=\"og:type\" content=\"article\" \/>\n<meta property=\"og:title\" content=\"une nouvelle altercation entre les requins de la garde pr\u00e9sidentielle et les policiers, deux bless\u00e9s graves\" \/>\n<meta property=\"og:description\" content=\"Bangui, R\u00e9publique centrafricaine, mercredi, 12 mai 2021, 03:33:37 ( Corbeaunews-Centrafrique ). L\u2019altercation e ...\" \/>\n<meta property=\"og:url\" content=\"https:\/\/www.africa-press.net\/centrafricaine\/politique\/rca-une-nouvelle-altercation-entre-les-requins-de-la-garde-presidentielle-et-les-policiers-deux-blesses-graves\" \/>\n<meta property=\"og:site_name\" content=\"centrafricaine\" \/>\n<meta property=\"article:published_time\" content=\"2021-05-12T10:29:16+00:00\" \/>\n<meta property=\"article:modified_time\" content=\"2021-05-12T13:02:12+00:00\" \/>\n<meta property=\"og:image\" content=\"https:\/\/static.africa-press.net\/centrafricaine\/sites\/45\/2021\/05\/img-609ba66dd9dc6.jpg\" \/>\n\t<meta property=\"og:image:width\" content=\"750\" \/>\n\t<meta property=\"og:image:height\" content=\"562\" \/>\n\t<meta property=\"og:image:type\" content=\"image\/jpeg\" \/>\n<meta name=\"author\" content=\"cfeditorfr\" \/>\n<meta name=\"twitter:card\" content=\"summary_large_image\" \/>\n<meta name=\"twitter:label1\" content=\"\u00c9crit par\" \/>\n\t<meta name=\"twitter:data1\" content=\"cfeditorfr\" \/>\n\t<meta name=\"twitter:label2\" content=\"Dur\u00e9e de lecture estim\u00e9e\" \/>\n\t<meta name=\"twitter:data2\" content=\"2 minutes\" \/>\n<script type=\"application\/ld+json\" class=\"yoast-schema-graph\">{\"@context\":\"https:\/\/schema.org\",\"@graph\":[{\"@type\":\"Article\",\"@id\":\"https:\/\/www.africa-press.net\/centrafricaine\/politique\/rca-une-nouvelle-altercation-entre-les-requins-de-la-garde-presidentielle-et-les-policiers-deux-blesses-graves#article\",\"isPartOf\":{\"@id\":\"https:\/\/www.africa-press.net\/centrafricaine\/politique\/rca-une-nouvelle-altercation-entre-les-requins-de-la-garde-presidentielle-et-les-policiers-deux-blesses-graves\"},\"author\":{\"name\":\"cfeditorfr\",\"@id\":\"https:\/\/www.africa-press.net\/centrafricaine\/#\/schema\/person\/2b1cf3cd81a31e3cd26889ca66d677f1\"},\"headline\":\"une nouvelle altercation entre les requins de la garde pr\u00e9sidentielle et les policiers, deux bless\u00e9s graves\",\"datePublished\":\"2021-05-12T10:29:16+00:00\",\"dateModified\":\"2021-05-12T13:02:12+00:00\",\"mainEntityOfPage\":{\"@id\":\"https:\/\/www.africa-press.net\/centrafricaine\/politique\/rca-une-nouvelle-altercation-entre-les-requins-de-la-garde-presidentielle-et-les-policiers-deux-blesses-graves\"},\"wordCount\":297,\"commentCount\":0,\"image\":{\"@id\":\"https:\/\/www.africa-press.net\/centrafricaine\/politique\/rca-une-nouvelle-altercation-entre-les-requins-de-la-garde-presidentielle-et-les-policiers-deux-blesses-graves#primaryimage\"},\"thumbnailUrl\":\"https:\/\/static.africa-press.net\/centrafricaine\/sites\/45\/2021\/05\/img-609ba66dd9dc6.jpg\",\"keywords\":[\"Africa Press\",\"Africa Press-CentrAfricaine\",\"CentrAfricaine\"],\"articleSection\":[\"homepage-french\",\"Politique\",\"Top Nouvelles\",\"Toutes les actualit\u00e9s\"],\"inLanguage\":\"fr-FR\",\"potentialAction\":[{\"@type\":\"CommentAction\",\"name\":\"Comment\",\"target\":[\"https:\/\/www.africa-press.net\/centrafricaine\/politique\/rca-une-nouvelle-altercation-entre-les-requins-de-la-garde-presidentielle-et-les-policiers-deux-blesses-graves#respond\"]}]},{\"@type\":\"WebPage\",\"@id\":\"https:\/\/www.africa-press.net\/centrafricaine\/politique\/rca-une-nouvelle-altercation-entre-les-requins-de-la-garde-presidentielle-et-les-policiers-deux-blesses-graves\",\"url\":\"https:\/\/www.africa-press.net\/centrafricaine\/politique\/rca-une-nouvelle-altercation-entre-les-requins-de-la-garde-presidentielle-et-les-policiers-deux-blesses-graves\",\"name\":\"une nouvelle altercation entre les requins de la garde pr\u00e9sidentielle et les policiers, deux bless\u00e9s graves - centrafricaine\",\"isPartOf\":{\"@id\":\"https:\/\/www.africa-press.net\/centrafricaine\/#website\"},\"primaryImageOfPage\":{\"@id\":\"https:\/\/www.africa-press.net\/centrafricaine\/politique\/rca-une-nouvelle-altercation-entre-les-requins-de-la-garde-presidentielle-et-les-policiers-deux-blesses-graves#primaryimage\"},\"image\":{\"@id\":\"https:\/\/www.africa-press.net\/centrafricaine\/politique\/rca-une-nouvelle-altercation-entre-les-requins-de-la-garde-presidentielle-et-les-policiers-deux-blesses-graves#primaryimage\"},\"thumbnailUrl\":\"https:\/\/static.africa-press.net\/centrafricaine\/sites\/45\/2021\/05\/img-609ba66dd9dc6.jpg\",\"datePublished\":\"2021-05-12T10:29:16+00:00\",\"dateModified\":\"2021-05-12T13:02:12+00:00\",\"author\":{\"@id\":\"https:\/\/www.africa-press.net\/centrafricaine\/#\/schema\/person\/2b1cf3cd81a31e3cd26889ca66d677f1\"},\"description\":\"Bangui, R\u00e9publique centrafricaine, mercredi, 12 mai 2021, 03:33:37 ( Corbeaunews-Centrafrique ). L\u2019altercation e ...\",\"breadcrumb\":{\"@id\":\"https:\/\/www.africa-press.net\/centrafricaine\/politique\/rca-une-nouvelle-altercation-entre-les-requins-de-la-garde-presidentielle-et-les-policiers-deux-blesses-graves#breadcrumb\"},\"inLanguage\":\"fr-FR\",\"potentialAction\":[{\"@type\":\"ReadAction\",\"target\":[\"https:\/\/www.africa-press.net\/centrafricaine\/politique\/rca-une-nouvelle-altercation-entre-les-requins-de-la-garde-presidentielle-et-les-policiers-deux-blesses-graves\"]}]},{\"@type\":\"ImageObject\",\"inLanguage\":\"fr-FR\",\"@id\":\"https:\/\/www.africa-press.net\/centrafricaine\/politique\/rca-une-nouvelle-altercation-entre-les-requins-de-la-garde-presidentielle-et-les-policiers-deux-blesses-graves#primaryimage\",\"url\":\"https:\/\/static.africa-press.net\/centrafricaine\/sites\/45\/2021\/05\/img-609ba66dd9dc6.jpg\",\"contentUrl\":\"https:\/\/static.africa-press.net\/centrafricaine\/sites\/45\/2021\/05\/img-609ba66dd9dc6.jpg\",\"width\":750,\"height\":562,\"caption\":\"RCA\u00a0: une nouvelle altercation entre les requins de la garde pr\u00e9sidentielle et les policiers, deux bless\u00e9s graves\"},{\"@type\":\"BreadcrumbList\",\"@id\":\"https:\/\/www.africa-press.net\/centrafricaine\/politique\/rca-une-nouvelle-altercation-entre-les-requins-de-la-garde-presidentielle-et-les-policiers-deux-blesses-graves#breadcrumb\",\"itemListElement\":[{\"@type\":\"ListItem\",\"position\":1,\"name\":\"Accueil\",\"item\":\"https:\/\/www.africa-press.net\/centrafricaine\/\"},{\"@type\":\"ListItem\",\"position\":2,\"name\":\"une nouvelle altercation entre les requins de la garde pr\u00e9sidentielle et les policiers, deux bless\u00e9s graves\"}]},{\"@type\":\"WebSite\",\"@id\":\"https:\/\/www.africa-press.net\/centrafricaine\/#website\",\"url\":\"https:\/\/www.africa-press.net\/centrafricaine\/\",\"name\":\"centrafricaine\",\"description\":\"Just another Africa News Agency Sites site\",\"potentialAction\":[{\"@type\":\"SearchAction\",\"target\":{\"@type\":\"EntryPoint\",\"urlTemplate\":\"https:\/\/www.africa-press.net\/centrafricaine\/?s={search_term_string}\"},\"query-input\":{\"@type\":\"PropertyValueSpecification\",\"valueRequired\":true,\"valueName\":\"search_term_string\"}}],\"inLanguage\":\"fr-FR\"},{\"@type\":\"Person\",\"@id\":\"https:\/\/www.africa-press.net\/centrafricaine\/#\/schema\/person\/2b1cf3cd81a31e3cd26889ca66d677f1\",\"name\":\"cfeditorfr\"}]}<\/script>\n<!-- \/ Yoast SEO Premium plugin. -->","yoast_head_json":{"title":"une nouvelle altercation entre les requins de la garde pr\u00e9sidentielle et les policiers, deux bless\u00e9s graves - centrafricaine","description":"Bangui, R\u00e9publique centrafricaine, mercredi, 12 mai 2021, 03:33:37 ( Corbeaunews-Centrafrique ). L\u2019altercation e ...","robots":{"index":"index","follow":"follow","max-snippet":"max-snippet:-1","max-image-preview":"max-image-preview:large","max-video-preview":"max-video-preview:-1"},"canonical":"https:\/\/www.africa-press.net\/centrafricaine\/politique\/rca-une-nouvelle-altercation-entre-les-requins-de-la-garde-presidentielle-et-les-policiers-deux-blesses-graves","og_locale":"fr_FR","og_type":"article","og_title":"une nouvelle altercation entre les requins de la garde pr\u00e9sidentielle et les policiers, deux bless\u00e9s graves","og_description":"Bangui, R\u00e9publique centrafricaine, mercredi, 12 mai 2021, 03:33:37 ( Corbeaunews-Centrafrique ). L\u2019altercation e ...","og_url":"https:\/\/www.africa-press.net\/centrafricaine\/politique\/rca-une-nouvelle-altercation-entre-les-requins-de-la-garde-presidentielle-et-les-policiers-deux-blesses-graves","og_site_name":"centrafricaine","article_published_time":"2021-05-12T10:29:16+00:00","article_modified_time":"2021-05-12T13:02:12+00:00","og_image":[{"width":750,"height":562,"url":"https:\/\/static.africa-press.net\/centrafricaine\/sites\/45\/2021\/05\/img-609ba66dd9dc6.jpg","type":"image\/jpeg"}],"author":"cfeditorfr","twitter_card":"summary_large_image","twitter_misc":{"\u00c9crit par":"cfeditorfr","Dur\u00e9e de lecture estim\u00e9e":"2 minutes"},"schema":{"@context":"https:\/\/schema.org","@graph":[{"@type":"Article","@id":"https:\/\/www.africa-press.net\/centrafricaine\/politique\/rca-une-nouvelle-altercation-entre-les-requins-de-la-garde-presidentielle-et-les-policiers-deux-blesses-graves#article","isPartOf":{"@id":"https:\/\/www.africa-press.net\/centrafricaine\/politique\/rca-une-nouvelle-altercation-entre-les-requins-de-la-garde-presidentielle-et-les-policiers-deux-blesses-graves"},"author":{"name":"cfeditorfr","@id":"https:\/\/www.africa-press.net\/centrafricaine\/#\/schema\/person\/2b1cf3cd81a31e3cd26889ca66d677f1"},"headline":"une nouvelle altercation entre les requins de la garde pr\u00e9sidentielle et les policiers, deux bless\u00e9s graves","datePublished":"2021-05-12T10:29:16+00:00","dateModified":"2021-05-12T13:02:12+00:00","mainEntityOfPage":{"@id":"https:\/\/www.africa-press.net\/centrafricaine\/politique\/rca-une-nouvelle-altercation-entre-les-requins-de-la-garde-presidentielle-et-les-policiers-deux-blesses-graves"},"wordCount":297,"commentCount":0,"image":{"@id":"https:\/\/www.africa-press.net\/centrafricaine\/politique\/rca-une-nouvelle-altercation-entre-les-requins-de-la-garde-presidentielle-et-les-policiers-deux-blesses-graves#primaryimage"},"thumbnailUrl":"https:\/\/static.africa-press.net\/centrafricaine\/sites\/45\/2021\/05\/img-609ba66dd9dc6.jpg","keywords":["Africa Press","Africa Press-CentrAfricaine","CentrAfricaine"],"articleSection":["homepage-french","Politique","Top Nouvelles","Toutes les actualit\u00e9s"],"inLanguage":"fr-FR","potentialAction":[{"@type":"CommentAction","name":"Comment","target":["https:\/\/www.africa-press.net\/centrafricaine\/politique\/rca-une-nouvelle-altercation-entre-les-requins-de-la-garde-presidentielle-et-les-policiers-deux-blesses-graves#respond"]}]},{"@type":"WebPage","@id":"https:\/\/www.africa-press.net\/centrafricaine\/politique\/rca-une-nouvelle-altercation-entre-les-requins-de-la-garde-presidentielle-et-les-policiers-deux-blesses-graves","url":"https:\/\/www.africa-press.net\/centrafricaine\/politique\/rca-une-nouvelle-altercation-entre-les-requins-de-la-garde-presidentielle-et-les-policiers-deux-blesses-graves","name":"une nouvelle altercation entre les requins de la garde pr\u00e9sidentielle et les policiers, deux bless\u00e9s graves - centrafricaine","isPartOf":{"@id":"https:\/\/www.africa-press.net\/centrafricaine\/#website"},"primaryImageOfPage":{"@id":"https:\/\/www.africa-press.net\/centrafricaine\/politique\/rca-une-nouvelle-altercation-entre-les-requins-de-la-garde-presidentielle-et-les-policiers-deux-blesses-graves#primaryimage"},"image":{"@id":"https:\/\/www.africa-press.net\/centrafricaine\/politique\/rca-une-nouvelle-altercation-entre-les-requins-de-la-garde-presidentielle-et-les-policiers-deux-blesses-graves#primaryimage"},"thumbnailUrl":"https:\/\/static.africa-press.net\/centrafricaine\/sites\/45\/2021\/05\/img-609ba66dd9dc6.jpg","datePublished":"2021-05-12T10:29:16+00:00","dateModified":"2021-05-12T13:02:12+00:00","author":{"@id":"https:\/\/www.africa-press.net\/centrafricaine\/#\/schema\/person\/2b1cf3cd81a31e3cd26889ca66d677f1"},"description":"Bangui, R\u00e9publique centrafricaine, mercredi, 12 mai 2021, 03:33:37 ( Corbeaunews-Centrafrique ). L\u2019altercation e ...","breadcrumb":{"@id":"https:\/\/www.africa-press.net\/centrafricaine\/politique\/rca-une-nouvelle-altercation-entre-les-requins-de-la-garde-presidentielle-et-les-policiers-deux-blesses-graves#breadcrumb"},"inLanguage":"fr-FR","potentialAction":[{"@type":"ReadAction","target":["https:\/\/www.africa-press.net\/centrafricaine\/politique\/rca-une-nouvelle-altercation-entre-les-requins-de-la-garde-presidentielle-et-les-policiers-deux-blesses-graves"]}]},{"@type":"ImageObject","inLanguage":"fr-FR","@id":"https:\/\/www.africa-press.net\/centrafricaine\/politique\/rca-une-nouvelle-altercation-entre-les-requins-de-la-garde-presidentielle-et-les-policiers-deux-blesses-graves#primaryimage","url":"https:\/\/static.africa-press.net\/centrafricaine\/sites\/45\/2021\/05\/img-609ba66dd9dc6.jpg","contentUrl":"https:\/\/static.africa-press.net\/centrafricaine\/sites\/45\/2021\/05\/img-609ba66dd9dc6.jpg","width":750,"height":562,"caption":"RCA\u00a0: une nouvelle altercation entre les requins de la garde pr\u00e9sidentielle et les policiers, deux bless\u00e9s graves"},{"@type":"BreadcrumbList","@id":"https:\/\/www.africa-press.net\/centrafricaine\/politique\/rca-une-nouvelle-altercation-entre-les-requins-de-la-garde-presidentielle-et-les-policiers-deux-blesses-graves#breadcrumb","itemListElement":[{"@type":"ListItem","position":1,"name":"Accueil","item":"https:\/\/www.africa-press.net\/centrafricaine\/"},{"@type":"ListItem","position":2,"name":"une nouvelle altercation entre les requins de la garde pr\u00e9sidentielle et les policiers, deux bless\u00e9s graves"}]},{"@type":"WebSite","@id":"https:\/\/www.africa-press.net\/centrafricaine\/#website","url":"https:\/\/www.africa-press.net\/centrafricaine\/","name":"centrafricaine","description":"Just another Africa News Agency Sites site","potentialAction":[{"@type":"SearchAction","target":{"@type":"EntryPoint","urlTemplate":"https:\/\/www.africa-press.net\/centrafricaine\/?s={search_term_string}"},"query-input":{"@type":"PropertyValueSpecification","valueRequired":true,"valueName":"search_term_string"}}],"inLanguage":"fr-FR"},{"@type":"Person","@id":"https:\/\/www.africa-press.net\/centrafricaine\/#\/schema\/person\/2b1cf3cd81a31e3cd26889ca66d677f1","name":"cfeditorfr"}]}},"_links":{"self":[{"href":"https:\/\/www.africa-press.net\/centrafricaine\/wp-json\/wp\/v2\/posts\/6852","targetHints":{"allow":["GET"]}}],"collection":[{"href":"https:\/\/www.africa-press.net\/centrafricaine\/wp-json\/wp\/v2\/posts"}],"about":[{"href":"https:\/\/www.africa-press.net\/centrafricaine\/wp-json\/wp\/v2\/types\/post"}],"author":[{"embeddable":true,"href":"https:\/\/www.africa-press.net\/centrafricaine\/wp-json\/wp\/v2\/users\/82"}],"replies":[{"embeddable":true,"href":"https:\/\/www.africa-press.net\/centrafricaine\/wp-json\/wp\/v2\/comments?post=6852"}],"version-history":[{"count":0,"href":"https:\/\/www.africa-press.net\/centrafricaine\/wp-json\/wp\/v2\/posts\/6852\/revisions"}],"wp:featuredmedia":[{"embeddable":true,"href":"https:\/\/www.africa-press.net\/centrafricaine\/wp-json\/wp\/v2\/media\/6851"}],"wp:attachment":[{"href":"https:\/\/www.africa-press.net\/centrafricaine\/wp-json\/wp\/v2\/media?parent=6852"}],"wp:term":[{"taxonomy":"category","embeddable":true,"href":"https:\/\/www.africa-press.net\/centrafricaine\/wp-json\/wp\/v2\/categories?post=6852"},{"taxonomy":"post_tag","embeddable":true,"href":"https:\/\/www.africa-press.net\/centrafricaine\/wp-json\/wp\/v2\/tags?post=6852"}],"curies":[{"name":"wp","href":"https:\/\/api.w.org\/{rel}","templated":true}]}}