{"id":6898,"date":"2021-05-13T10:11:29","date_gmt":"2021-05-13T10:11:29","guid":{"rendered":"https:\/\/www.africa-press.net\/centrafricaine\/?p=6898"},"modified":"2021-05-13T12:13:12","modified_gmt":"2021-05-13T12:13:12","slug":"rca-le-choix-de-lancien-premier-ministre-sarandji-a-la-presidence-de-lassemblee-nationale-touadera-a-t-il-roule-tout-le-monde-dans-la-farine","status":"publish","type":"post","link":"https:\/\/www.africa-press.net\/centrafricaine\/politique\/rca-le-choix-de-lancien-premier-ministre-sarandji-a-la-presidence-de-lassemblee-nationale-touadera-a-t-il-roule-tout-le-monde-dans-la-farine","title":{"rendered":"le choix de l\u2019ancien premier ministre Sarandji \u00e0 la Pr\u00e9sidence de l\u2019Assembl\u00e9e nationale, Touadera a-t-il roul\u00e9 tout le monde dans la farine ?"},"content":{"rendered":"<p><span style=\"color: #ff6600\"><strong><a href=\"https:\/\/www.africa-press.net\/\">Africa-Press<\/a> &#8211; <a href=\"https:\/\/www.africa-press.net\/centrafricaine\">CentrAfricaine<\/a>. <\/strong><\/span>Largement contest\u00e9 dans le milieu politique et diplomatique, Simplice Mathieu Sarandji a \u00e9t\u00e9 \u00e9lu le mercredi 05 mai \u00e0 la t\u00eate de l\u2019Assembl\u00e9e nationale, et ce, gr\u00e2ce au soutien du chef de l\u2019\u00c9tat Faustin Archange Touadera. Pourtant, deux jours plut\u00f4t, celui-ci avait rassurer ses partenaires qu\u2019il ne pouvait pas port\u00e9 son choix sur l\u2019ancien premier ministre Sarandji. . Mais que s\u2019est-il pass\u00e9 ?<\/p>\n<p>L\u2019ancien premier ministre Simplice Mathieu Sarandji, \u00e9lu de Baoro, sous-pr\u00e9fecture de la Nana-Mamb\u00e9r\u00e9, avait \u00e9t\u00e9 \u00e9lu Pr\u00e9sident de l\u2019Assembl\u00e9e nationale le 5 mai dernier avec 69 voix contre 17 pour son challenger Martin Zigu\u00e9l\u00e9, et une voix pour l\u2019opposant Joseph Bendounga. Cependant, plusieurs sources concordantes ont indiqu\u00e9 que bien avant le choix unique du candidat de la majorit\u00e9 pr\u00e9sidentielle, le nom de l\u2019ancien premier ministre Simplice Mathieu Sarandji avait \u00e9t\u00e9 largement contest\u00e9 dans le milieu politique et diplomatique.<\/p>\n<p>Alors que certains expriment leur inqui\u00e9tude, d\u2019autres ont pr\u00e9f\u00e9r\u00e9 \u00e9changer directement avec le chef de l\u2019\u00c9tat Faustin Archange Touadera sur de possibles cons\u00e9quences du choix de l\u2019ancien premier ministre Sarandji comme prochain Pr\u00e9sident de l\u2019Assembl\u00e9e nationale. Pour les rassurer, le locataire du palais de la renaissance aurait affirm\u00e9 \u00e0 ses interlocuteurs qu\u2019il n\u2019avait pas l\u2019intention de soutenir son ami Simplice Mathieu Sarandji au poste de la pr\u00e9sidence de l\u2019Assembl\u00e9e nationale : \u00ab D\u2019ailleurs qu\u2019il n\u2019est pas mon choix \u00bb, leur disait le chef de l\u2019\u00c9tat.<\/p>\n<p>Mais \u00e0 la surprise de tous, le 5 mai, le nom de l\u2019ancien premier ministre Simplice Mathieu Sarandji appara\u00eet comme le candidat unique de la majorit\u00e9 pr\u00e9sidentielle. Un comportement largement d\u00e9nonc\u00e9 dans le milieu politique et diplomatique.<\/p>\n<p>Pour certains, le chef de l\u2019\u00c9tat Faustin Archange Touadera n\u2019est pas un homme de parole. Pour d\u2019autres, il perd totalement sa cr\u00e9dibilit\u00e9 devant la communaut\u00e9 nationale et internationale.<\/p>\n<p><b>\u00ab comment il peut choisir un homme comme Sarandji pour \u00eatre Pr\u00e9sident de l\u2019Assembl\u00e9e nationale ? \u00bb<\/b><\/p>\n<p>s\u2019interroge un diplomate europ\u00e9en en poste \u00e0 Bangui. D\u2019apr\u00e8s lui, le chef de l\u2019\u00c9tat devrait tout faire pour montrer aux yeux du monde que la Centrafrique n\u2019est pas accapar\u00e9e par un seul groupe des personnes.<\/p>\n<p><b>\u00ab avec l\u2019attribution ill\u00e9gale des permis d\u2019exploitation mini\u00e8re aux Russes, le nouveau bureau de l\u2019Assembl\u00e9e nationale va probablement acc\u00e9l\u00e9rer la cadence \u00bb<\/b><\/p>\n<p>, ajoute-t-il.<\/p>\n<p>Pour un conseiller du chef de l\u2019\u00c9tat, les personnes qui avaient appel\u00e9 le chef de l\u2019\u00c9tat jouaient totalement le jeu du premier ministre Firmin Ngrebada.<\/p>\n<p>&nbsp;<\/p>\n","protected":false},"excerpt":{"rendered":"<p>Africa-Press &#8211; CentrAfricaine. Largement contest\u00e9 dans le milieu politique et diplomatique, Simplice Mathieu Sarandji a \u00e9t\u00e9 \u00e9lu le mercredi 05 mai \u00e0 la t\u00eate de l\u2019Assembl\u00e9e nationale, et ce, gr\u00e2ce au soutien du chef de l\u2019\u00c9tat Faustin Archange Touadera. Pourtant, deux jours plut\u00f4t, celui-ci avait rassurer ses partenaires qu\u2019il ne pouvait pas port\u00e9 son choix [&hellip;]<\/p>\n","protected":false},"author":82,"featured_media":6897,"comment_status":"open","ping_status":"closed","sticky":false,"template":"","format":"standard","meta":{"footnotes":""},"categories":[11,2,20,10],"tags":[36,58,30],"class_list":["post-6898","post","type-post","status-publish","format-standard","has-post-thumbnail","hentry","category-homepage-french","category-politique","category-top-nouvelles","category-toutes-les-actualites","tag-africa-press","tag-africa-press-centrafricaine","tag-centrafricaine"],"yoast_head":"<!-- This site is optimized with the Yoast SEO Premium plugin v26.1 (Yoast SEO v27.0) - https:\/\/yoast.com\/product\/yoast-seo-premium-wordpress\/ -->\n<title>le choix de l\u2019ancien premier ministre Sarandji \u00e0 la Pr\u00e9sidence de l\u2019Assembl\u00e9e nationale, Touadera a-t-il roul\u00e9 tout le monde dans la farine ? - centrafricaine<\/title>\n<meta name=\"description\" content=\"Bangui, R\u00e9publique centrafricaine, jeudi, 13 mai 2021, 03:58:51 ( Corbeaunews-Centrafrique ). Largement contest\u00e9 ...\" \/>\n<meta name=\"robots\" content=\"index, follow, max-snippet:-1, max-image-preview:large, max-video-preview:-1\" \/>\n<link rel=\"canonical\" href=\"https:\/\/www.africa-press.net\/centrafricaine\/politique\/rca-le-choix-de-lancien-premier-ministre-sarandji-a-la-presidence-de-lassemblee-nationale-touadera-a-t-il-roule-tout-le-monde-dans-la-farine\" \/>\n<meta property=\"og:locale\" content=\"fr_FR\" \/>\n<meta property=\"og:type\" content=\"article\" \/>\n<meta property=\"og:title\" content=\"le choix de l\u2019ancien premier ministre Sarandji \u00e0 la Pr\u00e9sidence de l\u2019Assembl\u00e9e nationale, Touadera a-t-il roul\u00e9 tout le monde dans la farine ?\" \/>\n<meta property=\"og:description\" content=\"Bangui, R\u00e9publique centrafricaine, jeudi, 13 mai 2021, 03:58:51 ( Corbeaunews-Centrafrique ). Largement contest\u00e9 ...\" \/>\n<meta property=\"og:url\" content=\"https:\/\/www.africa-press.net\/centrafricaine\/politique\/rca-le-choix-de-lancien-premier-ministre-sarandji-a-la-presidence-de-lassemblee-nationale-touadera-a-t-il-roule-tout-le-monde-dans-la-farine\" \/>\n<meta property=\"og:site_name\" content=\"centrafricaine\" \/>\n<meta property=\"article:published_time\" content=\"2021-05-13T10:11:29+00:00\" \/>\n<meta property=\"article:modified_time\" content=\"2021-05-13T12:13:12+00:00\" \/>\n<meta property=\"og:image\" content=\"https:\/\/static.africa-press.net\/centrafricaine\/sites\/45\/2021\/05\/img-609cfa18bc074.jpg\" \/>\n\t<meta property=\"og:image:width\" content=\"720\" \/>\n\t<meta property=\"og:image:height\" content=\"540\" \/>\n\t<meta property=\"og:image:type\" content=\"image\/jpeg\" \/>\n<meta name=\"author\" content=\"cfeditorfr\" \/>\n<meta name=\"twitter:card\" content=\"summary_large_image\" \/>\n<meta name=\"twitter:label1\" content=\"\u00c9crit par\" \/>\n\t<meta name=\"twitter:data1\" content=\"cfeditorfr\" \/>\n\t<meta name=\"twitter:label2\" content=\"Dur\u00e9e de lecture estim\u00e9e\" \/>\n\t<meta name=\"twitter:data2\" content=\"2 minutes\" \/>\n<script type=\"application\/ld+json\" class=\"yoast-schema-graph\">{\"@context\":\"https:\/\/schema.org\",\"@graph\":[{\"@type\":\"Article\",\"@id\":\"https:\/\/www.africa-press.net\/centrafricaine\/politique\/rca-le-choix-de-lancien-premier-ministre-sarandji-a-la-presidence-de-lassemblee-nationale-touadera-a-t-il-roule-tout-le-monde-dans-la-farine#article\",\"isPartOf\":{\"@id\":\"https:\/\/www.africa-press.net\/centrafricaine\/politique\/rca-le-choix-de-lancien-premier-ministre-sarandji-a-la-presidence-de-lassemblee-nationale-touadera-a-t-il-roule-tout-le-monde-dans-la-farine\"},\"author\":{\"name\":\"cfeditorfr\",\"@id\":\"https:\/\/www.africa-press.net\/centrafricaine\/#\/schema\/person\/2b1cf3cd81a31e3cd26889ca66d677f1\"},\"headline\":\"le choix de l\u2019ancien premier ministre Sarandji \u00e0 la Pr\u00e9sidence de l\u2019Assembl\u00e9e nationale, Touadera a-t-il roul\u00e9 tout le monde dans la farine ?\",\"datePublished\":\"2021-05-13T10:11:29+00:00\",\"dateModified\":\"2021-05-13T12:13:12+00:00\",\"mainEntityOfPage\":{\"@id\":\"https:\/\/www.africa-press.net\/centrafricaine\/politique\/rca-le-choix-de-lancien-premier-ministre-sarandji-a-la-presidence-de-lassemblee-nationale-touadera-a-t-il-roule-tout-le-monde-dans-la-farine\"},\"wordCount\":468,\"commentCount\":0,\"image\":{\"@id\":\"https:\/\/www.africa-press.net\/centrafricaine\/politique\/rca-le-choix-de-lancien-premier-ministre-sarandji-a-la-presidence-de-lassemblee-nationale-touadera-a-t-il-roule-tout-le-monde-dans-la-farine#primaryimage\"},\"thumbnailUrl\":\"https:\/\/static.africa-press.net\/centrafricaine\/sites\/45\/2021\/05\/img-609cfa18bc074.jpg\",\"keywords\":[\"Africa Press\",\"Africa Press-CentrAfricaine\",\"CentrAfricaine\"],\"articleSection\":[\"homepage-french\",\"Politique\",\"Top Nouvelles\",\"Toutes les actualit\u00e9s\"],\"inLanguage\":\"fr-FR\",\"potentialAction\":[{\"@type\":\"CommentAction\",\"name\":\"Comment\",\"target\":[\"https:\/\/www.africa-press.net\/centrafricaine\/politique\/rca-le-choix-de-lancien-premier-ministre-sarandji-a-la-presidence-de-lassemblee-nationale-touadera-a-t-il-roule-tout-le-monde-dans-la-farine#respond\"]}]},{\"@type\":\"WebPage\",\"@id\":\"https:\/\/www.africa-press.net\/centrafricaine\/politique\/rca-le-choix-de-lancien-premier-ministre-sarandji-a-la-presidence-de-lassemblee-nationale-touadera-a-t-il-roule-tout-le-monde-dans-la-farine\",\"url\":\"https:\/\/www.africa-press.net\/centrafricaine\/politique\/rca-le-choix-de-lancien-premier-ministre-sarandji-a-la-presidence-de-lassemblee-nationale-touadera-a-t-il-roule-tout-le-monde-dans-la-farine\",\"name\":\"le choix de l\u2019ancien premier ministre Sarandji \u00e0 la Pr\u00e9sidence de l\u2019Assembl\u00e9e nationale, Touadera a-t-il roul\u00e9 tout le monde dans la farine ? - centrafricaine\",\"isPartOf\":{\"@id\":\"https:\/\/www.africa-press.net\/centrafricaine\/#website\"},\"primaryImageOfPage\":{\"@id\":\"https:\/\/www.africa-press.net\/centrafricaine\/politique\/rca-le-choix-de-lancien-premier-ministre-sarandji-a-la-presidence-de-lassemblee-nationale-touadera-a-t-il-roule-tout-le-monde-dans-la-farine#primaryimage\"},\"image\":{\"@id\":\"https:\/\/www.africa-press.net\/centrafricaine\/politique\/rca-le-choix-de-lancien-premier-ministre-sarandji-a-la-presidence-de-lassemblee-nationale-touadera-a-t-il-roule-tout-le-monde-dans-la-farine#primaryimage\"},\"thumbnailUrl\":\"https:\/\/static.africa-press.net\/centrafricaine\/sites\/45\/2021\/05\/img-609cfa18bc074.jpg\",\"datePublished\":\"2021-05-13T10:11:29+00:00\",\"dateModified\":\"2021-05-13T12:13:12+00:00\",\"author\":{\"@id\":\"https:\/\/www.africa-press.net\/centrafricaine\/#\/schema\/person\/2b1cf3cd81a31e3cd26889ca66d677f1\"},\"description\":\"Bangui, R\u00e9publique centrafricaine, jeudi, 13 mai 2021, 03:58:51 ( Corbeaunews-Centrafrique ). Largement contest\u00e9 ...\",\"breadcrumb\":{\"@id\":\"https:\/\/www.africa-press.net\/centrafricaine\/politique\/rca-le-choix-de-lancien-premier-ministre-sarandji-a-la-presidence-de-lassemblee-nationale-touadera-a-t-il-roule-tout-le-monde-dans-la-farine#breadcrumb\"},\"inLanguage\":\"fr-FR\",\"potentialAction\":[{\"@type\":\"ReadAction\",\"target\":[\"https:\/\/www.africa-press.net\/centrafricaine\/politique\/rca-le-choix-de-lancien-premier-ministre-sarandji-a-la-presidence-de-lassemblee-nationale-touadera-a-t-il-roule-tout-le-monde-dans-la-farine\"]}]},{\"@type\":\"ImageObject\",\"inLanguage\":\"fr-FR\",\"@id\":\"https:\/\/www.africa-press.net\/centrafricaine\/politique\/rca-le-choix-de-lancien-premier-ministre-sarandji-a-la-presidence-de-lassemblee-nationale-touadera-a-t-il-roule-tout-le-monde-dans-la-farine#primaryimage\",\"url\":\"https:\/\/static.africa-press.net\/centrafricaine\/sites\/45\/2021\/05\/img-609cfa18bc074.jpg\",\"contentUrl\":\"https:\/\/static.africa-press.net\/centrafricaine\/sites\/45\/2021\/05\/img-609cfa18bc074.jpg\",\"width\":720,\"height\":540,\"caption\":\"RCA\u00a0: le choix de l\u2019ancien premier ministre Sarandji \u00e0 la Pr\u00e9sidence de l\u2019Assembl\u00e9e nationale, Touadera a-t-il roul\u00e9 tout le monde dans la farine ?\"},{\"@type\":\"BreadcrumbList\",\"@id\":\"https:\/\/www.africa-press.net\/centrafricaine\/politique\/rca-le-choix-de-lancien-premier-ministre-sarandji-a-la-presidence-de-lassemblee-nationale-touadera-a-t-il-roule-tout-le-monde-dans-la-farine#breadcrumb\",\"itemListElement\":[{\"@type\":\"ListItem\",\"position\":1,\"name\":\"Accueil\",\"item\":\"https:\/\/www.africa-press.net\/centrafricaine\/\"},{\"@type\":\"ListItem\",\"position\":2,\"name\":\"le choix de l\u2019ancien premier ministre Sarandji \u00e0 la Pr\u00e9sidence de l\u2019Assembl\u00e9e nationale, Touadera a-t-il roul\u00e9 tout le monde dans la farine ?\"}]},{\"@type\":\"WebSite\",\"@id\":\"https:\/\/www.africa-press.net\/centrafricaine\/#website\",\"url\":\"https:\/\/www.africa-press.net\/centrafricaine\/\",\"name\":\"centrafricaine\",\"description\":\"Just another Africa News Agency Sites site\",\"potentialAction\":[{\"@type\":\"SearchAction\",\"target\":{\"@type\":\"EntryPoint\",\"urlTemplate\":\"https:\/\/www.africa-press.net\/centrafricaine\/?s={search_term_string}\"},\"query-input\":{\"@type\":\"PropertyValueSpecification\",\"valueRequired\":true,\"valueName\":\"search_term_string\"}}],\"inLanguage\":\"fr-FR\"},{\"@type\":\"Person\",\"@id\":\"https:\/\/www.africa-press.net\/centrafricaine\/#\/schema\/person\/2b1cf3cd81a31e3cd26889ca66d677f1\",\"name\":\"cfeditorfr\"}]}<\/script>\n<!-- \/ Yoast SEO Premium plugin. -->","yoast_head_json":{"title":"le choix de l\u2019ancien premier ministre Sarandji \u00e0 la Pr\u00e9sidence de l\u2019Assembl\u00e9e nationale, Touadera a-t-il roul\u00e9 tout le monde dans la farine ? - centrafricaine","description":"Bangui, R\u00e9publique centrafricaine, jeudi, 13 mai 2021, 03:58:51 ( Corbeaunews-Centrafrique ). Largement contest\u00e9 ...","robots":{"index":"index","follow":"follow","max-snippet":"max-snippet:-1","max-image-preview":"max-image-preview:large","max-video-preview":"max-video-preview:-1"},"canonical":"https:\/\/www.africa-press.net\/centrafricaine\/politique\/rca-le-choix-de-lancien-premier-ministre-sarandji-a-la-presidence-de-lassemblee-nationale-touadera-a-t-il-roule-tout-le-monde-dans-la-farine","og_locale":"fr_FR","og_type":"article","og_title":"le choix de l\u2019ancien premier ministre Sarandji \u00e0 la Pr\u00e9sidence de l\u2019Assembl\u00e9e nationale, Touadera a-t-il roul\u00e9 tout le monde dans la farine ?","og_description":"Bangui, R\u00e9publique centrafricaine, jeudi, 13 mai 2021, 03:58:51 ( Corbeaunews-Centrafrique ). Largement contest\u00e9 ...","og_url":"https:\/\/www.africa-press.net\/centrafricaine\/politique\/rca-le-choix-de-lancien-premier-ministre-sarandji-a-la-presidence-de-lassemblee-nationale-touadera-a-t-il-roule-tout-le-monde-dans-la-farine","og_site_name":"centrafricaine","article_published_time":"2021-05-13T10:11:29+00:00","article_modified_time":"2021-05-13T12:13:12+00:00","og_image":[{"width":720,"height":540,"url":"https:\/\/static.africa-press.net\/centrafricaine\/sites\/45\/2021\/05\/img-609cfa18bc074.jpg","type":"image\/jpeg"}],"author":"cfeditorfr","twitter_card":"summary_large_image","twitter_misc":{"\u00c9crit par":"cfeditorfr","Dur\u00e9e de lecture estim\u00e9e":"2 minutes"},"schema":{"@context":"https:\/\/schema.org","@graph":[{"@type":"Article","@id":"https:\/\/www.africa-press.net\/centrafricaine\/politique\/rca-le-choix-de-lancien-premier-ministre-sarandji-a-la-presidence-de-lassemblee-nationale-touadera-a-t-il-roule-tout-le-monde-dans-la-farine#article","isPartOf":{"@id":"https:\/\/www.africa-press.net\/centrafricaine\/politique\/rca-le-choix-de-lancien-premier-ministre-sarandji-a-la-presidence-de-lassemblee-nationale-touadera-a-t-il-roule-tout-le-monde-dans-la-farine"},"author":{"name":"cfeditorfr","@id":"https:\/\/www.africa-press.net\/centrafricaine\/#\/schema\/person\/2b1cf3cd81a31e3cd26889ca66d677f1"},"headline":"le choix de l\u2019ancien premier ministre Sarandji \u00e0 la Pr\u00e9sidence de l\u2019Assembl\u00e9e nationale, Touadera a-t-il roul\u00e9 tout le monde dans la farine ?","datePublished":"2021-05-13T10:11:29+00:00","dateModified":"2021-05-13T12:13:12+00:00","mainEntityOfPage":{"@id":"https:\/\/www.africa-press.net\/centrafricaine\/politique\/rca-le-choix-de-lancien-premier-ministre-sarandji-a-la-presidence-de-lassemblee-nationale-touadera-a-t-il-roule-tout-le-monde-dans-la-farine"},"wordCount":468,"commentCount":0,"image":{"@id":"https:\/\/www.africa-press.net\/centrafricaine\/politique\/rca-le-choix-de-lancien-premier-ministre-sarandji-a-la-presidence-de-lassemblee-nationale-touadera-a-t-il-roule-tout-le-monde-dans-la-farine#primaryimage"},"thumbnailUrl":"https:\/\/static.africa-press.net\/centrafricaine\/sites\/45\/2021\/05\/img-609cfa18bc074.jpg","keywords":["Africa Press","Africa Press-CentrAfricaine","CentrAfricaine"],"articleSection":["homepage-french","Politique","Top Nouvelles","Toutes les actualit\u00e9s"],"inLanguage":"fr-FR","potentialAction":[{"@type":"CommentAction","name":"Comment","target":["https:\/\/www.africa-press.net\/centrafricaine\/politique\/rca-le-choix-de-lancien-premier-ministre-sarandji-a-la-presidence-de-lassemblee-nationale-touadera-a-t-il-roule-tout-le-monde-dans-la-farine#respond"]}]},{"@type":"WebPage","@id":"https:\/\/www.africa-press.net\/centrafricaine\/politique\/rca-le-choix-de-lancien-premier-ministre-sarandji-a-la-presidence-de-lassemblee-nationale-touadera-a-t-il-roule-tout-le-monde-dans-la-farine","url":"https:\/\/www.africa-press.net\/centrafricaine\/politique\/rca-le-choix-de-lancien-premier-ministre-sarandji-a-la-presidence-de-lassemblee-nationale-touadera-a-t-il-roule-tout-le-monde-dans-la-farine","name":"le choix de l\u2019ancien premier ministre Sarandji \u00e0 la Pr\u00e9sidence de l\u2019Assembl\u00e9e nationale, Touadera a-t-il roul\u00e9 tout le monde dans la farine ? - centrafricaine","isPartOf":{"@id":"https:\/\/www.africa-press.net\/centrafricaine\/#website"},"primaryImageOfPage":{"@id":"https:\/\/www.africa-press.net\/centrafricaine\/politique\/rca-le-choix-de-lancien-premier-ministre-sarandji-a-la-presidence-de-lassemblee-nationale-touadera-a-t-il-roule-tout-le-monde-dans-la-farine#primaryimage"},"image":{"@id":"https:\/\/www.africa-press.net\/centrafricaine\/politique\/rca-le-choix-de-lancien-premier-ministre-sarandji-a-la-presidence-de-lassemblee-nationale-touadera-a-t-il-roule-tout-le-monde-dans-la-farine#primaryimage"},"thumbnailUrl":"https:\/\/static.africa-press.net\/centrafricaine\/sites\/45\/2021\/05\/img-609cfa18bc074.jpg","datePublished":"2021-05-13T10:11:29+00:00","dateModified":"2021-05-13T12:13:12+00:00","author":{"@id":"https:\/\/www.africa-press.net\/centrafricaine\/#\/schema\/person\/2b1cf3cd81a31e3cd26889ca66d677f1"},"description":"Bangui, R\u00e9publique centrafricaine, jeudi, 13 mai 2021, 03:58:51 ( Corbeaunews-Centrafrique ). Largement contest\u00e9 ...","breadcrumb":{"@id":"https:\/\/www.africa-press.net\/centrafricaine\/politique\/rca-le-choix-de-lancien-premier-ministre-sarandji-a-la-presidence-de-lassemblee-nationale-touadera-a-t-il-roule-tout-le-monde-dans-la-farine#breadcrumb"},"inLanguage":"fr-FR","potentialAction":[{"@type":"ReadAction","target":["https:\/\/www.africa-press.net\/centrafricaine\/politique\/rca-le-choix-de-lancien-premier-ministre-sarandji-a-la-presidence-de-lassemblee-nationale-touadera-a-t-il-roule-tout-le-monde-dans-la-farine"]}]},{"@type":"ImageObject","inLanguage":"fr-FR","@id":"https:\/\/www.africa-press.net\/centrafricaine\/politique\/rca-le-choix-de-lancien-premier-ministre-sarandji-a-la-presidence-de-lassemblee-nationale-touadera-a-t-il-roule-tout-le-monde-dans-la-farine#primaryimage","url":"https:\/\/static.africa-press.net\/centrafricaine\/sites\/45\/2021\/05\/img-609cfa18bc074.jpg","contentUrl":"https:\/\/static.africa-press.net\/centrafricaine\/sites\/45\/2021\/05\/img-609cfa18bc074.jpg","width":720,"height":540,"caption":"RCA\u00a0: le choix de l\u2019ancien premier ministre Sarandji \u00e0 la Pr\u00e9sidence de l\u2019Assembl\u00e9e nationale, Touadera a-t-il roul\u00e9 tout le monde dans la farine ?"},{"@type":"BreadcrumbList","@id":"https:\/\/www.africa-press.net\/centrafricaine\/politique\/rca-le-choix-de-lancien-premier-ministre-sarandji-a-la-presidence-de-lassemblee-nationale-touadera-a-t-il-roule-tout-le-monde-dans-la-farine#breadcrumb","itemListElement":[{"@type":"ListItem","position":1,"name":"Accueil","item":"https:\/\/www.africa-press.net\/centrafricaine\/"},{"@type":"ListItem","position":2,"name":"le choix de l\u2019ancien premier ministre Sarandji \u00e0 la Pr\u00e9sidence de l\u2019Assembl\u00e9e nationale, Touadera a-t-il roul\u00e9 tout le monde dans la farine ?"}]},{"@type":"WebSite","@id":"https:\/\/www.africa-press.net\/centrafricaine\/#website","url":"https:\/\/www.africa-press.net\/centrafricaine\/","name":"centrafricaine","description":"Just another Africa News Agency Sites site","potentialAction":[{"@type":"SearchAction","target":{"@type":"EntryPoint","urlTemplate":"https:\/\/www.africa-press.net\/centrafricaine\/?s={search_term_string}"},"query-input":{"@type":"PropertyValueSpecification","valueRequired":true,"valueName":"search_term_string"}}],"inLanguage":"fr-FR"},{"@type":"Person","@id":"https:\/\/www.africa-press.net\/centrafricaine\/#\/schema\/person\/2b1cf3cd81a31e3cd26889ca66d677f1","name":"cfeditorfr"}]}},"_links":{"self":[{"href":"https:\/\/www.africa-press.net\/centrafricaine\/wp-json\/wp\/v2\/posts\/6898","targetHints":{"allow":["GET"]}}],"collection":[{"href":"https:\/\/www.africa-press.net\/centrafricaine\/wp-json\/wp\/v2\/posts"}],"about":[{"href":"https:\/\/www.africa-press.net\/centrafricaine\/wp-json\/wp\/v2\/types\/post"}],"author":[{"embeddable":true,"href":"https:\/\/www.africa-press.net\/centrafricaine\/wp-json\/wp\/v2\/users\/82"}],"replies":[{"embeddable":true,"href":"https:\/\/www.africa-press.net\/centrafricaine\/wp-json\/wp\/v2\/comments?post=6898"}],"version-history":[{"count":0,"href":"https:\/\/www.africa-press.net\/centrafricaine\/wp-json\/wp\/v2\/posts\/6898\/revisions"}],"wp:featuredmedia":[{"embeddable":true,"href":"https:\/\/www.africa-press.net\/centrafricaine\/wp-json\/wp\/v2\/media\/6897"}],"wp:attachment":[{"href":"https:\/\/www.africa-press.net\/centrafricaine\/wp-json\/wp\/v2\/media?parent=6898"}],"wp:term":[{"taxonomy":"category","embeddable":true,"href":"https:\/\/www.africa-press.net\/centrafricaine\/wp-json\/wp\/v2\/categories?post=6898"},{"taxonomy":"post_tag","embeddable":true,"href":"https:\/\/www.africa-press.net\/centrafricaine\/wp-json\/wp\/v2\/tags?post=6898"}],"curies":[{"name":"wp","href":"https:\/\/api.w.org\/{rel}","templated":true}]}}