{"id":6914,"date":"2021-05-13T10:23:01","date_gmt":"2021-05-13T10:23:01","guid":{"rendered":"https:\/\/www.africa-press.net\/centrafricaine\/?p=6914"},"modified":"2021-05-13T12:14:01","modified_gmt":"2021-05-13T12:14:01","slug":"francais-arrete-en-centrafrique-paris-deplore-une-instrumentalisation","status":"publish","type":"post","link":"https:\/\/www.africa-press.net\/centrafricaine\/politique\/francais-arrete-en-centrafrique-paris-deplore-une-instrumentalisation","title":{"rendered":"Fran\u00e7ais arr\u00eat\u00e9 en Centrafrique : Paris d\u00e9plore une \u00ab instrumentalisation \u00bb"},"content":{"rendered":"<p><span style=\"color: #ff6600\"><strong><a href=\"https:\/\/www.africa-press.net\/\">Africa-Press<\/a> &#8211; <a href=\"https:\/\/www.africa-press.net\/centrafricaine\">CentrAfricaine<\/a>.\u00a0 <\/strong><\/span><b>\u00a0La France a d\u00e9plor\u00e9 mercredi une \u00ab instrumentalisation \u00bb de l\u2019arrestation \u00e0 Bangui d\u2019un Fran\u00e7ais d\u00e9tenteur, selon les autorit\u00e9s centrafricaines et leur soutien russe, d\u2019un arsenal d\u2019armes de guerre.<\/b><\/p>\n<p>Ce ressortissant fran\u00e7ais, qui avait travaill\u00e9 dans plusieurs organisations en Centrafrique comme garde du corps, selon des sources humanitaires, a \u00e9t\u00e9 arr\u00eat\u00e9 lundi en possession d\u2019une \u00ab \u00e9norme quantit\u00e9 d\u2019armes et de munitions \u00bb, selon le gouvernement centrafricain et le Russe Val\u00e9ry Zakharov, conseiller du pr\u00e9sident centrafricain Faustin-Archange Touad\u00e9ra.<\/p>\n<p>\u00ab Nous d\u00e9plorons l\u2019instrumentalisation manifeste de cette arrestation et relevons que les informations personnelles de cette personne ont \u00e9t\u00e9 imm\u00e9diatement rendues publiques par le biais de r\u00e9seaux de d\u00e9sinformation li\u00e9s \u00e0 la promotion d\u2019int\u00e9r\u00eats bien identifi\u00e9s qui sont habitu\u00e9s \u00e0 viser la pr\u00e9sence et l\u2019action de la France en R\u00e9publique centrafricaine \u00bb, a d\u00e9clar\u00e9 la porte-parole du minist\u00e8re fran\u00e7ais des Affaires \u00e9trang\u00e8res, sans plus de pr\u00e9cisions.<\/p>\n<p>Une guerre de d\u00e9sinformation contre l\u2019influence fran\u00e7aise ?<\/p>\n<p>Sur des photos partag\u00e9es sur les r\u00e9seaux sociaux, un homme appara\u00eet, les mains attach\u00e9es dans le dos, entour\u00e9 de policiers sur les marches d\u2019un commissariat de Bangui, avec \u00e0 ses pieds plusieurs armes de guerre, des munitions et du mat\u00e9riel militaire. Une photo de la page principale de son passeport pr\u00e9sum\u00e9 a aussi circul\u00e9 avec photo, nom et \u00e9tat civil.<\/p>\n<p>Depuis 2018, la France voit son influence contest\u00e9e dans son ancienne colonie par une offensive diplomatique de la Russie, et est r\u00e9guli\u00e8rement la cible de campagnes hostiles relay\u00e9es par des m\u00e9dias locaux.<\/p>\n<p>En d\u00e9cembre 2020, Facebook avait \u00e9tay\u00e9 le sc\u00e9nario d\u2019une guerre de d\u00e9sinformation entre Paris et Moscou en Centrafrique, en supprimant publiquement trois r\u00e9seaux de \u00ab trolls \u00bb g\u00e9r\u00e9s \u00e0 partir de la Russie et de la France, dont un ayant des connexions avec l\u2019arm\u00e9e fran\u00e7aise, tous accus\u00e9s de mener des op\u00e9rations d\u2019ing\u00e9rence en Afrique.<\/p>\n<p>Un ressortissant fran\u00e7ais sous protection consulaire<\/p>\n<p>Ce ressortissant fran\u00e7ais, arr\u00eat\u00e9 \u00e0 son domicile, b\u00e9n\u00e9ficie de la protection consulaire de l\u2019ambassade de France, a indiqu\u00e9 le Quai d\u2019Orsay. \u00ab Elle exerce sa protection consulaire envers lui comme elle le ferait \u00e0 l\u2019\u00e9gard de tout ressortissant fran\u00e7ais, dans le plein respect de la Convention de Vienne sur les relations consulaires \u00bb, a relev\u00e9 la porte-parole.<\/p>\n<p>\u00ab Cette protection vise \u00e0 s\u2019assurer que la personne dispose d\u2019un acc\u00e8s \u00e0 un avocat, \u00e0 un m\u00e9decin et de ses conditions de d\u00e9tention \u00bb, a-t-elle indiqu\u00e9.<\/p>\n<p>&nbsp;<\/p>\n","protected":false},"excerpt":{"rendered":"<p>Africa-Press &#8211; CentrAfricaine.\u00a0 \u00a0La France a d\u00e9plor\u00e9 mercredi une \u00ab instrumentalisation \u00bb de l\u2019arrestation \u00e0 Bangui d\u2019un Fran\u00e7ais d\u00e9tenteur, selon les autorit\u00e9s centrafricaines et leur soutien russe, d\u2019un arsenal d\u2019armes de guerre. Ce ressortissant fran\u00e7ais, qui avait travaill\u00e9 dans plusieurs organisations en Centrafrique comme garde du corps, selon des sources humanitaires, a \u00e9t\u00e9 arr\u00eat\u00e9 lundi [&hellip;]<\/p>\n","protected":false},"author":82,"featured_media":6913,"comment_status":"open","ping_status":"closed","sticky":false,"template":"","format":"standard","meta":{"footnotes":""},"categories":[11,2,20,10],"tags":[36,58,30],"class_list":["post-6914","post","type-post","status-publish","format-standard","has-post-thumbnail","hentry","category-homepage-french","category-politique","category-top-nouvelles","category-toutes-les-actualites","tag-africa-press","tag-africa-press-centrafricaine","tag-centrafricaine"],"yoast_head":"<!-- This site is optimized with the Yoast SEO Premium plugin v26.1 (Yoast SEO v27.0) - https:\/\/yoast.com\/product\/yoast-seo-premium-wordpress\/ -->\n<title>Fran\u00e7ais arr\u00eat\u00e9 en Centrafrique : Paris d\u00e9plore une \u00ab instrumentalisation \u00bb - centrafricaine<\/title>\n<meta name=\"description\" content=\"Bangui ( R\u00e9publique centrafricaine ) \u2013 La France a d\u00e9plor\u00e9 mercredi une \u00ab instrumentalisation \u00bb de l\u2019arrestation \u00e0 Ba ...\" \/>\n<meta name=\"robots\" content=\"index, follow, max-snippet:-1, max-image-preview:large, max-video-preview:-1\" \/>\n<link rel=\"canonical\" href=\"https:\/\/www.africa-press.net\/centrafricaine\/politique\/francais-arrete-en-centrafrique-paris-deplore-une-instrumentalisation\" \/>\n<meta property=\"og:locale\" content=\"fr_FR\" \/>\n<meta property=\"og:type\" content=\"article\" \/>\n<meta property=\"og:title\" content=\"Fran\u00e7ais arr\u00eat\u00e9 en Centrafrique : Paris d\u00e9plore une \u00ab instrumentalisation \u00bb\" \/>\n<meta property=\"og:description\" content=\"Bangui ( R\u00e9publique centrafricaine ) \u2013 La France a d\u00e9plor\u00e9 mercredi une \u00ab instrumentalisation \u00bb de l\u2019arrestation \u00e0 Ba ...\" \/>\n<meta property=\"og:url\" content=\"https:\/\/www.africa-press.net\/centrafricaine\/politique\/francais-arrete-en-centrafrique-paris-deplore-une-instrumentalisation\" \/>\n<meta property=\"og:site_name\" content=\"centrafricaine\" \/>\n<meta property=\"article:published_time\" content=\"2021-05-13T10:23:01+00:00\" \/>\n<meta property=\"article:modified_time\" content=\"2021-05-13T12:14:01+00:00\" \/>\n<meta property=\"og:image\" content=\"https:\/\/static.africa-press.net\/centrafricaine\/sites\/45\/2021\/05\/img-609cfa74759bc.jpg\" \/>\n\t<meta property=\"og:image:width\" content=\"720\" \/>\n\t<meta property=\"og:image:height\" content=\"540\" \/>\n\t<meta property=\"og:image:type\" content=\"image\/jpeg\" \/>\n<meta name=\"author\" content=\"cfeditorfr\" \/>\n<meta name=\"twitter:card\" content=\"summary_large_image\" \/>\n<meta name=\"twitter:label1\" content=\"\u00c9crit par\" \/>\n\t<meta name=\"twitter:data1\" content=\"cfeditorfr\" \/>\n\t<meta name=\"twitter:label2\" content=\"Dur\u00e9e de lecture estim\u00e9e\" \/>\n\t<meta name=\"twitter:data2\" content=\"2 minutes\" \/>\n<script type=\"application\/ld+json\" class=\"yoast-schema-graph\">{\"@context\":\"https:\/\/schema.org\",\"@graph\":[{\"@type\":\"Article\",\"@id\":\"https:\/\/www.africa-press.net\/centrafricaine\/politique\/francais-arrete-en-centrafrique-paris-deplore-une-instrumentalisation#article\",\"isPartOf\":{\"@id\":\"https:\/\/www.africa-press.net\/centrafricaine\/politique\/francais-arrete-en-centrafrique-paris-deplore-une-instrumentalisation\"},\"author\":{\"name\":\"cfeditorfr\",\"@id\":\"https:\/\/www.africa-press.net\/centrafricaine\/#\/schema\/person\/2b1cf3cd81a31e3cd26889ca66d677f1\"},\"headline\":\"Fran\u00e7ais arr\u00eat\u00e9 en Centrafrique : Paris d\u00e9plore une \u00ab instrumentalisation \u00bb\",\"datePublished\":\"2021-05-13T10:23:01+00:00\",\"dateModified\":\"2021-05-13T12:14:01+00:00\",\"mainEntityOfPage\":{\"@id\":\"https:\/\/www.africa-press.net\/centrafricaine\/politique\/francais-arrete-en-centrafrique-paris-deplore-une-instrumentalisation\"},\"wordCount\":455,\"commentCount\":0,\"image\":{\"@id\":\"https:\/\/www.africa-press.net\/centrafricaine\/politique\/francais-arrete-en-centrafrique-paris-deplore-une-instrumentalisation#primaryimage\"},\"thumbnailUrl\":\"https:\/\/static.africa-press.net\/centrafricaine\/sites\/45\/2021\/05\/img-609cfa74759bc.jpg\",\"keywords\":[\"Africa Press\",\"Africa Press-CentrAfricaine\",\"CentrAfricaine\"],\"articleSection\":[\"homepage-french\",\"Politique\",\"Top Nouvelles\",\"Toutes les actualit\u00e9s\"],\"inLanguage\":\"fr-FR\",\"potentialAction\":[{\"@type\":\"CommentAction\",\"name\":\"Comment\",\"target\":[\"https:\/\/www.africa-press.net\/centrafricaine\/politique\/francais-arrete-en-centrafrique-paris-deplore-une-instrumentalisation#respond\"]}]},{\"@type\":\"WebPage\",\"@id\":\"https:\/\/www.africa-press.net\/centrafricaine\/politique\/francais-arrete-en-centrafrique-paris-deplore-une-instrumentalisation\",\"url\":\"https:\/\/www.africa-press.net\/centrafricaine\/politique\/francais-arrete-en-centrafrique-paris-deplore-une-instrumentalisation\",\"name\":\"Fran\u00e7ais arr\u00eat\u00e9 en Centrafrique : Paris d\u00e9plore une \u00ab instrumentalisation \u00bb - centrafricaine\",\"isPartOf\":{\"@id\":\"https:\/\/www.africa-press.net\/centrafricaine\/#website\"},\"primaryImageOfPage\":{\"@id\":\"https:\/\/www.africa-press.net\/centrafricaine\/politique\/francais-arrete-en-centrafrique-paris-deplore-une-instrumentalisation#primaryimage\"},\"image\":{\"@id\":\"https:\/\/www.africa-press.net\/centrafricaine\/politique\/francais-arrete-en-centrafrique-paris-deplore-une-instrumentalisation#primaryimage\"},\"thumbnailUrl\":\"https:\/\/static.africa-press.net\/centrafricaine\/sites\/45\/2021\/05\/img-609cfa74759bc.jpg\",\"datePublished\":\"2021-05-13T10:23:01+00:00\",\"dateModified\":\"2021-05-13T12:14:01+00:00\",\"author\":{\"@id\":\"https:\/\/www.africa-press.net\/centrafricaine\/#\/schema\/person\/2b1cf3cd81a31e3cd26889ca66d677f1\"},\"description\":\"Bangui ( R\u00e9publique centrafricaine ) \u2013 La France a d\u00e9plor\u00e9 mercredi une \u00ab instrumentalisation \u00bb de l\u2019arrestation \u00e0 Ba ...\",\"breadcrumb\":{\"@id\":\"https:\/\/www.africa-press.net\/centrafricaine\/politique\/francais-arrete-en-centrafrique-paris-deplore-une-instrumentalisation#breadcrumb\"},\"inLanguage\":\"fr-FR\",\"potentialAction\":[{\"@type\":\"ReadAction\",\"target\":[\"https:\/\/www.africa-press.net\/centrafricaine\/politique\/francais-arrete-en-centrafrique-paris-deplore-une-instrumentalisation\"]}]},{\"@type\":\"ImageObject\",\"inLanguage\":\"fr-FR\",\"@id\":\"https:\/\/www.africa-press.net\/centrafricaine\/politique\/francais-arrete-en-centrafrique-paris-deplore-une-instrumentalisation#primaryimage\",\"url\":\"https:\/\/static.africa-press.net\/centrafricaine\/sites\/45\/2021\/05\/img-609cfa74759bc.jpg\",\"contentUrl\":\"https:\/\/static.africa-press.net\/centrafricaine\/sites\/45\/2021\/05\/img-609cfa74759bc.jpg\",\"width\":720,\"height\":540,\"caption\":\"Fran\u00e7ais arr\u00eat\u00e9 en Centrafrique : Paris d\u00e9plore une \u00ab instrumentalisation \u00bb\"},{\"@type\":\"BreadcrumbList\",\"@id\":\"https:\/\/www.africa-press.net\/centrafricaine\/politique\/francais-arrete-en-centrafrique-paris-deplore-une-instrumentalisation#breadcrumb\",\"itemListElement\":[{\"@type\":\"ListItem\",\"position\":1,\"name\":\"Accueil\",\"item\":\"https:\/\/www.africa-press.net\/centrafricaine\/\"},{\"@type\":\"ListItem\",\"position\":2,\"name\":\"Fran\u00e7ais arr\u00eat\u00e9 en Centrafrique : Paris d\u00e9plore une \u00ab instrumentalisation \u00bb\"}]},{\"@type\":\"WebSite\",\"@id\":\"https:\/\/www.africa-press.net\/centrafricaine\/#website\",\"url\":\"https:\/\/www.africa-press.net\/centrafricaine\/\",\"name\":\"centrafricaine\",\"description\":\"Just another Africa News Agency Sites site\",\"potentialAction\":[{\"@type\":\"SearchAction\",\"target\":{\"@type\":\"EntryPoint\",\"urlTemplate\":\"https:\/\/www.africa-press.net\/centrafricaine\/?s={search_term_string}\"},\"query-input\":{\"@type\":\"PropertyValueSpecification\",\"valueRequired\":true,\"valueName\":\"search_term_string\"}}],\"inLanguage\":\"fr-FR\"},{\"@type\":\"Person\",\"@id\":\"https:\/\/www.africa-press.net\/centrafricaine\/#\/schema\/person\/2b1cf3cd81a31e3cd26889ca66d677f1\",\"name\":\"cfeditorfr\"}]}<\/script>\n<!-- \/ Yoast SEO Premium plugin. -->","yoast_head_json":{"title":"Fran\u00e7ais arr\u00eat\u00e9 en Centrafrique : Paris d\u00e9plore une \u00ab instrumentalisation \u00bb - centrafricaine","description":"Bangui ( R\u00e9publique centrafricaine ) \u2013 La France a d\u00e9plor\u00e9 mercredi une \u00ab instrumentalisation \u00bb de l\u2019arrestation \u00e0 Ba ...","robots":{"index":"index","follow":"follow","max-snippet":"max-snippet:-1","max-image-preview":"max-image-preview:large","max-video-preview":"max-video-preview:-1"},"canonical":"https:\/\/www.africa-press.net\/centrafricaine\/politique\/francais-arrete-en-centrafrique-paris-deplore-une-instrumentalisation","og_locale":"fr_FR","og_type":"article","og_title":"Fran\u00e7ais arr\u00eat\u00e9 en Centrafrique : Paris d\u00e9plore une \u00ab instrumentalisation \u00bb","og_description":"Bangui ( R\u00e9publique centrafricaine ) \u2013 La France a d\u00e9plor\u00e9 mercredi une \u00ab instrumentalisation \u00bb de l\u2019arrestation \u00e0 Ba ...","og_url":"https:\/\/www.africa-press.net\/centrafricaine\/politique\/francais-arrete-en-centrafrique-paris-deplore-une-instrumentalisation","og_site_name":"centrafricaine","article_published_time":"2021-05-13T10:23:01+00:00","article_modified_time":"2021-05-13T12:14:01+00:00","og_image":[{"width":720,"height":540,"url":"https:\/\/static.africa-press.net\/centrafricaine\/sites\/45\/2021\/05\/img-609cfa74759bc.jpg","type":"image\/jpeg"}],"author":"cfeditorfr","twitter_card":"summary_large_image","twitter_misc":{"\u00c9crit par":"cfeditorfr","Dur\u00e9e de lecture estim\u00e9e":"2 minutes"},"schema":{"@context":"https:\/\/schema.org","@graph":[{"@type":"Article","@id":"https:\/\/www.africa-press.net\/centrafricaine\/politique\/francais-arrete-en-centrafrique-paris-deplore-une-instrumentalisation#article","isPartOf":{"@id":"https:\/\/www.africa-press.net\/centrafricaine\/politique\/francais-arrete-en-centrafrique-paris-deplore-une-instrumentalisation"},"author":{"name":"cfeditorfr","@id":"https:\/\/www.africa-press.net\/centrafricaine\/#\/schema\/person\/2b1cf3cd81a31e3cd26889ca66d677f1"},"headline":"Fran\u00e7ais arr\u00eat\u00e9 en Centrafrique : Paris d\u00e9plore une \u00ab instrumentalisation \u00bb","datePublished":"2021-05-13T10:23:01+00:00","dateModified":"2021-05-13T12:14:01+00:00","mainEntityOfPage":{"@id":"https:\/\/www.africa-press.net\/centrafricaine\/politique\/francais-arrete-en-centrafrique-paris-deplore-une-instrumentalisation"},"wordCount":455,"commentCount":0,"image":{"@id":"https:\/\/www.africa-press.net\/centrafricaine\/politique\/francais-arrete-en-centrafrique-paris-deplore-une-instrumentalisation#primaryimage"},"thumbnailUrl":"https:\/\/static.africa-press.net\/centrafricaine\/sites\/45\/2021\/05\/img-609cfa74759bc.jpg","keywords":["Africa Press","Africa Press-CentrAfricaine","CentrAfricaine"],"articleSection":["homepage-french","Politique","Top Nouvelles","Toutes les actualit\u00e9s"],"inLanguage":"fr-FR","potentialAction":[{"@type":"CommentAction","name":"Comment","target":["https:\/\/www.africa-press.net\/centrafricaine\/politique\/francais-arrete-en-centrafrique-paris-deplore-une-instrumentalisation#respond"]}]},{"@type":"WebPage","@id":"https:\/\/www.africa-press.net\/centrafricaine\/politique\/francais-arrete-en-centrafrique-paris-deplore-une-instrumentalisation","url":"https:\/\/www.africa-press.net\/centrafricaine\/politique\/francais-arrete-en-centrafrique-paris-deplore-une-instrumentalisation","name":"Fran\u00e7ais arr\u00eat\u00e9 en Centrafrique : Paris d\u00e9plore une \u00ab instrumentalisation \u00bb - centrafricaine","isPartOf":{"@id":"https:\/\/www.africa-press.net\/centrafricaine\/#website"},"primaryImageOfPage":{"@id":"https:\/\/www.africa-press.net\/centrafricaine\/politique\/francais-arrete-en-centrafrique-paris-deplore-une-instrumentalisation#primaryimage"},"image":{"@id":"https:\/\/www.africa-press.net\/centrafricaine\/politique\/francais-arrete-en-centrafrique-paris-deplore-une-instrumentalisation#primaryimage"},"thumbnailUrl":"https:\/\/static.africa-press.net\/centrafricaine\/sites\/45\/2021\/05\/img-609cfa74759bc.jpg","datePublished":"2021-05-13T10:23:01+00:00","dateModified":"2021-05-13T12:14:01+00:00","author":{"@id":"https:\/\/www.africa-press.net\/centrafricaine\/#\/schema\/person\/2b1cf3cd81a31e3cd26889ca66d677f1"},"description":"Bangui ( R\u00e9publique centrafricaine ) \u2013 La France a d\u00e9plor\u00e9 mercredi une \u00ab instrumentalisation \u00bb de l\u2019arrestation \u00e0 Ba ...","breadcrumb":{"@id":"https:\/\/www.africa-press.net\/centrafricaine\/politique\/francais-arrete-en-centrafrique-paris-deplore-une-instrumentalisation#breadcrumb"},"inLanguage":"fr-FR","potentialAction":[{"@type":"ReadAction","target":["https:\/\/www.africa-press.net\/centrafricaine\/politique\/francais-arrete-en-centrafrique-paris-deplore-une-instrumentalisation"]}]},{"@type":"ImageObject","inLanguage":"fr-FR","@id":"https:\/\/www.africa-press.net\/centrafricaine\/politique\/francais-arrete-en-centrafrique-paris-deplore-une-instrumentalisation#primaryimage","url":"https:\/\/static.africa-press.net\/centrafricaine\/sites\/45\/2021\/05\/img-609cfa74759bc.jpg","contentUrl":"https:\/\/static.africa-press.net\/centrafricaine\/sites\/45\/2021\/05\/img-609cfa74759bc.jpg","width":720,"height":540,"caption":"Fran\u00e7ais arr\u00eat\u00e9 en Centrafrique : Paris d\u00e9plore une \u00ab instrumentalisation \u00bb"},{"@type":"BreadcrumbList","@id":"https:\/\/www.africa-press.net\/centrafricaine\/politique\/francais-arrete-en-centrafrique-paris-deplore-une-instrumentalisation#breadcrumb","itemListElement":[{"@type":"ListItem","position":1,"name":"Accueil","item":"https:\/\/www.africa-press.net\/centrafricaine\/"},{"@type":"ListItem","position":2,"name":"Fran\u00e7ais arr\u00eat\u00e9 en Centrafrique : Paris d\u00e9plore une \u00ab instrumentalisation \u00bb"}]},{"@type":"WebSite","@id":"https:\/\/www.africa-press.net\/centrafricaine\/#website","url":"https:\/\/www.africa-press.net\/centrafricaine\/","name":"centrafricaine","description":"Just another Africa News Agency Sites site","potentialAction":[{"@type":"SearchAction","target":{"@type":"EntryPoint","urlTemplate":"https:\/\/www.africa-press.net\/centrafricaine\/?s={search_term_string}"},"query-input":{"@type":"PropertyValueSpecification","valueRequired":true,"valueName":"search_term_string"}}],"inLanguage":"fr-FR"},{"@type":"Person","@id":"https:\/\/www.africa-press.net\/centrafricaine\/#\/schema\/person\/2b1cf3cd81a31e3cd26889ca66d677f1","name":"cfeditorfr"}]}},"_links":{"self":[{"href":"https:\/\/www.africa-press.net\/centrafricaine\/wp-json\/wp\/v2\/posts\/6914","targetHints":{"allow":["GET"]}}],"collection":[{"href":"https:\/\/www.africa-press.net\/centrafricaine\/wp-json\/wp\/v2\/posts"}],"about":[{"href":"https:\/\/www.africa-press.net\/centrafricaine\/wp-json\/wp\/v2\/types\/post"}],"author":[{"embeddable":true,"href":"https:\/\/www.africa-press.net\/centrafricaine\/wp-json\/wp\/v2\/users\/82"}],"replies":[{"embeddable":true,"href":"https:\/\/www.africa-press.net\/centrafricaine\/wp-json\/wp\/v2\/comments?post=6914"}],"version-history":[{"count":0,"href":"https:\/\/www.africa-press.net\/centrafricaine\/wp-json\/wp\/v2\/posts\/6914\/revisions"}],"wp:featuredmedia":[{"embeddable":true,"href":"https:\/\/www.africa-press.net\/centrafricaine\/wp-json\/wp\/v2\/media\/6913"}],"wp:attachment":[{"href":"https:\/\/www.africa-press.net\/centrafricaine\/wp-json\/wp\/v2\/media?parent=6914"}],"wp:term":[{"taxonomy":"category","embeddable":true,"href":"https:\/\/www.africa-press.net\/centrafricaine\/wp-json\/wp\/v2\/categories?post=6914"},{"taxonomy":"post_tag","embeddable":true,"href":"https:\/\/www.africa-press.net\/centrafricaine\/wp-json\/wp\/v2\/tags?post=6914"}],"curies":[{"name":"wp","href":"https:\/\/api.w.org\/{rel}","templated":true}]}}