{"id":6920,"date":"2021-05-13T10:40:32","date_gmt":"2021-05-13T10:40:32","guid":{"rendered":"https:\/\/www.africa-press.net\/centrafricaine\/?p=6920"},"modified":"2021-05-13T12:14:34","modified_gmt":"2021-05-13T12:14:34","slug":"rca-la-population-de-bria-sous-le-choc-denonce-a-nouveau-la-liberation-dun-officier-du-fprc-abdel-ambossoro","status":"publish","type":"post","link":"https:\/\/www.africa-press.net\/centrafricaine\/politique\/rca-la-population-de-bria-sous-le-choc-denonce-a-nouveau-la-liberation-dun-officier-du-fprc-abdel-ambossoro","title":{"rendered":"la population de Bria, sous le choc, d\u00e9nonce \u00e0 nouveau la lib\u00e9ration d\u2019un officier du FPRC Abdel Ambossoro"},"content":{"rendered":"<p><span style=\"color: #ff6600\"><strong><a href=\"https:\/\/www.africa-press.net\/\">Africa-Press<\/a> &#8211; <a href=\"https:\/\/www.africa-press.net\/centrafricaine\">CentrAfricaine<\/a>.\u00a0 <\/strong><\/span>\u00a0L\u2019homme faisait partie des combattants du FPRC d\u00e9mobilis\u00e9s \u00e0 Bria, chef-lieu de la pr\u00e9fecture de la Haute-Kotto. Admis au centre de formation initiale des militaires au camp Kassa\u00ef \u00e0 Bangui, l\u2019homme tente de se soustraire et prend la fuite pour retourner \u00e0 Bria, mais il sera captur\u00e9 quelques jours plus tard \u00e0 Sibut et plac\u00e9 en d\u00e9tention provisoire au camp de Roux \u00e0 Bangui. Transf\u00e9r\u00e9 \u00e0 la maison centrale de Ngaragba, dans le septi\u00e8me arrondissement de Bangui, il a \u00e9t\u00e9 lib\u00e9r\u00e9 quelques semaines plus tard.<\/p>\n<p><b>\u00ab On ne doit pas promettre la justice aux victimes dans les m\u00e9dias, en m\u00eame temps lib\u00e9rer les bourreaux qui sont incarc\u00e9r\u00e9s. \u00c0 quel jeu jouent le Pr\u00e9sident Faustin Archange Touadera et son gouvernement ? \u00bb<\/b><\/p>\n<p>, s\u2019exclame un habitant de Bria.<\/p>\n<p>Il s\u2019appelle Abdel Amine Ousman alias Abdel Ambossoro, ex-commandant de compagnie de la gendarmerie du FPRC \u00e0 Bria, chef-lieu de la pr\u00e9fecture de la Haute-Kotto. B\u00e9n\u00e9ficiaire du programme du d\u00e9sarmement, d\u00e9mobilisation, r\u00e9insertion et rapatriement (DDRR) en septembre 2020, le tristement c\u00e9l\u00e8bre Abdel Ambossoro a \u00e9t\u00e9 admis avec ses coll\u00e8gues des groupes arm\u00e9s au centre de formation initiale des militaires au camp Kassa\u00ef \u00e0 Bangui, dans le septi\u00e8me arrondissement. Profitant de l\u2019attaque des rebelles de la coalition des patriotes pour le changement (CPC) \u00e0 la p\u00e9riph\u00e9rie de Bangui, l\u2019homme avait pris la fuite et abandonne sa formation initiale au camp Kassa\u00ef, et trouvait refuge au quartier KM5 durant un mois avant de d\u00e9cider de quitter la capitale. Malheureusement pour lui, \u00e0 son retour, il a \u00e9t\u00e9 captur\u00e9 \u00e0 Sibut, \u00e0 plus de 180 kilom\u00e8tres de la capitale Bangui. Ramen\u00e9 et plac\u00e9 en d\u00e9tention provisoire au camp de Roux \u00e0 Bangui, il avait \u00e9t\u00e9 transf\u00e9r\u00e9 \u00e0 la maison centrale de Ngaragba. Mais apr\u00e8s quelques semaines de d\u00e9tention, l\u2019homme a \u00e9t\u00e9 lib\u00e9r\u00e9 de la prison et retourne au quartier KM5 depuis quelques jours. Or, \u00e0 Bria, sa lib\u00e9ration a laiss\u00e9 tout le monde de marbre. C\u2019est la col\u00e8re et la consternation qui dominent.<\/p>\n<p>Pour beaucoup, le chef de l\u2019\u00c9tat est un parfait \u00ab roublard \u00bb. Il promet la fin de l\u2019impunit\u00e9, en m\u00eame temps collabore avec les bourreaux du peuple.<\/p>\n<p><b>\u00ab Si ces malfrats sont en libert\u00e9, on pourrait dire qu\u2019ils sont en fuite. Mais l\u00e0 ils \u00e9taient arr\u00eat\u00e9s et plac\u00e9s en d\u00e9tention. Pourquoi les lib\u00e9rer sans proc\u00e8s ? \u00bb<\/b><\/p>\n<p>, s\u2019interroge un instituteur \u00e0 Bria.<\/p>\n<p>Il y\u2019a lieu de rappeler que tous les \u00e9l\u00e9ments des groupes arm\u00e9s interpell\u00e9s ces derniers temps ont \u00e9t\u00e9 automatiquement lib\u00e9r\u00e9s apr\u00e8s quelques jours de d\u00e9tention \u00e0 Ngaragba.<\/p>\n<p>Souvenez-vous, il y a quelques semaines, l\u2019ex-Comzone du FPRC d\u00e9dicace, proche de Michel Djotodia, et son ami rebelle Hassan ainsi que le redoutable Aladji Daoud, interpell\u00e9 \u00e0 Bria par les mercenaires russes le 25 avril 2021 lors d\u2019un spectaculaire plaquage au sol ordonn\u00e9 par les mercenaires russes et syriens de la soci\u00e9t\u00e9 Wagner, ont \u00e9t\u00e9 tous lib\u00e9r\u00e9s apr\u00e8s \u00eatre transf\u00e9r\u00e9s \u00e0 Bangui.<\/p>\n<p><b>\u00ab Il ne faut jamais croire \u00e0 un homme politique quand il promet quelque chose! \u00bb<\/b><\/p>\n<p>&nbsp;<\/p>\n","protected":false},"excerpt":{"rendered":"<p>Africa-Press &#8211; CentrAfricaine.\u00a0 \u00a0L\u2019homme faisait partie des combattants du FPRC d\u00e9mobilis\u00e9s \u00e0 Bria, chef-lieu de la pr\u00e9fecture de la Haute-Kotto. Admis au centre de formation initiale des militaires au camp Kassa\u00ef \u00e0 Bangui, l\u2019homme tente de se soustraire et prend la fuite pour retourner \u00e0 Bria, mais il sera captur\u00e9 quelques jours plus tard \u00e0 [&hellip;]<\/p>\n","protected":false},"author":82,"featured_media":6919,"comment_status":"open","ping_status":"closed","sticky":false,"template":"","format":"standard","meta":{"footnotes":""},"categories":[11,2,20,10],"tags":[36,58,30],"class_list":["post-6920","post","type-post","status-publish","format-standard","has-post-thumbnail","hentry","category-homepage-french","category-politique","category-top-nouvelles","category-toutes-les-actualites","tag-africa-press","tag-africa-press-centrafricaine","tag-centrafricaine"],"yoast_head":"<!-- This site is optimized with the Yoast SEO Premium plugin v26.1 (Yoast SEO v27.0) - https:\/\/yoast.com\/product\/yoast-seo-premium-wordpress\/ -->\n<title>la population de Bria, sous le choc, d\u00e9nonce \u00e0 nouveau la lib\u00e9ration d\u2019un officier du FPRC Abdel Ambossoro - centrafricaine<\/title>\n<meta name=\"description\" content=\"Bria, R\u00e9publique centrafricaine, jeudi, 13 mai 2021, 03:53:18 ( Corbeaunews-Centrafrique ). L\u2019homme faisait part ...\" \/>\n<meta name=\"robots\" content=\"index, follow, max-snippet:-1, max-image-preview:large, max-video-preview:-1\" \/>\n<link rel=\"canonical\" href=\"https:\/\/www.africa-press.net\/centrafricaine\/politique\/rca-la-population-de-bria-sous-le-choc-denonce-a-nouveau-la-liberation-dun-officier-du-fprc-abdel-ambossoro\" \/>\n<meta property=\"og:locale\" content=\"fr_FR\" \/>\n<meta property=\"og:type\" content=\"article\" \/>\n<meta property=\"og:title\" content=\"la population de Bria, sous le choc, d\u00e9nonce \u00e0 nouveau la lib\u00e9ration d\u2019un officier du FPRC Abdel Ambossoro\" \/>\n<meta property=\"og:description\" content=\"Bria, R\u00e9publique centrafricaine, jeudi, 13 mai 2021, 03:53:18 ( Corbeaunews-Centrafrique ). L\u2019homme faisait part ...\" \/>\n<meta property=\"og:url\" content=\"https:\/\/www.africa-press.net\/centrafricaine\/politique\/rca-la-population-de-bria-sous-le-choc-denonce-a-nouveau-la-liberation-dun-officier-du-fprc-abdel-ambossoro\" \/>\n<meta property=\"og:site_name\" content=\"centrafricaine\" \/>\n<meta property=\"article:published_time\" content=\"2021-05-13T10:40:32+00:00\" \/>\n<meta property=\"article:modified_time\" content=\"2021-05-13T12:14:34+00:00\" \/>\n<meta property=\"og:image\" content=\"https:\/\/static.africa-press.net\/centrafricaine\/sites\/45\/2021\/05\/img-609cfad0815a9.jpg\" \/>\n\t<meta property=\"og:image:width\" content=\"720\" \/>\n\t<meta property=\"og:image:height\" content=\"617\" \/>\n\t<meta property=\"og:image:type\" content=\"image\/jpeg\" \/>\n<meta name=\"author\" content=\"cfeditorfr\" \/>\n<meta name=\"twitter:card\" content=\"summary_large_image\" \/>\n<meta name=\"twitter:label1\" content=\"\u00c9crit par\" \/>\n\t<meta name=\"twitter:data1\" content=\"cfeditorfr\" \/>\n\t<meta name=\"twitter:label2\" content=\"Dur\u00e9e de lecture estim\u00e9e\" \/>\n\t<meta name=\"twitter:data2\" content=\"3 minutes\" \/>\n<script type=\"application\/ld+json\" class=\"yoast-schema-graph\">{\"@context\":\"https:\/\/schema.org\",\"@graph\":[{\"@type\":\"Article\",\"@id\":\"https:\/\/www.africa-press.net\/centrafricaine\/politique\/rca-la-population-de-bria-sous-le-choc-denonce-a-nouveau-la-liberation-dun-officier-du-fprc-abdel-ambossoro#article\",\"isPartOf\":{\"@id\":\"https:\/\/www.africa-press.net\/centrafricaine\/politique\/rca-la-population-de-bria-sous-le-choc-denonce-a-nouveau-la-liberation-dun-officier-du-fprc-abdel-ambossoro\"},\"author\":{\"name\":\"cfeditorfr\",\"@id\":\"https:\/\/www.africa-press.net\/centrafricaine\/#\/schema\/person\/2b1cf3cd81a31e3cd26889ca66d677f1\"},\"headline\":\"la population de Bria, sous le choc, d\u00e9nonce \u00e0 nouveau la lib\u00e9ration d\u2019un officier du FPRC Abdel Ambossoro\",\"datePublished\":\"2021-05-13T10:40:32+00:00\",\"dateModified\":\"2021-05-13T12:14:34+00:00\",\"mainEntityOfPage\":{\"@id\":\"https:\/\/www.africa-press.net\/centrafricaine\/politique\/rca-la-population-de-bria-sous-le-choc-denonce-a-nouveau-la-liberation-dun-officier-du-fprc-abdel-ambossoro\"},\"wordCount\":553,\"commentCount\":0,\"image\":{\"@id\":\"https:\/\/www.africa-press.net\/centrafricaine\/politique\/rca-la-population-de-bria-sous-le-choc-denonce-a-nouveau-la-liberation-dun-officier-du-fprc-abdel-ambossoro#primaryimage\"},\"thumbnailUrl\":\"https:\/\/static.africa-press.net\/centrafricaine\/sites\/45\/2021\/05\/img-609cfad0815a9.jpg\",\"keywords\":[\"Africa Press\",\"Africa Press-CentrAfricaine\",\"CentrAfricaine\"],\"articleSection\":[\"homepage-french\",\"Politique\",\"Top Nouvelles\",\"Toutes les actualit\u00e9s\"],\"inLanguage\":\"fr-FR\",\"potentialAction\":[{\"@type\":\"CommentAction\",\"name\":\"Comment\",\"target\":[\"https:\/\/www.africa-press.net\/centrafricaine\/politique\/rca-la-population-de-bria-sous-le-choc-denonce-a-nouveau-la-liberation-dun-officier-du-fprc-abdel-ambossoro#respond\"]}]},{\"@type\":\"WebPage\",\"@id\":\"https:\/\/www.africa-press.net\/centrafricaine\/politique\/rca-la-population-de-bria-sous-le-choc-denonce-a-nouveau-la-liberation-dun-officier-du-fprc-abdel-ambossoro\",\"url\":\"https:\/\/www.africa-press.net\/centrafricaine\/politique\/rca-la-population-de-bria-sous-le-choc-denonce-a-nouveau-la-liberation-dun-officier-du-fprc-abdel-ambossoro\",\"name\":\"la population de Bria, sous le choc, d\u00e9nonce \u00e0 nouveau la lib\u00e9ration d\u2019un officier du FPRC Abdel Ambossoro - centrafricaine\",\"isPartOf\":{\"@id\":\"https:\/\/www.africa-press.net\/centrafricaine\/#website\"},\"primaryImageOfPage\":{\"@id\":\"https:\/\/www.africa-press.net\/centrafricaine\/politique\/rca-la-population-de-bria-sous-le-choc-denonce-a-nouveau-la-liberation-dun-officier-du-fprc-abdel-ambossoro#primaryimage\"},\"image\":{\"@id\":\"https:\/\/www.africa-press.net\/centrafricaine\/politique\/rca-la-population-de-bria-sous-le-choc-denonce-a-nouveau-la-liberation-dun-officier-du-fprc-abdel-ambossoro#primaryimage\"},\"thumbnailUrl\":\"https:\/\/static.africa-press.net\/centrafricaine\/sites\/45\/2021\/05\/img-609cfad0815a9.jpg\",\"datePublished\":\"2021-05-13T10:40:32+00:00\",\"dateModified\":\"2021-05-13T12:14:34+00:00\",\"author\":{\"@id\":\"https:\/\/www.africa-press.net\/centrafricaine\/#\/schema\/person\/2b1cf3cd81a31e3cd26889ca66d677f1\"},\"description\":\"Bria, R\u00e9publique centrafricaine, jeudi, 13 mai 2021, 03:53:18 ( Corbeaunews-Centrafrique ). L\u2019homme faisait part ...\",\"breadcrumb\":{\"@id\":\"https:\/\/www.africa-press.net\/centrafricaine\/politique\/rca-la-population-de-bria-sous-le-choc-denonce-a-nouveau-la-liberation-dun-officier-du-fprc-abdel-ambossoro#breadcrumb\"},\"inLanguage\":\"fr-FR\",\"potentialAction\":[{\"@type\":\"ReadAction\",\"target\":[\"https:\/\/www.africa-press.net\/centrafricaine\/politique\/rca-la-population-de-bria-sous-le-choc-denonce-a-nouveau-la-liberation-dun-officier-du-fprc-abdel-ambossoro\"]}]},{\"@type\":\"ImageObject\",\"inLanguage\":\"fr-FR\",\"@id\":\"https:\/\/www.africa-press.net\/centrafricaine\/politique\/rca-la-population-de-bria-sous-le-choc-denonce-a-nouveau-la-liberation-dun-officier-du-fprc-abdel-ambossoro#primaryimage\",\"url\":\"https:\/\/static.africa-press.net\/centrafricaine\/sites\/45\/2021\/05\/img-609cfad0815a9.jpg\",\"contentUrl\":\"https:\/\/static.africa-press.net\/centrafricaine\/sites\/45\/2021\/05\/img-609cfad0815a9.jpg\",\"width\":720,\"height\":617,\"caption\":\"RCA\u00a0: la population de Bria, sous le choc, d\u00e9nonce \u00e0 nouveau la lib\u00e9ration d\u2019un officier du FPRC Abdel Ambossoro\"},{\"@type\":\"BreadcrumbList\",\"@id\":\"https:\/\/www.africa-press.net\/centrafricaine\/politique\/rca-la-population-de-bria-sous-le-choc-denonce-a-nouveau-la-liberation-dun-officier-du-fprc-abdel-ambossoro#breadcrumb\",\"itemListElement\":[{\"@type\":\"ListItem\",\"position\":1,\"name\":\"Accueil\",\"item\":\"https:\/\/www.africa-press.net\/centrafricaine\/\"},{\"@type\":\"ListItem\",\"position\":2,\"name\":\"la population de Bria, sous le choc, d\u00e9nonce \u00e0 nouveau la lib\u00e9ration d\u2019un officier du FPRC Abdel Ambossoro\"}]},{\"@type\":\"WebSite\",\"@id\":\"https:\/\/www.africa-press.net\/centrafricaine\/#website\",\"url\":\"https:\/\/www.africa-press.net\/centrafricaine\/\",\"name\":\"centrafricaine\",\"description\":\"Just another Africa News Agency Sites site\",\"potentialAction\":[{\"@type\":\"SearchAction\",\"target\":{\"@type\":\"EntryPoint\",\"urlTemplate\":\"https:\/\/www.africa-press.net\/centrafricaine\/?s={search_term_string}\"},\"query-input\":{\"@type\":\"PropertyValueSpecification\",\"valueRequired\":true,\"valueName\":\"search_term_string\"}}],\"inLanguage\":\"fr-FR\"},{\"@type\":\"Person\",\"@id\":\"https:\/\/www.africa-press.net\/centrafricaine\/#\/schema\/person\/2b1cf3cd81a31e3cd26889ca66d677f1\",\"name\":\"cfeditorfr\"}]}<\/script>\n<!-- \/ Yoast SEO Premium plugin. -->","yoast_head_json":{"title":"la population de Bria, sous le choc, d\u00e9nonce \u00e0 nouveau la lib\u00e9ration d\u2019un officier du FPRC Abdel Ambossoro - centrafricaine","description":"Bria, R\u00e9publique centrafricaine, jeudi, 13 mai 2021, 03:53:18 ( Corbeaunews-Centrafrique ). L\u2019homme faisait part ...","robots":{"index":"index","follow":"follow","max-snippet":"max-snippet:-1","max-image-preview":"max-image-preview:large","max-video-preview":"max-video-preview:-1"},"canonical":"https:\/\/www.africa-press.net\/centrafricaine\/politique\/rca-la-population-de-bria-sous-le-choc-denonce-a-nouveau-la-liberation-dun-officier-du-fprc-abdel-ambossoro","og_locale":"fr_FR","og_type":"article","og_title":"la population de Bria, sous le choc, d\u00e9nonce \u00e0 nouveau la lib\u00e9ration d\u2019un officier du FPRC Abdel Ambossoro","og_description":"Bria, R\u00e9publique centrafricaine, jeudi, 13 mai 2021, 03:53:18 ( Corbeaunews-Centrafrique ). L\u2019homme faisait part ...","og_url":"https:\/\/www.africa-press.net\/centrafricaine\/politique\/rca-la-population-de-bria-sous-le-choc-denonce-a-nouveau-la-liberation-dun-officier-du-fprc-abdel-ambossoro","og_site_name":"centrafricaine","article_published_time":"2021-05-13T10:40:32+00:00","article_modified_time":"2021-05-13T12:14:34+00:00","og_image":[{"width":720,"height":617,"url":"https:\/\/static.africa-press.net\/centrafricaine\/sites\/45\/2021\/05\/img-609cfad0815a9.jpg","type":"image\/jpeg"}],"author":"cfeditorfr","twitter_card":"summary_large_image","twitter_misc":{"\u00c9crit par":"cfeditorfr","Dur\u00e9e de lecture estim\u00e9e":"3 minutes"},"schema":{"@context":"https:\/\/schema.org","@graph":[{"@type":"Article","@id":"https:\/\/www.africa-press.net\/centrafricaine\/politique\/rca-la-population-de-bria-sous-le-choc-denonce-a-nouveau-la-liberation-dun-officier-du-fprc-abdel-ambossoro#article","isPartOf":{"@id":"https:\/\/www.africa-press.net\/centrafricaine\/politique\/rca-la-population-de-bria-sous-le-choc-denonce-a-nouveau-la-liberation-dun-officier-du-fprc-abdel-ambossoro"},"author":{"name":"cfeditorfr","@id":"https:\/\/www.africa-press.net\/centrafricaine\/#\/schema\/person\/2b1cf3cd81a31e3cd26889ca66d677f1"},"headline":"la population de Bria, sous le choc, d\u00e9nonce \u00e0 nouveau la lib\u00e9ration d\u2019un officier du FPRC Abdel Ambossoro","datePublished":"2021-05-13T10:40:32+00:00","dateModified":"2021-05-13T12:14:34+00:00","mainEntityOfPage":{"@id":"https:\/\/www.africa-press.net\/centrafricaine\/politique\/rca-la-population-de-bria-sous-le-choc-denonce-a-nouveau-la-liberation-dun-officier-du-fprc-abdel-ambossoro"},"wordCount":553,"commentCount":0,"image":{"@id":"https:\/\/www.africa-press.net\/centrafricaine\/politique\/rca-la-population-de-bria-sous-le-choc-denonce-a-nouveau-la-liberation-dun-officier-du-fprc-abdel-ambossoro#primaryimage"},"thumbnailUrl":"https:\/\/static.africa-press.net\/centrafricaine\/sites\/45\/2021\/05\/img-609cfad0815a9.jpg","keywords":["Africa Press","Africa Press-CentrAfricaine","CentrAfricaine"],"articleSection":["homepage-french","Politique","Top Nouvelles","Toutes les actualit\u00e9s"],"inLanguage":"fr-FR","potentialAction":[{"@type":"CommentAction","name":"Comment","target":["https:\/\/www.africa-press.net\/centrafricaine\/politique\/rca-la-population-de-bria-sous-le-choc-denonce-a-nouveau-la-liberation-dun-officier-du-fprc-abdel-ambossoro#respond"]}]},{"@type":"WebPage","@id":"https:\/\/www.africa-press.net\/centrafricaine\/politique\/rca-la-population-de-bria-sous-le-choc-denonce-a-nouveau-la-liberation-dun-officier-du-fprc-abdel-ambossoro","url":"https:\/\/www.africa-press.net\/centrafricaine\/politique\/rca-la-population-de-bria-sous-le-choc-denonce-a-nouveau-la-liberation-dun-officier-du-fprc-abdel-ambossoro","name":"la population de Bria, sous le choc, d\u00e9nonce \u00e0 nouveau la lib\u00e9ration d\u2019un officier du FPRC Abdel Ambossoro - centrafricaine","isPartOf":{"@id":"https:\/\/www.africa-press.net\/centrafricaine\/#website"},"primaryImageOfPage":{"@id":"https:\/\/www.africa-press.net\/centrafricaine\/politique\/rca-la-population-de-bria-sous-le-choc-denonce-a-nouveau-la-liberation-dun-officier-du-fprc-abdel-ambossoro#primaryimage"},"image":{"@id":"https:\/\/www.africa-press.net\/centrafricaine\/politique\/rca-la-population-de-bria-sous-le-choc-denonce-a-nouveau-la-liberation-dun-officier-du-fprc-abdel-ambossoro#primaryimage"},"thumbnailUrl":"https:\/\/static.africa-press.net\/centrafricaine\/sites\/45\/2021\/05\/img-609cfad0815a9.jpg","datePublished":"2021-05-13T10:40:32+00:00","dateModified":"2021-05-13T12:14:34+00:00","author":{"@id":"https:\/\/www.africa-press.net\/centrafricaine\/#\/schema\/person\/2b1cf3cd81a31e3cd26889ca66d677f1"},"description":"Bria, R\u00e9publique centrafricaine, jeudi, 13 mai 2021, 03:53:18 ( Corbeaunews-Centrafrique ). L\u2019homme faisait part ...","breadcrumb":{"@id":"https:\/\/www.africa-press.net\/centrafricaine\/politique\/rca-la-population-de-bria-sous-le-choc-denonce-a-nouveau-la-liberation-dun-officier-du-fprc-abdel-ambossoro#breadcrumb"},"inLanguage":"fr-FR","potentialAction":[{"@type":"ReadAction","target":["https:\/\/www.africa-press.net\/centrafricaine\/politique\/rca-la-population-de-bria-sous-le-choc-denonce-a-nouveau-la-liberation-dun-officier-du-fprc-abdel-ambossoro"]}]},{"@type":"ImageObject","inLanguage":"fr-FR","@id":"https:\/\/www.africa-press.net\/centrafricaine\/politique\/rca-la-population-de-bria-sous-le-choc-denonce-a-nouveau-la-liberation-dun-officier-du-fprc-abdel-ambossoro#primaryimage","url":"https:\/\/static.africa-press.net\/centrafricaine\/sites\/45\/2021\/05\/img-609cfad0815a9.jpg","contentUrl":"https:\/\/static.africa-press.net\/centrafricaine\/sites\/45\/2021\/05\/img-609cfad0815a9.jpg","width":720,"height":617,"caption":"RCA\u00a0: la population de Bria, sous le choc, d\u00e9nonce \u00e0 nouveau la lib\u00e9ration d\u2019un officier du FPRC Abdel Ambossoro"},{"@type":"BreadcrumbList","@id":"https:\/\/www.africa-press.net\/centrafricaine\/politique\/rca-la-population-de-bria-sous-le-choc-denonce-a-nouveau-la-liberation-dun-officier-du-fprc-abdel-ambossoro#breadcrumb","itemListElement":[{"@type":"ListItem","position":1,"name":"Accueil","item":"https:\/\/www.africa-press.net\/centrafricaine\/"},{"@type":"ListItem","position":2,"name":"la population de Bria, sous le choc, d\u00e9nonce \u00e0 nouveau la lib\u00e9ration d\u2019un officier du FPRC Abdel Ambossoro"}]},{"@type":"WebSite","@id":"https:\/\/www.africa-press.net\/centrafricaine\/#website","url":"https:\/\/www.africa-press.net\/centrafricaine\/","name":"centrafricaine","description":"Just another Africa News Agency Sites site","potentialAction":[{"@type":"SearchAction","target":{"@type":"EntryPoint","urlTemplate":"https:\/\/www.africa-press.net\/centrafricaine\/?s={search_term_string}"},"query-input":{"@type":"PropertyValueSpecification","valueRequired":true,"valueName":"search_term_string"}}],"inLanguage":"fr-FR"},{"@type":"Person","@id":"https:\/\/www.africa-press.net\/centrafricaine\/#\/schema\/person\/2b1cf3cd81a31e3cd26889ca66d677f1","name":"cfeditorfr"}]}},"_links":{"self":[{"href":"https:\/\/www.africa-press.net\/centrafricaine\/wp-json\/wp\/v2\/posts\/6920","targetHints":{"allow":["GET"]}}],"collection":[{"href":"https:\/\/www.africa-press.net\/centrafricaine\/wp-json\/wp\/v2\/posts"}],"about":[{"href":"https:\/\/www.africa-press.net\/centrafricaine\/wp-json\/wp\/v2\/types\/post"}],"author":[{"embeddable":true,"href":"https:\/\/www.africa-press.net\/centrafricaine\/wp-json\/wp\/v2\/users\/82"}],"replies":[{"embeddable":true,"href":"https:\/\/www.africa-press.net\/centrafricaine\/wp-json\/wp\/v2\/comments?post=6920"}],"version-history":[{"count":0,"href":"https:\/\/www.africa-press.net\/centrafricaine\/wp-json\/wp\/v2\/posts\/6920\/revisions"}],"wp:featuredmedia":[{"embeddable":true,"href":"https:\/\/www.africa-press.net\/centrafricaine\/wp-json\/wp\/v2\/media\/6919"}],"wp:attachment":[{"href":"https:\/\/www.africa-press.net\/centrafricaine\/wp-json\/wp\/v2\/media?parent=6920"}],"wp:term":[{"taxonomy":"category","embeddable":true,"href":"https:\/\/www.africa-press.net\/centrafricaine\/wp-json\/wp\/v2\/categories?post=6920"},{"taxonomy":"post_tag","embeddable":true,"href":"https:\/\/www.africa-press.net\/centrafricaine\/wp-json\/wp\/v2\/tags?post=6920"}],"curies":[{"name":"wp","href":"https:\/\/api.w.org\/{rel}","templated":true}]}}