{"id":69251,"date":"2025-03-14T11:47:23","date_gmt":"2025-03-14T11:47:23","guid":{"rendered":"https:\/\/www.africa-press.net\/centrafricaine\/politique\/le-plan-de-reponse-humanitaire-2025"},"modified":"2025-03-14T11:47:23","modified_gmt":"2025-03-14T11:47:23","slug":"le-plan-de-reponse-humanitaire-2025","status":"publish","type":"post","link":"https:\/\/www.africa-press.net\/centrafricaine\/toutes-les-actualites\/le-plan-de-reponse-humanitaire-2025","title":{"rendered":"le plan de r\u00e9ponse humanitaire 2025"},"content":{"rendered":"<p><span style=\"color: #ff6600\"><strong>Africa-Press &#8211; CentrAfricaine. <\/strong><\/span>Dans le cadre de nouvelles strate\u0301gies pour l\u2019anne\u0301e 2025 face aux besoins humanitaires importants en Re\u0301publique Centrafricaine, le gouvernement centrafricain et l\u2019e\u0301quipe humanitaire pays ont lance\u0301 le plan de re\u0301ponse humanitaire dans le pays. La ce\u0301re\u0301monie a eu lieu le vendredi 7 mars 2025 a\u0300 l\u2019ho\u0302tel Ledger Plaza en pre\u0301sence de la repre\u0301sentante de la ministre de l\u2019action humanitaire empe\u0302che\u0301e, les officiels du gouvernement, le corps diplomatique, les bailleurs de fonds, les agences de nations unies et les ONG nationales et internationales.<\/p>\n<p>Malgre\u0301 le contexte se\u0301curitaire difficile, les humanitaires ont eu a\u0300 franchir des zones de difficiles acce\u0300s pour voler au secours des personnes vulne\u0301rables et surtout les zones frontalie\u0300res avec le Tchad et le Soudan et l\u2019Ouest qui continuent de faire face a\u0300 des de\u0301fis d\u2019inse\u0301curite\u0301 et de de\u0301placements.<\/p>\n<p>Dans cet e\u0301lan, il faut noter les avance\u0301es significatives enregistre\u0301es et les perspectives d\u2019aide en matie\u0300re humanitaire en Re\u0301publique Centrafricaine.<\/p>\n<p>A en croire le coordonnateur humanitaire, Mohamed Ag Ayoya, l\u2019ame\u0301lioration de la situation se\u0301curitaire a permis de re\u0301duire la vulne\u0301rabilite\u0301 de la population dans les zones recule\u0301es<\/p>\n<p><b>\u00ab Aujourd\u2019hui nous lanc\u0327ons le plan de re\u0301ponse humanitaire en Re\u0301publique Centrafricaine pour l\u2019anne\u0301e 2025. Le tableau nous avons partage\u0301 ce matin c\u2019est un tableau qui fait quart des besoins humanitaires pour les personnes vulne\u0301rables dans l\u2019ordre d\u2019environ 2, 4 millions des personnes sur lesquelles nous sommes en train de cibler avec le gouvernement 1, 8 millions pour un demande financie\u0300re globale sur le plan de re\u0301ponse de 2025 et 2026 est de 1, 8 millions de personnes. C\u2019est exactement 32, 2% environ dont la population a besoin il faut dire que ce n\u2019est pas une diminution, le tableau par rapport a\u0300 2023 on e\u0301tait a\u0300 56 % de la population. Nous voyons clairement aujourd\u2019hui qu\u2019avec l\u2019ame\u0301lioration de la situation se\u0301curitaire dans le pays, avec l\u2019ame\u0301lioration de tous les efforts consentis du gouvernement de faire en sorte que cette ame\u0301lioration de la se\u0301curite\u0301 est un impact sur la population on est donc a\u0300 37, 32 % des besoins humanitaires. La situation financie\u0300re globale a baisse\u0301 depuis 2023. En 2023 on avait non seulement re\u0301vise\u0301 56% des besoins, en 2024 nous sommes a\u0300 60% donc c\u2019est une diminution globale qu\u2019on ne connait pas depuis plusieurs anne\u0301es \u00bb, <\/b>a de\u0301clare\u0301 le coordonnateur humanitaire a\u0300 Bangui.<\/p>\n<p>Pour sa part, la repre\u0301sentante de la ministre de l\u2019action humanitaire, Georgine Ouaby Gondje, qui est charge\u0301e de mission en matie\u0300re de l\u2019action humanitaire, rend hommage aux acteurs humanitaires qui en de\u0301pit des conditions difficiles continuent de demeurer aux co\u0302te\u0301s des Centrafricains et re\u0301ite\u0300re l\u2019engagement du gouvernement a\u0300 soutenir les activite\u0301s humanitaires.<\/p>\n<p><strong>Pour plus d&rsquo;informations et d&rsquo;analyses sur la <span style=\"color: #ff6600\">CentrAfricaine<\/span>, suivez <span style=\"color: #ff6600\">Africa-Press<span style=\"color: #ff6600\"><\/span><\/strong><\/p>\n","protected":false},"excerpt":{"rendered":"<p>Africa-Press &#8211; CentrAfricaine. Dans le cadre de nouvelles strate\u0301gies pour l\u2019anne\u0301e 2025 face aux besoins humanitaires importants en Re\u0301publique Centrafricaine, le gouvernement centrafricain et l\u2019e\u0301quipe humanitaire pays ont lance\u0301 le plan de re\u0301ponse humanitaire dans le pays. La ce\u0301re\u0301monie a eu lieu le vendredi 7 mars 2025 a\u0300 l\u2019ho\u0302tel Ledger Plaza en pre\u0301sence de la [&hellip;]<\/p>\n","protected":false},"author":82,"featured_media":69250,"comment_status":"open","ping_status":"closed","sticky":false,"template":"","format":"standard","meta":{"footnotes":""},"categories":[21,10],"tags":[30,41,1754,5768],"class_list":["post-69251","post","type-post","status-publish","format-standard","has-post-thumbnail","hentry","category-communaute","category-toutes-les-actualites","tag-centrafricaine","tag-centrafrique","tag-lancement","tag-plan-humanitaire"],"yoast_head":"<!-- This site is optimized with the Yoast SEO Premium plugin v26.1 (Yoast SEO v27.0) - https:\/\/yoast.com\/product\/yoast-seo-premium-wordpress\/ -->\n<title>le plan de r\u00e9ponse humanitaire 2025 - centrafricaine<\/title>\n<meta name=\"robots\" content=\"index, follow, max-snippet:-1, max-image-preview:large, max-video-preview:-1\" \/>\n<link rel=\"canonical\" href=\"https:\/\/www.africa-press.net\/centrafricaine\/politique\/le-plan-de-reponse-humanitaire-2025\" \/>\n<meta property=\"og:locale\" content=\"fr_FR\" \/>\n<meta property=\"og:type\" content=\"article\" \/>\n<meta property=\"og:title\" content=\"le plan de r\u00e9ponse humanitaire 2025\" \/>\n<meta property=\"og:description\" content=\"Africa-Press &#8211; CentrAfricaine. Dans le cadre de nouvelles strate\u0301gies pour l\u2019anne\u0301e 2025 face aux besoins humanitaires importants en Re\u0301publique Centrafricaine, le gouvernement centrafricain et l\u2019e\u0301quipe humanitaire pays ont lance\u0301 le plan de re\u0301ponse humanitaire dans le pays. La ce\u0301re\u0301monie a eu lieu le vendredi 7 mars 2025 a\u0300 l\u2019ho\u0302tel Ledger Plaza en pre\u0301sence de la [&hellip;]\" \/>\n<meta property=\"og:url\" content=\"https:\/\/www.africa-press.net\/centrafricaine\/politique\/le-plan-de-reponse-humanitaire-2025\" \/>\n<meta property=\"og:site_name\" content=\"centrafricaine\" \/>\n<meta property=\"article:published_time\" content=\"2025-03-14T11:47:23+00:00\" \/>\n<meta name=\"author\" content=\"cfeditorfr\" \/>\n<meta name=\"twitter:card\" content=\"summary_large_image\" \/>\n<meta name=\"twitter:label1\" content=\"\u00c9crit par\" \/>\n\t<meta name=\"twitter:data1\" content=\"cfeditorfr\" \/>\n\t<meta name=\"twitter:label2\" content=\"Dur\u00e9e de lecture estim\u00e9e\" \/>\n\t<meta name=\"twitter:data2\" content=\"2 minutes\" \/>\n<script type=\"application\/ld+json\" class=\"yoast-schema-graph\">{\"@context\":\"https:\/\/schema.org\",\"@graph\":[{\"@type\":\"Article\",\"@id\":\"https:\/\/www.africa-press.net\/centrafricaine\/politique\/le-plan-de-reponse-humanitaire-2025#article\",\"isPartOf\":{\"@id\":\"https:\/\/www.africa-press.net\/centrafricaine\/politique\/le-plan-de-reponse-humanitaire-2025\"},\"author\":{\"name\":\"cfeditorfr\",\"@id\":\"https:\/\/www.africa-press.net\/centrafricaine\/#\/schema\/person\/2b1cf3cd81a31e3cd26889ca66d677f1\"},\"headline\":\"le plan de r\u00e9ponse humanitaire 2025\",\"datePublished\":\"2025-03-14T11:47:23+00:00\",\"mainEntityOfPage\":{\"@id\":\"https:\/\/www.africa-press.net\/centrafricaine\/politique\/le-plan-de-reponse-humanitaire-2025\"},\"wordCount\":505,\"commentCount\":0,\"image\":{\"@id\":\"https:\/\/www.africa-press.net\/centrafricaine\/politique\/le-plan-de-reponse-humanitaire-2025#primaryimage\"},\"thumbnailUrl\":\"https:\/\/static.africa-press.net\/centrafricaine\/sites\/45\/2025\/03\/sm_1741941360.06697.jpg\",\"keywords\":[\"CentrAfricaine\",\"Centrafrique\",\"lancement\",\"plan humanitaire\"],\"articleSection\":[\"Communaut\u00e9\",\"Toutes les actualit\u00e9s\"],\"inLanguage\":\"fr-FR\",\"potentialAction\":[{\"@type\":\"CommentAction\",\"name\":\"Comment\",\"target\":[\"https:\/\/www.africa-press.net\/centrafricaine\/politique\/le-plan-de-reponse-humanitaire-2025#respond\"]}]},{\"@type\":\"WebPage\",\"@id\":\"https:\/\/www.africa-press.net\/centrafricaine\/politique\/le-plan-de-reponse-humanitaire-2025\",\"url\":\"https:\/\/www.africa-press.net\/centrafricaine\/politique\/le-plan-de-reponse-humanitaire-2025\",\"name\":\"le plan de r\u00e9ponse humanitaire 2025 - centrafricaine\",\"isPartOf\":{\"@id\":\"https:\/\/www.africa-press.net\/centrafricaine\/#website\"},\"primaryImageOfPage\":{\"@id\":\"https:\/\/www.africa-press.net\/centrafricaine\/politique\/le-plan-de-reponse-humanitaire-2025#primaryimage\"},\"image\":{\"@id\":\"https:\/\/www.africa-press.net\/centrafricaine\/politique\/le-plan-de-reponse-humanitaire-2025#primaryimage\"},\"thumbnailUrl\":\"https:\/\/static.africa-press.net\/centrafricaine\/sites\/45\/2025\/03\/sm_1741941360.06697.jpg\",\"datePublished\":\"2025-03-14T11:47:23+00:00\",\"author\":{\"@id\":\"https:\/\/www.africa-press.net\/centrafricaine\/#\/schema\/person\/2b1cf3cd81a31e3cd26889ca66d677f1\"},\"breadcrumb\":{\"@id\":\"https:\/\/www.africa-press.net\/centrafricaine\/politique\/le-plan-de-reponse-humanitaire-2025#breadcrumb\"},\"inLanguage\":\"fr-FR\",\"potentialAction\":[{\"@type\":\"ReadAction\",\"target\":[\"https:\/\/www.africa-press.net\/centrafricaine\/politique\/le-plan-de-reponse-humanitaire-2025\"]}]},{\"@type\":\"ImageObject\",\"inLanguage\":\"fr-FR\",\"@id\":\"https:\/\/www.africa-press.net\/centrafricaine\/politique\/le-plan-de-reponse-humanitaire-2025#primaryimage\",\"url\":\"https:\/\/static.africa-press.net\/centrafricaine\/sites\/45\/2025\/03\/sm_1741941360.06697.jpg\",\"contentUrl\":\"https:\/\/static.africa-press.net\/centrafricaine\/sites\/45\/2025\/03\/sm_1741941360.06697.jpg\",\"width\":712,\"height\":207,\"caption\":\"le plan de r\u00e9ponse humanitaire 2025\"},{\"@type\":\"BreadcrumbList\",\"@id\":\"https:\/\/www.africa-press.net\/centrafricaine\/politique\/le-plan-de-reponse-humanitaire-2025#breadcrumb\",\"itemListElement\":[{\"@type\":\"ListItem\",\"position\":1,\"name\":\"Accueil\",\"item\":\"https:\/\/www.africa-press.net\/centrafricaine\/\"},{\"@type\":\"ListItem\",\"position\":2,\"name\":\"le plan de r\u00e9ponse humanitaire 2025\"}]},{\"@type\":\"WebSite\",\"@id\":\"https:\/\/www.africa-press.net\/centrafricaine\/#website\",\"url\":\"https:\/\/www.africa-press.net\/centrafricaine\/\",\"name\":\"centrafricaine\",\"description\":\"Just another Africa News Agency Sites site\",\"potentialAction\":[{\"@type\":\"SearchAction\",\"target\":{\"@type\":\"EntryPoint\",\"urlTemplate\":\"https:\/\/www.africa-press.net\/centrafricaine\/?s={search_term_string}\"},\"query-input\":{\"@type\":\"PropertyValueSpecification\",\"valueRequired\":true,\"valueName\":\"search_term_string\"}}],\"inLanguage\":\"fr-FR\"},{\"@type\":\"Person\",\"@id\":\"https:\/\/www.africa-press.net\/centrafricaine\/#\/schema\/person\/2b1cf3cd81a31e3cd26889ca66d677f1\",\"name\":\"cfeditorfr\"}]}<\/script>\n<!-- \/ Yoast SEO Premium plugin. -->","yoast_head_json":{"title":"le plan de r\u00e9ponse humanitaire 2025 - centrafricaine","robots":{"index":"index","follow":"follow","max-snippet":"max-snippet:-1","max-image-preview":"max-image-preview:large","max-video-preview":"max-video-preview:-1"},"canonical":"https:\/\/www.africa-press.net\/centrafricaine\/politique\/le-plan-de-reponse-humanitaire-2025","og_locale":"fr_FR","og_type":"article","og_title":"le plan de r\u00e9ponse humanitaire 2025","og_description":"Africa-Press &#8211; CentrAfricaine. Dans le cadre de nouvelles strate\u0301gies pour l\u2019anne\u0301e 2025 face aux besoins humanitaires importants en Re\u0301publique Centrafricaine, le gouvernement centrafricain et l\u2019e\u0301quipe humanitaire pays ont lance\u0301 le plan de re\u0301ponse humanitaire dans le pays. La ce\u0301re\u0301monie a eu lieu le vendredi 7 mars 2025 a\u0300 l\u2019ho\u0302tel Ledger Plaza en pre\u0301sence de la [&hellip;]","og_url":"https:\/\/www.africa-press.net\/centrafricaine\/politique\/le-plan-de-reponse-humanitaire-2025","og_site_name":"centrafricaine","article_published_time":"2025-03-14T11:47:23+00:00","author":"cfeditorfr","twitter_card":"summary_large_image","twitter_misc":{"\u00c9crit par":"cfeditorfr","Dur\u00e9e de lecture estim\u00e9e":"2 minutes"},"schema":{"@context":"https:\/\/schema.org","@graph":[{"@type":"Article","@id":"https:\/\/www.africa-press.net\/centrafricaine\/politique\/le-plan-de-reponse-humanitaire-2025#article","isPartOf":{"@id":"https:\/\/www.africa-press.net\/centrafricaine\/politique\/le-plan-de-reponse-humanitaire-2025"},"author":{"name":"cfeditorfr","@id":"https:\/\/www.africa-press.net\/centrafricaine\/#\/schema\/person\/2b1cf3cd81a31e3cd26889ca66d677f1"},"headline":"le plan de r\u00e9ponse humanitaire 2025","datePublished":"2025-03-14T11:47:23+00:00","mainEntityOfPage":{"@id":"https:\/\/www.africa-press.net\/centrafricaine\/politique\/le-plan-de-reponse-humanitaire-2025"},"wordCount":505,"commentCount":0,"image":{"@id":"https:\/\/www.africa-press.net\/centrafricaine\/politique\/le-plan-de-reponse-humanitaire-2025#primaryimage"},"thumbnailUrl":"https:\/\/static.africa-press.net\/centrafricaine\/sites\/45\/2025\/03\/sm_1741941360.06697.jpg","keywords":["CentrAfricaine","Centrafrique","lancement","plan humanitaire"],"articleSection":["Communaut\u00e9","Toutes les actualit\u00e9s"],"inLanguage":"fr-FR","potentialAction":[{"@type":"CommentAction","name":"Comment","target":["https:\/\/www.africa-press.net\/centrafricaine\/politique\/le-plan-de-reponse-humanitaire-2025#respond"]}]},{"@type":"WebPage","@id":"https:\/\/www.africa-press.net\/centrafricaine\/politique\/le-plan-de-reponse-humanitaire-2025","url":"https:\/\/www.africa-press.net\/centrafricaine\/politique\/le-plan-de-reponse-humanitaire-2025","name":"le plan de r\u00e9ponse humanitaire 2025 - centrafricaine","isPartOf":{"@id":"https:\/\/www.africa-press.net\/centrafricaine\/#website"},"primaryImageOfPage":{"@id":"https:\/\/www.africa-press.net\/centrafricaine\/politique\/le-plan-de-reponse-humanitaire-2025#primaryimage"},"image":{"@id":"https:\/\/www.africa-press.net\/centrafricaine\/politique\/le-plan-de-reponse-humanitaire-2025#primaryimage"},"thumbnailUrl":"https:\/\/static.africa-press.net\/centrafricaine\/sites\/45\/2025\/03\/sm_1741941360.06697.jpg","datePublished":"2025-03-14T11:47:23+00:00","author":{"@id":"https:\/\/www.africa-press.net\/centrafricaine\/#\/schema\/person\/2b1cf3cd81a31e3cd26889ca66d677f1"},"breadcrumb":{"@id":"https:\/\/www.africa-press.net\/centrafricaine\/politique\/le-plan-de-reponse-humanitaire-2025#breadcrumb"},"inLanguage":"fr-FR","potentialAction":[{"@type":"ReadAction","target":["https:\/\/www.africa-press.net\/centrafricaine\/politique\/le-plan-de-reponse-humanitaire-2025"]}]},{"@type":"ImageObject","inLanguage":"fr-FR","@id":"https:\/\/www.africa-press.net\/centrafricaine\/politique\/le-plan-de-reponse-humanitaire-2025#primaryimage","url":"https:\/\/static.africa-press.net\/centrafricaine\/sites\/45\/2025\/03\/sm_1741941360.06697.jpg","contentUrl":"https:\/\/static.africa-press.net\/centrafricaine\/sites\/45\/2025\/03\/sm_1741941360.06697.jpg","width":712,"height":207,"caption":"le plan de r\u00e9ponse humanitaire 2025"},{"@type":"BreadcrumbList","@id":"https:\/\/www.africa-press.net\/centrafricaine\/politique\/le-plan-de-reponse-humanitaire-2025#breadcrumb","itemListElement":[{"@type":"ListItem","position":1,"name":"Accueil","item":"https:\/\/www.africa-press.net\/centrafricaine\/"},{"@type":"ListItem","position":2,"name":"le plan de r\u00e9ponse humanitaire 2025"}]},{"@type":"WebSite","@id":"https:\/\/www.africa-press.net\/centrafricaine\/#website","url":"https:\/\/www.africa-press.net\/centrafricaine\/","name":"centrafricaine","description":"Just another Africa News Agency Sites site","potentialAction":[{"@type":"SearchAction","target":{"@type":"EntryPoint","urlTemplate":"https:\/\/www.africa-press.net\/centrafricaine\/?s={search_term_string}"},"query-input":{"@type":"PropertyValueSpecification","valueRequired":true,"valueName":"search_term_string"}}],"inLanguage":"fr-FR"},{"@type":"Person","@id":"https:\/\/www.africa-press.net\/centrafricaine\/#\/schema\/person\/2b1cf3cd81a31e3cd26889ca66d677f1","name":"cfeditorfr"}]}},"_links":{"self":[{"href":"https:\/\/www.africa-press.net\/centrafricaine\/wp-json\/wp\/v2\/posts\/69251","targetHints":{"allow":["GET"]}}],"collection":[{"href":"https:\/\/www.africa-press.net\/centrafricaine\/wp-json\/wp\/v2\/posts"}],"about":[{"href":"https:\/\/www.africa-press.net\/centrafricaine\/wp-json\/wp\/v2\/types\/post"}],"author":[{"embeddable":true,"href":"https:\/\/www.africa-press.net\/centrafricaine\/wp-json\/wp\/v2\/users\/82"}],"replies":[{"embeddable":true,"href":"https:\/\/www.africa-press.net\/centrafricaine\/wp-json\/wp\/v2\/comments?post=69251"}],"version-history":[{"count":0,"href":"https:\/\/www.africa-press.net\/centrafricaine\/wp-json\/wp\/v2\/posts\/69251\/revisions"}],"wp:featuredmedia":[{"embeddable":true,"href":"https:\/\/www.africa-press.net\/centrafricaine\/wp-json\/wp\/v2\/media\/69250"}],"wp:attachment":[{"href":"https:\/\/www.africa-press.net\/centrafricaine\/wp-json\/wp\/v2\/media?parent=69251"}],"wp:term":[{"taxonomy":"category","embeddable":true,"href":"https:\/\/www.africa-press.net\/centrafricaine\/wp-json\/wp\/v2\/categories?post=69251"},{"taxonomy":"post_tag","embeddable":true,"href":"https:\/\/www.africa-press.net\/centrafricaine\/wp-json\/wp\/v2\/tags?post=69251"}],"curies":[{"name":"wp","href":"https:\/\/api.w.org\/{rel}","templated":true}]}}