{"id":69265,"date":"2025-03-15T15:23:03","date_gmt":"2025-03-15T15:23:03","guid":{"rendered":"https:\/\/www.africa-press.net\/centrafricaine\/politique\/la-rca-et-le-tchad-rendent-operationnelles-les-forces-mixtes-pour-la-stabilite-de-leurs-frontieres"},"modified":"2025-03-15T15:23:03","modified_gmt":"2025-03-15T15:23:03","slug":"la-rca-et-le-tchad-rendent-operationnelles-les-forces-mixtes-pour-la-stabilite-de-leurs-frontieres","status":"publish","type":"post","link":"https:\/\/www.africa-press.net\/centrafricaine\/politique\/la-rca-et-le-tchad-rendent-operationnelles-les-forces-mixtes-pour-la-stabilite-de-leurs-frontieres","title":{"rendered":"La RCA et le Tchad rendent op\u00e9rationnelles les forces mixtes pour la stabilit\u00e9 de leurs fronti\u00e8res"},"content":{"rendered":"<p><span style=\"color: #ff6600\"><strong>Africa-Press &#8211; CentrAfricaine. <\/strong><\/span>Comme annonce\u0301 par l\u2019e\u0301tat-major de l\u2019arme\u0301e centrafricaine dans un communique\u0301 de presse, l\u2019ope\u0301rationnalisation des forces mixtes centrafricaine et tchadienne pour la stabilite\u0301 des frontie\u0300res communes vise a\u0300 renforcer la coope\u0301ration militaire entre les deux pays. Cela est en re\u0301ponse aux de\u0301fis de se\u0301curite\u0301 le long de leurs frontie\u0300res partage\u0301es, souvent the\u0301atres de prolife\u0301ration des bandits arme\u0301s, des armes d\u2019attaques arme\u0301es.<\/p>\n<p>Cette initiative s\u2019inscrit dans un contexte re\u0301gional complexe marque\u0301 par des conflits arme\u0301s, des groupes rebelles et des risques de trafic transfrontalier. Elle vise donc a\u0300 renforcer la se\u0301curite\u0301 aux frontie\u0300res des deux pays, dont la premie\u0300re priorite\u0301 est de se\u0301curiser les frontie\u0300res communes en empe\u0302chant les incursions de groupes arme\u0301s, de trafiquants et d\u2019autres acteurs hostiles.<\/p>\n<p>Il s\u2019agit aussi de la coordination militaire qui permet une meilleure coordination des efforts militaires et des interventions communes contre les menaces transfrontalie\u0300res. A travers cette initiative, les deux pays voisons parviendront a\u0300 pre\u0301venir les conflits frontaliers, tout en mettant en place une structure militaire conjointe. Il est donc possible de mieux ge\u0301rer les tensions territoriales et de pre\u0301venir les conflits violents.<\/p>\n<p>L\u2019ope\u0301rationnalisation de ces forces mixtes permet de renforcer la confiance bilate\u0301rale. Car, la coope\u0301ration entre les deux arme\u0301es renforce la confiance entre les pays voisins, cre\u0301ant ainsi un environnement propice a\u0300 la stabilite\u0301 politique et a\u0300 la coope\u0301ration re\u0301gionale.<\/p>\n<p>Il convient de noter que cette volonte\u0301 politique impulse\u0301e par le Pre\u0301sident <b>Faustin Archange Touadera<\/b>et son homologue <b>Mahamat De\u0301by<\/b>, repre\u0301sente une e\u0301tape importante vers la stabilisation des frontie\u0300res communes.<\/p>\n<p>Bien que des de\u0301fis existent, cette coope\u0301ration pourrait constituer une base solide pour une meilleure gestion des menaces transfrontalie\u0300res et une avance\u0301e vers une paix durable dans la re\u0301gion.<\/p>\n<p><b>Source: Ndjoni Sango<\/b><\/p>\n<p><strong>Pour plus d&rsquo;informations et d&rsquo;analyses sur la <span style=\"color: #ff6600\">CentrAfricaine<\/span>, suivez <span style=\"color: #ff6600\">Africa-Press<span style=\"color: #ff6600\"><\/span><\/strong><\/p>\n","protected":false},"excerpt":{"rendered":"<p>Africa-Press &#8211; CentrAfricaine. Comme annonce\u0301 par l\u2019e\u0301tat-major de l\u2019arme\u0301e centrafricaine dans un communique\u0301 de presse, l\u2019ope\u0301rationnalisation des forces mixtes centrafricaine et tchadienne pour la stabilite\u0301 des frontie\u0300res communes vise a\u0300 renforcer la coope\u0301ration militaire entre les deux pays. Cela est en re\u0301ponse aux de\u0301fis de se\u0301curite\u0301 le long de leurs frontie\u0300res partage\u0301es, souvent the\u0301atres de [&hellip;]<\/p>\n","protected":false},"author":82,"featured_media":69264,"comment_status":"open","ping_status":"closed","sticky":false,"template":"","format":"standard","meta":{"footnotes":""},"categories":[2,10],"tags":[30,41,5773,923,1991,161],"class_list":["post-69265","post","type-post","status-publish","format-standard","has-post-thumbnail","hentry","category-politique","category-toutes-les-actualites","tag-centrafricaine","tag-centrafrique","tag-forces-mixtes","tag-frontieres","tag-stabilite","tag-tchad"],"yoast_head":"<!-- This site is optimized with the Yoast SEO Premium plugin v26.1 (Yoast SEO v27.0) - https:\/\/yoast.com\/product\/yoast-seo-premium-wordpress\/ -->\n<title>La RCA et le Tchad rendent op\u00e9rationnelles les forces mixtes pour la stabilit\u00e9 de leurs fronti\u00e8res - centrafricaine<\/title>\n<meta name=\"robots\" content=\"index, follow, max-snippet:-1, max-image-preview:large, max-video-preview:-1\" \/>\n<link rel=\"canonical\" href=\"https:\/\/www.africa-press.net\/centrafricaine\/politique\/la-rca-et-le-tchad-rendent-operationnelles-les-forces-mixtes-pour-la-stabilite-de-leurs-frontieres\" \/>\n<meta property=\"og:locale\" content=\"fr_FR\" \/>\n<meta property=\"og:type\" content=\"article\" \/>\n<meta property=\"og:title\" content=\"La RCA et le Tchad rendent op\u00e9rationnelles les forces mixtes pour la stabilit\u00e9 de leurs fronti\u00e8res\" \/>\n<meta property=\"og:description\" content=\"Africa-Press &#8211; CentrAfricaine. Comme annonce\u0301 par l\u2019e\u0301tat-major de l\u2019arme\u0301e centrafricaine dans un communique\u0301 de presse, l\u2019ope\u0301rationnalisation des forces mixtes centrafricaine et tchadienne pour la stabilite\u0301 des frontie\u0300res communes vise a\u0300 renforcer la coope\u0301ration militaire entre les deux pays. Cela est en re\u0301ponse aux de\u0301fis de se\u0301curite\u0301 le long de leurs frontie\u0300res partage\u0301es, souvent the\u0301atres de [&hellip;]\" \/>\n<meta property=\"og:url\" content=\"https:\/\/www.africa-press.net\/centrafricaine\/politique\/la-rca-et-le-tchad-rendent-operationnelles-les-forces-mixtes-pour-la-stabilite-de-leurs-frontieres\" \/>\n<meta property=\"og:site_name\" content=\"centrafricaine\" \/>\n<meta property=\"article:published_time\" content=\"2025-03-15T15:23:03+00:00\" \/>\n<meta name=\"author\" content=\"cfeditorfr\" \/>\n<meta name=\"twitter:card\" content=\"summary_large_image\" \/>\n<meta name=\"twitter:label1\" content=\"\u00c9crit par\" \/>\n\t<meta name=\"twitter:data1\" content=\"cfeditorfr\" \/>\n\t<meta name=\"twitter:label2\" content=\"Dur\u00e9e de lecture estim\u00e9e\" \/>\n\t<meta name=\"twitter:data2\" content=\"2 minutes\" \/>\n<script type=\"application\/ld+json\" class=\"yoast-schema-graph\">{\"@context\":\"https:\/\/schema.org\",\"@graph\":[{\"@type\":\"Article\",\"@id\":\"https:\/\/www.africa-press.net\/centrafricaine\/politique\/la-rca-et-le-tchad-rendent-operationnelles-les-forces-mixtes-pour-la-stabilite-de-leurs-frontieres#article\",\"isPartOf\":{\"@id\":\"https:\/\/www.africa-press.net\/centrafricaine\/politique\/la-rca-et-le-tchad-rendent-operationnelles-les-forces-mixtes-pour-la-stabilite-de-leurs-frontieres\"},\"author\":{\"name\":\"cfeditorfr\",\"@id\":\"https:\/\/www.africa-press.net\/centrafricaine\/#\/schema\/person\/2b1cf3cd81a31e3cd26889ca66d677f1\"},\"headline\":\"La RCA et le Tchad rendent op\u00e9rationnelles les forces mixtes pour la stabilit\u00e9 de leurs fronti\u00e8res\",\"datePublished\":\"2025-03-15T15:23:03+00:00\",\"mainEntityOfPage\":{\"@id\":\"https:\/\/www.africa-press.net\/centrafricaine\/politique\/la-rca-et-le-tchad-rendent-operationnelles-les-forces-mixtes-pour-la-stabilite-de-leurs-frontieres\"},\"wordCount\":365,\"commentCount\":0,\"image\":{\"@id\":\"https:\/\/www.africa-press.net\/centrafricaine\/politique\/la-rca-et-le-tchad-rendent-operationnelles-les-forces-mixtes-pour-la-stabilite-de-leurs-frontieres#primaryimage\"},\"thumbnailUrl\":\"https:\/\/static.africa-press.net\/centrafricaine\/sites\/45\/2025\/03\/sm_1742039972.394163.jpg\",\"keywords\":[\"CentrAfricaine\",\"Centrafrique\",\"forces mixtes\",\"fronti\u00e8res\",\"Stabilit\u00e9\",\"Tchad\"],\"articleSection\":[\"Politique\",\"Toutes les actualit\u00e9s\"],\"inLanguage\":\"fr-FR\",\"potentialAction\":[{\"@type\":\"CommentAction\",\"name\":\"Comment\",\"target\":[\"https:\/\/www.africa-press.net\/centrafricaine\/politique\/la-rca-et-le-tchad-rendent-operationnelles-les-forces-mixtes-pour-la-stabilite-de-leurs-frontieres#respond\"]}]},{\"@type\":\"WebPage\",\"@id\":\"https:\/\/www.africa-press.net\/centrafricaine\/politique\/la-rca-et-le-tchad-rendent-operationnelles-les-forces-mixtes-pour-la-stabilite-de-leurs-frontieres\",\"url\":\"https:\/\/www.africa-press.net\/centrafricaine\/politique\/la-rca-et-le-tchad-rendent-operationnelles-les-forces-mixtes-pour-la-stabilite-de-leurs-frontieres\",\"name\":\"La RCA et le Tchad rendent op\u00e9rationnelles les forces mixtes pour la stabilit\u00e9 de leurs fronti\u00e8res - centrafricaine\",\"isPartOf\":{\"@id\":\"https:\/\/www.africa-press.net\/centrafricaine\/#website\"},\"primaryImageOfPage\":{\"@id\":\"https:\/\/www.africa-press.net\/centrafricaine\/politique\/la-rca-et-le-tchad-rendent-operationnelles-les-forces-mixtes-pour-la-stabilite-de-leurs-frontieres#primaryimage\"},\"image\":{\"@id\":\"https:\/\/www.africa-press.net\/centrafricaine\/politique\/la-rca-et-le-tchad-rendent-operationnelles-les-forces-mixtes-pour-la-stabilite-de-leurs-frontieres#primaryimage\"},\"thumbnailUrl\":\"https:\/\/static.africa-press.net\/centrafricaine\/sites\/45\/2025\/03\/sm_1742039972.394163.jpg\",\"datePublished\":\"2025-03-15T15:23:03+00:00\",\"author\":{\"@id\":\"https:\/\/www.africa-press.net\/centrafricaine\/#\/schema\/person\/2b1cf3cd81a31e3cd26889ca66d677f1\"},\"breadcrumb\":{\"@id\":\"https:\/\/www.africa-press.net\/centrafricaine\/politique\/la-rca-et-le-tchad-rendent-operationnelles-les-forces-mixtes-pour-la-stabilite-de-leurs-frontieres#breadcrumb\"},\"inLanguage\":\"fr-FR\",\"potentialAction\":[{\"@type\":\"ReadAction\",\"target\":[\"https:\/\/www.africa-press.net\/centrafricaine\/politique\/la-rca-et-le-tchad-rendent-operationnelles-les-forces-mixtes-pour-la-stabilite-de-leurs-frontieres\"]}]},{\"@type\":\"ImageObject\",\"inLanguage\":\"fr-FR\",\"@id\":\"https:\/\/www.africa-press.net\/centrafricaine\/politique\/la-rca-et-le-tchad-rendent-operationnelles-les-forces-mixtes-pour-la-stabilite-de-leurs-frontieres#primaryimage\",\"url\":\"https:\/\/static.africa-press.net\/centrafricaine\/sites\/45\/2025\/03\/sm_1742039972.394163.jpg\",\"contentUrl\":\"https:\/\/static.africa-press.net\/centrafricaine\/sites\/45\/2025\/03\/sm_1742039972.394163.jpg\",\"width\":1920,\"height\":1080,\"caption\":\"La RCA et le Tchad rendent op\u00e9rationnelles les forces mixtes pour la stabilit\u00e9 de leurs fronti\u00e8res\"},{\"@type\":\"BreadcrumbList\",\"@id\":\"https:\/\/www.africa-press.net\/centrafricaine\/politique\/la-rca-et-le-tchad-rendent-operationnelles-les-forces-mixtes-pour-la-stabilite-de-leurs-frontieres#breadcrumb\",\"itemListElement\":[{\"@type\":\"ListItem\",\"position\":1,\"name\":\"Accueil\",\"item\":\"https:\/\/www.africa-press.net\/centrafricaine\/\"},{\"@type\":\"ListItem\",\"position\":2,\"name\":\"La RCA et le Tchad rendent op\u00e9rationnelles les forces mixtes pour la stabilit\u00e9 de leurs fronti\u00e8res\"}]},{\"@type\":\"WebSite\",\"@id\":\"https:\/\/www.africa-press.net\/centrafricaine\/#website\",\"url\":\"https:\/\/www.africa-press.net\/centrafricaine\/\",\"name\":\"centrafricaine\",\"description\":\"Just another Africa News Agency Sites site\",\"potentialAction\":[{\"@type\":\"SearchAction\",\"target\":{\"@type\":\"EntryPoint\",\"urlTemplate\":\"https:\/\/www.africa-press.net\/centrafricaine\/?s={search_term_string}\"},\"query-input\":{\"@type\":\"PropertyValueSpecification\",\"valueRequired\":true,\"valueName\":\"search_term_string\"}}],\"inLanguage\":\"fr-FR\"},{\"@type\":\"Person\",\"@id\":\"https:\/\/www.africa-press.net\/centrafricaine\/#\/schema\/person\/2b1cf3cd81a31e3cd26889ca66d677f1\",\"name\":\"cfeditorfr\"}]}<\/script>\n<!-- \/ Yoast SEO Premium plugin. -->","yoast_head_json":{"title":"La RCA et le Tchad rendent op\u00e9rationnelles les forces mixtes pour la stabilit\u00e9 de leurs fronti\u00e8res - centrafricaine","robots":{"index":"index","follow":"follow","max-snippet":"max-snippet:-1","max-image-preview":"max-image-preview:large","max-video-preview":"max-video-preview:-1"},"canonical":"https:\/\/www.africa-press.net\/centrafricaine\/politique\/la-rca-et-le-tchad-rendent-operationnelles-les-forces-mixtes-pour-la-stabilite-de-leurs-frontieres","og_locale":"fr_FR","og_type":"article","og_title":"La RCA et le Tchad rendent op\u00e9rationnelles les forces mixtes pour la stabilit\u00e9 de leurs fronti\u00e8res","og_description":"Africa-Press &#8211; CentrAfricaine. Comme annonce\u0301 par l\u2019e\u0301tat-major de l\u2019arme\u0301e centrafricaine dans un communique\u0301 de presse, l\u2019ope\u0301rationnalisation des forces mixtes centrafricaine et tchadienne pour la stabilite\u0301 des frontie\u0300res communes vise a\u0300 renforcer la coope\u0301ration militaire entre les deux pays. Cela est en re\u0301ponse aux de\u0301fis de se\u0301curite\u0301 le long de leurs frontie\u0300res partage\u0301es, souvent the\u0301atres de [&hellip;]","og_url":"https:\/\/www.africa-press.net\/centrafricaine\/politique\/la-rca-et-le-tchad-rendent-operationnelles-les-forces-mixtes-pour-la-stabilite-de-leurs-frontieres","og_site_name":"centrafricaine","article_published_time":"2025-03-15T15:23:03+00:00","author":"cfeditorfr","twitter_card":"summary_large_image","twitter_misc":{"\u00c9crit par":"cfeditorfr","Dur\u00e9e de lecture estim\u00e9e":"2 minutes"},"schema":{"@context":"https:\/\/schema.org","@graph":[{"@type":"Article","@id":"https:\/\/www.africa-press.net\/centrafricaine\/politique\/la-rca-et-le-tchad-rendent-operationnelles-les-forces-mixtes-pour-la-stabilite-de-leurs-frontieres#article","isPartOf":{"@id":"https:\/\/www.africa-press.net\/centrafricaine\/politique\/la-rca-et-le-tchad-rendent-operationnelles-les-forces-mixtes-pour-la-stabilite-de-leurs-frontieres"},"author":{"name":"cfeditorfr","@id":"https:\/\/www.africa-press.net\/centrafricaine\/#\/schema\/person\/2b1cf3cd81a31e3cd26889ca66d677f1"},"headline":"La RCA et le Tchad rendent op\u00e9rationnelles les forces mixtes pour la stabilit\u00e9 de leurs fronti\u00e8res","datePublished":"2025-03-15T15:23:03+00:00","mainEntityOfPage":{"@id":"https:\/\/www.africa-press.net\/centrafricaine\/politique\/la-rca-et-le-tchad-rendent-operationnelles-les-forces-mixtes-pour-la-stabilite-de-leurs-frontieres"},"wordCount":365,"commentCount":0,"image":{"@id":"https:\/\/www.africa-press.net\/centrafricaine\/politique\/la-rca-et-le-tchad-rendent-operationnelles-les-forces-mixtes-pour-la-stabilite-de-leurs-frontieres#primaryimage"},"thumbnailUrl":"https:\/\/static.africa-press.net\/centrafricaine\/sites\/45\/2025\/03\/sm_1742039972.394163.jpg","keywords":["CentrAfricaine","Centrafrique","forces mixtes","fronti\u00e8res","Stabilit\u00e9","Tchad"],"articleSection":["Politique","Toutes les actualit\u00e9s"],"inLanguage":"fr-FR","potentialAction":[{"@type":"CommentAction","name":"Comment","target":["https:\/\/www.africa-press.net\/centrafricaine\/politique\/la-rca-et-le-tchad-rendent-operationnelles-les-forces-mixtes-pour-la-stabilite-de-leurs-frontieres#respond"]}]},{"@type":"WebPage","@id":"https:\/\/www.africa-press.net\/centrafricaine\/politique\/la-rca-et-le-tchad-rendent-operationnelles-les-forces-mixtes-pour-la-stabilite-de-leurs-frontieres","url":"https:\/\/www.africa-press.net\/centrafricaine\/politique\/la-rca-et-le-tchad-rendent-operationnelles-les-forces-mixtes-pour-la-stabilite-de-leurs-frontieres","name":"La RCA et le Tchad rendent op\u00e9rationnelles les forces mixtes pour la stabilit\u00e9 de leurs fronti\u00e8res - centrafricaine","isPartOf":{"@id":"https:\/\/www.africa-press.net\/centrafricaine\/#website"},"primaryImageOfPage":{"@id":"https:\/\/www.africa-press.net\/centrafricaine\/politique\/la-rca-et-le-tchad-rendent-operationnelles-les-forces-mixtes-pour-la-stabilite-de-leurs-frontieres#primaryimage"},"image":{"@id":"https:\/\/www.africa-press.net\/centrafricaine\/politique\/la-rca-et-le-tchad-rendent-operationnelles-les-forces-mixtes-pour-la-stabilite-de-leurs-frontieres#primaryimage"},"thumbnailUrl":"https:\/\/static.africa-press.net\/centrafricaine\/sites\/45\/2025\/03\/sm_1742039972.394163.jpg","datePublished":"2025-03-15T15:23:03+00:00","author":{"@id":"https:\/\/www.africa-press.net\/centrafricaine\/#\/schema\/person\/2b1cf3cd81a31e3cd26889ca66d677f1"},"breadcrumb":{"@id":"https:\/\/www.africa-press.net\/centrafricaine\/politique\/la-rca-et-le-tchad-rendent-operationnelles-les-forces-mixtes-pour-la-stabilite-de-leurs-frontieres#breadcrumb"},"inLanguage":"fr-FR","potentialAction":[{"@type":"ReadAction","target":["https:\/\/www.africa-press.net\/centrafricaine\/politique\/la-rca-et-le-tchad-rendent-operationnelles-les-forces-mixtes-pour-la-stabilite-de-leurs-frontieres"]}]},{"@type":"ImageObject","inLanguage":"fr-FR","@id":"https:\/\/www.africa-press.net\/centrafricaine\/politique\/la-rca-et-le-tchad-rendent-operationnelles-les-forces-mixtes-pour-la-stabilite-de-leurs-frontieres#primaryimage","url":"https:\/\/static.africa-press.net\/centrafricaine\/sites\/45\/2025\/03\/sm_1742039972.394163.jpg","contentUrl":"https:\/\/static.africa-press.net\/centrafricaine\/sites\/45\/2025\/03\/sm_1742039972.394163.jpg","width":1920,"height":1080,"caption":"La RCA et le Tchad rendent op\u00e9rationnelles les forces mixtes pour la stabilit\u00e9 de leurs fronti\u00e8res"},{"@type":"BreadcrumbList","@id":"https:\/\/www.africa-press.net\/centrafricaine\/politique\/la-rca-et-le-tchad-rendent-operationnelles-les-forces-mixtes-pour-la-stabilite-de-leurs-frontieres#breadcrumb","itemListElement":[{"@type":"ListItem","position":1,"name":"Accueil","item":"https:\/\/www.africa-press.net\/centrafricaine\/"},{"@type":"ListItem","position":2,"name":"La RCA et le Tchad rendent op\u00e9rationnelles les forces mixtes pour la stabilit\u00e9 de leurs fronti\u00e8res"}]},{"@type":"WebSite","@id":"https:\/\/www.africa-press.net\/centrafricaine\/#website","url":"https:\/\/www.africa-press.net\/centrafricaine\/","name":"centrafricaine","description":"Just another Africa News Agency Sites site","potentialAction":[{"@type":"SearchAction","target":{"@type":"EntryPoint","urlTemplate":"https:\/\/www.africa-press.net\/centrafricaine\/?s={search_term_string}"},"query-input":{"@type":"PropertyValueSpecification","valueRequired":true,"valueName":"search_term_string"}}],"inLanguage":"fr-FR"},{"@type":"Person","@id":"https:\/\/www.africa-press.net\/centrafricaine\/#\/schema\/person\/2b1cf3cd81a31e3cd26889ca66d677f1","name":"cfeditorfr"}]}},"_links":{"self":[{"href":"https:\/\/www.africa-press.net\/centrafricaine\/wp-json\/wp\/v2\/posts\/69265","targetHints":{"allow":["GET"]}}],"collection":[{"href":"https:\/\/www.africa-press.net\/centrafricaine\/wp-json\/wp\/v2\/posts"}],"about":[{"href":"https:\/\/www.africa-press.net\/centrafricaine\/wp-json\/wp\/v2\/types\/post"}],"author":[{"embeddable":true,"href":"https:\/\/www.africa-press.net\/centrafricaine\/wp-json\/wp\/v2\/users\/82"}],"replies":[{"embeddable":true,"href":"https:\/\/www.africa-press.net\/centrafricaine\/wp-json\/wp\/v2\/comments?post=69265"}],"version-history":[{"count":0,"href":"https:\/\/www.africa-press.net\/centrafricaine\/wp-json\/wp\/v2\/posts\/69265\/revisions"}],"wp:featuredmedia":[{"embeddable":true,"href":"https:\/\/www.africa-press.net\/centrafricaine\/wp-json\/wp\/v2\/media\/69264"}],"wp:attachment":[{"href":"https:\/\/www.africa-press.net\/centrafricaine\/wp-json\/wp\/v2\/media?parent=69265"}],"wp:term":[{"taxonomy":"category","embeddable":true,"href":"https:\/\/www.africa-press.net\/centrafricaine\/wp-json\/wp\/v2\/categories?post=69265"},{"taxonomy":"post_tag","embeddable":true,"href":"https:\/\/www.africa-press.net\/centrafricaine\/wp-json\/wp\/v2\/tags?post=69265"}],"curies":[{"name":"wp","href":"https:\/\/api.w.org\/{rel}","templated":true}]}}