{"id":69726,"date":"2025-03-31T19:56:03","date_gmt":"2025-03-31T19:56:03","guid":{"rendered":"https:\/\/www.africa-press.net\/centrafricaine\/politique\/le-depute-fleury-pabandji-a-la-grande-priere-de-fin-de-ramadan-a-la-mosquee-de-bouar"},"modified":"2025-03-31T19:56:03","modified_gmt":"2025-03-31T19:56:03","slug":"le-depute-fleury-pabandji-a-la-grande-priere-de-fin-de-ramadan-a-la-mosquee-de-bouar","status":"publish","type":"post","link":"https:\/\/www.africa-press.net\/centrafricaine\/politique\/le-depute-fleury-pabandji-a-la-grande-priere-de-fin-de-ramadan-a-la-mosquee-de-bouar","title":{"rendered":"le d\u00e9put\u00e9 Fleury Pabandji \u00e0 la grande pri\u00e8re de fin de ramadan \u00e0 la mosqu\u00e9e de Bouar"},"content":{"rendered":"<p><span style=\"color: #ff6600\"><strong>Africa-Press &#8211; CentrAfricaine. <\/strong><\/span>Les musulmans de la Re\u0301publique centrafricaine en ge\u0301ne\u0301ral et de Bouar en particulier ont fait la dernie\u0300re grande prie\u0300re du mois de ramadan ce vendredi 28 mars. Pour cela, les autorite\u0301s administratives locales de Bouar parmi lesquelles, Fleury Junior PABANDJI de\u0301pute\u0301 de Bouar 1 ont re\u0301pondu pre\u0301sentes a\u0300 la mosque\u0301e centrale pour accompagner ces derniers en cette pe\u0301riode de jeu\u0302ne.<\/p>\n<p>Depuis un mois, les musulmans du monde entier sont entre\u0301s en jeu\u0302ne de ramadan afin de remercier Dieu pour ses bienfaits et e\u0301galement de prier pour la paix dans le monde.<\/p>\n<p>Ce moment de l\u2019Ei\u0308d-El-Fitr est e\u0301galement observe\u0301 sur toute l\u2019e\u0301tendue du territoire centrafricain.<\/p>\n<p>Et a\u0300 l\u2019approche de la clo\u0302ture de ce moment de prie\u0300re, les musulmans se sont regroupe\u0301s dans les diffe\u0301rentes mosque\u0301es afin de proce\u0301der a\u0300 la grande prie\u0300re du dernier vendredi du mois de ramadan.<\/p>\n<p>C\u2019est dans ce sens que les autorite\u0301s administratives locales de Nana-Mambe\u0301re\u0301 parmi lesquelles le de\u0301pute\u0301 de Bouar 1 Fleury Junior PABANDJI, ont re\u0301pondu pre\u0301sentes afin de soutenir ces derniers dans ce moment.<\/p>\n<p>Une occasion pour l\u2019Imam de la mosque\u0301e centrale de Bouar, de dire la prie\u0300re pour la paix et appeler tous les fide\u0300les a\u0300 cultiver la paix, facteur d\u2019un de\u0301veloppement socioe\u0301conomique durable. Et aux autorite\u0301s administratives, d\u2019appeler les fide\u0300les a\u0300 vivre ensemble, avec le Nexus du Chef de l\u2019E\u0301tat Faustin Archange Touadera qui est celui d\u2019appeler tous les centrafricains a\u0300 promouvoir la paix.<\/p>\n<p>Il faut rappeler que cette participation a\u0300 la grande prie\u0300re vient en pre\u0301lude a\u0300 la prie\u0300re finale de l\u2019Ei\u0308d\u2013El-Fitr qui aura lieu le lundi 31 mars, a\u0300 laquelle ces hautes personnalite\u0301s honoreront de leur pre\u0301sence toujours a\u0300 la mosque\u0301e centrale de Bouar.<\/p>\n<p><b>Source: Ndjoni Sango<\/b><\/p>\n<p><strong>Pour plus d&rsquo;informations et d&rsquo;analyses sur la <span style=\"color: #ff6600\">CentrAfricaine<\/span>, suivez <span style=\"color: #ff6600\">Africa-Press<span style=\"color: #ff6600\"><\/span><\/strong><\/p>\n","protected":false},"excerpt":{"rendered":"<p>Africa-Press &#8211; CentrAfricaine. Les musulmans de la Re\u0301publique centrafricaine en ge\u0301ne\u0301ral et de Bouar en particulier ont fait la dernie\u0300re grande prie\u0300re du mois de ramadan ce vendredi 28 mars. Pour cela, les autorite\u0301s administratives locales de Bouar parmi lesquelles, Fleury Junior PABANDJI de\u0301pute\u0301 de Bouar 1 ont re\u0301pondu pre\u0301sentes a\u0300 la mosque\u0301e centrale pour [&hellip;]<\/p>\n","protected":false},"author":82,"featured_media":69725,"comment_status":"open","ping_status":"closed","sticky":false,"template":"","format":"standard","meta":{"footnotes":""},"categories":[2,10],"tags":[1011,30,41,1649,3824,3825,1267],"class_list":["post-69726","post","type-post","status-publish","format-standard","has-post-thumbnail","hentry","category-politique","category-toutes-les-actualites","tag-bouar","tag-centrafricaine","tag-centrafrique","tag-fleury-junior-pabandji","tag-mosquee-centrale","tag-priere","tag-ramadan"],"yoast_head":"<!-- This site is optimized with the Yoast SEO Premium plugin v26.1 (Yoast SEO v27.0) - https:\/\/yoast.com\/product\/yoast-seo-premium-wordpress\/ -->\n<title>le d\u00e9put\u00e9 Fleury Pabandji \u00e0 la grande pri\u00e8re de fin de ramadan \u00e0 la mosqu\u00e9e de Bouar - centrafricaine<\/title>\n<meta name=\"robots\" content=\"index, follow, max-snippet:-1, max-image-preview:large, max-video-preview:-1\" \/>\n<link rel=\"canonical\" href=\"https:\/\/www.africa-press.net\/centrafricaine\/politique\/le-depute-fleury-pabandji-a-la-grande-priere-de-fin-de-ramadan-a-la-mosquee-de-bouar\" \/>\n<meta property=\"og:locale\" content=\"fr_FR\" \/>\n<meta property=\"og:type\" content=\"article\" \/>\n<meta property=\"og:title\" content=\"le d\u00e9put\u00e9 Fleury Pabandji \u00e0 la grande pri\u00e8re de fin de ramadan \u00e0 la mosqu\u00e9e de Bouar\" \/>\n<meta property=\"og:description\" content=\"Africa-Press &#8211; CentrAfricaine. Les musulmans de la Re\u0301publique centrafricaine en ge\u0301ne\u0301ral et de Bouar en particulier ont fait la dernie\u0300re grande prie\u0300re du mois de ramadan ce vendredi 28 mars. Pour cela, les autorite\u0301s administratives locales de Bouar parmi lesquelles, Fleury Junior PABANDJI de\u0301pute\u0301 de Bouar 1 ont re\u0301pondu pre\u0301sentes a\u0300 la mosque\u0301e centrale pour [&hellip;]\" \/>\n<meta property=\"og:url\" content=\"https:\/\/www.africa-press.net\/centrafricaine\/politique\/le-depute-fleury-pabandji-a-la-grande-priere-de-fin-de-ramadan-a-la-mosquee-de-bouar\" \/>\n<meta property=\"og:site_name\" content=\"centrafricaine\" \/>\n<meta property=\"article:published_time\" content=\"2025-03-31T19:56:03+00:00\" \/>\n<meta name=\"author\" content=\"cfeditorfr\" \/>\n<meta name=\"twitter:card\" content=\"summary_large_image\" \/>\n<meta name=\"twitter:label1\" content=\"\u00c9crit par\" \/>\n\t<meta name=\"twitter:data1\" content=\"cfeditorfr\" \/>\n\t<meta name=\"twitter:label2\" content=\"Dur\u00e9e de lecture estim\u00e9e\" \/>\n\t<meta name=\"twitter:data2\" content=\"2 minutes\" \/>\n<script type=\"application\/ld+json\" class=\"yoast-schema-graph\">{\"@context\":\"https:\/\/schema.org\",\"@graph\":[{\"@type\":\"Article\",\"@id\":\"https:\/\/www.africa-press.net\/centrafricaine\/politique\/le-depute-fleury-pabandji-a-la-grande-priere-de-fin-de-ramadan-a-la-mosquee-de-bouar#article\",\"isPartOf\":{\"@id\":\"https:\/\/www.africa-press.net\/centrafricaine\/politique\/le-depute-fleury-pabandji-a-la-grande-priere-de-fin-de-ramadan-a-la-mosquee-de-bouar\"},\"author\":{\"name\":\"cfeditorfr\",\"@id\":\"https:\/\/www.africa-press.net\/centrafricaine\/#\/schema\/person\/2b1cf3cd81a31e3cd26889ca66d677f1\"},\"headline\":\"le d\u00e9put\u00e9 Fleury Pabandji \u00e0 la grande pri\u00e8re de fin de ramadan \u00e0 la mosqu\u00e9e de Bouar\",\"datePublished\":\"2025-03-31T19:56:03+00:00\",\"mainEntityOfPage\":{\"@id\":\"https:\/\/www.africa-press.net\/centrafricaine\/politique\/le-depute-fleury-pabandji-a-la-grande-priere-de-fin-de-ramadan-a-la-mosquee-de-bouar\"},\"wordCount\":362,\"commentCount\":0,\"image\":{\"@id\":\"https:\/\/www.africa-press.net\/centrafricaine\/politique\/le-depute-fleury-pabandji-a-la-grande-priere-de-fin-de-ramadan-a-la-mosquee-de-bouar#primaryimage\"},\"thumbnailUrl\":\"https:\/\/static.africa-press.net\/centrafricaine\/sites\/45\/2025\/03\/sm_1743438441.957171.jpg\",\"keywords\":[\"Bouar\",\"CentrAfricaine\",\"Centrafrique\",\"Fleury Junior Pabandji\",\"mosqu\u00e9e centrale\",\"pri\u00e8re\",\"Ramadan\"],\"articleSection\":[\"Politique\",\"Toutes les actualit\u00e9s\"],\"inLanguage\":\"fr-FR\",\"potentialAction\":[{\"@type\":\"CommentAction\",\"name\":\"Comment\",\"target\":[\"https:\/\/www.africa-press.net\/centrafricaine\/politique\/le-depute-fleury-pabandji-a-la-grande-priere-de-fin-de-ramadan-a-la-mosquee-de-bouar#respond\"]}]},{\"@type\":\"WebPage\",\"@id\":\"https:\/\/www.africa-press.net\/centrafricaine\/politique\/le-depute-fleury-pabandji-a-la-grande-priere-de-fin-de-ramadan-a-la-mosquee-de-bouar\",\"url\":\"https:\/\/www.africa-press.net\/centrafricaine\/politique\/le-depute-fleury-pabandji-a-la-grande-priere-de-fin-de-ramadan-a-la-mosquee-de-bouar\",\"name\":\"le d\u00e9put\u00e9 Fleury Pabandji \u00e0 la grande pri\u00e8re de fin de ramadan \u00e0 la mosqu\u00e9e de Bouar - centrafricaine\",\"isPartOf\":{\"@id\":\"https:\/\/www.africa-press.net\/centrafricaine\/#website\"},\"primaryImageOfPage\":{\"@id\":\"https:\/\/www.africa-press.net\/centrafricaine\/politique\/le-depute-fleury-pabandji-a-la-grande-priere-de-fin-de-ramadan-a-la-mosquee-de-bouar#primaryimage\"},\"image\":{\"@id\":\"https:\/\/www.africa-press.net\/centrafricaine\/politique\/le-depute-fleury-pabandji-a-la-grande-priere-de-fin-de-ramadan-a-la-mosquee-de-bouar#primaryimage\"},\"thumbnailUrl\":\"https:\/\/static.africa-press.net\/centrafricaine\/sites\/45\/2025\/03\/sm_1743438441.957171.jpg\",\"datePublished\":\"2025-03-31T19:56:03+00:00\",\"author\":{\"@id\":\"https:\/\/www.africa-press.net\/centrafricaine\/#\/schema\/person\/2b1cf3cd81a31e3cd26889ca66d677f1\"},\"breadcrumb\":{\"@id\":\"https:\/\/www.africa-press.net\/centrafricaine\/politique\/le-depute-fleury-pabandji-a-la-grande-priere-de-fin-de-ramadan-a-la-mosquee-de-bouar#breadcrumb\"},\"inLanguage\":\"fr-FR\",\"potentialAction\":[{\"@type\":\"ReadAction\",\"target\":[\"https:\/\/www.africa-press.net\/centrafricaine\/politique\/le-depute-fleury-pabandji-a-la-grande-priere-de-fin-de-ramadan-a-la-mosquee-de-bouar\"]}]},{\"@type\":\"ImageObject\",\"inLanguage\":\"fr-FR\",\"@id\":\"https:\/\/www.africa-press.net\/centrafricaine\/politique\/le-depute-fleury-pabandji-a-la-grande-priere-de-fin-de-ramadan-a-la-mosquee-de-bouar#primaryimage\",\"url\":\"https:\/\/static.africa-press.net\/centrafricaine\/sites\/45\/2025\/03\/sm_1743438441.957171.jpg\",\"contentUrl\":\"https:\/\/static.africa-press.net\/centrafricaine\/sites\/45\/2025\/03\/sm_1743438441.957171.jpg\",\"width\":1252,\"height\":494,\"caption\":\"le d\u00e9put\u00e9 Fleury Pabandji \u00e0 la grande pri\u00e8re de fin de ramadan \u00e0 la mosqu\u00e9e de Bouar\"},{\"@type\":\"BreadcrumbList\",\"@id\":\"https:\/\/www.africa-press.net\/centrafricaine\/politique\/le-depute-fleury-pabandji-a-la-grande-priere-de-fin-de-ramadan-a-la-mosquee-de-bouar#breadcrumb\",\"itemListElement\":[{\"@type\":\"ListItem\",\"position\":1,\"name\":\"Accueil\",\"item\":\"https:\/\/www.africa-press.net\/centrafricaine\/\"},{\"@type\":\"ListItem\",\"position\":2,\"name\":\"le d\u00e9put\u00e9 Fleury Pabandji \u00e0 la grande pri\u00e8re de fin de ramadan \u00e0 la mosqu\u00e9e de Bouar\"}]},{\"@type\":\"WebSite\",\"@id\":\"https:\/\/www.africa-press.net\/centrafricaine\/#website\",\"url\":\"https:\/\/www.africa-press.net\/centrafricaine\/\",\"name\":\"centrafricaine\",\"description\":\"Just another Africa News Agency Sites site\",\"potentialAction\":[{\"@type\":\"SearchAction\",\"target\":{\"@type\":\"EntryPoint\",\"urlTemplate\":\"https:\/\/www.africa-press.net\/centrafricaine\/?s={search_term_string}\"},\"query-input\":{\"@type\":\"PropertyValueSpecification\",\"valueRequired\":true,\"valueName\":\"search_term_string\"}}],\"inLanguage\":\"fr-FR\"},{\"@type\":\"Person\",\"@id\":\"https:\/\/www.africa-press.net\/centrafricaine\/#\/schema\/person\/2b1cf3cd81a31e3cd26889ca66d677f1\",\"name\":\"cfeditorfr\"}]}<\/script>\n<!-- \/ Yoast SEO Premium plugin. -->","yoast_head_json":{"title":"le d\u00e9put\u00e9 Fleury Pabandji \u00e0 la grande pri\u00e8re de fin de ramadan \u00e0 la mosqu\u00e9e de Bouar - centrafricaine","robots":{"index":"index","follow":"follow","max-snippet":"max-snippet:-1","max-image-preview":"max-image-preview:large","max-video-preview":"max-video-preview:-1"},"canonical":"https:\/\/www.africa-press.net\/centrafricaine\/politique\/le-depute-fleury-pabandji-a-la-grande-priere-de-fin-de-ramadan-a-la-mosquee-de-bouar","og_locale":"fr_FR","og_type":"article","og_title":"le d\u00e9put\u00e9 Fleury Pabandji \u00e0 la grande pri\u00e8re de fin de ramadan \u00e0 la mosqu\u00e9e de Bouar","og_description":"Africa-Press &#8211; CentrAfricaine. Les musulmans de la Re\u0301publique centrafricaine en ge\u0301ne\u0301ral et de Bouar en particulier ont fait la dernie\u0300re grande prie\u0300re du mois de ramadan ce vendredi 28 mars. Pour cela, les autorite\u0301s administratives locales de Bouar parmi lesquelles, Fleury Junior PABANDJI de\u0301pute\u0301 de Bouar 1 ont re\u0301pondu pre\u0301sentes a\u0300 la mosque\u0301e centrale pour [&hellip;]","og_url":"https:\/\/www.africa-press.net\/centrafricaine\/politique\/le-depute-fleury-pabandji-a-la-grande-priere-de-fin-de-ramadan-a-la-mosquee-de-bouar","og_site_name":"centrafricaine","article_published_time":"2025-03-31T19:56:03+00:00","author":"cfeditorfr","twitter_card":"summary_large_image","twitter_misc":{"\u00c9crit par":"cfeditorfr","Dur\u00e9e de lecture estim\u00e9e":"2 minutes"},"schema":{"@context":"https:\/\/schema.org","@graph":[{"@type":"Article","@id":"https:\/\/www.africa-press.net\/centrafricaine\/politique\/le-depute-fleury-pabandji-a-la-grande-priere-de-fin-de-ramadan-a-la-mosquee-de-bouar#article","isPartOf":{"@id":"https:\/\/www.africa-press.net\/centrafricaine\/politique\/le-depute-fleury-pabandji-a-la-grande-priere-de-fin-de-ramadan-a-la-mosquee-de-bouar"},"author":{"name":"cfeditorfr","@id":"https:\/\/www.africa-press.net\/centrafricaine\/#\/schema\/person\/2b1cf3cd81a31e3cd26889ca66d677f1"},"headline":"le d\u00e9put\u00e9 Fleury Pabandji \u00e0 la grande pri\u00e8re de fin de ramadan \u00e0 la mosqu\u00e9e de Bouar","datePublished":"2025-03-31T19:56:03+00:00","mainEntityOfPage":{"@id":"https:\/\/www.africa-press.net\/centrafricaine\/politique\/le-depute-fleury-pabandji-a-la-grande-priere-de-fin-de-ramadan-a-la-mosquee-de-bouar"},"wordCount":362,"commentCount":0,"image":{"@id":"https:\/\/www.africa-press.net\/centrafricaine\/politique\/le-depute-fleury-pabandji-a-la-grande-priere-de-fin-de-ramadan-a-la-mosquee-de-bouar#primaryimage"},"thumbnailUrl":"https:\/\/static.africa-press.net\/centrafricaine\/sites\/45\/2025\/03\/sm_1743438441.957171.jpg","keywords":["Bouar","CentrAfricaine","Centrafrique","Fleury Junior Pabandji","mosqu\u00e9e centrale","pri\u00e8re","Ramadan"],"articleSection":["Politique","Toutes les actualit\u00e9s"],"inLanguage":"fr-FR","potentialAction":[{"@type":"CommentAction","name":"Comment","target":["https:\/\/www.africa-press.net\/centrafricaine\/politique\/le-depute-fleury-pabandji-a-la-grande-priere-de-fin-de-ramadan-a-la-mosquee-de-bouar#respond"]}]},{"@type":"WebPage","@id":"https:\/\/www.africa-press.net\/centrafricaine\/politique\/le-depute-fleury-pabandji-a-la-grande-priere-de-fin-de-ramadan-a-la-mosquee-de-bouar","url":"https:\/\/www.africa-press.net\/centrafricaine\/politique\/le-depute-fleury-pabandji-a-la-grande-priere-de-fin-de-ramadan-a-la-mosquee-de-bouar","name":"le d\u00e9put\u00e9 Fleury Pabandji \u00e0 la grande pri\u00e8re de fin de ramadan \u00e0 la mosqu\u00e9e de Bouar - centrafricaine","isPartOf":{"@id":"https:\/\/www.africa-press.net\/centrafricaine\/#website"},"primaryImageOfPage":{"@id":"https:\/\/www.africa-press.net\/centrafricaine\/politique\/le-depute-fleury-pabandji-a-la-grande-priere-de-fin-de-ramadan-a-la-mosquee-de-bouar#primaryimage"},"image":{"@id":"https:\/\/www.africa-press.net\/centrafricaine\/politique\/le-depute-fleury-pabandji-a-la-grande-priere-de-fin-de-ramadan-a-la-mosquee-de-bouar#primaryimage"},"thumbnailUrl":"https:\/\/static.africa-press.net\/centrafricaine\/sites\/45\/2025\/03\/sm_1743438441.957171.jpg","datePublished":"2025-03-31T19:56:03+00:00","author":{"@id":"https:\/\/www.africa-press.net\/centrafricaine\/#\/schema\/person\/2b1cf3cd81a31e3cd26889ca66d677f1"},"breadcrumb":{"@id":"https:\/\/www.africa-press.net\/centrafricaine\/politique\/le-depute-fleury-pabandji-a-la-grande-priere-de-fin-de-ramadan-a-la-mosquee-de-bouar#breadcrumb"},"inLanguage":"fr-FR","potentialAction":[{"@type":"ReadAction","target":["https:\/\/www.africa-press.net\/centrafricaine\/politique\/le-depute-fleury-pabandji-a-la-grande-priere-de-fin-de-ramadan-a-la-mosquee-de-bouar"]}]},{"@type":"ImageObject","inLanguage":"fr-FR","@id":"https:\/\/www.africa-press.net\/centrafricaine\/politique\/le-depute-fleury-pabandji-a-la-grande-priere-de-fin-de-ramadan-a-la-mosquee-de-bouar#primaryimage","url":"https:\/\/static.africa-press.net\/centrafricaine\/sites\/45\/2025\/03\/sm_1743438441.957171.jpg","contentUrl":"https:\/\/static.africa-press.net\/centrafricaine\/sites\/45\/2025\/03\/sm_1743438441.957171.jpg","width":1252,"height":494,"caption":"le d\u00e9put\u00e9 Fleury Pabandji \u00e0 la grande pri\u00e8re de fin de ramadan \u00e0 la mosqu\u00e9e de Bouar"},{"@type":"BreadcrumbList","@id":"https:\/\/www.africa-press.net\/centrafricaine\/politique\/le-depute-fleury-pabandji-a-la-grande-priere-de-fin-de-ramadan-a-la-mosquee-de-bouar#breadcrumb","itemListElement":[{"@type":"ListItem","position":1,"name":"Accueil","item":"https:\/\/www.africa-press.net\/centrafricaine\/"},{"@type":"ListItem","position":2,"name":"le d\u00e9put\u00e9 Fleury Pabandji \u00e0 la grande pri\u00e8re de fin de ramadan \u00e0 la mosqu\u00e9e de Bouar"}]},{"@type":"WebSite","@id":"https:\/\/www.africa-press.net\/centrafricaine\/#website","url":"https:\/\/www.africa-press.net\/centrafricaine\/","name":"centrafricaine","description":"Just another Africa News Agency Sites site","potentialAction":[{"@type":"SearchAction","target":{"@type":"EntryPoint","urlTemplate":"https:\/\/www.africa-press.net\/centrafricaine\/?s={search_term_string}"},"query-input":{"@type":"PropertyValueSpecification","valueRequired":true,"valueName":"search_term_string"}}],"inLanguage":"fr-FR"},{"@type":"Person","@id":"https:\/\/www.africa-press.net\/centrafricaine\/#\/schema\/person\/2b1cf3cd81a31e3cd26889ca66d677f1","name":"cfeditorfr"}]}},"_links":{"self":[{"href":"https:\/\/www.africa-press.net\/centrafricaine\/wp-json\/wp\/v2\/posts\/69726","targetHints":{"allow":["GET"]}}],"collection":[{"href":"https:\/\/www.africa-press.net\/centrafricaine\/wp-json\/wp\/v2\/posts"}],"about":[{"href":"https:\/\/www.africa-press.net\/centrafricaine\/wp-json\/wp\/v2\/types\/post"}],"author":[{"embeddable":true,"href":"https:\/\/www.africa-press.net\/centrafricaine\/wp-json\/wp\/v2\/users\/82"}],"replies":[{"embeddable":true,"href":"https:\/\/www.africa-press.net\/centrafricaine\/wp-json\/wp\/v2\/comments?post=69726"}],"version-history":[{"count":0,"href":"https:\/\/www.africa-press.net\/centrafricaine\/wp-json\/wp\/v2\/posts\/69726\/revisions"}],"wp:featuredmedia":[{"embeddable":true,"href":"https:\/\/www.africa-press.net\/centrafricaine\/wp-json\/wp\/v2\/media\/69725"}],"wp:attachment":[{"href":"https:\/\/www.africa-press.net\/centrafricaine\/wp-json\/wp\/v2\/media?parent=69726"}],"wp:term":[{"taxonomy":"category","embeddable":true,"href":"https:\/\/www.africa-press.net\/centrafricaine\/wp-json\/wp\/v2\/categories?post=69726"},{"taxonomy":"post_tag","embeddable":true,"href":"https:\/\/www.africa-press.net\/centrafricaine\/wp-json\/wp\/v2\/tags?post=69726"}],"curies":[{"name":"wp","href":"https:\/\/api.w.org\/{rel}","templated":true}]}}