{"id":6995,"date":"2021-05-15T15:34:04","date_gmt":"2021-05-15T15:34:04","guid":{"rendered":"https:\/\/www.africa-press.net\/centrafricaine\/?p=6995"},"modified":"2021-05-15T17:31:56","modified_gmt":"2021-05-15T17:31:56","slug":"rca-le-procureur-general-eric-didier-tombo-donne-un-peu-de-precision-sur-les-circonstances-de-larrestation-de-lex-ministre-dieudonne-ndomate","status":"publish","type":"post","link":"https:\/\/www.africa-press.net\/centrafricaine\/politique\/rca-le-procureur-general-eric-didier-tombo-donne-un-peu-de-precision-sur-les-circonstances-de-larrestation-de-lex-ministre-dieudonne-ndomate","title":{"rendered":"le procureur g\u00e9n\u00e9ral \u00c9ric Didier Tombo donne un peu de pr\u00e9cision sur les circonstances de l\u2019arrestation de l\u2019ex-ministre Dieudonn\u00e9 Ndomat\u00e9"},"content":{"rendered":"<p><span style=\"color: #ff6600\"><strong><a href=\"https:\/\/www.africa-press.net\/\">Africa-Press<\/a> &#8211; <a href=\"https:\/\/www.africa-press.net\/centrafricaine\">CentrAfricaine<\/a>.\u00a0 <\/strong><\/span><b>\u00a0L\u2019ancien ministre centrafricain du Tourisme, des Arts et de la Culture, Dieudonn\u00e9 Ndomat\u00e9, a \u00e9t\u00e9 arr\u00eat\u00e9 \u00e0 Bouca (nord), puis reconduit dans la capitale Bangui pour sa participation pr\u00e9sum\u00e9e \u00e0 la r\u00e9bellion, a annonc\u00e9 vendredi le procureur g\u00e9n\u00e9ral pr\u00e8s la cour d\u2019appel de Bangui, Eric-Didier Tambo. Il est d\u00e9sormais \u00e0 la disposition des enqu\u00eateurs de la gendarmerie nationale, a-t-il ajout\u00e9.<\/b><\/p>\n<p>En d\u00e9cembre dernier, pr\u00e9textant se rendre dans le nord pour se pr\u00e9senter aux \u00e9lections l\u00e9gislatives, M. Ndomat\u00e9 avait emport\u00e9 des v\u00e9hicules de l\u2019Etat qui devaient lui permettre de participer \u00e0 la r\u00e9bellion, selon le procureur.<\/p>\n<p><b>\u00ab Oui je peux vous confirmer que Ndomat\u00e9 \u00e9tait arr\u00eat\u00e9 sur le terrain de guerre. Il a \u00e9t\u00e9 interpell\u00e9 et arr\u00eat\u00e9. Je peux vous confirmer pr\u00e9sentement qu\u2019il est en train d\u2019\u00eatre interrog\u00e9 au niveau de la section d\u2019investigation de recherche de Bangui. Il est en train d\u2019\u00eatre interrog\u00e9, et d\u2019un moment \u00e0 l\u2019autre il sera transf\u00e9r\u00e9 au parquet pour que le parquet puisse en aviser des inculpations qui p\u00e8sent sur lui. C\u2019est un ancien ministre. Par rapport \u00e0 l\u2019accord de Khartoum, il fait partie de groupe rebelle Anti-Balaka aile Nga\u00efssona. Avant le d\u00e9clenchement des hostilit\u00e9s, c\u2019est \u00e0 dire au commencement des processus \u00e9lectoraux, il a quitt\u00e9 Bangui pour Batangafo, sous pr\u00e9texte qu\u2019il est reparti pour battre campagne l\u00e9gislative en tant que candidat. Malheureusement avec le v\u00e9hicule de l\u2019\u00c9tat, il est parti et remettre ce v\u00e9hicule \u00e0 la r\u00e9bellion. Il a combattu dans la r\u00e9bellion jusqu\u2019\u00e0 ce que la r\u00e9bellion a \u00e9t\u00e9 d\u00e9faite, et il est oblig\u00e9 de se rendre. Donc son \u00e9pouse est partie le rechercher. Et c\u2019est en route \u00e0 partir de Bouca qu\u2019il a \u00e9t\u00e9 arr\u00eat\u00e9 par les officiers de police judiciaire \u00bb<\/b><\/p>\n<p>, a d\u00e9clar\u00e9 le procureur g\u00e9n\u00e9ral.<\/p>\n<p>Des groupes arm\u00e9s se sont coalis\u00e9s en d\u00e9cembre 2020 pour lancer des offensives coordonn\u00e9es contre le gouvernement. Depuis janvier, une contre-offensive men\u00e9e par les forces r\u00e9guli\u00e8res, appuy\u00e9es par des \u00e9l\u00e9ments russes et rwandais, a permis de reprendre plusieurs villes aux rebelles.<\/p>\n<p>&nbsp;<\/p>\n","protected":false},"excerpt":{"rendered":"<p>Africa-Press &#8211; CentrAfricaine.\u00a0 \u00a0L\u2019ancien ministre centrafricain du Tourisme, des Arts et de la Culture, Dieudonn\u00e9 Ndomat\u00e9, a \u00e9t\u00e9 arr\u00eat\u00e9 \u00e0 Bouca (nord), puis reconduit dans la capitale Bangui pour sa participation pr\u00e9sum\u00e9e \u00e0 la r\u00e9bellion, a annonc\u00e9 vendredi le procureur g\u00e9n\u00e9ral pr\u00e8s la cour d\u2019appel de Bangui, Eric-Didier Tambo. Il est d\u00e9sormais \u00e0 la disposition [&hellip;]<\/p>\n","protected":false},"author":82,"featured_media":6994,"comment_status":"open","ping_status":"closed","sticky":false,"template":"","format":"standard","meta":{"footnotes":""},"categories":[11,2,20,10],"tags":[36,58,30],"class_list":["post-6995","post","type-post","status-publish","format-standard","has-post-thumbnail","hentry","category-homepage-french","category-politique","category-top-nouvelles","category-toutes-les-actualites","tag-africa-press","tag-africa-press-centrafricaine","tag-centrafricaine"],"yoast_head":"<!-- This site is optimized with the Yoast SEO Premium plugin v26.1 (Yoast SEO v27.0) - https:\/\/yoast.com\/product\/yoast-seo-premium-wordpress\/ -->\n<title>le procureur g\u00e9n\u00e9ral \u00c9ric Didier Tombo donne un peu de pr\u00e9cision sur les circonstances de l\u2019arrestation de l\u2019ex-ministre Dieudonn\u00e9 Ndomat\u00e9 - centrafricaine<\/title>\n<meta name=\"description\" content=\"Bangui, R\u00e9publique centrafricaine, samedi, 15 mai 2021 ( Corbeaunews-Centrafrique). L\u2019ancien ministre centrafricain d ...\" \/>\n<meta name=\"robots\" content=\"index, follow, max-snippet:-1, max-image-preview:large, max-video-preview:-1\" \/>\n<link rel=\"canonical\" href=\"https:\/\/www.africa-press.net\/centrafricaine\/politique\/rca-le-procureur-general-eric-didier-tombo-donne-un-peu-de-precision-sur-les-circonstances-de-larrestation-de-lex-ministre-dieudonne-ndomate\" \/>\n<meta property=\"og:locale\" content=\"fr_FR\" \/>\n<meta property=\"og:type\" content=\"article\" \/>\n<meta property=\"og:title\" content=\"le procureur g\u00e9n\u00e9ral \u00c9ric Didier Tombo donne un peu de pr\u00e9cision sur les circonstances de l\u2019arrestation de l\u2019ex-ministre Dieudonn\u00e9 Ndomat\u00e9\" \/>\n<meta property=\"og:description\" content=\"Bangui, R\u00e9publique centrafricaine, samedi, 15 mai 2021 ( Corbeaunews-Centrafrique). L\u2019ancien ministre centrafricain d ...\" \/>\n<meta property=\"og:url\" content=\"https:\/\/www.africa-press.net\/centrafricaine\/politique\/rca-le-procureur-general-eric-didier-tombo-donne-un-peu-de-precision-sur-les-circonstances-de-larrestation-de-lex-ministre-dieudonne-ndomate\" \/>\n<meta property=\"og:site_name\" content=\"centrafricaine\" \/>\n<meta property=\"article:published_time\" content=\"2021-05-15T15:34:04+00:00\" \/>\n<meta property=\"article:modified_time\" content=\"2021-05-15T17:31:56+00:00\" \/>\n<meta property=\"og:image\" content=\"https:\/\/static.africa-press.net\/centrafricaine\/sites\/45\/2021\/05\/img-609fe786cdd21.jpg\" \/>\n\t<meta property=\"og:image:width\" content=\"750\" \/>\n\t<meta property=\"og:image:height\" content=\"676\" \/>\n\t<meta property=\"og:image:type\" content=\"image\/jpeg\" \/>\n<meta name=\"author\" content=\"cfeditorfr\" \/>\n<meta name=\"twitter:card\" content=\"summary_large_image\" \/>\n<meta name=\"twitter:label1\" content=\"\u00c9crit par\" \/>\n\t<meta name=\"twitter:data1\" content=\"cfeditorfr\" \/>\n\t<meta name=\"twitter:label2\" content=\"Dur\u00e9e de lecture estim\u00e9e\" \/>\n\t<meta name=\"twitter:data2\" content=\"2 minutes\" \/>\n<script type=\"application\/ld+json\" class=\"yoast-schema-graph\">{\"@context\":\"https:\/\/schema.org\",\"@graph\":[{\"@type\":\"Article\",\"@id\":\"https:\/\/www.africa-press.net\/centrafricaine\/politique\/rca-le-procureur-general-eric-didier-tombo-donne-un-peu-de-precision-sur-les-circonstances-de-larrestation-de-lex-ministre-dieudonne-ndomate#article\",\"isPartOf\":{\"@id\":\"https:\/\/www.africa-press.net\/centrafricaine\/politique\/rca-le-procureur-general-eric-didier-tombo-donne-un-peu-de-precision-sur-les-circonstances-de-larrestation-de-lex-ministre-dieudonne-ndomate\"},\"author\":{\"name\":\"cfeditorfr\",\"@id\":\"https:\/\/www.africa-press.net\/centrafricaine\/#\/schema\/person\/2b1cf3cd81a31e3cd26889ca66d677f1\"},\"headline\":\"le procureur g\u00e9n\u00e9ral \u00c9ric Didier Tombo donne un peu de pr\u00e9cision sur les circonstances de l\u2019arrestation de l\u2019ex-ministre Dieudonn\u00e9 Ndomat\u00e9\",\"datePublished\":\"2021-05-15T15:34:04+00:00\",\"dateModified\":\"2021-05-15T17:31:56+00:00\",\"mainEntityOfPage\":{\"@id\":\"https:\/\/www.africa-press.net\/centrafricaine\/politique\/rca-le-procureur-general-eric-didier-tombo-donne-un-peu-de-precision-sur-les-circonstances-de-larrestation-de-lex-ministre-dieudonne-ndomate\"},\"wordCount\":403,\"commentCount\":0,\"image\":{\"@id\":\"https:\/\/www.africa-press.net\/centrafricaine\/politique\/rca-le-procureur-general-eric-didier-tombo-donne-un-peu-de-precision-sur-les-circonstances-de-larrestation-de-lex-ministre-dieudonne-ndomate#primaryimage\"},\"thumbnailUrl\":\"https:\/\/static.africa-press.net\/centrafricaine\/sites\/45\/2021\/05\/img-609fe786cdd21.jpg\",\"keywords\":[\"Africa Press\",\"Africa Press-CentrAfricaine\",\"CentrAfricaine\"],\"articleSection\":[\"homepage-french\",\"Politique\",\"Top Nouvelles\",\"Toutes les actualit\u00e9s\"],\"inLanguage\":\"fr-FR\",\"potentialAction\":[{\"@type\":\"CommentAction\",\"name\":\"Comment\",\"target\":[\"https:\/\/www.africa-press.net\/centrafricaine\/politique\/rca-le-procureur-general-eric-didier-tombo-donne-un-peu-de-precision-sur-les-circonstances-de-larrestation-de-lex-ministre-dieudonne-ndomate#respond\"]}]},{\"@type\":\"WebPage\",\"@id\":\"https:\/\/www.africa-press.net\/centrafricaine\/politique\/rca-le-procureur-general-eric-didier-tombo-donne-un-peu-de-precision-sur-les-circonstances-de-larrestation-de-lex-ministre-dieudonne-ndomate\",\"url\":\"https:\/\/www.africa-press.net\/centrafricaine\/politique\/rca-le-procureur-general-eric-didier-tombo-donne-un-peu-de-precision-sur-les-circonstances-de-larrestation-de-lex-ministre-dieudonne-ndomate\",\"name\":\"le procureur g\u00e9n\u00e9ral \u00c9ric Didier Tombo donne un peu de pr\u00e9cision sur les circonstances de l\u2019arrestation de l\u2019ex-ministre Dieudonn\u00e9 Ndomat\u00e9 - centrafricaine\",\"isPartOf\":{\"@id\":\"https:\/\/www.africa-press.net\/centrafricaine\/#website\"},\"primaryImageOfPage\":{\"@id\":\"https:\/\/www.africa-press.net\/centrafricaine\/politique\/rca-le-procureur-general-eric-didier-tombo-donne-un-peu-de-precision-sur-les-circonstances-de-larrestation-de-lex-ministre-dieudonne-ndomate#primaryimage\"},\"image\":{\"@id\":\"https:\/\/www.africa-press.net\/centrafricaine\/politique\/rca-le-procureur-general-eric-didier-tombo-donne-un-peu-de-precision-sur-les-circonstances-de-larrestation-de-lex-ministre-dieudonne-ndomate#primaryimage\"},\"thumbnailUrl\":\"https:\/\/static.africa-press.net\/centrafricaine\/sites\/45\/2021\/05\/img-609fe786cdd21.jpg\",\"datePublished\":\"2021-05-15T15:34:04+00:00\",\"dateModified\":\"2021-05-15T17:31:56+00:00\",\"author\":{\"@id\":\"https:\/\/www.africa-press.net\/centrafricaine\/#\/schema\/person\/2b1cf3cd81a31e3cd26889ca66d677f1\"},\"description\":\"Bangui, R\u00e9publique centrafricaine, samedi, 15 mai 2021 ( Corbeaunews-Centrafrique). L\u2019ancien ministre centrafricain d ...\",\"breadcrumb\":{\"@id\":\"https:\/\/www.africa-press.net\/centrafricaine\/politique\/rca-le-procureur-general-eric-didier-tombo-donne-un-peu-de-precision-sur-les-circonstances-de-larrestation-de-lex-ministre-dieudonne-ndomate#breadcrumb\"},\"inLanguage\":\"fr-FR\",\"potentialAction\":[{\"@type\":\"ReadAction\",\"target\":[\"https:\/\/www.africa-press.net\/centrafricaine\/politique\/rca-le-procureur-general-eric-didier-tombo-donne-un-peu-de-precision-sur-les-circonstances-de-larrestation-de-lex-ministre-dieudonne-ndomate\"]}]},{\"@type\":\"ImageObject\",\"inLanguage\":\"fr-FR\",\"@id\":\"https:\/\/www.africa-press.net\/centrafricaine\/politique\/rca-le-procureur-general-eric-didier-tombo-donne-un-peu-de-precision-sur-les-circonstances-de-larrestation-de-lex-ministre-dieudonne-ndomate#primaryimage\",\"url\":\"https:\/\/static.africa-press.net\/centrafricaine\/sites\/45\/2021\/05\/img-609fe786cdd21.jpg\",\"contentUrl\":\"https:\/\/static.africa-press.net\/centrafricaine\/sites\/45\/2021\/05\/img-609fe786cdd21.jpg\",\"width\":750,\"height\":676,\"caption\":\"RCA\u00a0: le procureur g\u00e9n\u00e9ral \u00c9ric Didier Tombo donne un peu de pr\u00e9cision sur les circonstances de l\u2019arrestation de l\u2019ex-ministre Dieudonn\u00e9 Ndomat\u00e9\"},{\"@type\":\"BreadcrumbList\",\"@id\":\"https:\/\/www.africa-press.net\/centrafricaine\/politique\/rca-le-procureur-general-eric-didier-tombo-donne-un-peu-de-precision-sur-les-circonstances-de-larrestation-de-lex-ministre-dieudonne-ndomate#breadcrumb\",\"itemListElement\":[{\"@type\":\"ListItem\",\"position\":1,\"name\":\"Accueil\",\"item\":\"https:\/\/www.africa-press.net\/centrafricaine\/\"},{\"@type\":\"ListItem\",\"position\":2,\"name\":\"le procureur g\u00e9n\u00e9ral \u00c9ric Didier Tombo donne un peu de pr\u00e9cision sur les circonstances de l\u2019arrestation de l\u2019ex-ministre Dieudonn\u00e9 Ndomat\u00e9\"}]},{\"@type\":\"WebSite\",\"@id\":\"https:\/\/www.africa-press.net\/centrafricaine\/#website\",\"url\":\"https:\/\/www.africa-press.net\/centrafricaine\/\",\"name\":\"centrafricaine\",\"description\":\"Just another Africa News Agency Sites site\",\"potentialAction\":[{\"@type\":\"SearchAction\",\"target\":{\"@type\":\"EntryPoint\",\"urlTemplate\":\"https:\/\/www.africa-press.net\/centrafricaine\/?s={search_term_string}\"},\"query-input\":{\"@type\":\"PropertyValueSpecification\",\"valueRequired\":true,\"valueName\":\"search_term_string\"}}],\"inLanguage\":\"fr-FR\"},{\"@type\":\"Person\",\"@id\":\"https:\/\/www.africa-press.net\/centrafricaine\/#\/schema\/person\/2b1cf3cd81a31e3cd26889ca66d677f1\",\"name\":\"cfeditorfr\"}]}<\/script>\n<!-- \/ Yoast SEO Premium plugin. -->","yoast_head_json":{"title":"le procureur g\u00e9n\u00e9ral \u00c9ric Didier Tombo donne un peu de pr\u00e9cision sur les circonstances de l\u2019arrestation de l\u2019ex-ministre Dieudonn\u00e9 Ndomat\u00e9 - centrafricaine","description":"Bangui, R\u00e9publique centrafricaine, samedi, 15 mai 2021 ( Corbeaunews-Centrafrique). L\u2019ancien ministre centrafricain d ...","robots":{"index":"index","follow":"follow","max-snippet":"max-snippet:-1","max-image-preview":"max-image-preview:large","max-video-preview":"max-video-preview:-1"},"canonical":"https:\/\/www.africa-press.net\/centrafricaine\/politique\/rca-le-procureur-general-eric-didier-tombo-donne-un-peu-de-precision-sur-les-circonstances-de-larrestation-de-lex-ministre-dieudonne-ndomate","og_locale":"fr_FR","og_type":"article","og_title":"le procureur g\u00e9n\u00e9ral \u00c9ric Didier Tombo donne un peu de pr\u00e9cision sur les circonstances de l\u2019arrestation de l\u2019ex-ministre Dieudonn\u00e9 Ndomat\u00e9","og_description":"Bangui, R\u00e9publique centrafricaine, samedi, 15 mai 2021 ( Corbeaunews-Centrafrique). L\u2019ancien ministre centrafricain d ...","og_url":"https:\/\/www.africa-press.net\/centrafricaine\/politique\/rca-le-procureur-general-eric-didier-tombo-donne-un-peu-de-precision-sur-les-circonstances-de-larrestation-de-lex-ministre-dieudonne-ndomate","og_site_name":"centrafricaine","article_published_time":"2021-05-15T15:34:04+00:00","article_modified_time":"2021-05-15T17:31:56+00:00","og_image":[{"width":750,"height":676,"url":"https:\/\/static.africa-press.net\/centrafricaine\/sites\/45\/2021\/05\/img-609fe786cdd21.jpg","type":"image\/jpeg"}],"author":"cfeditorfr","twitter_card":"summary_large_image","twitter_misc":{"\u00c9crit par":"cfeditorfr","Dur\u00e9e de lecture estim\u00e9e":"2 minutes"},"schema":{"@context":"https:\/\/schema.org","@graph":[{"@type":"Article","@id":"https:\/\/www.africa-press.net\/centrafricaine\/politique\/rca-le-procureur-general-eric-didier-tombo-donne-un-peu-de-precision-sur-les-circonstances-de-larrestation-de-lex-ministre-dieudonne-ndomate#article","isPartOf":{"@id":"https:\/\/www.africa-press.net\/centrafricaine\/politique\/rca-le-procureur-general-eric-didier-tombo-donne-un-peu-de-precision-sur-les-circonstances-de-larrestation-de-lex-ministre-dieudonne-ndomate"},"author":{"name":"cfeditorfr","@id":"https:\/\/www.africa-press.net\/centrafricaine\/#\/schema\/person\/2b1cf3cd81a31e3cd26889ca66d677f1"},"headline":"le procureur g\u00e9n\u00e9ral \u00c9ric Didier Tombo donne un peu de pr\u00e9cision sur les circonstances de l\u2019arrestation de l\u2019ex-ministre Dieudonn\u00e9 Ndomat\u00e9","datePublished":"2021-05-15T15:34:04+00:00","dateModified":"2021-05-15T17:31:56+00:00","mainEntityOfPage":{"@id":"https:\/\/www.africa-press.net\/centrafricaine\/politique\/rca-le-procureur-general-eric-didier-tombo-donne-un-peu-de-precision-sur-les-circonstances-de-larrestation-de-lex-ministre-dieudonne-ndomate"},"wordCount":403,"commentCount":0,"image":{"@id":"https:\/\/www.africa-press.net\/centrafricaine\/politique\/rca-le-procureur-general-eric-didier-tombo-donne-un-peu-de-precision-sur-les-circonstances-de-larrestation-de-lex-ministre-dieudonne-ndomate#primaryimage"},"thumbnailUrl":"https:\/\/static.africa-press.net\/centrafricaine\/sites\/45\/2021\/05\/img-609fe786cdd21.jpg","keywords":["Africa Press","Africa Press-CentrAfricaine","CentrAfricaine"],"articleSection":["homepage-french","Politique","Top Nouvelles","Toutes les actualit\u00e9s"],"inLanguage":"fr-FR","potentialAction":[{"@type":"CommentAction","name":"Comment","target":["https:\/\/www.africa-press.net\/centrafricaine\/politique\/rca-le-procureur-general-eric-didier-tombo-donne-un-peu-de-precision-sur-les-circonstances-de-larrestation-de-lex-ministre-dieudonne-ndomate#respond"]}]},{"@type":"WebPage","@id":"https:\/\/www.africa-press.net\/centrafricaine\/politique\/rca-le-procureur-general-eric-didier-tombo-donne-un-peu-de-precision-sur-les-circonstances-de-larrestation-de-lex-ministre-dieudonne-ndomate","url":"https:\/\/www.africa-press.net\/centrafricaine\/politique\/rca-le-procureur-general-eric-didier-tombo-donne-un-peu-de-precision-sur-les-circonstances-de-larrestation-de-lex-ministre-dieudonne-ndomate","name":"le procureur g\u00e9n\u00e9ral \u00c9ric Didier Tombo donne un peu de pr\u00e9cision sur les circonstances de l\u2019arrestation de l\u2019ex-ministre Dieudonn\u00e9 Ndomat\u00e9 - centrafricaine","isPartOf":{"@id":"https:\/\/www.africa-press.net\/centrafricaine\/#website"},"primaryImageOfPage":{"@id":"https:\/\/www.africa-press.net\/centrafricaine\/politique\/rca-le-procureur-general-eric-didier-tombo-donne-un-peu-de-precision-sur-les-circonstances-de-larrestation-de-lex-ministre-dieudonne-ndomate#primaryimage"},"image":{"@id":"https:\/\/www.africa-press.net\/centrafricaine\/politique\/rca-le-procureur-general-eric-didier-tombo-donne-un-peu-de-precision-sur-les-circonstances-de-larrestation-de-lex-ministre-dieudonne-ndomate#primaryimage"},"thumbnailUrl":"https:\/\/static.africa-press.net\/centrafricaine\/sites\/45\/2021\/05\/img-609fe786cdd21.jpg","datePublished":"2021-05-15T15:34:04+00:00","dateModified":"2021-05-15T17:31:56+00:00","author":{"@id":"https:\/\/www.africa-press.net\/centrafricaine\/#\/schema\/person\/2b1cf3cd81a31e3cd26889ca66d677f1"},"description":"Bangui, R\u00e9publique centrafricaine, samedi, 15 mai 2021 ( Corbeaunews-Centrafrique). L\u2019ancien ministre centrafricain d ...","breadcrumb":{"@id":"https:\/\/www.africa-press.net\/centrafricaine\/politique\/rca-le-procureur-general-eric-didier-tombo-donne-un-peu-de-precision-sur-les-circonstances-de-larrestation-de-lex-ministre-dieudonne-ndomate#breadcrumb"},"inLanguage":"fr-FR","potentialAction":[{"@type":"ReadAction","target":["https:\/\/www.africa-press.net\/centrafricaine\/politique\/rca-le-procureur-general-eric-didier-tombo-donne-un-peu-de-precision-sur-les-circonstances-de-larrestation-de-lex-ministre-dieudonne-ndomate"]}]},{"@type":"ImageObject","inLanguage":"fr-FR","@id":"https:\/\/www.africa-press.net\/centrafricaine\/politique\/rca-le-procureur-general-eric-didier-tombo-donne-un-peu-de-precision-sur-les-circonstances-de-larrestation-de-lex-ministre-dieudonne-ndomate#primaryimage","url":"https:\/\/static.africa-press.net\/centrafricaine\/sites\/45\/2021\/05\/img-609fe786cdd21.jpg","contentUrl":"https:\/\/static.africa-press.net\/centrafricaine\/sites\/45\/2021\/05\/img-609fe786cdd21.jpg","width":750,"height":676,"caption":"RCA\u00a0: le procureur g\u00e9n\u00e9ral \u00c9ric Didier Tombo donne un peu de pr\u00e9cision sur les circonstances de l\u2019arrestation de l\u2019ex-ministre Dieudonn\u00e9 Ndomat\u00e9"},{"@type":"BreadcrumbList","@id":"https:\/\/www.africa-press.net\/centrafricaine\/politique\/rca-le-procureur-general-eric-didier-tombo-donne-un-peu-de-precision-sur-les-circonstances-de-larrestation-de-lex-ministre-dieudonne-ndomate#breadcrumb","itemListElement":[{"@type":"ListItem","position":1,"name":"Accueil","item":"https:\/\/www.africa-press.net\/centrafricaine\/"},{"@type":"ListItem","position":2,"name":"le procureur g\u00e9n\u00e9ral \u00c9ric Didier Tombo donne un peu de pr\u00e9cision sur les circonstances de l\u2019arrestation de l\u2019ex-ministre Dieudonn\u00e9 Ndomat\u00e9"}]},{"@type":"WebSite","@id":"https:\/\/www.africa-press.net\/centrafricaine\/#website","url":"https:\/\/www.africa-press.net\/centrafricaine\/","name":"centrafricaine","description":"Just another Africa News Agency Sites site","potentialAction":[{"@type":"SearchAction","target":{"@type":"EntryPoint","urlTemplate":"https:\/\/www.africa-press.net\/centrafricaine\/?s={search_term_string}"},"query-input":{"@type":"PropertyValueSpecification","valueRequired":true,"valueName":"search_term_string"}}],"inLanguage":"fr-FR"},{"@type":"Person","@id":"https:\/\/www.africa-press.net\/centrafricaine\/#\/schema\/person\/2b1cf3cd81a31e3cd26889ca66d677f1","name":"cfeditorfr"}]}},"_links":{"self":[{"href":"https:\/\/www.africa-press.net\/centrafricaine\/wp-json\/wp\/v2\/posts\/6995","targetHints":{"allow":["GET"]}}],"collection":[{"href":"https:\/\/www.africa-press.net\/centrafricaine\/wp-json\/wp\/v2\/posts"}],"about":[{"href":"https:\/\/www.africa-press.net\/centrafricaine\/wp-json\/wp\/v2\/types\/post"}],"author":[{"embeddable":true,"href":"https:\/\/www.africa-press.net\/centrafricaine\/wp-json\/wp\/v2\/users\/82"}],"replies":[{"embeddable":true,"href":"https:\/\/www.africa-press.net\/centrafricaine\/wp-json\/wp\/v2\/comments?post=6995"}],"version-history":[{"count":0,"href":"https:\/\/www.africa-press.net\/centrafricaine\/wp-json\/wp\/v2\/posts\/6995\/revisions"}],"wp:featuredmedia":[{"embeddable":true,"href":"https:\/\/www.africa-press.net\/centrafricaine\/wp-json\/wp\/v2\/media\/6994"}],"wp:attachment":[{"href":"https:\/\/www.africa-press.net\/centrafricaine\/wp-json\/wp\/v2\/media?parent=6995"}],"wp:term":[{"taxonomy":"category","embeddable":true,"href":"https:\/\/www.africa-press.net\/centrafricaine\/wp-json\/wp\/v2\/categories?post=6995"},{"taxonomy":"post_tag","embeddable":true,"href":"https:\/\/www.africa-press.net\/centrafricaine\/wp-json\/wp\/v2\/tags?post=6995"}],"curies":[{"name":"wp","href":"https:\/\/api.w.org\/{rel}","templated":true}]}}