{"id":6998,"date":"2021-05-15T15:41:51","date_gmt":"2021-05-15T15:41:51","guid":{"rendered":"https:\/\/www.africa-press.net\/centrafricaine\/?p=6998"},"modified":"2021-05-15T17:32:09","modified_gmt":"2021-05-15T17:32:09","slug":"centrafrique-les-enjeux-politiques-diplomatiques-et-judiciaires-de-larrestation-spectaculaire-dun-ressortissant-francais-a-bangui","status":"publish","type":"post","link":"https:\/\/www.africa-press.net\/centrafricaine\/politique\/centrafrique-les-enjeux-politiques-diplomatiques-et-judiciaires-de-larrestation-spectaculaire-dun-ressortissant-francais-a-bangui","title":{"rendered":"LES ENJEUX POLITIQUES, DIPLOMATIQUES ET JUDICIAIRES DE L\u2019ARRESTATION SPECTACULAIRE D\u2019UN RESSORTISSANT FRAN\u00c7AIS \u00c0 BANGUI."},"content":{"rendered":"<p><span style=\"color: #ff6600\"><strong><a href=\"https:\/\/www.africa-press.net\/\">Africa-Press<\/a> &#8211; <a href=\"https:\/\/www.africa-press.net\/centrafricaine\">CentrAfricaine<\/a>.\u00a0 <\/strong><\/span><b>Sur prescription sp\u00e9ciale du procureur g\u00e9n\u00e9ral pr\u00e8s la cour d\u2019appel de Bangui, une unit\u00e9 sp\u00e9ciale de la police centrafricaine a effectu\u00e9 une descente muscl\u00e9e au domicile priv\u00e9 d\u2019un ressortissant fran\u00e7ais qui r\u00e9side officiellement dans le pays depuis 2013. Selon les autorit\u00e9s locales, une panoplie des armes de guerre avec des accessoires militaires ont \u00e9t\u00e9 retrouv\u00e9es lors de cette perquisition. Cette trouvaille extraordinaire et in\u00e9dite appara\u00eet dans un contexte s\u00e9curitaire, diplomatique tendu o\u00f9 des rivalit\u00e9s virtuelles opposent la f\u00e9d\u00e9ration de Russie et la France sur ce qu\u2019on consid\u00e8re depuis les ind\u00e9pendances comme un \u00ab pr\u00e9 carr\u00e9 \u00bb fran\u00e7ais.<\/b><\/p>\n<p>\u00c0 titre de rappel, un rapport des experts de l\u2019ONU qui met en cause l\u2019image de la diplomatie russe a mis \u00e0 d\u00e9couvert les exactions des alli\u00e9s paramilitaires Russes de la soci\u00e9t\u00e9 de s\u00e9curit\u00e9 priv\u00e9e Wagner sur la population civile centrafricaine. Une conf\u00e9rence de presse apparemment non pr\u00e9par\u00e9e \u00e0 viol\u00e9 de fa\u00e7on ostentatoire les secrets de l\u2019instruction o\u00f9 le procureur g\u00e9n\u00e9ral pr\u00e8s la cour d\u2019appel de Bangui est parti tr\u00e8s vite en besogne au m\u00e9pris de la c\u00e9l\u00e8bre notion de la pr\u00e9somption d\u2019innocence alors que l\u2019enqu\u00eate n\u2019est qu\u2019\u00e0 la phase pr\u00e9liminaire de l\u2019instruction qui suppose la pr\u00e9valence de la notion de \u00ab prudence \u00bb lors de la conf\u00e9rence de presse.<\/p>\n<p>Au del\u00e0 de toutes sp\u00e9culations aliment\u00e9es par des agendas cach\u00e9s, nous tenons \u00e0 confirmer qu\u2019au nom du principe de la territorialit\u00e9 des infractions p\u00e9nales, le pr\u00e9venu sera jug\u00e9 par les tribunaux centrafricains et il b\u00e9n\u00e9ficiera en cons\u00e9quence de toutes les garanties de d\u00e9fense prescrites par le droit positif centrafricain c\u2019est \u00e0 dire qu\u2019il a droit entre autres \u00e0 un avocat dans les premi\u00e8res heures de la garde \u00e0 vue, le droit \u00e0 l\u2019assistance d\u2019un m\u00e9decin, il b\u00e9n\u00e9ficie de la pr\u00e9somption d\u2019innocence et au b\u00e9n\u00e9fice du doute, le respect du principe du contradictoire ainsi que le respect du principe du double degr\u00e9 de juridiction.<\/p>\n<p>Par ailleurs les tribunaux du pays du pr\u00e9venu peuvent \u00e9galement se d\u00e9clarer comp\u00e9tente si les faits qui lui sont reproch\u00e9s r\u00e9pondent aux caract\u00e8res d\u2019une infraction connexes c\u2019est \u00e0 dire que l\u2019infraction reproch\u00e9e est commise par des personnes en r\u00e9union, \u00e0 des endroits diff\u00e9rents ou qui a des ramifications en France. D\u2019autre part, conform\u00e9ment aux dispositions de la convention de Viennes du 24 avril 1963 sur les relations consulaires, la France, son pays d\u2019origine promet une protection consulaire qui n\u2019est pas synonyme d\u2019une immunit\u00e9 visant \u00e0 soustraire le pr\u00e9venu de l\u2019architecture juridique nationale mais de veiller \u00e0 la transparence et \u00e0 l\u2019impartialit\u00e9 de l\u2019ensemble de la proc\u00e9dure judiciaire.<\/p>\n<p>Face \u00e0 ce qui appara\u00eet comme le jackpot qui fait la \u00ab une \u00bb des actualit\u00e9s locales, le citoyen lambda s\u2019interroge :<\/p>\n<p>Le sujet fran\u00e7ais mis en cause r\u00e9side t-il sur le territoire national de fa\u00e7on officielle ?<\/p>\n<p>Depuis 2013 ses diff\u00e9rentes activit\u00e9s sont-elles connues des autorit\u00e9s locales ?<\/p>\n<p>Sinon pourquoi ?<\/p>\n<p>Ce sujet fran\u00e7ais est-il un mercenaire, un espion, un agent des services secrets fran\u00e7ais ou un simple trafiquant d\u2019armes ?<\/p>\n<p>A l\u2019image du tweet du conseiller russe du pr\u00e9sident de la r\u00e9publique en mati\u00e8re de s\u00e9curit\u00e9, s\u2019agit-il d\u2019une mise en sc\u00e8ne bien rod\u00e9e pour alimenter les rivalit\u00e9s franco-russe en Centrafrique ?<\/p>\n<p>Peut-on affirmer qu\u2019il s\u2019agit d\u2019une instrumentalisation politique comme soutient le quai d\u2019Orsay \u00e0 Paris ?<\/p>\n<p>Le rappel pr\u00e9cipit\u00e9 \u00e0 Moscou de l\u2019ambassadeur russe accr\u00e9dit\u00e9 en Centrafrique d\u00e9rive t-il de ses frasques ou alors est-il la cons\u00e9quence du spectacle qui gravite autour de cette arrestation ?<\/p>\n<p>Enfin, qu\u2019elles sont les perspectives d\u2019avenir de la coop\u00e9ration russe en Centrafrique ?<\/p>\n<p>En tout \u00e9tat de cause, nous exhortons ceux ou celles qui ne ma\u00eetrisent pas les tenants ni les aboutissants de cette affaire de s\u2019abstenir de toutes amalgames de nature \u00e0 impacter les partenariats traditionnels et surtout de laisser la justice faire son travail de fa\u00e7on lib et sereine.<\/p>\n<p>Mais attention, ne le dites \u00e0 personne. Si on vous demande, ne dites surtout pas que c\u2019est moi.<\/p>\n<p>&nbsp;<\/p>\n","protected":false},"excerpt":{"rendered":"<p>Africa-Press &#8211; CentrAfricaine.\u00a0 Sur prescription sp\u00e9ciale du procureur g\u00e9n\u00e9ral pr\u00e8s la cour d\u2019appel de Bangui, une unit\u00e9 sp\u00e9ciale de la police centrafricaine a effectu\u00e9 une descente muscl\u00e9e au domicile priv\u00e9 d\u2019un ressortissant fran\u00e7ais qui r\u00e9side officiellement dans le pays depuis 2013. Selon les autorit\u00e9s locales, une panoplie des armes de guerre avec des accessoires militaires [&hellip;]<\/p>\n","protected":false},"author":82,"featured_media":6997,"comment_status":"open","ping_status":"closed","sticky":false,"template":"","format":"standard","meta":{"footnotes":""},"categories":[11,2,10],"tags":[36,58,30],"class_list":["post-6998","post","type-post","status-publish","format-standard","has-post-thumbnail","hentry","category-homepage-french","category-politique","category-toutes-les-actualites","tag-africa-press","tag-africa-press-centrafricaine","tag-centrafricaine"],"yoast_head":"<!-- This site is optimized with the Yoast SEO Premium plugin v26.1 (Yoast SEO v27.0) - https:\/\/yoast.com\/product\/yoast-seo-premium-wordpress\/ -->\n<title>LES ENJEUX POLITIQUES, DIPLOMATIQUES ET JUDICIAIRES DE L\u2019ARRESTATION SPECTACULAIRE D\u2019UN RESSORTISSANT FRAN\u00c7AIS \u00c0 BANGUI. - centrafricaine<\/title>\n<meta name=\"description\" content=\"Bangui, R\u00e9publique centrafricaine, samedi, 15 mai 2021 ( Corbeaunews-Centrafrique). Sur prescription sp\u00e9ciale du proc ...\" \/>\n<meta name=\"robots\" content=\"index, follow, max-snippet:-1, max-image-preview:large, max-video-preview:-1\" \/>\n<link rel=\"canonical\" href=\"https:\/\/www.africa-press.net\/centrafricaine\/politique\/centrafrique-les-enjeux-politiques-diplomatiques-et-judiciaires-de-larrestation-spectaculaire-dun-ressortissant-francais-a-bangui\" \/>\n<meta property=\"og:locale\" content=\"fr_FR\" \/>\n<meta property=\"og:type\" content=\"article\" \/>\n<meta property=\"og:title\" content=\"LES ENJEUX POLITIQUES, DIPLOMATIQUES ET JUDICIAIRES DE L\u2019ARRESTATION SPECTACULAIRE D\u2019UN RESSORTISSANT FRAN\u00c7AIS \u00c0 BANGUI.\" \/>\n<meta property=\"og:description\" content=\"Bangui, R\u00e9publique centrafricaine, samedi, 15 mai 2021 ( Corbeaunews-Centrafrique). Sur prescription sp\u00e9ciale du proc ...\" \/>\n<meta property=\"og:url\" content=\"https:\/\/www.africa-press.net\/centrafricaine\/politique\/centrafrique-les-enjeux-politiques-diplomatiques-et-judiciaires-de-larrestation-spectaculaire-dun-ressortissant-francais-a-bangui\" \/>\n<meta property=\"og:site_name\" content=\"centrafricaine\" \/>\n<meta property=\"article:published_time\" content=\"2021-05-15T15:41:51+00:00\" \/>\n<meta property=\"article:modified_time\" content=\"2021-05-15T17:32:09+00:00\" \/>\n<meta property=\"og:image\" content=\"https:\/\/static.africa-press.net\/centrafricaine\/sites\/45\/2021\/05\/img-609fe7b55d71b.jpg\" \/>\n\t<meta property=\"og:image:width\" content=\"720\" \/>\n\t<meta property=\"og:image:height\" content=\"540\" \/>\n\t<meta property=\"og:image:type\" content=\"image\/jpeg\" \/>\n<meta name=\"author\" content=\"cfeditorfr\" \/>\n<meta name=\"twitter:card\" content=\"summary_large_image\" \/>\n<meta name=\"twitter:label1\" content=\"\u00c9crit par\" \/>\n\t<meta name=\"twitter:data1\" content=\"cfeditorfr\" \/>\n\t<meta name=\"twitter:label2\" content=\"Dur\u00e9e de lecture estim\u00e9e\" \/>\n\t<meta name=\"twitter:data2\" content=\"3 minutes\" \/>\n<script type=\"application\/ld+json\" class=\"yoast-schema-graph\">{\"@context\":\"https:\/\/schema.org\",\"@graph\":[{\"@type\":\"Article\",\"@id\":\"https:\/\/www.africa-press.net\/centrafricaine\/politique\/centrafrique-les-enjeux-politiques-diplomatiques-et-judiciaires-de-larrestation-spectaculaire-dun-ressortissant-francais-a-bangui#article\",\"isPartOf\":{\"@id\":\"https:\/\/www.africa-press.net\/centrafricaine\/politique\/centrafrique-les-enjeux-politiques-diplomatiques-et-judiciaires-de-larrestation-spectaculaire-dun-ressortissant-francais-a-bangui\"},\"author\":{\"name\":\"cfeditorfr\",\"@id\":\"https:\/\/www.africa-press.net\/centrafricaine\/#\/schema\/person\/2b1cf3cd81a31e3cd26889ca66d677f1\"},\"headline\":\"LES ENJEUX POLITIQUES, DIPLOMATIQUES ET JUDICIAIRES DE L\u2019ARRESTATION SPECTACULAIRE D\u2019UN RESSORTISSANT FRAN\u00c7AIS \u00c0 BANGUI.\",\"datePublished\":\"2021-05-15T15:41:51+00:00\",\"dateModified\":\"2021-05-15T17:32:09+00:00\",\"mainEntityOfPage\":{\"@id\":\"https:\/\/www.africa-press.net\/centrafricaine\/politique\/centrafrique-les-enjeux-politiques-diplomatiques-et-judiciaires-de-larrestation-spectaculaire-dun-ressortissant-francais-a-bangui\"},\"wordCount\":760,\"commentCount\":0,\"image\":{\"@id\":\"https:\/\/www.africa-press.net\/centrafricaine\/politique\/centrafrique-les-enjeux-politiques-diplomatiques-et-judiciaires-de-larrestation-spectaculaire-dun-ressortissant-francais-a-bangui#primaryimage\"},\"thumbnailUrl\":\"https:\/\/static.africa-press.net\/centrafricaine\/sites\/45\/2021\/05\/img-609fe7b55d71b.jpg\",\"keywords\":[\"Africa Press\",\"Africa Press-CentrAfricaine\",\"CentrAfricaine\"],\"articleSection\":[\"homepage-french\",\"Politique\",\"Toutes les actualit\u00e9s\"],\"inLanguage\":\"fr-FR\",\"potentialAction\":[{\"@type\":\"CommentAction\",\"name\":\"Comment\",\"target\":[\"https:\/\/www.africa-press.net\/centrafricaine\/politique\/centrafrique-les-enjeux-politiques-diplomatiques-et-judiciaires-de-larrestation-spectaculaire-dun-ressortissant-francais-a-bangui#respond\"]}]},{\"@type\":\"WebPage\",\"@id\":\"https:\/\/www.africa-press.net\/centrafricaine\/politique\/centrafrique-les-enjeux-politiques-diplomatiques-et-judiciaires-de-larrestation-spectaculaire-dun-ressortissant-francais-a-bangui\",\"url\":\"https:\/\/www.africa-press.net\/centrafricaine\/politique\/centrafrique-les-enjeux-politiques-diplomatiques-et-judiciaires-de-larrestation-spectaculaire-dun-ressortissant-francais-a-bangui\",\"name\":\"LES ENJEUX POLITIQUES, DIPLOMATIQUES ET JUDICIAIRES DE L\u2019ARRESTATION SPECTACULAIRE D\u2019UN RESSORTISSANT FRAN\u00c7AIS \u00c0 BANGUI. - centrafricaine\",\"isPartOf\":{\"@id\":\"https:\/\/www.africa-press.net\/centrafricaine\/#website\"},\"primaryImageOfPage\":{\"@id\":\"https:\/\/www.africa-press.net\/centrafricaine\/politique\/centrafrique-les-enjeux-politiques-diplomatiques-et-judiciaires-de-larrestation-spectaculaire-dun-ressortissant-francais-a-bangui#primaryimage\"},\"image\":{\"@id\":\"https:\/\/www.africa-press.net\/centrafricaine\/politique\/centrafrique-les-enjeux-politiques-diplomatiques-et-judiciaires-de-larrestation-spectaculaire-dun-ressortissant-francais-a-bangui#primaryimage\"},\"thumbnailUrl\":\"https:\/\/static.africa-press.net\/centrafricaine\/sites\/45\/2021\/05\/img-609fe7b55d71b.jpg\",\"datePublished\":\"2021-05-15T15:41:51+00:00\",\"dateModified\":\"2021-05-15T17:32:09+00:00\",\"author\":{\"@id\":\"https:\/\/www.africa-press.net\/centrafricaine\/#\/schema\/person\/2b1cf3cd81a31e3cd26889ca66d677f1\"},\"description\":\"Bangui, R\u00e9publique centrafricaine, samedi, 15 mai 2021 ( Corbeaunews-Centrafrique). Sur prescription sp\u00e9ciale du proc ...\",\"breadcrumb\":{\"@id\":\"https:\/\/www.africa-press.net\/centrafricaine\/politique\/centrafrique-les-enjeux-politiques-diplomatiques-et-judiciaires-de-larrestation-spectaculaire-dun-ressortissant-francais-a-bangui#breadcrumb\"},\"inLanguage\":\"fr-FR\",\"potentialAction\":[{\"@type\":\"ReadAction\",\"target\":[\"https:\/\/www.africa-press.net\/centrafricaine\/politique\/centrafrique-les-enjeux-politiques-diplomatiques-et-judiciaires-de-larrestation-spectaculaire-dun-ressortissant-francais-a-bangui\"]}]},{\"@type\":\"ImageObject\",\"inLanguage\":\"fr-FR\",\"@id\":\"https:\/\/www.africa-press.net\/centrafricaine\/politique\/centrafrique-les-enjeux-politiques-diplomatiques-et-judiciaires-de-larrestation-spectaculaire-dun-ressortissant-francais-a-bangui#primaryimage\",\"url\":\"https:\/\/static.africa-press.net\/centrafricaine\/sites\/45\/2021\/05\/img-609fe7b55d71b.jpg\",\"contentUrl\":\"https:\/\/static.africa-press.net\/centrafricaine\/sites\/45\/2021\/05\/img-609fe7b55d71b.jpg\",\"width\":720,\"height\":540,\"caption\":\"CENTRAFRIQUE : LES ENJEUX POLITIQUES, DIPLOMATIQUES ET JUDICIAIRES DE L\u2019ARRESTATION SPECTACULAIRE D\u2019UN RESSORTISSANT FRAN\u00c7AIS \u00c0 BANGUI.\"},{\"@type\":\"BreadcrumbList\",\"@id\":\"https:\/\/www.africa-press.net\/centrafricaine\/politique\/centrafrique-les-enjeux-politiques-diplomatiques-et-judiciaires-de-larrestation-spectaculaire-dun-ressortissant-francais-a-bangui#breadcrumb\",\"itemListElement\":[{\"@type\":\"ListItem\",\"position\":1,\"name\":\"Accueil\",\"item\":\"https:\/\/www.africa-press.net\/centrafricaine\/\"},{\"@type\":\"ListItem\",\"position\":2,\"name\":\"LES ENJEUX POLITIQUES, DIPLOMATIQUES ET JUDICIAIRES DE L\u2019ARRESTATION SPECTACULAIRE D\u2019UN RESSORTISSANT FRAN\u00c7AIS \u00c0 BANGUI.\"}]},{\"@type\":\"WebSite\",\"@id\":\"https:\/\/www.africa-press.net\/centrafricaine\/#website\",\"url\":\"https:\/\/www.africa-press.net\/centrafricaine\/\",\"name\":\"centrafricaine\",\"description\":\"Just another Africa News Agency Sites site\",\"potentialAction\":[{\"@type\":\"SearchAction\",\"target\":{\"@type\":\"EntryPoint\",\"urlTemplate\":\"https:\/\/www.africa-press.net\/centrafricaine\/?s={search_term_string}\"},\"query-input\":{\"@type\":\"PropertyValueSpecification\",\"valueRequired\":true,\"valueName\":\"search_term_string\"}}],\"inLanguage\":\"fr-FR\"},{\"@type\":\"Person\",\"@id\":\"https:\/\/www.africa-press.net\/centrafricaine\/#\/schema\/person\/2b1cf3cd81a31e3cd26889ca66d677f1\",\"name\":\"cfeditorfr\"}]}<\/script>\n<!-- \/ Yoast SEO Premium plugin. -->","yoast_head_json":{"title":"LES ENJEUX POLITIQUES, DIPLOMATIQUES ET JUDICIAIRES DE L\u2019ARRESTATION SPECTACULAIRE D\u2019UN RESSORTISSANT FRAN\u00c7AIS \u00c0 BANGUI. - centrafricaine","description":"Bangui, R\u00e9publique centrafricaine, samedi, 15 mai 2021 ( Corbeaunews-Centrafrique). Sur prescription sp\u00e9ciale du proc ...","robots":{"index":"index","follow":"follow","max-snippet":"max-snippet:-1","max-image-preview":"max-image-preview:large","max-video-preview":"max-video-preview:-1"},"canonical":"https:\/\/www.africa-press.net\/centrafricaine\/politique\/centrafrique-les-enjeux-politiques-diplomatiques-et-judiciaires-de-larrestation-spectaculaire-dun-ressortissant-francais-a-bangui","og_locale":"fr_FR","og_type":"article","og_title":"LES ENJEUX POLITIQUES, DIPLOMATIQUES ET JUDICIAIRES DE L\u2019ARRESTATION SPECTACULAIRE D\u2019UN RESSORTISSANT FRAN\u00c7AIS \u00c0 BANGUI.","og_description":"Bangui, R\u00e9publique centrafricaine, samedi, 15 mai 2021 ( Corbeaunews-Centrafrique). Sur prescription sp\u00e9ciale du proc ...","og_url":"https:\/\/www.africa-press.net\/centrafricaine\/politique\/centrafrique-les-enjeux-politiques-diplomatiques-et-judiciaires-de-larrestation-spectaculaire-dun-ressortissant-francais-a-bangui","og_site_name":"centrafricaine","article_published_time":"2021-05-15T15:41:51+00:00","article_modified_time":"2021-05-15T17:32:09+00:00","og_image":[{"width":720,"height":540,"url":"https:\/\/static.africa-press.net\/centrafricaine\/sites\/45\/2021\/05\/img-609fe7b55d71b.jpg","type":"image\/jpeg"}],"author":"cfeditorfr","twitter_card":"summary_large_image","twitter_misc":{"\u00c9crit par":"cfeditorfr","Dur\u00e9e de lecture estim\u00e9e":"3 minutes"},"schema":{"@context":"https:\/\/schema.org","@graph":[{"@type":"Article","@id":"https:\/\/www.africa-press.net\/centrafricaine\/politique\/centrafrique-les-enjeux-politiques-diplomatiques-et-judiciaires-de-larrestation-spectaculaire-dun-ressortissant-francais-a-bangui#article","isPartOf":{"@id":"https:\/\/www.africa-press.net\/centrafricaine\/politique\/centrafrique-les-enjeux-politiques-diplomatiques-et-judiciaires-de-larrestation-spectaculaire-dun-ressortissant-francais-a-bangui"},"author":{"name":"cfeditorfr","@id":"https:\/\/www.africa-press.net\/centrafricaine\/#\/schema\/person\/2b1cf3cd81a31e3cd26889ca66d677f1"},"headline":"LES ENJEUX POLITIQUES, DIPLOMATIQUES ET JUDICIAIRES DE L\u2019ARRESTATION SPECTACULAIRE D\u2019UN RESSORTISSANT FRAN\u00c7AIS \u00c0 BANGUI.","datePublished":"2021-05-15T15:41:51+00:00","dateModified":"2021-05-15T17:32:09+00:00","mainEntityOfPage":{"@id":"https:\/\/www.africa-press.net\/centrafricaine\/politique\/centrafrique-les-enjeux-politiques-diplomatiques-et-judiciaires-de-larrestation-spectaculaire-dun-ressortissant-francais-a-bangui"},"wordCount":760,"commentCount":0,"image":{"@id":"https:\/\/www.africa-press.net\/centrafricaine\/politique\/centrafrique-les-enjeux-politiques-diplomatiques-et-judiciaires-de-larrestation-spectaculaire-dun-ressortissant-francais-a-bangui#primaryimage"},"thumbnailUrl":"https:\/\/static.africa-press.net\/centrafricaine\/sites\/45\/2021\/05\/img-609fe7b55d71b.jpg","keywords":["Africa Press","Africa Press-CentrAfricaine","CentrAfricaine"],"articleSection":["homepage-french","Politique","Toutes les actualit\u00e9s"],"inLanguage":"fr-FR","potentialAction":[{"@type":"CommentAction","name":"Comment","target":["https:\/\/www.africa-press.net\/centrafricaine\/politique\/centrafrique-les-enjeux-politiques-diplomatiques-et-judiciaires-de-larrestation-spectaculaire-dun-ressortissant-francais-a-bangui#respond"]}]},{"@type":"WebPage","@id":"https:\/\/www.africa-press.net\/centrafricaine\/politique\/centrafrique-les-enjeux-politiques-diplomatiques-et-judiciaires-de-larrestation-spectaculaire-dun-ressortissant-francais-a-bangui","url":"https:\/\/www.africa-press.net\/centrafricaine\/politique\/centrafrique-les-enjeux-politiques-diplomatiques-et-judiciaires-de-larrestation-spectaculaire-dun-ressortissant-francais-a-bangui","name":"LES ENJEUX POLITIQUES, DIPLOMATIQUES ET JUDICIAIRES DE L\u2019ARRESTATION SPECTACULAIRE D\u2019UN RESSORTISSANT FRAN\u00c7AIS \u00c0 BANGUI. - centrafricaine","isPartOf":{"@id":"https:\/\/www.africa-press.net\/centrafricaine\/#website"},"primaryImageOfPage":{"@id":"https:\/\/www.africa-press.net\/centrafricaine\/politique\/centrafrique-les-enjeux-politiques-diplomatiques-et-judiciaires-de-larrestation-spectaculaire-dun-ressortissant-francais-a-bangui#primaryimage"},"image":{"@id":"https:\/\/www.africa-press.net\/centrafricaine\/politique\/centrafrique-les-enjeux-politiques-diplomatiques-et-judiciaires-de-larrestation-spectaculaire-dun-ressortissant-francais-a-bangui#primaryimage"},"thumbnailUrl":"https:\/\/static.africa-press.net\/centrafricaine\/sites\/45\/2021\/05\/img-609fe7b55d71b.jpg","datePublished":"2021-05-15T15:41:51+00:00","dateModified":"2021-05-15T17:32:09+00:00","author":{"@id":"https:\/\/www.africa-press.net\/centrafricaine\/#\/schema\/person\/2b1cf3cd81a31e3cd26889ca66d677f1"},"description":"Bangui, R\u00e9publique centrafricaine, samedi, 15 mai 2021 ( Corbeaunews-Centrafrique). Sur prescription sp\u00e9ciale du proc ...","breadcrumb":{"@id":"https:\/\/www.africa-press.net\/centrafricaine\/politique\/centrafrique-les-enjeux-politiques-diplomatiques-et-judiciaires-de-larrestation-spectaculaire-dun-ressortissant-francais-a-bangui#breadcrumb"},"inLanguage":"fr-FR","potentialAction":[{"@type":"ReadAction","target":["https:\/\/www.africa-press.net\/centrafricaine\/politique\/centrafrique-les-enjeux-politiques-diplomatiques-et-judiciaires-de-larrestation-spectaculaire-dun-ressortissant-francais-a-bangui"]}]},{"@type":"ImageObject","inLanguage":"fr-FR","@id":"https:\/\/www.africa-press.net\/centrafricaine\/politique\/centrafrique-les-enjeux-politiques-diplomatiques-et-judiciaires-de-larrestation-spectaculaire-dun-ressortissant-francais-a-bangui#primaryimage","url":"https:\/\/static.africa-press.net\/centrafricaine\/sites\/45\/2021\/05\/img-609fe7b55d71b.jpg","contentUrl":"https:\/\/static.africa-press.net\/centrafricaine\/sites\/45\/2021\/05\/img-609fe7b55d71b.jpg","width":720,"height":540,"caption":"CENTRAFRIQUE : LES ENJEUX POLITIQUES, DIPLOMATIQUES ET JUDICIAIRES DE L\u2019ARRESTATION SPECTACULAIRE D\u2019UN RESSORTISSANT FRAN\u00c7AIS \u00c0 BANGUI."},{"@type":"BreadcrumbList","@id":"https:\/\/www.africa-press.net\/centrafricaine\/politique\/centrafrique-les-enjeux-politiques-diplomatiques-et-judiciaires-de-larrestation-spectaculaire-dun-ressortissant-francais-a-bangui#breadcrumb","itemListElement":[{"@type":"ListItem","position":1,"name":"Accueil","item":"https:\/\/www.africa-press.net\/centrafricaine\/"},{"@type":"ListItem","position":2,"name":"LES ENJEUX POLITIQUES, DIPLOMATIQUES ET JUDICIAIRES DE L\u2019ARRESTATION SPECTACULAIRE D\u2019UN RESSORTISSANT FRAN\u00c7AIS \u00c0 BANGUI."}]},{"@type":"WebSite","@id":"https:\/\/www.africa-press.net\/centrafricaine\/#website","url":"https:\/\/www.africa-press.net\/centrafricaine\/","name":"centrafricaine","description":"Just another Africa News Agency Sites site","potentialAction":[{"@type":"SearchAction","target":{"@type":"EntryPoint","urlTemplate":"https:\/\/www.africa-press.net\/centrafricaine\/?s={search_term_string}"},"query-input":{"@type":"PropertyValueSpecification","valueRequired":true,"valueName":"search_term_string"}}],"inLanguage":"fr-FR"},{"@type":"Person","@id":"https:\/\/www.africa-press.net\/centrafricaine\/#\/schema\/person\/2b1cf3cd81a31e3cd26889ca66d677f1","name":"cfeditorfr"}]}},"_links":{"self":[{"href":"https:\/\/www.africa-press.net\/centrafricaine\/wp-json\/wp\/v2\/posts\/6998","targetHints":{"allow":["GET"]}}],"collection":[{"href":"https:\/\/www.africa-press.net\/centrafricaine\/wp-json\/wp\/v2\/posts"}],"about":[{"href":"https:\/\/www.africa-press.net\/centrafricaine\/wp-json\/wp\/v2\/types\/post"}],"author":[{"embeddable":true,"href":"https:\/\/www.africa-press.net\/centrafricaine\/wp-json\/wp\/v2\/users\/82"}],"replies":[{"embeddable":true,"href":"https:\/\/www.africa-press.net\/centrafricaine\/wp-json\/wp\/v2\/comments?post=6998"}],"version-history":[{"count":0,"href":"https:\/\/www.africa-press.net\/centrafricaine\/wp-json\/wp\/v2\/posts\/6998\/revisions"}],"wp:featuredmedia":[{"embeddable":true,"href":"https:\/\/www.africa-press.net\/centrafricaine\/wp-json\/wp\/v2\/media\/6997"}],"wp:attachment":[{"href":"https:\/\/www.africa-press.net\/centrafricaine\/wp-json\/wp\/v2\/media?parent=6998"}],"wp:term":[{"taxonomy":"category","embeddable":true,"href":"https:\/\/www.africa-press.net\/centrafricaine\/wp-json\/wp\/v2\/categories?post=6998"},{"taxonomy":"post_tag","embeddable":true,"href":"https:\/\/www.africa-press.net\/centrafricaine\/wp-json\/wp\/v2\/tags?post=6998"}],"curies":[{"name":"wp","href":"https:\/\/api.w.org\/{rel}","templated":true}]}}