{"id":70057,"date":"2025-04-11T15:56:28","date_gmt":"2025-04-11T15:56:28","guid":{"rendered":"https:\/\/www.africa-press.net\/centrafricaine\/politique\/la-ministre-des-affaires-etrangeres-relance-les-operations-de-delivrance-des-passeports-diplomatiques-et-de-service"},"modified":"2025-04-11T15:56:28","modified_gmt":"2025-04-11T15:56:28","slug":"la-ministre-des-affaires-etrangeres-relance-les-operations-de-delivrance-des-passeports-diplomatiques-et-de-service","status":"publish","type":"post","link":"https:\/\/www.africa-press.net\/centrafricaine\/politique\/la-ministre-des-affaires-etrangeres-relance-les-operations-de-delivrance-des-passeports-diplomatiques-et-de-service","title":{"rendered":"la ministre des affaires \u00e9trang\u00e8res relance les op\u00e9rations de d\u00e9livrance des passeports diplomatiques et de service"},"content":{"rendered":"<p><span style=\"color: #ff6600\"><strong>Africa-Press &#8211; CentrAfricaine. <\/strong><\/span>La ministre des affaires e\u0301trange\u0300res et des Centrafricains de l\u2019e\u0301tranger, Sylvie Nditifei ne\u0301e Baipo-Temon, a lance\u0301 en compagnie de l\u2019administrateur, Directeur ge\u0301ne\u0301ral de la Socie\u0301te\u0301 E\u0301mettrice de Documents Se\u0301curise\u0301s en Centrafrique (SEDOSEC), la reprise des ope\u0301rations de de\u0301livrance des passeports diplomatiques et de service en RCA.<\/p>\n<p>Suspendue il y\u2019a quelques mois a\u0300 la suite de la rupture de contrat entre le gouvernement centrafricain et l\u2019ancienne socie\u0301te\u0301 en charge de la de\u0301livrance des passeports biome\u0301triques dans le pays, la reprise de la de\u0301livrance de ces documents de voyage a eu lieu ce jour en pre\u0301sence du ministre des affaires e\u0301trange\u0300res charge\u0301 de la de\u0301livrance de ces passeports et du responsable de la Socie\u0301te\u0301 SEDOSEC qui s\u2019occupe de leur confection.<\/p>\n<p>Une confe\u0301rence de presse s\u2019est tenue a\u0300 cet effet, la ministre des affaires e\u0301trange\u0300res ainsi que le directeur ge\u0301ne\u0301ral de la SEDOSEC ont apporte\u0301 des e\u0301le\u0301ments de clarification au sujet des modalite\u0301s de de\u0301livrance de ces documents.<\/p>\n<p>Cette phase de de\u0301livrance lance\u0301e aujourd\u2019hui ne concernera que les demandeurs des passeports diplomatiques et de service qui sont sur le territoire national, les centrafricains de la diaspora devront patienter jusqu\u2019au mois de mai.<\/p>\n<p><b>\u00ab La SEDOSEC est une socie\u0301te\u0301 de droit centrafricain lie\u0301e a\u0300 une socie\u0301te\u0301 internationale qui se charge de de\u0301livrer des documents se\u0301curise\u0301s un peu partout dans le monde et en Afrique. Le gouvernement e\u0301 de\u0301cide\u0301 de changer de prestataires pour pouvoir e\u0301mettre des documents se\u0301curise\u0301s qui re\u0301pondent aux normes internationales tout en prenant en compte les dispositions le\u0301gales en matie\u0300re de de\u0301livrance des passeports diplomatiques et de service \u00bb<\/b> a fait savoir <b>Sylvie Nditifei ne\u0301e Baipo-Temon<\/b>.<\/p>\n<p>De co\u0302te\u0301, le Directeur ge\u0301ne\u0301ral de SEDOSEC a quant a\u0300 lui rassure\u0301 les centrafricains de la diaspora que des missions seront de\u0301pe\u0302che\u0301es dans des repre\u0301sentations du pays afin de leur donner la possibilite\u0301 de s\u2019enregistrer pour disposer de leurs passeports.<\/p>\n<p><b>Source: Ndjoni Sango<\/b><\/p>\n<p><strong>Pour plus d&rsquo;informations et d&rsquo;analyses sur la <span style=\"color: #ff6600\">CentrAfricaine<\/span>, suivez <span style=\"color: #ff6600\">Africa-Press<span style=\"color: #ff6600\"><\/span><\/strong><\/p>\n","protected":false},"excerpt":{"rendered":"<p>Africa-Press &#8211; CentrAfricaine. La ministre des affaires e\u0301trange\u0300res et des Centrafricains de l\u2019e\u0301tranger, Sylvie Nditifei ne\u0301e Baipo-Temon, a lance\u0301 en compagnie de l\u2019administrateur, Directeur ge\u0301ne\u0301ral de la Socie\u0301te\u0301 E\u0301mettrice de Documents Se\u0301curise\u0301s en Centrafrique (SEDOSEC), la reprise des ope\u0301rations de de\u0301livrance des passeports diplomatiques et de service en RCA. Suspendue il y\u2019a quelques mois a\u0300 [&hellip;]<\/p>\n","protected":false},"author":82,"featured_media":70056,"comment_status":"open","ping_status":"closed","sticky":false,"template":"","format":"standard","meta":{"footnotes":""},"categories":[2,10],"tags":[30,41,1754,5827,5826],"class_list":["post-70057","post","type-post","status-publish","format-standard","has-post-thumbnail","hentry","category-politique","category-toutes-les-actualites","tag-centrafricaine","tag-centrafrique","tag-lancement","tag-passeport-diplomatique","tag-sylvie-nditifei-nee-baipo-temon"],"yoast_head":"<!-- This site is optimized with the Yoast SEO Premium plugin v26.1 (Yoast SEO v27.0) - https:\/\/yoast.com\/product\/yoast-seo-premium-wordpress\/ -->\n<title>la ministre des affaires \u00e9trang\u00e8res relance les op\u00e9rations de d\u00e9livrance des passeports diplomatiques et de service - centrafricaine<\/title>\n<meta name=\"robots\" content=\"index, follow, max-snippet:-1, max-image-preview:large, max-video-preview:-1\" \/>\n<link rel=\"canonical\" href=\"https:\/\/www.africa-press.net\/centrafricaine\/politique\/la-ministre-des-affaires-etrangeres-relance-les-operations-de-delivrance-des-passeports-diplomatiques-et-de-service\" \/>\n<meta property=\"og:locale\" content=\"fr_FR\" \/>\n<meta property=\"og:type\" content=\"article\" \/>\n<meta property=\"og:title\" content=\"la ministre des affaires \u00e9trang\u00e8res relance les op\u00e9rations de d\u00e9livrance des passeports diplomatiques et de service\" \/>\n<meta property=\"og:description\" content=\"Africa-Press &#8211; CentrAfricaine. La ministre des affaires e\u0301trange\u0300res et des Centrafricains de l\u2019e\u0301tranger, Sylvie Nditifei ne\u0301e Baipo-Temon, a lance\u0301 en compagnie de l\u2019administrateur, Directeur ge\u0301ne\u0301ral de la Socie\u0301te\u0301 E\u0301mettrice de Documents Se\u0301curise\u0301s en Centrafrique (SEDOSEC), la reprise des ope\u0301rations de de\u0301livrance des passeports diplomatiques et de service en RCA. Suspendue il y\u2019a quelques mois a\u0300 [&hellip;]\" \/>\n<meta property=\"og:url\" content=\"https:\/\/www.africa-press.net\/centrafricaine\/politique\/la-ministre-des-affaires-etrangeres-relance-les-operations-de-delivrance-des-passeports-diplomatiques-et-de-service\" \/>\n<meta property=\"og:site_name\" content=\"centrafricaine\" \/>\n<meta property=\"article:published_time\" content=\"2025-04-11T15:56:28+00:00\" \/>\n<meta name=\"author\" content=\"cfeditorfr\" \/>\n<meta name=\"twitter:card\" content=\"summary_large_image\" \/>\n<meta name=\"twitter:label1\" content=\"\u00c9crit par\" \/>\n\t<meta name=\"twitter:data1\" content=\"cfeditorfr\" \/>\n\t<meta name=\"twitter:label2\" content=\"Dur\u00e9e de lecture estim\u00e9e\" \/>\n\t<meta name=\"twitter:data2\" content=\"2 minutes\" \/>\n<script type=\"application\/ld+json\" class=\"yoast-schema-graph\">{\"@context\":\"https:\/\/schema.org\",\"@graph\":[{\"@type\":\"Article\",\"@id\":\"https:\/\/www.africa-press.net\/centrafricaine\/politique\/la-ministre-des-affaires-etrangeres-relance-les-operations-de-delivrance-des-passeports-diplomatiques-et-de-service#article\",\"isPartOf\":{\"@id\":\"https:\/\/www.africa-press.net\/centrafricaine\/politique\/la-ministre-des-affaires-etrangeres-relance-les-operations-de-delivrance-des-passeports-diplomatiques-et-de-service\"},\"author\":{\"name\":\"cfeditorfr\",\"@id\":\"https:\/\/www.africa-press.net\/centrafricaine\/#\/schema\/person\/2b1cf3cd81a31e3cd26889ca66d677f1\"},\"headline\":\"la ministre des affaires \u00e9trang\u00e8res relance les op\u00e9rations de d\u00e9livrance des passeports diplomatiques et de service\",\"datePublished\":\"2025-04-11T15:56:28+00:00\",\"mainEntityOfPage\":{\"@id\":\"https:\/\/www.africa-press.net\/centrafricaine\/politique\/la-ministre-des-affaires-etrangeres-relance-les-operations-de-delivrance-des-passeports-diplomatiques-et-de-service\"},\"wordCount\":403,\"commentCount\":0,\"image\":{\"@id\":\"https:\/\/www.africa-press.net\/centrafricaine\/politique\/la-ministre-des-affaires-etrangeres-relance-les-operations-de-delivrance-des-passeports-diplomatiques-et-de-service#primaryimage\"},\"thumbnailUrl\":\"https:\/\/static.africa-press.net\/centrafricaine\/sites\/45\/2025\/04\/sm_1744375397.539178.jpg\",\"keywords\":[\"CentrAfricaine\",\"Centrafrique\",\"lancement\",\"passeport diplomatique\",\"Sylvie Nditifei n\u00e9e Baipo-Temon\"],\"articleSection\":[\"Politique\",\"Toutes les actualit\u00e9s\"],\"inLanguage\":\"fr-FR\",\"potentialAction\":[{\"@type\":\"CommentAction\",\"name\":\"Comment\",\"target\":[\"https:\/\/www.africa-press.net\/centrafricaine\/politique\/la-ministre-des-affaires-etrangeres-relance-les-operations-de-delivrance-des-passeports-diplomatiques-et-de-service#respond\"]}]},{\"@type\":\"WebPage\",\"@id\":\"https:\/\/www.africa-press.net\/centrafricaine\/politique\/la-ministre-des-affaires-etrangeres-relance-les-operations-de-delivrance-des-passeports-diplomatiques-et-de-service\",\"url\":\"https:\/\/www.africa-press.net\/centrafricaine\/politique\/la-ministre-des-affaires-etrangeres-relance-les-operations-de-delivrance-des-passeports-diplomatiques-et-de-service\",\"name\":\"la ministre des affaires \u00e9trang\u00e8res relance les op\u00e9rations de d\u00e9livrance des passeports diplomatiques et de service - centrafricaine\",\"isPartOf\":{\"@id\":\"https:\/\/www.africa-press.net\/centrafricaine\/#website\"},\"primaryImageOfPage\":{\"@id\":\"https:\/\/www.africa-press.net\/centrafricaine\/politique\/la-ministre-des-affaires-etrangeres-relance-les-operations-de-delivrance-des-passeports-diplomatiques-et-de-service#primaryimage\"},\"image\":{\"@id\":\"https:\/\/www.africa-press.net\/centrafricaine\/politique\/la-ministre-des-affaires-etrangeres-relance-les-operations-de-delivrance-des-passeports-diplomatiques-et-de-service#primaryimage\"},\"thumbnailUrl\":\"https:\/\/static.africa-press.net\/centrafricaine\/sites\/45\/2025\/04\/sm_1744375397.539178.jpg\",\"datePublished\":\"2025-04-11T15:56:28+00:00\",\"author\":{\"@id\":\"https:\/\/www.africa-press.net\/centrafricaine\/#\/schema\/person\/2b1cf3cd81a31e3cd26889ca66d677f1\"},\"breadcrumb\":{\"@id\":\"https:\/\/www.africa-press.net\/centrafricaine\/politique\/la-ministre-des-affaires-etrangeres-relance-les-operations-de-delivrance-des-passeports-diplomatiques-et-de-service#breadcrumb\"},\"inLanguage\":\"fr-FR\",\"potentialAction\":[{\"@type\":\"ReadAction\",\"target\":[\"https:\/\/www.africa-press.net\/centrafricaine\/politique\/la-ministre-des-affaires-etrangeres-relance-les-operations-de-delivrance-des-passeports-diplomatiques-et-de-service\"]}]},{\"@type\":\"ImageObject\",\"inLanguage\":\"fr-FR\",\"@id\":\"https:\/\/www.africa-press.net\/centrafricaine\/politique\/la-ministre-des-affaires-etrangeres-relance-les-operations-de-delivrance-des-passeports-diplomatiques-et-de-service#primaryimage\",\"url\":\"https:\/\/static.africa-press.net\/centrafricaine\/sites\/45\/2025\/04\/sm_1744375397.539178.jpg\",\"contentUrl\":\"https:\/\/static.africa-press.net\/centrafricaine\/sites\/45\/2025\/04\/sm_1744375397.539178.jpg\",\"width\":1240,\"height\":490,\"caption\":\"la ministre des affaires \u00e9trang\u00e8res relance les op\u00e9rations de d\u00e9livrance des passeports diplomatiques et de service\"},{\"@type\":\"BreadcrumbList\",\"@id\":\"https:\/\/www.africa-press.net\/centrafricaine\/politique\/la-ministre-des-affaires-etrangeres-relance-les-operations-de-delivrance-des-passeports-diplomatiques-et-de-service#breadcrumb\",\"itemListElement\":[{\"@type\":\"ListItem\",\"position\":1,\"name\":\"Accueil\",\"item\":\"https:\/\/www.africa-press.net\/centrafricaine\/\"},{\"@type\":\"ListItem\",\"position\":2,\"name\":\"la ministre des affaires \u00e9trang\u00e8res relance les op\u00e9rations de d\u00e9livrance des passeports diplomatiques et de service\"}]},{\"@type\":\"WebSite\",\"@id\":\"https:\/\/www.africa-press.net\/centrafricaine\/#website\",\"url\":\"https:\/\/www.africa-press.net\/centrafricaine\/\",\"name\":\"centrafricaine\",\"description\":\"Just another Africa News Agency Sites site\",\"potentialAction\":[{\"@type\":\"SearchAction\",\"target\":{\"@type\":\"EntryPoint\",\"urlTemplate\":\"https:\/\/www.africa-press.net\/centrafricaine\/?s={search_term_string}\"},\"query-input\":{\"@type\":\"PropertyValueSpecification\",\"valueRequired\":true,\"valueName\":\"search_term_string\"}}],\"inLanguage\":\"fr-FR\"},{\"@type\":\"Person\",\"@id\":\"https:\/\/www.africa-press.net\/centrafricaine\/#\/schema\/person\/2b1cf3cd81a31e3cd26889ca66d677f1\",\"name\":\"cfeditorfr\"}]}<\/script>\n<!-- \/ Yoast SEO Premium plugin. -->","yoast_head_json":{"title":"la ministre des affaires \u00e9trang\u00e8res relance les op\u00e9rations de d\u00e9livrance des passeports diplomatiques et de service - centrafricaine","robots":{"index":"index","follow":"follow","max-snippet":"max-snippet:-1","max-image-preview":"max-image-preview:large","max-video-preview":"max-video-preview:-1"},"canonical":"https:\/\/www.africa-press.net\/centrafricaine\/politique\/la-ministre-des-affaires-etrangeres-relance-les-operations-de-delivrance-des-passeports-diplomatiques-et-de-service","og_locale":"fr_FR","og_type":"article","og_title":"la ministre des affaires \u00e9trang\u00e8res relance les op\u00e9rations de d\u00e9livrance des passeports diplomatiques et de service","og_description":"Africa-Press &#8211; CentrAfricaine. La ministre des affaires e\u0301trange\u0300res et des Centrafricains de l\u2019e\u0301tranger, Sylvie Nditifei ne\u0301e Baipo-Temon, a lance\u0301 en compagnie de l\u2019administrateur, Directeur ge\u0301ne\u0301ral de la Socie\u0301te\u0301 E\u0301mettrice de Documents Se\u0301curise\u0301s en Centrafrique (SEDOSEC), la reprise des ope\u0301rations de de\u0301livrance des passeports diplomatiques et de service en RCA. Suspendue il y\u2019a quelques mois a\u0300 [&hellip;]","og_url":"https:\/\/www.africa-press.net\/centrafricaine\/politique\/la-ministre-des-affaires-etrangeres-relance-les-operations-de-delivrance-des-passeports-diplomatiques-et-de-service","og_site_name":"centrafricaine","article_published_time":"2025-04-11T15:56:28+00:00","author":"cfeditorfr","twitter_card":"summary_large_image","twitter_misc":{"\u00c9crit par":"cfeditorfr","Dur\u00e9e de lecture estim\u00e9e":"2 minutes"},"schema":{"@context":"https:\/\/schema.org","@graph":[{"@type":"Article","@id":"https:\/\/www.africa-press.net\/centrafricaine\/politique\/la-ministre-des-affaires-etrangeres-relance-les-operations-de-delivrance-des-passeports-diplomatiques-et-de-service#article","isPartOf":{"@id":"https:\/\/www.africa-press.net\/centrafricaine\/politique\/la-ministre-des-affaires-etrangeres-relance-les-operations-de-delivrance-des-passeports-diplomatiques-et-de-service"},"author":{"name":"cfeditorfr","@id":"https:\/\/www.africa-press.net\/centrafricaine\/#\/schema\/person\/2b1cf3cd81a31e3cd26889ca66d677f1"},"headline":"la ministre des affaires \u00e9trang\u00e8res relance les op\u00e9rations de d\u00e9livrance des passeports diplomatiques et de service","datePublished":"2025-04-11T15:56:28+00:00","mainEntityOfPage":{"@id":"https:\/\/www.africa-press.net\/centrafricaine\/politique\/la-ministre-des-affaires-etrangeres-relance-les-operations-de-delivrance-des-passeports-diplomatiques-et-de-service"},"wordCount":403,"commentCount":0,"image":{"@id":"https:\/\/www.africa-press.net\/centrafricaine\/politique\/la-ministre-des-affaires-etrangeres-relance-les-operations-de-delivrance-des-passeports-diplomatiques-et-de-service#primaryimage"},"thumbnailUrl":"https:\/\/static.africa-press.net\/centrafricaine\/sites\/45\/2025\/04\/sm_1744375397.539178.jpg","keywords":["CentrAfricaine","Centrafrique","lancement","passeport diplomatique","Sylvie Nditifei n\u00e9e Baipo-Temon"],"articleSection":["Politique","Toutes les actualit\u00e9s"],"inLanguage":"fr-FR","potentialAction":[{"@type":"CommentAction","name":"Comment","target":["https:\/\/www.africa-press.net\/centrafricaine\/politique\/la-ministre-des-affaires-etrangeres-relance-les-operations-de-delivrance-des-passeports-diplomatiques-et-de-service#respond"]}]},{"@type":"WebPage","@id":"https:\/\/www.africa-press.net\/centrafricaine\/politique\/la-ministre-des-affaires-etrangeres-relance-les-operations-de-delivrance-des-passeports-diplomatiques-et-de-service","url":"https:\/\/www.africa-press.net\/centrafricaine\/politique\/la-ministre-des-affaires-etrangeres-relance-les-operations-de-delivrance-des-passeports-diplomatiques-et-de-service","name":"la ministre des affaires \u00e9trang\u00e8res relance les op\u00e9rations de d\u00e9livrance des passeports diplomatiques et de service - centrafricaine","isPartOf":{"@id":"https:\/\/www.africa-press.net\/centrafricaine\/#website"},"primaryImageOfPage":{"@id":"https:\/\/www.africa-press.net\/centrafricaine\/politique\/la-ministre-des-affaires-etrangeres-relance-les-operations-de-delivrance-des-passeports-diplomatiques-et-de-service#primaryimage"},"image":{"@id":"https:\/\/www.africa-press.net\/centrafricaine\/politique\/la-ministre-des-affaires-etrangeres-relance-les-operations-de-delivrance-des-passeports-diplomatiques-et-de-service#primaryimage"},"thumbnailUrl":"https:\/\/static.africa-press.net\/centrafricaine\/sites\/45\/2025\/04\/sm_1744375397.539178.jpg","datePublished":"2025-04-11T15:56:28+00:00","author":{"@id":"https:\/\/www.africa-press.net\/centrafricaine\/#\/schema\/person\/2b1cf3cd81a31e3cd26889ca66d677f1"},"breadcrumb":{"@id":"https:\/\/www.africa-press.net\/centrafricaine\/politique\/la-ministre-des-affaires-etrangeres-relance-les-operations-de-delivrance-des-passeports-diplomatiques-et-de-service#breadcrumb"},"inLanguage":"fr-FR","potentialAction":[{"@type":"ReadAction","target":["https:\/\/www.africa-press.net\/centrafricaine\/politique\/la-ministre-des-affaires-etrangeres-relance-les-operations-de-delivrance-des-passeports-diplomatiques-et-de-service"]}]},{"@type":"ImageObject","inLanguage":"fr-FR","@id":"https:\/\/www.africa-press.net\/centrafricaine\/politique\/la-ministre-des-affaires-etrangeres-relance-les-operations-de-delivrance-des-passeports-diplomatiques-et-de-service#primaryimage","url":"https:\/\/static.africa-press.net\/centrafricaine\/sites\/45\/2025\/04\/sm_1744375397.539178.jpg","contentUrl":"https:\/\/static.africa-press.net\/centrafricaine\/sites\/45\/2025\/04\/sm_1744375397.539178.jpg","width":1240,"height":490,"caption":"la ministre des affaires \u00e9trang\u00e8res relance les op\u00e9rations de d\u00e9livrance des passeports diplomatiques et de service"},{"@type":"BreadcrumbList","@id":"https:\/\/www.africa-press.net\/centrafricaine\/politique\/la-ministre-des-affaires-etrangeres-relance-les-operations-de-delivrance-des-passeports-diplomatiques-et-de-service#breadcrumb","itemListElement":[{"@type":"ListItem","position":1,"name":"Accueil","item":"https:\/\/www.africa-press.net\/centrafricaine\/"},{"@type":"ListItem","position":2,"name":"la ministre des affaires \u00e9trang\u00e8res relance les op\u00e9rations de d\u00e9livrance des passeports diplomatiques et de service"}]},{"@type":"WebSite","@id":"https:\/\/www.africa-press.net\/centrafricaine\/#website","url":"https:\/\/www.africa-press.net\/centrafricaine\/","name":"centrafricaine","description":"Just another Africa News Agency Sites site","potentialAction":[{"@type":"SearchAction","target":{"@type":"EntryPoint","urlTemplate":"https:\/\/www.africa-press.net\/centrafricaine\/?s={search_term_string}"},"query-input":{"@type":"PropertyValueSpecification","valueRequired":true,"valueName":"search_term_string"}}],"inLanguage":"fr-FR"},{"@type":"Person","@id":"https:\/\/www.africa-press.net\/centrafricaine\/#\/schema\/person\/2b1cf3cd81a31e3cd26889ca66d677f1","name":"cfeditorfr"}]}},"_links":{"self":[{"href":"https:\/\/www.africa-press.net\/centrafricaine\/wp-json\/wp\/v2\/posts\/70057","targetHints":{"allow":["GET"]}}],"collection":[{"href":"https:\/\/www.africa-press.net\/centrafricaine\/wp-json\/wp\/v2\/posts"}],"about":[{"href":"https:\/\/www.africa-press.net\/centrafricaine\/wp-json\/wp\/v2\/types\/post"}],"author":[{"embeddable":true,"href":"https:\/\/www.africa-press.net\/centrafricaine\/wp-json\/wp\/v2\/users\/82"}],"replies":[{"embeddable":true,"href":"https:\/\/www.africa-press.net\/centrafricaine\/wp-json\/wp\/v2\/comments?post=70057"}],"version-history":[{"count":0,"href":"https:\/\/www.africa-press.net\/centrafricaine\/wp-json\/wp\/v2\/posts\/70057\/revisions"}],"wp:featuredmedia":[{"embeddable":true,"href":"https:\/\/www.africa-press.net\/centrafricaine\/wp-json\/wp\/v2\/media\/70056"}],"wp:attachment":[{"href":"https:\/\/www.africa-press.net\/centrafricaine\/wp-json\/wp\/v2\/media?parent=70057"}],"wp:term":[{"taxonomy":"category","embeddable":true,"href":"https:\/\/www.africa-press.net\/centrafricaine\/wp-json\/wp\/v2\/categories?post=70057"},{"taxonomy":"post_tag","embeddable":true,"href":"https:\/\/www.africa-press.net\/centrafricaine\/wp-json\/wp\/v2\/tags?post=70057"}],"curies":[{"name":"wp","href":"https:\/\/api.w.org\/{rel}","templated":true}]}}