{"id":7007,"date":"2021-05-15T16:03:54","date_gmt":"2021-05-15T16:03:54","guid":{"rendered":"https:\/\/www.africa-press.net\/centrafricaine\/?p=7007"},"modified":"2021-05-15T17:35:26","modified_gmt":"2021-05-15T17:35:26","slug":"rca-installation-des-membres-de-la-commission-denquete-speciale-a-bangui","status":"publish","type":"post","link":"https:\/\/www.africa-press.net\/centrafricaine\/politique\/rca-installation-des-membres-de-la-commission-denquete-speciale-a-bangui","title":{"rendered":"installation des membres de la commission d\u2019enqu\u00eate sp\u00e9ciale \u00e0 Bangui"},"content":{"rendered":"<p><span style=\"color: #ff6600\"><strong><a href=\"https:\/\/www.africa-press.net\/\">Africa-Press<\/a> &#8211; <a href=\"https:\/\/www.africa-press.net\/centrafricaine\">CentrAfricaine<\/a>. <\/strong><\/span>\u00a0Cette commission a \u00e9t\u00e9 cr\u00e9\u00e9e suite \u00e0 la d\u00e9nonciation faite par un groupe d\u2019expert des Nations unies sur de pr\u00e9sum\u00e9es violations de droit de l\u2019homme et de droit humanitaire qui auraient \u00e9t\u00e9 commises les soldats FACA et leurs alli\u00e9s russes lors de la contre-offensive men\u00e9e contre la r\u00e9bellion de la coalition des patriotes pour le changement (CPC)<\/p>\n<p>\u201cSelon leur mandat, les membres de cette commission sp\u00e9ciale ont trois mois pour accomplir leur mission et rendre publics les r\u00e9sultats de leur enqu\u00eate.<\/p>\n<p><b>\u00ab La commission est saisie suivant les faits et non suivant les personnes. Elle a le pouvoir \u00e9tendu de r\u00e9pertorier toutes les violations de droits de l\u2019homme et du droit international humanitaire. Qui aurait \u00e9t\u00e9 commise par les groupes arm\u00e9s, notamment le CPC, les FACA, les forces bilat\u00e9rales et les forces multilat\u00e9rales pendant toute la p\u00e9riode de ces conflits arm\u00e9s non internationaux et internationalis\u00e9s. Les r\u00e9sultats des enqu\u00eates nous permettront d\u2019en aviser, et de d\u00e9terminer les responsabilit\u00e9s. Aucune victime ne saurait \u00eatre oubli\u00e9e. Les r\u00e9sultats de ces enqu\u00eates seront fid\u00e8lement rendus publics, et les auteurs pr\u00e9sum\u00e9s des crimes feront l\u2019objet de poursuite p\u00e9nale conform\u00e9ment au texte en vigueur. Le gouvernement s\u2019engage \u00e0 mettre tous les moyens utiles et ad\u00e9quats \u00e0 la disposition de cette commission pour qu\u2019elle se d\u00e9ploie sur le terrain ou les pr\u00e9sum\u00e9s crimes auraient \u00e9t\u00e9 commis \u00bb,<\/b><\/p>\n<p>a d\u00e9clar\u00e9 le ministre int\u00e9rimaire de la justice, Monsieur Arnaud Djoubaye-Abazen<\/p>\n<p>notons que la mission des Nations unies en R\u00e9publique centrafricaine (Minusca) a remis au chef de l\u2019\u00c9tat, le 30 avril 2021, une liste d\u2019all\u00e9gations de crimes qui auraient \u00e9t\u00e9 commis par les soldats FACA, mais aussi par les mercenaires russes de la soci\u00e9t\u00e9 Wagner sur les populations civiles lors de leur offensive contre les groupes arm\u00e9s du CPC depuis mi-janvier. Le gouvernement a annonc\u00e9 la mise en place d\u2019une commission d\u2019enqu\u00eate sp\u00e9ciale pour mettre la lumi\u00e8re sur ces all\u00e9gations, mais nombreux sont ceux qui mettent en doute la cr\u00e9dibilit\u00e9 de cette commission.<\/p>\n<p>&nbsp;<\/p>\n","protected":false},"excerpt":{"rendered":"<p>Africa-Press &#8211; CentrAfricaine. \u00a0Cette commission a \u00e9t\u00e9 cr\u00e9\u00e9e suite \u00e0 la d\u00e9nonciation faite par un groupe d\u2019expert des Nations unies sur de pr\u00e9sum\u00e9es violations de droit de l\u2019homme et de droit humanitaire qui auraient \u00e9t\u00e9 commises les soldats FACA et leurs alli\u00e9s russes lors de la contre-offensive men\u00e9e contre la r\u00e9bellion de la coalition des [&hellip;]<\/p>\n","protected":false},"author":82,"featured_media":7006,"comment_status":"open","ping_status":"closed","sticky":false,"template":"","format":"standard","meta":{"footnotes":""},"categories":[11,2,20,10],"tags":[36,58,30],"class_list":["post-7007","post","type-post","status-publish","format-standard","has-post-thumbnail","hentry","category-homepage-french","category-politique","category-top-nouvelles","category-toutes-les-actualites","tag-africa-press","tag-africa-press-centrafricaine","tag-centrafricaine"],"yoast_head":"<!-- This site is optimized with the Yoast SEO Premium plugin v26.1 (Yoast SEO v27.0) - https:\/\/yoast.com\/product\/yoast-seo-premium-wordpress\/ -->\n<title>installation des membres de la commission d\u2019enqu\u00eate sp\u00e9ciale \u00e0 Bangui - centrafricaine<\/title>\n<meta name=\"description\" content=\"Bangui, R\u00e9publique centrafricaine, samedi, 15 mai 2021, 05:11:39 ( Corbeaunews-Centrafrique ). Cette commission ...\" \/>\n<meta name=\"robots\" content=\"index, follow, max-snippet:-1, max-image-preview:large, max-video-preview:-1\" \/>\n<link rel=\"canonical\" href=\"https:\/\/www.africa-press.net\/centrafricaine\/politique\/rca-installation-des-membres-de-la-commission-denquete-speciale-a-bangui\" \/>\n<meta property=\"og:locale\" content=\"fr_FR\" \/>\n<meta property=\"og:type\" content=\"article\" \/>\n<meta property=\"og:title\" content=\"installation des membres de la commission d\u2019enqu\u00eate sp\u00e9ciale \u00e0 Bangui\" \/>\n<meta property=\"og:description\" content=\"Bangui, R\u00e9publique centrafricaine, samedi, 15 mai 2021, 05:11:39 ( Corbeaunews-Centrafrique ). Cette commission ...\" \/>\n<meta property=\"og:url\" content=\"https:\/\/www.africa-press.net\/centrafricaine\/politique\/rca-installation-des-membres-de-la-commission-denquete-speciale-a-bangui\" \/>\n<meta property=\"og:site_name\" content=\"centrafricaine\" \/>\n<meta property=\"article:published_time\" content=\"2021-05-15T16:03:54+00:00\" \/>\n<meta property=\"article:modified_time\" content=\"2021-05-15T17:35:26+00:00\" \/>\n<meta property=\"og:image\" content=\"https:\/\/static.africa-press.net\/centrafricaine\/sites\/45\/2021\/05\/img-609fe82f6e46f.jpg\" \/>\n\t<meta property=\"og:image:width\" content=\"1000\" \/>\n\t<meta property=\"og:image:height\" content=\"750\" \/>\n\t<meta property=\"og:image:type\" content=\"image\/jpeg\" \/>\n<meta name=\"author\" content=\"cfeditorfr\" \/>\n<meta name=\"twitter:card\" content=\"summary_large_image\" \/>\n<meta name=\"twitter:label1\" content=\"\u00c9crit par\" \/>\n\t<meta name=\"twitter:data1\" content=\"cfeditorfr\" \/>\n\t<meta name=\"twitter:label2\" content=\"Dur\u00e9e de lecture estim\u00e9e\" \/>\n\t<meta name=\"twitter:data2\" content=\"2 minutes\" \/>\n<script type=\"application\/ld+json\" class=\"yoast-schema-graph\">{\"@context\":\"https:\/\/schema.org\",\"@graph\":[{\"@type\":\"Article\",\"@id\":\"https:\/\/www.africa-press.net\/centrafricaine\/politique\/rca-installation-des-membres-de-la-commission-denquete-speciale-a-bangui#article\",\"isPartOf\":{\"@id\":\"https:\/\/www.africa-press.net\/centrafricaine\/politique\/rca-installation-des-membres-de-la-commission-denquete-speciale-a-bangui\"},\"author\":{\"name\":\"cfeditorfr\",\"@id\":\"https:\/\/www.africa-press.net\/centrafricaine\/#\/schema\/person\/2b1cf3cd81a31e3cd26889ca66d677f1\"},\"headline\":\"installation des membres de la commission d\u2019enqu\u00eate sp\u00e9ciale \u00e0 Bangui\",\"datePublished\":\"2021-05-15T16:03:54+00:00\",\"dateModified\":\"2021-05-15T17:35:26+00:00\",\"mainEntityOfPage\":{\"@id\":\"https:\/\/www.africa-press.net\/centrafricaine\/politique\/rca-installation-des-membres-de-la-commission-denquete-speciale-a-bangui\"},\"wordCount\":388,\"commentCount\":0,\"image\":{\"@id\":\"https:\/\/www.africa-press.net\/centrafricaine\/politique\/rca-installation-des-membres-de-la-commission-denquete-speciale-a-bangui#primaryimage\"},\"thumbnailUrl\":\"https:\/\/static.africa-press.net\/centrafricaine\/sites\/45\/2021\/05\/img-609fe82f6e46f.jpg\",\"keywords\":[\"Africa Press\",\"Africa Press-CentrAfricaine\",\"CentrAfricaine\"],\"articleSection\":[\"homepage-french\",\"Politique\",\"Top Nouvelles\",\"Toutes les actualit\u00e9s\"],\"inLanguage\":\"fr-FR\",\"potentialAction\":[{\"@type\":\"CommentAction\",\"name\":\"Comment\",\"target\":[\"https:\/\/www.africa-press.net\/centrafricaine\/politique\/rca-installation-des-membres-de-la-commission-denquete-speciale-a-bangui#respond\"]}]},{\"@type\":\"WebPage\",\"@id\":\"https:\/\/www.africa-press.net\/centrafricaine\/politique\/rca-installation-des-membres-de-la-commission-denquete-speciale-a-bangui\",\"url\":\"https:\/\/www.africa-press.net\/centrafricaine\/politique\/rca-installation-des-membres-de-la-commission-denquete-speciale-a-bangui\",\"name\":\"installation des membres de la commission d\u2019enqu\u00eate sp\u00e9ciale \u00e0 Bangui - centrafricaine\",\"isPartOf\":{\"@id\":\"https:\/\/www.africa-press.net\/centrafricaine\/#website\"},\"primaryImageOfPage\":{\"@id\":\"https:\/\/www.africa-press.net\/centrafricaine\/politique\/rca-installation-des-membres-de-la-commission-denquete-speciale-a-bangui#primaryimage\"},\"image\":{\"@id\":\"https:\/\/www.africa-press.net\/centrafricaine\/politique\/rca-installation-des-membres-de-la-commission-denquete-speciale-a-bangui#primaryimage\"},\"thumbnailUrl\":\"https:\/\/static.africa-press.net\/centrafricaine\/sites\/45\/2021\/05\/img-609fe82f6e46f.jpg\",\"datePublished\":\"2021-05-15T16:03:54+00:00\",\"dateModified\":\"2021-05-15T17:35:26+00:00\",\"author\":{\"@id\":\"https:\/\/www.africa-press.net\/centrafricaine\/#\/schema\/person\/2b1cf3cd81a31e3cd26889ca66d677f1\"},\"description\":\"Bangui, R\u00e9publique centrafricaine, samedi, 15 mai 2021, 05:11:39 ( Corbeaunews-Centrafrique ). Cette commission ...\",\"breadcrumb\":{\"@id\":\"https:\/\/www.africa-press.net\/centrafricaine\/politique\/rca-installation-des-membres-de-la-commission-denquete-speciale-a-bangui#breadcrumb\"},\"inLanguage\":\"fr-FR\",\"potentialAction\":[{\"@type\":\"ReadAction\",\"target\":[\"https:\/\/www.africa-press.net\/centrafricaine\/politique\/rca-installation-des-membres-de-la-commission-denquete-speciale-a-bangui\"]}]},{\"@type\":\"ImageObject\",\"inLanguage\":\"fr-FR\",\"@id\":\"https:\/\/www.africa-press.net\/centrafricaine\/politique\/rca-installation-des-membres-de-la-commission-denquete-speciale-a-bangui#primaryimage\",\"url\":\"https:\/\/static.africa-press.net\/centrafricaine\/sites\/45\/2021\/05\/img-609fe82f6e46f.jpg\",\"contentUrl\":\"https:\/\/static.africa-press.net\/centrafricaine\/sites\/45\/2021\/05\/img-609fe82f6e46f.jpg\",\"width\":1000,\"height\":750,\"caption\":\"RCA\u00a0: installation des membres de la commission d\u2019enqu\u00eate sp\u00e9ciale \u00e0 Bangui\"},{\"@type\":\"BreadcrumbList\",\"@id\":\"https:\/\/www.africa-press.net\/centrafricaine\/politique\/rca-installation-des-membres-de-la-commission-denquete-speciale-a-bangui#breadcrumb\",\"itemListElement\":[{\"@type\":\"ListItem\",\"position\":1,\"name\":\"Accueil\",\"item\":\"https:\/\/www.africa-press.net\/centrafricaine\/\"},{\"@type\":\"ListItem\",\"position\":2,\"name\":\"installation des membres de la commission d\u2019enqu\u00eate sp\u00e9ciale \u00e0 Bangui\"}]},{\"@type\":\"WebSite\",\"@id\":\"https:\/\/www.africa-press.net\/centrafricaine\/#website\",\"url\":\"https:\/\/www.africa-press.net\/centrafricaine\/\",\"name\":\"centrafricaine\",\"description\":\"Just another Africa News Agency Sites site\",\"potentialAction\":[{\"@type\":\"SearchAction\",\"target\":{\"@type\":\"EntryPoint\",\"urlTemplate\":\"https:\/\/www.africa-press.net\/centrafricaine\/?s={search_term_string}\"},\"query-input\":{\"@type\":\"PropertyValueSpecification\",\"valueRequired\":true,\"valueName\":\"search_term_string\"}}],\"inLanguage\":\"fr-FR\"},{\"@type\":\"Person\",\"@id\":\"https:\/\/www.africa-press.net\/centrafricaine\/#\/schema\/person\/2b1cf3cd81a31e3cd26889ca66d677f1\",\"name\":\"cfeditorfr\"}]}<\/script>\n<!-- \/ Yoast SEO Premium plugin. -->","yoast_head_json":{"title":"installation des membres de la commission d\u2019enqu\u00eate sp\u00e9ciale \u00e0 Bangui - centrafricaine","description":"Bangui, R\u00e9publique centrafricaine, samedi, 15 mai 2021, 05:11:39 ( Corbeaunews-Centrafrique ). Cette commission ...","robots":{"index":"index","follow":"follow","max-snippet":"max-snippet:-1","max-image-preview":"max-image-preview:large","max-video-preview":"max-video-preview:-1"},"canonical":"https:\/\/www.africa-press.net\/centrafricaine\/politique\/rca-installation-des-membres-de-la-commission-denquete-speciale-a-bangui","og_locale":"fr_FR","og_type":"article","og_title":"installation des membres de la commission d\u2019enqu\u00eate sp\u00e9ciale \u00e0 Bangui","og_description":"Bangui, R\u00e9publique centrafricaine, samedi, 15 mai 2021, 05:11:39 ( Corbeaunews-Centrafrique ). Cette commission ...","og_url":"https:\/\/www.africa-press.net\/centrafricaine\/politique\/rca-installation-des-membres-de-la-commission-denquete-speciale-a-bangui","og_site_name":"centrafricaine","article_published_time":"2021-05-15T16:03:54+00:00","article_modified_time":"2021-05-15T17:35:26+00:00","og_image":[{"width":1000,"height":750,"url":"https:\/\/static.africa-press.net\/centrafricaine\/sites\/45\/2021\/05\/img-609fe82f6e46f.jpg","type":"image\/jpeg"}],"author":"cfeditorfr","twitter_card":"summary_large_image","twitter_misc":{"\u00c9crit par":"cfeditorfr","Dur\u00e9e de lecture estim\u00e9e":"2 minutes"},"schema":{"@context":"https:\/\/schema.org","@graph":[{"@type":"Article","@id":"https:\/\/www.africa-press.net\/centrafricaine\/politique\/rca-installation-des-membres-de-la-commission-denquete-speciale-a-bangui#article","isPartOf":{"@id":"https:\/\/www.africa-press.net\/centrafricaine\/politique\/rca-installation-des-membres-de-la-commission-denquete-speciale-a-bangui"},"author":{"name":"cfeditorfr","@id":"https:\/\/www.africa-press.net\/centrafricaine\/#\/schema\/person\/2b1cf3cd81a31e3cd26889ca66d677f1"},"headline":"installation des membres de la commission d\u2019enqu\u00eate sp\u00e9ciale \u00e0 Bangui","datePublished":"2021-05-15T16:03:54+00:00","dateModified":"2021-05-15T17:35:26+00:00","mainEntityOfPage":{"@id":"https:\/\/www.africa-press.net\/centrafricaine\/politique\/rca-installation-des-membres-de-la-commission-denquete-speciale-a-bangui"},"wordCount":388,"commentCount":0,"image":{"@id":"https:\/\/www.africa-press.net\/centrafricaine\/politique\/rca-installation-des-membres-de-la-commission-denquete-speciale-a-bangui#primaryimage"},"thumbnailUrl":"https:\/\/static.africa-press.net\/centrafricaine\/sites\/45\/2021\/05\/img-609fe82f6e46f.jpg","keywords":["Africa Press","Africa Press-CentrAfricaine","CentrAfricaine"],"articleSection":["homepage-french","Politique","Top Nouvelles","Toutes les actualit\u00e9s"],"inLanguage":"fr-FR","potentialAction":[{"@type":"CommentAction","name":"Comment","target":["https:\/\/www.africa-press.net\/centrafricaine\/politique\/rca-installation-des-membres-de-la-commission-denquete-speciale-a-bangui#respond"]}]},{"@type":"WebPage","@id":"https:\/\/www.africa-press.net\/centrafricaine\/politique\/rca-installation-des-membres-de-la-commission-denquete-speciale-a-bangui","url":"https:\/\/www.africa-press.net\/centrafricaine\/politique\/rca-installation-des-membres-de-la-commission-denquete-speciale-a-bangui","name":"installation des membres de la commission d\u2019enqu\u00eate sp\u00e9ciale \u00e0 Bangui - centrafricaine","isPartOf":{"@id":"https:\/\/www.africa-press.net\/centrafricaine\/#website"},"primaryImageOfPage":{"@id":"https:\/\/www.africa-press.net\/centrafricaine\/politique\/rca-installation-des-membres-de-la-commission-denquete-speciale-a-bangui#primaryimage"},"image":{"@id":"https:\/\/www.africa-press.net\/centrafricaine\/politique\/rca-installation-des-membres-de-la-commission-denquete-speciale-a-bangui#primaryimage"},"thumbnailUrl":"https:\/\/static.africa-press.net\/centrafricaine\/sites\/45\/2021\/05\/img-609fe82f6e46f.jpg","datePublished":"2021-05-15T16:03:54+00:00","dateModified":"2021-05-15T17:35:26+00:00","author":{"@id":"https:\/\/www.africa-press.net\/centrafricaine\/#\/schema\/person\/2b1cf3cd81a31e3cd26889ca66d677f1"},"description":"Bangui, R\u00e9publique centrafricaine, samedi, 15 mai 2021, 05:11:39 ( Corbeaunews-Centrafrique ). Cette commission ...","breadcrumb":{"@id":"https:\/\/www.africa-press.net\/centrafricaine\/politique\/rca-installation-des-membres-de-la-commission-denquete-speciale-a-bangui#breadcrumb"},"inLanguage":"fr-FR","potentialAction":[{"@type":"ReadAction","target":["https:\/\/www.africa-press.net\/centrafricaine\/politique\/rca-installation-des-membres-de-la-commission-denquete-speciale-a-bangui"]}]},{"@type":"ImageObject","inLanguage":"fr-FR","@id":"https:\/\/www.africa-press.net\/centrafricaine\/politique\/rca-installation-des-membres-de-la-commission-denquete-speciale-a-bangui#primaryimage","url":"https:\/\/static.africa-press.net\/centrafricaine\/sites\/45\/2021\/05\/img-609fe82f6e46f.jpg","contentUrl":"https:\/\/static.africa-press.net\/centrafricaine\/sites\/45\/2021\/05\/img-609fe82f6e46f.jpg","width":1000,"height":750,"caption":"RCA\u00a0: installation des membres de la commission d\u2019enqu\u00eate sp\u00e9ciale \u00e0 Bangui"},{"@type":"BreadcrumbList","@id":"https:\/\/www.africa-press.net\/centrafricaine\/politique\/rca-installation-des-membres-de-la-commission-denquete-speciale-a-bangui#breadcrumb","itemListElement":[{"@type":"ListItem","position":1,"name":"Accueil","item":"https:\/\/www.africa-press.net\/centrafricaine\/"},{"@type":"ListItem","position":2,"name":"installation des membres de la commission d\u2019enqu\u00eate sp\u00e9ciale \u00e0 Bangui"}]},{"@type":"WebSite","@id":"https:\/\/www.africa-press.net\/centrafricaine\/#website","url":"https:\/\/www.africa-press.net\/centrafricaine\/","name":"centrafricaine","description":"Just another Africa News Agency Sites site","potentialAction":[{"@type":"SearchAction","target":{"@type":"EntryPoint","urlTemplate":"https:\/\/www.africa-press.net\/centrafricaine\/?s={search_term_string}"},"query-input":{"@type":"PropertyValueSpecification","valueRequired":true,"valueName":"search_term_string"}}],"inLanguage":"fr-FR"},{"@type":"Person","@id":"https:\/\/www.africa-press.net\/centrafricaine\/#\/schema\/person\/2b1cf3cd81a31e3cd26889ca66d677f1","name":"cfeditorfr"}]}},"_links":{"self":[{"href":"https:\/\/www.africa-press.net\/centrafricaine\/wp-json\/wp\/v2\/posts\/7007","targetHints":{"allow":["GET"]}}],"collection":[{"href":"https:\/\/www.africa-press.net\/centrafricaine\/wp-json\/wp\/v2\/posts"}],"about":[{"href":"https:\/\/www.africa-press.net\/centrafricaine\/wp-json\/wp\/v2\/types\/post"}],"author":[{"embeddable":true,"href":"https:\/\/www.africa-press.net\/centrafricaine\/wp-json\/wp\/v2\/users\/82"}],"replies":[{"embeddable":true,"href":"https:\/\/www.africa-press.net\/centrafricaine\/wp-json\/wp\/v2\/comments?post=7007"}],"version-history":[{"count":0,"href":"https:\/\/www.africa-press.net\/centrafricaine\/wp-json\/wp\/v2\/posts\/7007\/revisions"}],"wp:featuredmedia":[{"embeddable":true,"href":"https:\/\/www.africa-press.net\/centrafricaine\/wp-json\/wp\/v2\/media\/7006"}],"wp:attachment":[{"href":"https:\/\/www.africa-press.net\/centrafricaine\/wp-json\/wp\/v2\/media?parent=7007"}],"wp:term":[{"taxonomy":"category","embeddable":true,"href":"https:\/\/www.africa-press.net\/centrafricaine\/wp-json\/wp\/v2\/categories?post=7007"},{"taxonomy":"post_tag","embeddable":true,"href":"https:\/\/www.africa-press.net\/centrafricaine\/wp-json\/wp\/v2\/tags?post=7007"}],"curies":[{"name":"wp","href":"https:\/\/api.w.org\/{rel}","templated":true}]}}