{"id":7059,"date":"2021-05-17T15:30:08","date_gmt":"2021-05-17T15:30:08","guid":{"rendered":"https:\/\/www.africa-press.net\/centrafricaine\/?p=7059"},"modified":"2021-05-17T16:49:14","modified_gmt":"2021-05-17T16:49:14","slug":"rca-le-premier-ministre-firmin-ngrebada-deboute-bientot-convoque-devant-lassemblee-nationale","status":"publish","type":"post","link":"https:\/\/www.africa-press.net\/centrafricaine\/politique\/rca-le-premier-ministre-firmin-ngrebada-deboute-bientot-convoque-devant-lassemblee-nationale","title":{"rendered":"le Premier ministre Firmin NGR\u00c9BADA, d\u00e9bout\u00e9, \u00a0bient\u00f4t convoqu\u00e9 devant l\u2019Assembl\u00e9e nationale ?"},"content":{"rendered":"<p><span style=\"color: #ff6600\"><strong><a href=\"https:\/\/www.africa-press.net\/\">Africa-Press<\/a> &#8211; <a href=\"https:\/\/www.africa-press.net\/centrafricaine\">CentrAfricaine<\/a>. <\/strong><\/span>Depuis une semaine, les d\u00e9put\u00e9s de la majorit\u00e9 pr\u00e9sidentielle multiplient des r\u00e9unions et s\u2019activent en coulisse pour la convocation prochaine du Premier ministre Firmin NGR\u00c9BADA devant le parlement. Pr\u00e9parent-ils une motion de censure ?<\/p>\n<p>Selon un membre de la majorit\u00e9 pr\u00e9sidentielle, le but de l\u2019interpellation prochaine \u00e0 l\u2019Assembl\u00e9e nationale du Premier ministre serait de lui poser un certain nombre des questions concernant son mandat \u00e0 la t\u00eate du gouvernement.<\/p>\n<p><b>\u00ab Le Pr\u00e9sident de la R\u00e9publique a \u00e9t\u00e9 r\u00e9\u00e9lu, l\u2019Assembl\u00e9e nationale est mise en place, mais le gouvernement a refus\u00e9 de d\u00e9poser sa d\u00e9mission. Il faudrait que le Premier ministre vienne nous montrer son mandat \u00e0 la t\u00eate du gouvernement \u00bb<\/b><\/p>\n<p>, poursuit cet \u00e9lu qui ajoute que si le chef de l\u2019\u00c9tat renouvelle son mandat, eux aussi doivent renouveler leur mandat s\u2019ils en ont un.<\/p>\n<p><b>\u00ab Comme ils ne veulent pas d\u00e9poser leur d\u00e9mission, c\u2019est comme s\u2019ils ont un mandat qui est li\u00e9 \u00e0 celui du Pr\u00e9sident de la R\u00e9publique. M\u00eame le Pr\u00e9sident a d\u00e9j\u00e0 renouvel\u00e9 le tien, et donc eux aussi doivent renouveler les leurs \u00bb,<\/b><\/p>\n<p>poursuit-il.<\/p>\n<p>Selon nos informations, d\u2019ici \u00e0 mardi prochain, ces \u00e9lus vont interpeller le Pr\u00e9sident de l\u2019Assembl\u00e9e nationale Simplice Mathieu Sarandji pour que le Premier ministre soit interpell\u00e9 le mercredi prochain.<\/p>\n<p>Selon plusieurs sources, le Pr\u00e9sident de la R\u00e9publique a d\u00e9but\u00e9 son second mandat sur un fond de tension au sein de l\u2019ex\u00e9cutif et du parlement. M\u00eame \u00e0 la pr\u00e9sidence, il a jug\u00e9 mieux de signer un deal avec son ex-ministre conseiller Fid\u00e8le Ngouandjika afin de calmer les voix qui s\u2019\u00e9l\u00e8vent de partout contre les propos tenus par celui-ci.<\/p>\n<p>&nbsp;<\/p>\n","protected":false},"excerpt":{"rendered":"<p>Africa-Press &#8211; CentrAfricaine. Depuis une semaine, les d\u00e9put\u00e9s de la majorit\u00e9 pr\u00e9sidentielle multiplient des r\u00e9unions et s\u2019activent en coulisse pour la convocation prochaine du Premier ministre Firmin NGR\u00c9BADA devant le parlement. Pr\u00e9parent-ils une motion de censure ? Selon un membre de la majorit\u00e9 pr\u00e9sidentielle, le but de l\u2019interpellation prochaine \u00e0 l\u2019Assembl\u00e9e nationale du Premier ministre [&hellip;]<\/p>\n","protected":false},"author":82,"featured_media":7058,"comment_status":"open","ping_status":"closed","sticky":false,"template":"","format":"standard","meta":{"footnotes":""},"categories":[11,2,10],"tags":[36,58,30],"class_list":["post-7059","post","type-post","status-publish","format-standard","has-post-thumbnail","hentry","category-homepage-french","category-politique","category-toutes-les-actualites","tag-africa-press","tag-africa-press-centrafricaine","tag-centrafricaine"],"yoast_head":"<!-- This site is optimized with the Yoast SEO Premium plugin v26.1 (Yoast SEO v27.0) - https:\/\/yoast.com\/product\/yoast-seo-premium-wordpress\/ -->\n<title>le Premier ministre Firmin NGR\u00c9BADA, d\u00e9bout\u00e9, \u00a0bient\u00f4t convoqu\u00e9 devant l\u2019Assembl\u00e9e nationale ? - centrafricaine<\/title>\n<meta name=\"description\" content=\"Bangui, R\u00e9publique centrafricaine, lundi, 17 mai 2021, 03:04:59 ( Corbeaunews-Centrafrique ). Depuis une semaine ...\" \/>\n<meta name=\"robots\" content=\"index, follow, max-snippet:-1, max-image-preview:large, max-video-preview:-1\" \/>\n<link rel=\"canonical\" href=\"https:\/\/www.africa-press.net\/centrafricaine\/politique\/rca-le-premier-ministre-firmin-ngrebada-deboute-bientot-convoque-devant-lassemblee-nationale\" \/>\n<meta property=\"og:locale\" content=\"fr_FR\" \/>\n<meta property=\"og:type\" content=\"article\" \/>\n<meta property=\"og:title\" content=\"le Premier ministre Firmin NGR\u00c9BADA, d\u00e9bout\u00e9, \u00a0bient\u00f4t convoqu\u00e9 devant l\u2019Assembl\u00e9e nationale ?\" \/>\n<meta property=\"og:description\" content=\"Bangui, R\u00e9publique centrafricaine, lundi, 17 mai 2021, 03:04:59 ( Corbeaunews-Centrafrique ). Depuis une semaine ...\" \/>\n<meta property=\"og:url\" content=\"https:\/\/www.africa-press.net\/centrafricaine\/politique\/rca-le-premier-ministre-firmin-ngrebada-deboute-bientot-convoque-devant-lassemblee-nationale\" \/>\n<meta property=\"og:site_name\" content=\"centrafricaine\" \/>\n<meta property=\"article:published_time\" content=\"2021-05-17T15:30:08+00:00\" \/>\n<meta property=\"article:modified_time\" content=\"2021-05-17T16:49:14+00:00\" \/>\n<meta property=\"og:image\" content=\"https:\/\/static.africa-press.net\/centrafricaine\/sites\/45\/2021\/05\/img-60a284ad9aded.jpg\" \/>\n\t<meta property=\"og:image:width\" content=\"720\" \/>\n\t<meta property=\"og:image:height\" content=\"475\" \/>\n\t<meta property=\"og:image:type\" content=\"image\/jpeg\" \/>\n<meta name=\"author\" content=\"cfeditorfr\" \/>\n<meta name=\"twitter:card\" content=\"summary_large_image\" \/>\n<meta name=\"twitter:label1\" content=\"\u00c9crit par\" \/>\n\t<meta name=\"twitter:data1\" content=\"cfeditorfr\" \/>\n\t<meta name=\"twitter:label2\" content=\"Dur\u00e9e de lecture estim\u00e9e\" \/>\n\t<meta name=\"twitter:data2\" content=\"2 minutes\" \/>\n<script type=\"application\/ld+json\" class=\"yoast-schema-graph\">{\"@context\":\"https:\/\/schema.org\",\"@graph\":[{\"@type\":\"Article\",\"@id\":\"https:\/\/www.africa-press.net\/centrafricaine\/politique\/rca-le-premier-ministre-firmin-ngrebada-deboute-bientot-convoque-devant-lassemblee-nationale#article\",\"isPartOf\":{\"@id\":\"https:\/\/www.africa-press.net\/centrafricaine\/politique\/rca-le-premier-ministre-firmin-ngrebada-deboute-bientot-convoque-devant-lassemblee-nationale\"},\"author\":{\"name\":\"cfeditorfr\",\"@id\":\"https:\/\/www.africa-press.net\/centrafricaine\/#\/schema\/person\/2b1cf3cd81a31e3cd26889ca66d677f1\"},\"headline\":\"le Premier ministre Firmin NGR\u00c9BADA, d\u00e9bout\u00e9, \u00a0bient\u00f4t convoqu\u00e9 devant l\u2019Assembl\u00e9e nationale ?\",\"datePublished\":\"2021-05-17T15:30:08+00:00\",\"dateModified\":\"2021-05-17T16:49:14+00:00\",\"mainEntityOfPage\":{\"@id\":\"https:\/\/www.africa-press.net\/centrafricaine\/politique\/rca-le-premier-ministre-firmin-ngrebada-deboute-bientot-convoque-devant-lassemblee-nationale\"},\"wordCount\":318,\"commentCount\":0,\"image\":{\"@id\":\"https:\/\/www.africa-press.net\/centrafricaine\/politique\/rca-le-premier-ministre-firmin-ngrebada-deboute-bientot-convoque-devant-lassemblee-nationale#primaryimage\"},\"thumbnailUrl\":\"https:\/\/static.africa-press.net\/centrafricaine\/sites\/45\/2021\/05\/img-60a284ad9aded.jpg\",\"keywords\":[\"Africa Press\",\"Africa Press-CentrAfricaine\",\"CentrAfricaine\"],\"articleSection\":[\"homepage-french\",\"Politique\",\"Toutes les actualit\u00e9s\"],\"inLanguage\":\"fr-FR\",\"potentialAction\":[{\"@type\":\"CommentAction\",\"name\":\"Comment\",\"target\":[\"https:\/\/www.africa-press.net\/centrafricaine\/politique\/rca-le-premier-ministre-firmin-ngrebada-deboute-bientot-convoque-devant-lassemblee-nationale#respond\"]}]},{\"@type\":\"WebPage\",\"@id\":\"https:\/\/www.africa-press.net\/centrafricaine\/politique\/rca-le-premier-ministre-firmin-ngrebada-deboute-bientot-convoque-devant-lassemblee-nationale\",\"url\":\"https:\/\/www.africa-press.net\/centrafricaine\/politique\/rca-le-premier-ministre-firmin-ngrebada-deboute-bientot-convoque-devant-lassemblee-nationale\",\"name\":\"le Premier ministre Firmin NGR\u00c9BADA, d\u00e9bout\u00e9, \u00a0bient\u00f4t convoqu\u00e9 devant l\u2019Assembl\u00e9e nationale ? - centrafricaine\",\"isPartOf\":{\"@id\":\"https:\/\/www.africa-press.net\/centrafricaine\/#website\"},\"primaryImageOfPage\":{\"@id\":\"https:\/\/www.africa-press.net\/centrafricaine\/politique\/rca-le-premier-ministre-firmin-ngrebada-deboute-bientot-convoque-devant-lassemblee-nationale#primaryimage\"},\"image\":{\"@id\":\"https:\/\/www.africa-press.net\/centrafricaine\/politique\/rca-le-premier-ministre-firmin-ngrebada-deboute-bientot-convoque-devant-lassemblee-nationale#primaryimage\"},\"thumbnailUrl\":\"https:\/\/static.africa-press.net\/centrafricaine\/sites\/45\/2021\/05\/img-60a284ad9aded.jpg\",\"datePublished\":\"2021-05-17T15:30:08+00:00\",\"dateModified\":\"2021-05-17T16:49:14+00:00\",\"author\":{\"@id\":\"https:\/\/www.africa-press.net\/centrafricaine\/#\/schema\/person\/2b1cf3cd81a31e3cd26889ca66d677f1\"},\"description\":\"Bangui, R\u00e9publique centrafricaine, lundi, 17 mai 2021, 03:04:59 ( Corbeaunews-Centrafrique ). Depuis une semaine ...\",\"breadcrumb\":{\"@id\":\"https:\/\/www.africa-press.net\/centrafricaine\/politique\/rca-le-premier-ministre-firmin-ngrebada-deboute-bientot-convoque-devant-lassemblee-nationale#breadcrumb\"},\"inLanguage\":\"fr-FR\",\"potentialAction\":[{\"@type\":\"ReadAction\",\"target\":[\"https:\/\/www.africa-press.net\/centrafricaine\/politique\/rca-le-premier-ministre-firmin-ngrebada-deboute-bientot-convoque-devant-lassemblee-nationale\"]}]},{\"@type\":\"ImageObject\",\"inLanguage\":\"fr-FR\",\"@id\":\"https:\/\/www.africa-press.net\/centrafricaine\/politique\/rca-le-premier-ministre-firmin-ngrebada-deboute-bientot-convoque-devant-lassemblee-nationale#primaryimage\",\"url\":\"https:\/\/static.africa-press.net\/centrafricaine\/sites\/45\/2021\/05\/img-60a284ad9aded.jpg\",\"contentUrl\":\"https:\/\/static.africa-press.net\/centrafricaine\/sites\/45\/2021\/05\/img-60a284ad9aded.jpg\",\"width\":720,\"height\":475,\"caption\":\"RCA\u00a0: le Premier ministre Firmin NGR\u00c9BADA, d\u00e9bout\u00e9, \u00a0bient\u00f4t convoqu\u00e9 devant l\u2019Assembl\u00e9e nationale ?\"},{\"@type\":\"BreadcrumbList\",\"@id\":\"https:\/\/www.africa-press.net\/centrafricaine\/politique\/rca-le-premier-ministre-firmin-ngrebada-deboute-bientot-convoque-devant-lassemblee-nationale#breadcrumb\",\"itemListElement\":[{\"@type\":\"ListItem\",\"position\":1,\"name\":\"Accueil\",\"item\":\"https:\/\/www.africa-press.net\/centrafricaine\/\"},{\"@type\":\"ListItem\",\"position\":2,\"name\":\"le Premier ministre Firmin NGR\u00c9BADA, d\u00e9bout\u00e9, \u00a0bient\u00f4t convoqu\u00e9 devant l\u2019Assembl\u00e9e nationale ?\"}]},{\"@type\":\"WebSite\",\"@id\":\"https:\/\/www.africa-press.net\/centrafricaine\/#website\",\"url\":\"https:\/\/www.africa-press.net\/centrafricaine\/\",\"name\":\"centrafricaine\",\"description\":\"Just another Africa News Agency Sites site\",\"potentialAction\":[{\"@type\":\"SearchAction\",\"target\":{\"@type\":\"EntryPoint\",\"urlTemplate\":\"https:\/\/www.africa-press.net\/centrafricaine\/?s={search_term_string}\"},\"query-input\":{\"@type\":\"PropertyValueSpecification\",\"valueRequired\":true,\"valueName\":\"search_term_string\"}}],\"inLanguage\":\"fr-FR\"},{\"@type\":\"Person\",\"@id\":\"https:\/\/www.africa-press.net\/centrafricaine\/#\/schema\/person\/2b1cf3cd81a31e3cd26889ca66d677f1\",\"name\":\"cfeditorfr\"}]}<\/script>\n<!-- \/ Yoast SEO Premium plugin. -->","yoast_head_json":{"title":"le Premier ministre Firmin NGR\u00c9BADA, d\u00e9bout\u00e9, \u00a0bient\u00f4t convoqu\u00e9 devant l\u2019Assembl\u00e9e nationale ? - centrafricaine","description":"Bangui, R\u00e9publique centrafricaine, lundi, 17 mai 2021, 03:04:59 ( Corbeaunews-Centrafrique ). Depuis une semaine ...","robots":{"index":"index","follow":"follow","max-snippet":"max-snippet:-1","max-image-preview":"max-image-preview:large","max-video-preview":"max-video-preview:-1"},"canonical":"https:\/\/www.africa-press.net\/centrafricaine\/politique\/rca-le-premier-ministre-firmin-ngrebada-deboute-bientot-convoque-devant-lassemblee-nationale","og_locale":"fr_FR","og_type":"article","og_title":"le Premier ministre Firmin NGR\u00c9BADA, d\u00e9bout\u00e9, \u00a0bient\u00f4t convoqu\u00e9 devant l\u2019Assembl\u00e9e nationale ?","og_description":"Bangui, R\u00e9publique centrafricaine, lundi, 17 mai 2021, 03:04:59 ( Corbeaunews-Centrafrique ). Depuis une semaine ...","og_url":"https:\/\/www.africa-press.net\/centrafricaine\/politique\/rca-le-premier-ministre-firmin-ngrebada-deboute-bientot-convoque-devant-lassemblee-nationale","og_site_name":"centrafricaine","article_published_time":"2021-05-17T15:30:08+00:00","article_modified_time":"2021-05-17T16:49:14+00:00","og_image":[{"width":720,"height":475,"url":"https:\/\/static.africa-press.net\/centrafricaine\/sites\/45\/2021\/05\/img-60a284ad9aded.jpg","type":"image\/jpeg"}],"author":"cfeditorfr","twitter_card":"summary_large_image","twitter_misc":{"\u00c9crit par":"cfeditorfr","Dur\u00e9e de lecture estim\u00e9e":"2 minutes"},"schema":{"@context":"https:\/\/schema.org","@graph":[{"@type":"Article","@id":"https:\/\/www.africa-press.net\/centrafricaine\/politique\/rca-le-premier-ministre-firmin-ngrebada-deboute-bientot-convoque-devant-lassemblee-nationale#article","isPartOf":{"@id":"https:\/\/www.africa-press.net\/centrafricaine\/politique\/rca-le-premier-ministre-firmin-ngrebada-deboute-bientot-convoque-devant-lassemblee-nationale"},"author":{"name":"cfeditorfr","@id":"https:\/\/www.africa-press.net\/centrafricaine\/#\/schema\/person\/2b1cf3cd81a31e3cd26889ca66d677f1"},"headline":"le Premier ministre Firmin NGR\u00c9BADA, d\u00e9bout\u00e9, \u00a0bient\u00f4t convoqu\u00e9 devant l\u2019Assembl\u00e9e nationale ?","datePublished":"2021-05-17T15:30:08+00:00","dateModified":"2021-05-17T16:49:14+00:00","mainEntityOfPage":{"@id":"https:\/\/www.africa-press.net\/centrafricaine\/politique\/rca-le-premier-ministre-firmin-ngrebada-deboute-bientot-convoque-devant-lassemblee-nationale"},"wordCount":318,"commentCount":0,"image":{"@id":"https:\/\/www.africa-press.net\/centrafricaine\/politique\/rca-le-premier-ministre-firmin-ngrebada-deboute-bientot-convoque-devant-lassemblee-nationale#primaryimage"},"thumbnailUrl":"https:\/\/static.africa-press.net\/centrafricaine\/sites\/45\/2021\/05\/img-60a284ad9aded.jpg","keywords":["Africa Press","Africa Press-CentrAfricaine","CentrAfricaine"],"articleSection":["homepage-french","Politique","Toutes les actualit\u00e9s"],"inLanguage":"fr-FR","potentialAction":[{"@type":"CommentAction","name":"Comment","target":["https:\/\/www.africa-press.net\/centrafricaine\/politique\/rca-le-premier-ministre-firmin-ngrebada-deboute-bientot-convoque-devant-lassemblee-nationale#respond"]}]},{"@type":"WebPage","@id":"https:\/\/www.africa-press.net\/centrafricaine\/politique\/rca-le-premier-ministre-firmin-ngrebada-deboute-bientot-convoque-devant-lassemblee-nationale","url":"https:\/\/www.africa-press.net\/centrafricaine\/politique\/rca-le-premier-ministre-firmin-ngrebada-deboute-bientot-convoque-devant-lassemblee-nationale","name":"le Premier ministre Firmin NGR\u00c9BADA, d\u00e9bout\u00e9, \u00a0bient\u00f4t convoqu\u00e9 devant l\u2019Assembl\u00e9e nationale ? - centrafricaine","isPartOf":{"@id":"https:\/\/www.africa-press.net\/centrafricaine\/#website"},"primaryImageOfPage":{"@id":"https:\/\/www.africa-press.net\/centrafricaine\/politique\/rca-le-premier-ministre-firmin-ngrebada-deboute-bientot-convoque-devant-lassemblee-nationale#primaryimage"},"image":{"@id":"https:\/\/www.africa-press.net\/centrafricaine\/politique\/rca-le-premier-ministre-firmin-ngrebada-deboute-bientot-convoque-devant-lassemblee-nationale#primaryimage"},"thumbnailUrl":"https:\/\/static.africa-press.net\/centrafricaine\/sites\/45\/2021\/05\/img-60a284ad9aded.jpg","datePublished":"2021-05-17T15:30:08+00:00","dateModified":"2021-05-17T16:49:14+00:00","author":{"@id":"https:\/\/www.africa-press.net\/centrafricaine\/#\/schema\/person\/2b1cf3cd81a31e3cd26889ca66d677f1"},"description":"Bangui, R\u00e9publique centrafricaine, lundi, 17 mai 2021, 03:04:59 ( Corbeaunews-Centrafrique ). Depuis une semaine ...","breadcrumb":{"@id":"https:\/\/www.africa-press.net\/centrafricaine\/politique\/rca-le-premier-ministre-firmin-ngrebada-deboute-bientot-convoque-devant-lassemblee-nationale#breadcrumb"},"inLanguage":"fr-FR","potentialAction":[{"@type":"ReadAction","target":["https:\/\/www.africa-press.net\/centrafricaine\/politique\/rca-le-premier-ministre-firmin-ngrebada-deboute-bientot-convoque-devant-lassemblee-nationale"]}]},{"@type":"ImageObject","inLanguage":"fr-FR","@id":"https:\/\/www.africa-press.net\/centrafricaine\/politique\/rca-le-premier-ministre-firmin-ngrebada-deboute-bientot-convoque-devant-lassemblee-nationale#primaryimage","url":"https:\/\/static.africa-press.net\/centrafricaine\/sites\/45\/2021\/05\/img-60a284ad9aded.jpg","contentUrl":"https:\/\/static.africa-press.net\/centrafricaine\/sites\/45\/2021\/05\/img-60a284ad9aded.jpg","width":720,"height":475,"caption":"RCA\u00a0: le Premier ministre Firmin NGR\u00c9BADA, d\u00e9bout\u00e9, \u00a0bient\u00f4t convoqu\u00e9 devant l\u2019Assembl\u00e9e nationale ?"},{"@type":"BreadcrumbList","@id":"https:\/\/www.africa-press.net\/centrafricaine\/politique\/rca-le-premier-ministre-firmin-ngrebada-deboute-bientot-convoque-devant-lassemblee-nationale#breadcrumb","itemListElement":[{"@type":"ListItem","position":1,"name":"Accueil","item":"https:\/\/www.africa-press.net\/centrafricaine\/"},{"@type":"ListItem","position":2,"name":"le Premier ministre Firmin NGR\u00c9BADA, d\u00e9bout\u00e9, \u00a0bient\u00f4t convoqu\u00e9 devant l\u2019Assembl\u00e9e nationale ?"}]},{"@type":"WebSite","@id":"https:\/\/www.africa-press.net\/centrafricaine\/#website","url":"https:\/\/www.africa-press.net\/centrafricaine\/","name":"centrafricaine","description":"Just another Africa News Agency Sites site","potentialAction":[{"@type":"SearchAction","target":{"@type":"EntryPoint","urlTemplate":"https:\/\/www.africa-press.net\/centrafricaine\/?s={search_term_string}"},"query-input":{"@type":"PropertyValueSpecification","valueRequired":true,"valueName":"search_term_string"}}],"inLanguage":"fr-FR"},{"@type":"Person","@id":"https:\/\/www.africa-press.net\/centrafricaine\/#\/schema\/person\/2b1cf3cd81a31e3cd26889ca66d677f1","name":"cfeditorfr"}]}},"_links":{"self":[{"href":"https:\/\/www.africa-press.net\/centrafricaine\/wp-json\/wp\/v2\/posts\/7059","targetHints":{"allow":["GET"]}}],"collection":[{"href":"https:\/\/www.africa-press.net\/centrafricaine\/wp-json\/wp\/v2\/posts"}],"about":[{"href":"https:\/\/www.africa-press.net\/centrafricaine\/wp-json\/wp\/v2\/types\/post"}],"author":[{"embeddable":true,"href":"https:\/\/www.africa-press.net\/centrafricaine\/wp-json\/wp\/v2\/users\/82"}],"replies":[{"embeddable":true,"href":"https:\/\/www.africa-press.net\/centrafricaine\/wp-json\/wp\/v2\/comments?post=7059"}],"version-history":[{"count":0,"href":"https:\/\/www.africa-press.net\/centrafricaine\/wp-json\/wp\/v2\/posts\/7059\/revisions"}],"wp:featuredmedia":[{"embeddable":true,"href":"https:\/\/www.africa-press.net\/centrafricaine\/wp-json\/wp\/v2\/media\/7058"}],"wp:attachment":[{"href":"https:\/\/www.africa-press.net\/centrafricaine\/wp-json\/wp\/v2\/media?parent=7059"}],"wp:term":[{"taxonomy":"category","embeddable":true,"href":"https:\/\/www.africa-press.net\/centrafricaine\/wp-json\/wp\/v2\/categories?post=7059"},{"taxonomy":"post_tag","embeddable":true,"href":"https:\/\/www.africa-press.net\/centrafricaine\/wp-json\/wp\/v2\/tags?post=7059"}],"curies":[{"name":"wp","href":"https:\/\/api.w.org\/{rel}","templated":true}]}}