{"id":7065,"date":"2021-05-17T15:46:38","date_gmt":"2021-05-17T15:46:38","guid":{"rendered":"https:\/\/www.africa-press.net\/centrafricaine\/?p=7065"},"modified":"2021-05-17T16:49:44","modified_gmt":"2021-05-17T16:49:44","slug":"rca-trois-morts-dans-une-explosion-dune-mine-sur-laxe-yelewa","status":"publish","type":"post","link":"https:\/\/www.africa-press.net\/centrafricaine\/politique\/rca-trois-morts-dans-une-explosion-dune-mine-sur-laxe-yelewa","title":{"rendered":"trois morts dans une explosion d\u2019une mine sur l\u2019axe Y\u00e9l\u00e9wa"},"content":{"rendered":"<p><span style=\"color: #ff6600\"><strong><a href=\"https:\/\/www.africa-press.net\/\">Africa-Press<\/a> &#8211; <a href=\"https:\/\/www.africa-press.net\/centrafricaine\">CentrAfricaine<\/a>.\u00a0 <\/strong><\/span>\u00a0Pr\u00e8s de deux semaines apr\u00e8s l\u2019explosion d\u2019une mine terrestre au passage d\u2019un v\u00e9hicule de la mission catholique de Niem faisant un mort et deux bless\u00e9s, ce dimanche 16 mai, c\u2019est le tour d\u2019une moto de se faire exploser par une mine terrestre sur l\u2019axe Y\u00e9l\u00e9wa et Bouar. Bilan, trois morts et aucun survivant.<\/p>\n<p>Selon le t\u00e9moignage de la famille, toutes les victimes sont des artisans ma\u00e7ons employ\u00e9s par le maire sultan de la ville de Y\u00e9l\u00e9wa pour la construction de sa cl\u00f4ture. Selon les m\u00eames sources, et vus le temps qu\u2019ils sont pass\u00e9s sur place, ils ont jug\u00e9 utile de demander une permission pour rendre visite \u00e0 leur famille \u00e0 Bouar. C\u2019est en prenant la route sur une moto qu\u2019ils se font sauter par une mine terrestre \u00e0 moins de 15 kilom\u00e8tres de Y\u00e9l\u00e9wa pr\u00e8s de Service Kolo. Vu l\u2019impact du choc, les trois passagers de la moto sont morts sur le champ.<\/p>\n<p>Pour l\u2019heure, il est difficile pour la famille d\u2019aller r\u00e9cup\u00e9rer les corps vu l\u2019ins\u00e9curit\u00e9 grandissante dans le secteur.<\/p>\n<p>Il est \u00e0 noter que c\u2019est sur le m\u00eame axe que s\u2019est produite l\u2019explosion de la mine qui a d\u00e9truit le v\u00e9hicule de la mission catholique de Niem le 5 mai dernier.<\/p>\n<p>Rappelons que La Minusca, mission des nations unies en R\u00e9publique centrafricaine se disait tr\u00e8s pr\u00e9occuper par la multiplication de l\u2019utilisation des engins explosifs dans le pays. Elle met en garde les auteurs contre une possible poursuite judiciaire pour crime contre l\u2019humanit\u00e9.<\/p>\n<p><b>\u00a0<\/b><\/p>\n","protected":false},"excerpt":{"rendered":"<p>Africa-Press &#8211; CentrAfricaine.\u00a0 \u00a0Pr\u00e8s de deux semaines apr\u00e8s l\u2019explosion d\u2019une mine terrestre au passage d\u2019un v\u00e9hicule de la mission catholique de Niem faisant un mort et deux bless\u00e9s, ce dimanche 16 mai, c\u2019est le tour d\u2019une moto de se faire exploser par une mine terrestre sur l\u2019axe Y\u00e9l\u00e9wa et Bouar. Bilan, trois morts et aucun [&hellip;]<\/p>\n","protected":false},"author":82,"featured_media":7064,"comment_status":"open","ping_status":"closed","sticky":false,"template":"","format":"standard","meta":{"footnotes":""},"categories":[11,2,10],"tags":[36,58,30],"class_list":["post-7065","post","type-post","status-publish","format-standard","has-post-thumbnail","hentry","category-homepage-french","category-politique","category-toutes-les-actualites","tag-africa-press","tag-africa-press-centrafricaine","tag-centrafricaine"],"yoast_head":"<!-- This site is optimized with the Yoast SEO Premium plugin v26.1 (Yoast SEO v27.0) - https:\/\/yoast.com\/product\/yoast-seo-premium-wordpress\/ -->\n<title>trois morts dans une explosion d\u2019une mine sur l\u2019axe Y\u00e9l\u00e9wa - centrafricaine<\/title>\n<meta name=\"description\" content=\"Bouar, R\u00e9publique centrafricaine, lundi, 17 mai 2021, 14:09:31 ( Corbeaunews-Centrafrique ). Pr\u00e8s de deux semain ...\" \/>\n<meta name=\"robots\" content=\"index, follow, max-snippet:-1, max-image-preview:large, max-video-preview:-1\" \/>\n<link rel=\"canonical\" href=\"https:\/\/www.africa-press.net\/centrafricaine\/politique\/rca-trois-morts-dans-une-explosion-dune-mine-sur-laxe-yelewa\" \/>\n<meta property=\"og:locale\" content=\"fr_FR\" \/>\n<meta property=\"og:type\" content=\"article\" \/>\n<meta property=\"og:title\" content=\"trois morts dans une explosion d\u2019une mine sur l\u2019axe Y\u00e9l\u00e9wa\" \/>\n<meta property=\"og:description\" content=\"Bouar, R\u00e9publique centrafricaine, lundi, 17 mai 2021, 14:09:31 ( Corbeaunews-Centrafrique ). Pr\u00e8s de deux semain ...\" \/>\n<meta property=\"og:url\" content=\"https:\/\/www.africa-press.net\/centrafricaine\/politique\/rca-trois-morts-dans-une-explosion-dune-mine-sur-laxe-yelewa\" \/>\n<meta property=\"og:site_name\" content=\"centrafricaine\" \/>\n<meta property=\"article:published_time\" content=\"2021-05-17T15:46:38+00:00\" \/>\n<meta property=\"article:modified_time\" content=\"2021-05-17T16:49:44+00:00\" \/>\n<meta property=\"og:image\" content=\"https:\/\/static.africa-press.net\/centrafricaine\/sites\/45\/2021\/05\/img-60a28506c5dfa.jpg\" \/>\n\t<meta property=\"og:image:width\" content=\"720\" \/>\n\t<meta property=\"og:image:height\" content=\"404\" \/>\n\t<meta property=\"og:image:type\" content=\"image\/jpeg\" \/>\n<meta name=\"author\" content=\"cfeditorfr\" \/>\n<meta name=\"twitter:card\" content=\"summary_large_image\" \/>\n<meta name=\"twitter:label1\" content=\"\u00c9crit par\" \/>\n\t<meta name=\"twitter:data1\" content=\"cfeditorfr\" \/>\n\t<meta name=\"twitter:label2\" content=\"Dur\u00e9e de lecture estim\u00e9e\" \/>\n\t<meta name=\"twitter:data2\" content=\"2 minutes\" \/>\n<script type=\"application\/ld+json\" class=\"yoast-schema-graph\">{\"@context\":\"https:\/\/schema.org\",\"@graph\":[{\"@type\":\"Article\",\"@id\":\"https:\/\/www.africa-press.net\/centrafricaine\/politique\/rca-trois-morts-dans-une-explosion-dune-mine-sur-laxe-yelewa#article\",\"isPartOf\":{\"@id\":\"https:\/\/www.africa-press.net\/centrafricaine\/politique\/rca-trois-morts-dans-une-explosion-dune-mine-sur-laxe-yelewa\"},\"author\":{\"name\":\"cfeditorfr\",\"@id\":\"https:\/\/www.africa-press.net\/centrafricaine\/#\/schema\/person\/2b1cf3cd81a31e3cd26889ca66d677f1\"},\"headline\":\"trois morts dans une explosion d\u2019une mine sur l\u2019axe Y\u00e9l\u00e9wa\",\"datePublished\":\"2021-05-17T15:46:38+00:00\",\"dateModified\":\"2021-05-17T16:49:44+00:00\",\"mainEntityOfPage\":{\"@id\":\"https:\/\/www.africa-press.net\/centrafricaine\/politique\/rca-trois-morts-dans-une-explosion-dune-mine-sur-laxe-yelewa\"},\"wordCount\":299,\"commentCount\":0,\"image\":{\"@id\":\"https:\/\/www.africa-press.net\/centrafricaine\/politique\/rca-trois-morts-dans-une-explosion-dune-mine-sur-laxe-yelewa#primaryimage\"},\"thumbnailUrl\":\"https:\/\/static.africa-press.net\/centrafricaine\/sites\/45\/2021\/05\/img-60a28506c5dfa.jpg\",\"keywords\":[\"Africa Press\",\"Africa Press-CentrAfricaine\",\"CentrAfricaine\"],\"articleSection\":[\"homepage-french\",\"Politique\",\"Toutes les actualit\u00e9s\"],\"inLanguage\":\"fr-FR\",\"potentialAction\":[{\"@type\":\"CommentAction\",\"name\":\"Comment\",\"target\":[\"https:\/\/www.africa-press.net\/centrafricaine\/politique\/rca-trois-morts-dans-une-explosion-dune-mine-sur-laxe-yelewa#respond\"]}]},{\"@type\":\"WebPage\",\"@id\":\"https:\/\/www.africa-press.net\/centrafricaine\/politique\/rca-trois-morts-dans-une-explosion-dune-mine-sur-laxe-yelewa\",\"url\":\"https:\/\/www.africa-press.net\/centrafricaine\/politique\/rca-trois-morts-dans-une-explosion-dune-mine-sur-laxe-yelewa\",\"name\":\"trois morts dans une explosion d\u2019une mine sur l\u2019axe Y\u00e9l\u00e9wa - centrafricaine\",\"isPartOf\":{\"@id\":\"https:\/\/www.africa-press.net\/centrafricaine\/#website\"},\"primaryImageOfPage\":{\"@id\":\"https:\/\/www.africa-press.net\/centrafricaine\/politique\/rca-trois-morts-dans-une-explosion-dune-mine-sur-laxe-yelewa#primaryimage\"},\"image\":{\"@id\":\"https:\/\/www.africa-press.net\/centrafricaine\/politique\/rca-trois-morts-dans-une-explosion-dune-mine-sur-laxe-yelewa#primaryimage\"},\"thumbnailUrl\":\"https:\/\/static.africa-press.net\/centrafricaine\/sites\/45\/2021\/05\/img-60a28506c5dfa.jpg\",\"datePublished\":\"2021-05-17T15:46:38+00:00\",\"dateModified\":\"2021-05-17T16:49:44+00:00\",\"author\":{\"@id\":\"https:\/\/www.africa-press.net\/centrafricaine\/#\/schema\/person\/2b1cf3cd81a31e3cd26889ca66d677f1\"},\"description\":\"Bouar, R\u00e9publique centrafricaine, lundi, 17 mai 2021, 14:09:31 ( Corbeaunews-Centrafrique ). Pr\u00e8s de deux semain ...\",\"breadcrumb\":{\"@id\":\"https:\/\/www.africa-press.net\/centrafricaine\/politique\/rca-trois-morts-dans-une-explosion-dune-mine-sur-laxe-yelewa#breadcrumb\"},\"inLanguage\":\"fr-FR\",\"potentialAction\":[{\"@type\":\"ReadAction\",\"target\":[\"https:\/\/www.africa-press.net\/centrafricaine\/politique\/rca-trois-morts-dans-une-explosion-dune-mine-sur-laxe-yelewa\"]}]},{\"@type\":\"ImageObject\",\"inLanguage\":\"fr-FR\",\"@id\":\"https:\/\/www.africa-press.net\/centrafricaine\/politique\/rca-trois-morts-dans-une-explosion-dune-mine-sur-laxe-yelewa#primaryimage\",\"url\":\"https:\/\/static.africa-press.net\/centrafricaine\/sites\/45\/2021\/05\/img-60a28506c5dfa.jpg\",\"contentUrl\":\"https:\/\/static.africa-press.net\/centrafricaine\/sites\/45\/2021\/05\/img-60a28506c5dfa.jpg\",\"width\":720,\"height\":404,\"caption\":\"RCA\u00a0: trois morts dans une explosion d\u2019une mine sur l\u2019axe Y\u00e9l\u00e9wa\"},{\"@type\":\"BreadcrumbList\",\"@id\":\"https:\/\/www.africa-press.net\/centrafricaine\/politique\/rca-trois-morts-dans-une-explosion-dune-mine-sur-laxe-yelewa#breadcrumb\",\"itemListElement\":[{\"@type\":\"ListItem\",\"position\":1,\"name\":\"Accueil\",\"item\":\"https:\/\/www.africa-press.net\/centrafricaine\/\"},{\"@type\":\"ListItem\",\"position\":2,\"name\":\"trois morts dans une explosion d\u2019une mine sur l\u2019axe Y\u00e9l\u00e9wa\"}]},{\"@type\":\"WebSite\",\"@id\":\"https:\/\/www.africa-press.net\/centrafricaine\/#website\",\"url\":\"https:\/\/www.africa-press.net\/centrafricaine\/\",\"name\":\"centrafricaine\",\"description\":\"Just another Africa News Agency Sites site\",\"potentialAction\":[{\"@type\":\"SearchAction\",\"target\":{\"@type\":\"EntryPoint\",\"urlTemplate\":\"https:\/\/www.africa-press.net\/centrafricaine\/?s={search_term_string}\"},\"query-input\":{\"@type\":\"PropertyValueSpecification\",\"valueRequired\":true,\"valueName\":\"search_term_string\"}}],\"inLanguage\":\"fr-FR\"},{\"@type\":\"Person\",\"@id\":\"https:\/\/www.africa-press.net\/centrafricaine\/#\/schema\/person\/2b1cf3cd81a31e3cd26889ca66d677f1\",\"name\":\"cfeditorfr\"}]}<\/script>\n<!-- \/ Yoast SEO Premium plugin. -->","yoast_head_json":{"title":"trois morts dans une explosion d\u2019une mine sur l\u2019axe Y\u00e9l\u00e9wa - centrafricaine","description":"Bouar, R\u00e9publique centrafricaine, lundi, 17 mai 2021, 14:09:31 ( Corbeaunews-Centrafrique ). Pr\u00e8s de deux semain ...","robots":{"index":"index","follow":"follow","max-snippet":"max-snippet:-1","max-image-preview":"max-image-preview:large","max-video-preview":"max-video-preview:-1"},"canonical":"https:\/\/www.africa-press.net\/centrafricaine\/politique\/rca-trois-morts-dans-une-explosion-dune-mine-sur-laxe-yelewa","og_locale":"fr_FR","og_type":"article","og_title":"trois morts dans une explosion d\u2019une mine sur l\u2019axe Y\u00e9l\u00e9wa","og_description":"Bouar, R\u00e9publique centrafricaine, lundi, 17 mai 2021, 14:09:31 ( Corbeaunews-Centrafrique ). Pr\u00e8s de deux semain ...","og_url":"https:\/\/www.africa-press.net\/centrafricaine\/politique\/rca-trois-morts-dans-une-explosion-dune-mine-sur-laxe-yelewa","og_site_name":"centrafricaine","article_published_time":"2021-05-17T15:46:38+00:00","article_modified_time":"2021-05-17T16:49:44+00:00","og_image":[{"width":720,"height":404,"url":"https:\/\/static.africa-press.net\/centrafricaine\/sites\/45\/2021\/05\/img-60a28506c5dfa.jpg","type":"image\/jpeg"}],"author":"cfeditorfr","twitter_card":"summary_large_image","twitter_misc":{"\u00c9crit par":"cfeditorfr","Dur\u00e9e de lecture estim\u00e9e":"2 minutes"},"schema":{"@context":"https:\/\/schema.org","@graph":[{"@type":"Article","@id":"https:\/\/www.africa-press.net\/centrafricaine\/politique\/rca-trois-morts-dans-une-explosion-dune-mine-sur-laxe-yelewa#article","isPartOf":{"@id":"https:\/\/www.africa-press.net\/centrafricaine\/politique\/rca-trois-morts-dans-une-explosion-dune-mine-sur-laxe-yelewa"},"author":{"name":"cfeditorfr","@id":"https:\/\/www.africa-press.net\/centrafricaine\/#\/schema\/person\/2b1cf3cd81a31e3cd26889ca66d677f1"},"headline":"trois morts dans une explosion d\u2019une mine sur l\u2019axe Y\u00e9l\u00e9wa","datePublished":"2021-05-17T15:46:38+00:00","dateModified":"2021-05-17T16:49:44+00:00","mainEntityOfPage":{"@id":"https:\/\/www.africa-press.net\/centrafricaine\/politique\/rca-trois-morts-dans-une-explosion-dune-mine-sur-laxe-yelewa"},"wordCount":299,"commentCount":0,"image":{"@id":"https:\/\/www.africa-press.net\/centrafricaine\/politique\/rca-trois-morts-dans-une-explosion-dune-mine-sur-laxe-yelewa#primaryimage"},"thumbnailUrl":"https:\/\/static.africa-press.net\/centrafricaine\/sites\/45\/2021\/05\/img-60a28506c5dfa.jpg","keywords":["Africa Press","Africa Press-CentrAfricaine","CentrAfricaine"],"articleSection":["homepage-french","Politique","Toutes les actualit\u00e9s"],"inLanguage":"fr-FR","potentialAction":[{"@type":"CommentAction","name":"Comment","target":["https:\/\/www.africa-press.net\/centrafricaine\/politique\/rca-trois-morts-dans-une-explosion-dune-mine-sur-laxe-yelewa#respond"]}]},{"@type":"WebPage","@id":"https:\/\/www.africa-press.net\/centrafricaine\/politique\/rca-trois-morts-dans-une-explosion-dune-mine-sur-laxe-yelewa","url":"https:\/\/www.africa-press.net\/centrafricaine\/politique\/rca-trois-morts-dans-une-explosion-dune-mine-sur-laxe-yelewa","name":"trois morts dans une explosion d\u2019une mine sur l\u2019axe Y\u00e9l\u00e9wa - centrafricaine","isPartOf":{"@id":"https:\/\/www.africa-press.net\/centrafricaine\/#website"},"primaryImageOfPage":{"@id":"https:\/\/www.africa-press.net\/centrafricaine\/politique\/rca-trois-morts-dans-une-explosion-dune-mine-sur-laxe-yelewa#primaryimage"},"image":{"@id":"https:\/\/www.africa-press.net\/centrafricaine\/politique\/rca-trois-morts-dans-une-explosion-dune-mine-sur-laxe-yelewa#primaryimage"},"thumbnailUrl":"https:\/\/static.africa-press.net\/centrafricaine\/sites\/45\/2021\/05\/img-60a28506c5dfa.jpg","datePublished":"2021-05-17T15:46:38+00:00","dateModified":"2021-05-17T16:49:44+00:00","author":{"@id":"https:\/\/www.africa-press.net\/centrafricaine\/#\/schema\/person\/2b1cf3cd81a31e3cd26889ca66d677f1"},"description":"Bouar, R\u00e9publique centrafricaine, lundi, 17 mai 2021, 14:09:31 ( Corbeaunews-Centrafrique ). Pr\u00e8s de deux semain ...","breadcrumb":{"@id":"https:\/\/www.africa-press.net\/centrafricaine\/politique\/rca-trois-morts-dans-une-explosion-dune-mine-sur-laxe-yelewa#breadcrumb"},"inLanguage":"fr-FR","potentialAction":[{"@type":"ReadAction","target":["https:\/\/www.africa-press.net\/centrafricaine\/politique\/rca-trois-morts-dans-une-explosion-dune-mine-sur-laxe-yelewa"]}]},{"@type":"ImageObject","inLanguage":"fr-FR","@id":"https:\/\/www.africa-press.net\/centrafricaine\/politique\/rca-trois-morts-dans-une-explosion-dune-mine-sur-laxe-yelewa#primaryimage","url":"https:\/\/static.africa-press.net\/centrafricaine\/sites\/45\/2021\/05\/img-60a28506c5dfa.jpg","contentUrl":"https:\/\/static.africa-press.net\/centrafricaine\/sites\/45\/2021\/05\/img-60a28506c5dfa.jpg","width":720,"height":404,"caption":"RCA\u00a0: trois morts dans une explosion d\u2019une mine sur l\u2019axe Y\u00e9l\u00e9wa"},{"@type":"BreadcrumbList","@id":"https:\/\/www.africa-press.net\/centrafricaine\/politique\/rca-trois-morts-dans-une-explosion-dune-mine-sur-laxe-yelewa#breadcrumb","itemListElement":[{"@type":"ListItem","position":1,"name":"Accueil","item":"https:\/\/www.africa-press.net\/centrafricaine\/"},{"@type":"ListItem","position":2,"name":"trois morts dans une explosion d\u2019une mine sur l\u2019axe Y\u00e9l\u00e9wa"}]},{"@type":"WebSite","@id":"https:\/\/www.africa-press.net\/centrafricaine\/#website","url":"https:\/\/www.africa-press.net\/centrafricaine\/","name":"centrafricaine","description":"Just another Africa News Agency Sites site","potentialAction":[{"@type":"SearchAction","target":{"@type":"EntryPoint","urlTemplate":"https:\/\/www.africa-press.net\/centrafricaine\/?s={search_term_string}"},"query-input":{"@type":"PropertyValueSpecification","valueRequired":true,"valueName":"search_term_string"}}],"inLanguage":"fr-FR"},{"@type":"Person","@id":"https:\/\/www.africa-press.net\/centrafricaine\/#\/schema\/person\/2b1cf3cd81a31e3cd26889ca66d677f1","name":"cfeditorfr"}]}},"_links":{"self":[{"href":"https:\/\/www.africa-press.net\/centrafricaine\/wp-json\/wp\/v2\/posts\/7065","targetHints":{"allow":["GET"]}}],"collection":[{"href":"https:\/\/www.africa-press.net\/centrafricaine\/wp-json\/wp\/v2\/posts"}],"about":[{"href":"https:\/\/www.africa-press.net\/centrafricaine\/wp-json\/wp\/v2\/types\/post"}],"author":[{"embeddable":true,"href":"https:\/\/www.africa-press.net\/centrafricaine\/wp-json\/wp\/v2\/users\/82"}],"replies":[{"embeddable":true,"href":"https:\/\/www.africa-press.net\/centrafricaine\/wp-json\/wp\/v2\/comments?post=7065"}],"version-history":[{"count":0,"href":"https:\/\/www.africa-press.net\/centrafricaine\/wp-json\/wp\/v2\/posts\/7065\/revisions"}],"wp:featuredmedia":[{"embeddable":true,"href":"https:\/\/www.africa-press.net\/centrafricaine\/wp-json\/wp\/v2\/media\/7064"}],"wp:attachment":[{"href":"https:\/\/www.africa-press.net\/centrafricaine\/wp-json\/wp\/v2\/media?parent=7065"}],"wp:term":[{"taxonomy":"category","embeddable":true,"href":"https:\/\/www.africa-press.net\/centrafricaine\/wp-json\/wp\/v2\/categories?post=7065"},{"taxonomy":"post_tag","embeddable":true,"href":"https:\/\/www.africa-press.net\/centrafricaine\/wp-json\/wp\/v2\/tags?post=7065"}],"curies":[{"name":"wp","href":"https:\/\/api.w.org\/{rel}","templated":true}]}}