{"id":70839,"date":"2025-05-03T14:14:46","date_gmt":"2025-05-03T14:14:46","guid":{"rendered":"https:\/\/www.africa-press.net\/centrafricaine\/politique\/lancement-dune-cooperative-miniere-pour-la-protection-de-leconomie"},"modified":"2025-05-05T15:43:19","modified_gmt":"2025-05-05T15:43:19","slug":"lancement-dune-cooperative-miniere-pour-la-protection-de-leconomie","status":"publish","type":"post","link":"https:\/\/www.africa-press.net\/centrafricaine\/economie\/lancement-dune-cooperative-miniere-pour-la-protection-de-leconomie","title":{"rendered":"lancement d\u2019une coop\u00e9rative mini\u00e8re pour la protection de l\u2019\u00e9conomie"},"content":{"rendered":"<p><span style=\"color: #ff6600\"><strong>Africa-Press &#8211; CentrAfricaine. <\/strong><\/span><b> Afin de permettre l\u2019inflation des produits miniers centrafricains de manie\u0300re responsable, l\u2019AJEMADEC lance une coope\u0301rative minie\u0300re de\u0301nomme\u0301e Centra-Or et Diamant. Le lancement officiel a eu lieu le vendredi 2 mai lors d\u2019une confe\u0301rence de presse tenue au sein de ladite structure situe\u0301e au complexe sportif 20.000 places a\u0300 Bangui. <\/b><\/p>\n<p>La Re\u0301publique centrafricaine de grandes potentialite\u0301s en ce qui concerne les ressources minie\u0300res. Ce qui fait que le pays est convoite\u0301 par plusieurs cate\u0301gories des personnes venues des re\u0301gions du monde. Cependant, ces richesses minie\u0300res sont parfois exploite\u0301es de manie\u0300re anarchique et ne profitent pas aux certains fils de la Re\u0301publique centrafricaine.<\/p>\n<p>Alors, comment faire pour prote\u0301ger ces ressources aux profits des centrafricains ? Pour re\u0301pondre a\u0300 cela, l\u2019Association Jeunesse en Marche pour le De\u0301veloppement de Centrafrique (AJEMADEC) a initie\u0301 une Coope\u0301rative minie\u0300re de\u0301nomme\u0301e Centra-Or et Diamant afin de permettre la protection des sommes d\u2019argent des centrafricains en pe\u0301riode d\u2019instabilite\u0301 e\u0301conomique nationale et mondiale.<\/p>\n<p>A en croire <b>Rhosyns Zalang Ngatondang<\/b>, pre\u0301sident fondateur de l\u2019AJEMADEC, cette initiative vient apre\u0300s un constat d\u2019instabilite\u0301 qui s\u2019annonce: <b>\u00ab Nous avons constate\u0301 une instabilite\u0301 e\u0301conomique qui se pointe a\u0300 l\u2019horizon et qui pourra compromettre l\u2019avenir financier et e\u0301conomique des centrafricains. C\u2019est pourquoi nous avons propose\u0301 un produit ade\u0301quat qui est la coope\u0301rative minie\u0300re Centra-Or et diamant afin de pouvoir prote\u0301ger l\u2019avenir e\u0301conomique du peuple centrafricain. Et a\u0300 travers cela, les centrafricains vont promouvoir la transformation et la commercialisation de l\u2019or centrafricain de manie\u0300re responsable, permettant a\u0300 tous de profiter des dividendes de l\u2019exploitation aurife\u0300re selon les normes. Nous avons une structure hie\u0301rarchise\u0301e et ade\u0301quate pour pouvoir travailler selon les re\u0300gles de notre pays tout en collaborant avec les autres entite\u0301s qui \u0153uvrent dans ce domaine afin de favoriser une exploitation responsable de ces ressources minie\u0300res en RCA \u00bb<\/b>, a-t-il explique\u0301.<\/p>\n<p>Cette structure voit le jour au moment ou\u0300 les ressources minie\u0300res de la Re\u0301publique centrafricaine font face a\u0300 un certain temps, a\u0300 un phe\u0301nome\u0300ne d\u2019exploitation ille\u0301gale ne profitant pas a\u0300 plusieurs centrafricains. Cette initiative est comme un coup de pouce a\u0300 l\u2019endroit des institutions en charge des ressources minie\u0300res pour une re\u0301glementation dans ledit secteur.<\/p>\n<p><b>Source: Ndjoni Sango<\/b><\/p>\n<p><strong>Pour plus d&rsquo;informations et d&rsquo;analyses sur la <span style=\"color: #ff6600\">CentrAfricaine<\/span>, suivez <span style=\"color: #ff6600\">Africa-Press<\/span><\/strong><\/p>\n","protected":false},"excerpt":{"rendered":"<p>Africa-Press &#8211; CentrAfricaine. Afin de permettre l\u2019inflation des produits miniers centrafricains de manie\u0300re responsable, l\u2019AJEMADEC lance une coope\u0301rative minie\u0300re de\u0301nomme\u0301e Centra-Or et Diamant. Le lancement officiel a eu lieu le vendredi 2 mai lors d\u2019une confe\u0301rence de presse tenue au sein de ladite structure situe\u0301e au complexe sportif 20.000 places a\u0300 Bangui. La Re\u0301publique centrafricaine [&hellip;]<\/p>\n","protected":false},"author":82,"featured_media":70838,"comment_status":"open","ping_status":"closed","sticky":false,"template":"","format":"standard","meta":{"footnotes":""},"categories":[3,10],"tags":[3034,30,41,5872,1754],"class_list":["post-70839","post","type-post","status-publish","format-standard","has-post-thumbnail","hentry","category-economie","category-toutes-les-actualites","tag-ajemadec","tag-centrafricaine","tag-centrafrique","tag-cooperative-miniere","tag-lancement"],"yoast_head":"<!-- This site is optimized with the Yoast SEO Premium plugin v26.1 (Yoast SEO v27.0) - https:\/\/yoast.com\/product\/yoast-seo-premium-wordpress\/ -->\n<title>lancement d\u2019une coop\u00e9rative mini\u00e8re pour la protection de l\u2019\u00e9conomie - centrafricaine<\/title>\n<meta name=\"description\" content=\"Afin de permettre l\u2019inflation des produits miniers centrafricains de manie\u0300re responsable, l\u2019AJEMADEC lance une coop ...\" \/>\n<meta name=\"robots\" content=\"index, follow, max-snippet:-1, max-image-preview:large, max-video-preview:-1\" \/>\n<link rel=\"canonical\" href=\"https:\/\/www.africa-press.net\/centrafricaine\/economie\/lancement-dune-cooperative-miniere-pour-la-protection-de-leconomie\" \/>\n<meta property=\"og:locale\" content=\"fr_FR\" \/>\n<meta property=\"og:type\" content=\"article\" \/>\n<meta property=\"og:title\" content=\"lancement d\u2019une coop\u00e9rative mini\u00e8re pour la protection de l\u2019\u00e9conomie\" \/>\n<meta property=\"og:description\" content=\"Afin de permettre l\u2019inflation des produits miniers centrafricains de manie\u0300re responsable, l\u2019AJEMADEC lance une coop ...\" \/>\n<meta property=\"og:url\" content=\"https:\/\/www.africa-press.net\/centrafricaine\/economie\/lancement-dune-cooperative-miniere-pour-la-protection-de-leconomie\" \/>\n<meta property=\"og:site_name\" content=\"centrafricaine\" \/>\n<meta property=\"article:published_time\" content=\"2025-05-03T14:14:46+00:00\" \/>\n<meta property=\"article:modified_time\" content=\"2025-05-05T15:43:19+00:00\" \/>\n<meta property=\"og:image\" content=\"https:\/\/static.africa-press.net\/centrafricaine\/sites\/45\/2025\/05\/sm_1746269629.311141.jpg\" \/>\n\t<meta property=\"og:image:width\" content=\"1357\" \/>\n\t<meta property=\"og:image:height\" content=\"536\" \/>\n\t<meta property=\"og:image:type\" content=\"image\/jpeg\" \/>\n<meta name=\"author\" content=\"cfeditorfr\" \/>\n<meta name=\"twitter:card\" content=\"summary_large_image\" \/>\n<meta name=\"twitter:label1\" content=\"\u00c9crit par\" \/>\n\t<meta name=\"twitter:data1\" content=\"cfeditorfr\" \/>\n\t<meta name=\"twitter:label2\" content=\"Dur\u00e9e de lecture estim\u00e9e\" \/>\n\t<meta name=\"twitter:data2\" content=\"3 minutes\" \/>\n<script type=\"application\/ld+json\" class=\"yoast-schema-graph\">{\"@context\":\"https:\/\/schema.org\",\"@graph\":[{\"@type\":\"Article\",\"@id\":\"https:\/\/www.africa-press.net\/centrafricaine\/economie\/lancement-dune-cooperative-miniere-pour-la-protection-de-leconomie#article\",\"isPartOf\":{\"@id\":\"https:\/\/www.africa-press.net\/centrafricaine\/economie\/lancement-dune-cooperative-miniere-pour-la-protection-de-leconomie\"},\"author\":{\"name\":\"cfeditorfr\",\"@id\":\"https:\/\/www.africa-press.net\/centrafricaine\/#\/schema\/person\/2b1cf3cd81a31e3cd26889ca66d677f1\"},\"headline\":\"lancement d\u2019une coop\u00e9rative mini\u00e8re pour la protection de l\u2019\u00e9conomie\",\"datePublished\":\"2025-05-03T14:14:46+00:00\",\"dateModified\":\"2025-05-05T15:43:19+00:00\",\"mainEntityOfPage\":{\"@id\":\"https:\/\/www.africa-press.net\/centrafricaine\/economie\/lancement-dune-cooperative-miniere-pour-la-protection-de-leconomie\"},\"wordCount\":441,\"commentCount\":0,\"image\":{\"@id\":\"https:\/\/www.africa-press.net\/centrafricaine\/economie\/lancement-dune-cooperative-miniere-pour-la-protection-de-leconomie#primaryimage\"},\"thumbnailUrl\":\"https:\/\/static.africa-press.net\/centrafricaine\/sites\/45\/2025\/05\/sm_1746269629.311141.jpg\",\"keywords\":[\"AJEMADEC\",\"CentrAfricaine\",\"Centrafrique\",\"coop\u00e9rative mini\u00e8re\",\"lancement\"],\"articleSection\":[\"\u00c9conomie\",\"Toutes les actualit\u00e9s\"],\"inLanguage\":\"fr-FR\",\"potentialAction\":[{\"@type\":\"CommentAction\",\"name\":\"Comment\",\"target\":[\"https:\/\/www.africa-press.net\/centrafricaine\/economie\/lancement-dune-cooperative-miniere-pour-la-protection-de-leconomie#respond\"]}]},{\"@type\":\"WebPage\",\"@id\":\"https:\/\/www.africa-press.net\/centrafricaine\/economie\/lancement-dune-cooperative-miniere-pour-la-protection-de-leconomie\",\"url\":\"https:\/\/www.africa-press.net\/centrafricaine\/economie\/lancement-dune-cooperative-miniere-pour-la-protection-de-leconomie\",\"name\":\"lancement d\u2019une coop\u00e9rative mini\u00e8re pour la protection de l\u2019\u00e9conomie - centrafricaine\",\"isPartOf\":{\"@id\":\"https:\/\/www.africa-press.net\/centrafricaine\/#website\"},\"primaryImageOfPage\":{\"@id\":\"https:\/\/www.africa-press.net\/centrafricaine\/economie\/lancement-dune-cooperative-miniere-pour-la-protection-de-leconomie#primaryimage\"},\"image\":{\"@id\":\"https:\/\/www.africa-press.net\/centrafricaine\/economie\/lancement-dune-cooperative-miniere-pour-la-protection-de-leconomie#primaryimage\"},\"thumbnailUrl\":\"https:\/\/static.africa-press.net\/centrafricaine\/sites\/45\/2025\/05\/sm_1746269629.311141.jpg\",\"datePublished\":\"2025-05-03T14:14:46+00:00\",\"dateModified\":\"2025-05-05T15:43:19+00:00\",\"author\":{\"@id\":\"https:\/\/www.africa-press.net\/centrafricaine\/#\/schema\/person\/2b1cf3cd81a31e3cd26889ca66d677f1\"},\"description\":\"Afin de permettre l\u2019inflation des produits miniers centrafricains de manie\u0300re responsable, l\u2019AJEMADEC lance une coop ...\",\"breadcrumb\":{\"@id\":\"https:\/\/www.africa-press.net\/centrafricaine\/economie\/lancement-dune-cooperative-miniere-pour-la-protection-de-leconomie#breadcrumb\"},\"inLanguage\":\"fr-FR\",\"potentialAction\":[{\"@type\":\"ReadAction\",\"target\":[\"https:\/\/www.africa-press.net\/centrafricaine\/economie\/lancement-dune-cooperative-miniere-pour-la-protection-de-leconomie\"]}]},{\"@type\":\"ImageObject\",\"inLanguage\":\"fr-FR\",\"@id\":\"https:\/\/www.africa-press.net\/centrafricaine\/economie\/lancement-dune-cooperative-miniere-pour-la-protection-de-leconomie#primaryimage\",\"url\":\"https:\/\/static.africa-press.net\/centrafricaine\/sites\/45\/2025\/05\/sm_1746269629.311141.jpg\",\"contentUrl\":\"https:\/\/static.africa-press.net\/centrafricaine\/sites\/45\/2025\/05\/sm_1746269629.311141.jpg\",\"width\":1357,\"height\":536,\"caption\":\"lancement d\u2019une coop\u00e9rative mini\u00e8re pour la protection de l\u2019\u00e9conomie\"},{\"@type\":\"BreadcrumbList\",\"@id\":\"https:\/\/www.africa-press.net\/centrafricaine\/economie\/lancement-dune-cooperative-miniere-pour-la-protection-de-leconomie#breadcrumb\",\"itemListElement\":[{\"@type\":\"ListItem\",\"position\":1,\"name\":\"Accueil\",\"item\":\"https:\/\/www.africa-press.net\/centrafricaine\/\"},{\"@type\":\"ListItem\",\"position\":2,\"name\":\"lancement d\u2019une coop\u00e9rative mini\u00e8re pour la protection de l\u2019\u00e9conomie\"}]},{\"@type\":\"WebSite\",\"@id\":\"https:\/\/www.africa-press.net\/centrafricaine\/#website\",\"url\":\"https:\/\/www.africa-press.net\/centrafricaine\/\",\"name\":\"centrafricaine\",\"description\":\"Just another Africa News Agency Sites site\",\"potentialAction\":[{\"@type\":\"SearchAction\",\"target\":{\"@type\":\"EntryPoint\",\"urlTemplate\":\"https:\/\/www.africa-press.net\/centrafricaine\/?s={search_term_string}\"},\"query-input\":{\"@type\":\"PropertyValueSpecification\",\"valueRequired\":true,\"valueName\":\"search_term_string\"}}],\"inLanguage\":\"fr-FR\"},{\"@type\":\"Person\",\"@id\":\"https:\/\/www.africa-press.net\/centrafricaine\/#\/schema\/person\/2b1cf3cd81a31e3cd26889ca66d677f1\",\"name\":\"cfeditorfr\"}]}<\/script>\n<!-- \/ Yoast SEO Premium plugin. -->","yoast_head_json":{"title":"lancement d\u2019une coop\u00e9rative mini\u00e8re pour la protection de l\u2019\u00e9conomie - centrafricaine","description":"Afin de permettre l\u2019inflation des produits miniers centrafricains de manie\u0300re responsable, l\u2019AJEMADEC lance une coop ...","robots":{"index":"index","follow":"follow","max-snippet":"max-snippet:-1","max-image-preview":"max-image-preview:large","max-video-preview":"max-video-preview:-1"},"canonical":"https:\/\/www.africa-press.net\/centrafricaine\/economie\/lancement-dune-cooperative-miniere-pour-la-protection-de-leconomie","og_locale":"fr_FR","og_type":"article","og_title":"lancement d\u2019une coop\u00e9rative mini\u00e8re pour la protection de l\u2019\u00e9conomie","og_description":"Afin de permettre l\u2019inflation des produits miniers centrafricains de manie\u0300re responsable, l\u2019AJEMADEC lance une coop ...","og_url":"https:\/\/www.africa-press.net\/centrafricaine\/economie\/lancement-dune-cooperative-miniere-pour-la-protection-de-leconomie","og_site_name":"centrafricaine","article_published_time":"2025-05-03T14:14:46+00:00","article_modified_time":"2025-05-05T15:43:19+00:00","og_image":[{"width":1357,"height":536,"url":"https:\/\/static.africa-press.net\/centrafricaine\/sites\/45\/2025\/05\/sm_1746269629.311141.jpg","type":"image\/jpeg"}],"author":"cfeditorfr","twitter_card":"summary_large_image","twitter_misc":{"\u00c9crit par":"cfeditorfr","Dur\u00e9e de lecture estim\u00e9e":"3 minutes"},"schema":{"@context":"https:\/\/schema.org","@graph":[{"@type":"Article","@id":"https:\/\/www.africa-press.net\/centrafricaine\/economie\/lancement-dune-cooperative-miniere-pour-la-protection-de-leconomie#article","isPartOf":{"@id":"https:\/\/www.africa-press.net\/centrafricaine\/economie\/lancement-dune-cooperative-miniere-pour-la-protection-de-leconomie"},"author":{"name":"cfeditorfr","@id":"https:\/\/www.africa-press.net\/centrafricaine\/#\/schema\/person\/2b1cf3cd81a31e3cd26889ca66d677f1"},"headline":"lancement d\u2019une coop\u00e9rative mini\u00e8re pour la protection de l\u2019\u00e9conomie","datePublished":"2025-05-03T14:14:46+00:00","dateModified":"2025-05-05T15:43:19+00:00","mainEntityOfPage":{"@id":"https:\/\/www.africa-press.net\/centrafricaine\/economie\/lancement-dune-cooperative-miniere-pour-la-protection-de-leconomie"},"wordCount":441,"commentCount":0,"image":{"@id":"https:\/\/www.africa-press.net\/centrafricaine\/economie\/lancement-dune-cooperative-miniere-pour-la-protection-de-leconomie#primaryimage"},"thumbnailUrl":"https:\/\/static.africa-press.net\/centrafricaine\/sites\/45\/2025\/05\/sm_1746269629.311141.jpg","keywords":["AJEMADEC","CentrAfricaine","Centrafrique","coop\u00e9rative mini\u00e8re","lancement"],"articleSection":["\u00c9conomie","Toutes les actualit\u00e9s"],"inLanguage":"fr-FR","potentialAction":[{"@type":"CommentAction","name":"Comment","target":["https:\/\/www.africa-press.net\/centrafricaine\/economie\/lancement-dune-cooperative-miniere-pour-la-protection-de-leconomie#respond"]}]},{"@type":"WebPage","@id":"https:\/\/www.africa-press.net\/centrafricaine\/economie\/lancement-dune-cooperative-miniere-pour-la-protection-de-leconomie","url":"https:\/\/www.africa-press.net\/centrafricaine\/economie\/lancement-dune-cooperative-miniere-pour-la-protection-de-leconomie","name":"lancement d\u2019une coop\u00e9rative mini\u00e8re pour la protection de l\u2019\u00e9conomie - centrafricaine","isPartOf":{"@id":"https:\/\/www.africa-press.net\/centrafricaine\/#website"},"primaryImageOfPage":{"@id":"https:\/\/www.africa-press.net\/centrafricaine\/economie\/lancement-dune-cooperative-miniere-pour-la-protection-de-leconomie#primaryimage"},"image":{"@id":"https:\/\/www.africa-press.net\/centrafricaine\/economie\/lancement-dune-cooperative-miniere-pour-la-protection-de-leconomie#primaryimage"},"thumbnailUrl":"https:\/\/static.africa-press.net\/centrafricaine\/sites\/45\/2025\/05\/sm_1746269629.311141.jpg","datePublished":"2025-05-03T14:14:46+00:00","dateModified":"2025-05-05T15:43:19+00:00","author":{"@id":"https:\/\/www.africa-press.net\/centrafricaine\/#\/schema\/person\/2b1cf3cd81a31e3cd26889ca66d677f1"},"description":"Afin de permettre l\u2019inflation des produits miniers centrafricains de manie\u0300re responsable, l\u2019AJEMADEC lance une coop ...","breadcrumb":{"@id":"https:\/\/www.africa-press.net\/centrafricaine\/economie\/lancement-dune-cooperative-miniere-pour-la-protection-de-leconomie#breadcrumb"},"inLanguage":"fr-FR","potentialAction":[{"@type":"ReadAction","target":["https:\/\/www.africa-press.net\/centrafricaine\/economie\/lancement-dune-cooperative-miniere-pour-la-protection-de-leconomie"]}]},{"@type":"ImageObject","inLanguage":"fr-FR","@id":"https:\/\/www.africa-press.net\/centrafricaine\/economie\/lancement-dune-cooperative-miniere-pour-la-protection-de-leconomie#primaryimage","url":"https:\/\/static.africa-press.net\/centrafricaine\/sites\/45\/2025\/05\/sm_1746269629.311141.jpg","contentUrl":"https:\/\/static.africa-press.net\/centrafricaine\/sites\/45\/2025\/05\/sm_1746269629.311141.jpg","width":1357,"height":536,"caption":"lancement d\u2019une coop\u00e9rative mini\u00e8re pour la protection de l\u2019\u00e9conomie"},{"@type":"BreadcrumbList","@id":"https:\/\/www.africa-press.net\/centrafricaine\/economie\/lancement-dune-cooperative-miniere-pour-la-protection-de-leconomie#breadcrumb","itemListElement":[{"@type":"ListItem","position":1,"name":"Accueil","item":"https:\/\/www.africa-press.net\/centrafricaine\/"},{"@type":"ListItem","position":2,"name":"lancement d\u2019une coop\u00e9rative mini\u00e8re pour la protection de l\u2019\u00e9conomie"}]},{"@type":"WebSite","@id":"https:\/\/www.africa-press.net\/centrafricaine\/#website","url":"https:\/\/www.africa-press.net\/centrafricaine\/","name":"centrafricaine","description":"Just another Africa News Agency Sites site","potentialAction":[{"@type":"SearchAction","target":{"@type":"EntryPoint","urlTemplate":"https:\/\/www.africa-press.net\/centrafricaine\/?s={search_term_string}"},"query-input":{"@type":"PropertyValueSpecification","valueRequired":true,"valueName":"search_term_string"}}],"inLanguage":"fr-FR"},{"@type":"Person","@id":"https:\/\/www.africa-press.net\/centrafricaine\/#\/schema\/person\/2b1cf3cd81a31e3cd26889ca66d677f1","name":"cfeditorfr"}]}},"_links":{"self":[{"href":"https:\/\/www.africa-press.net\/centrafricaine\/wp-json\/wp\/v2\/posts\/70839","targetHints":{"allow":["GET"]}}],"collection":[{"href":"https:\/\/www.africa-press.net\/centrafricaine\/wp-json\/wp\/v2\/posts"}],"about":[{"href":"https:\/\/www.africa-press.net\/centrafricaine\/wp-json\/wp\/v2\/types\/post"}],"author":[{"embeddable":true,"href":"https:\/\/www.africa-press.net\/centrafricaine\/wp-json\/wp\/v2\/users\/82"}],"replies":[{"embeddable":true,"href":"https:\/\/www.africa-press.net\/centrafricaine\/wp-json\/wp\/v2\/comments?post=70839"}],"version-history":[{"count":0,"href":"https:\/\/www.africa-press.net\/centrafricaine\/wp-json\/wp\/v2\/posts\/70839\/revisions"}],"wp:featuredmedia":[{"embeddable":true,"href":"https:\/\/www.africa-press.net\/centrafricaine\/wp-json\/wp\/v2\/media\/70838"}],"wp:attachment":[{"href":"https:\/\/www.africa-press.net\/centrafricaine\/wp-json\/wp\/v2\/media?parent=70839"}],"wp:term":[{"taxonomy":"category","embeddable":true,"href":"https:\/\/www.africa-press.net\/centrafricaine\/wp-json\/wp\/v2\/categories?post=70839"},{"taxonomy":"post_tag","embeddable":true,"href":"https:\/\/www.africa-press.net\/centrafricaine\/wp-json\/wp\/v2\/tags?post=70839"}],"curies":[{"name":"wp","href":"https:\/\/api.w.org\/{rel}","templated":true}]}}