{"id":7116,"date":"2021-05-18T13:59:09","date_gmt":"2021-05-18T13:59:09","guid":{"rendered":"https:\/\/www.africa-press.net\/centrafricaine\/?p=7116"},"modified":"2021-05-18T15:55:22","modified_gmt":"2021-05-18T15:55:22","slug":"lunion-europeenne-appuie-le-gouvernement-dans-la-modernisation-de-letat-civil-en-republique-centrafricaine","status":"publish","type":"post","link":"https:\/\/www.africa-press.net\/centrafricaine\/toutes-les-actualites\/lunion-europeenne-appuie-le-gouvernement-dans-la-modernisation-de-letat-civil-en-republique-centrafricaine","title":{"rendered":"L\u2019UNION EUROPEENNE APPUIE LE GOUVERNEMENT DANS LA MODERNISATION DE L\u2019\u00c9TAT CIVIL EN R\u00c9PUBLIQUE CENTRAFRICAINE"},"content":{"rendered":"<p><span style=\"color: #ff6600\"><strong><a href=\"https:\/\/www.africa-press.net\/\">Africa-Press<\/a> &#8211; <a href=\"https:\/\/www.africa-press.net\/centrafricaine\">CentrAfricaine<\/a>.\u00a0 <\/strong><\/span><b>Le Ministre de l\u2019Administration du Territoire et de la d\u00e9centralisation, Augustin Yangana Yahot\u00e9 et l\u2019Ambassadrice de l\u2019Union europ\u00e9enne, Samuela Isopi, ont proc\u00e9d\u00e9 ce 14 mai 2021 \u00e0 Bangui, au lancement du Projet Europ\u00e9en d\u2019Appui \u00e0 la Modernisation de l\u2019\u00c9tat Civil en R\u00e9publique centrafricaine, en pr\u00e9sence de la Ministre de la Promotion de la Femme, de la Famille et de la Protection de l\u2019Enfant, Giselle Pana.<\/b><\/p>\n<p>Ce premier projet pilote de modernisation de l\u2019Etat civil sera mis en \u0153uvre par le cabinet CIVIPOL en \u00e9troite coordination avec le Minist\u00e8re de l\u2019administration du Territoire et de la d\u00e9centralisation pour une dur\u00e9e de 35 mois. Son ex\u00e9cution a d\u2019ailleurs commenc\u00e9 depuis la fin de l\u2019ann\u00e9e 2020 par la prise de contact avec les services du Minist\u00e8re et l\u2019installation du projet au sein de ses locaux, pour une meilleure appropriation.<\/p>\n<p>Ce projet qui couvre 24 communes de quatre pr\u00e9fectures \u00e0 savoir : Ombella-M\u2019Poko, Nana-Mamb\u00e9r\u00e9, Ouham-Pend\u00e9, Bangui, vise \u00e0 apporter un soutien technique et un appui institutionnel au Minist\u00e8re de l\u2019Administration du Territoire pour en renforcer les capacit\u00e9s en mati\u00e8re d\u2019Etat civil. Il va \u00e9tendre la reconstruction de l\u2019Etat civil au reste du pays et contribuera \u00e0 la reconstitution dans un premier temps d\u2019environ 150 000 nouveaux actes civils.<\/p>\n<p>A travers ce projet, l\u2019Union europ\u00e9enne apporte sa contribution et son appui multiforme \u00e0 la mise en \u0153uvre effective de de l\u2019Accord politique pour la paix et la r\u00e9conciliation (APPR) et du Plan de rel\u00e8vement et consolidation de la paix (RCPCA) et \u00e0 la restauration de l\u2019Autorit\u00e9 de l\u2019Etat en RCA \u00e0 travers un dividende fondamental de la paix : celui de la reconnaissance de l\u2019identit\u00e9 comme garantie fondamentale des droits humains.<\/p>\n<p><b>\u201cDans l\u2019optique de la p\u00e9rennisation des acquis de cet important projet ainsi que toutes les activit\u00e9s qui seront men\u00e9es sur le terrain, il parait indispensable que la R\u00e9publique centrafricaine puisse disposer d\u2019un Centre national pouvant abriter toutes les donn\u00e9es s\u00e9curis\u00e9es et fiables des faits et statistiques de l\u2019Etat-civi<\/b><\/p>\n<p>l\u201c, a souhait\u00e9 M. Augustin Yangana Yahot\u00e9 avant d\u2019ajouter que \u201cce sera l\u2019un des gages \u00e0 la r\u00e9solution des questions de fraudes documentaires massives constat\u00e9es dans le pays.\u201d<\/p>\n<p>Dans son intervention, Madame Samuela Isopi, a \u00e9mis le v\u0153u de voir ce projet dans un avenir imm\u00e9diat, \u201cam\u00e9liorer l\u2019accessibilit\u00e9 de l\u2019Etat civil au b\u00e9n\u00e9fice de la population par la modernisation du syst\u00e8me national de l\u2019\u00e9tat civil, augmenter significativement le taux d\u2019enregistrement des naissances (r\u00e9gularisation et d\u00e9livrance des actes) dans les zones couvertes par la r\u00e9alisation de campagnes de rattrapage et\/ou d\u2019audiences foraines ciblant principalement les enfants et les femmes (une op\u00e9ration sp\u00e9cifique de rattrapage sera r\u00e9alis\u00e9e aupr\u00e8s de la population Aka de la Lobaye), et contribuer \u00e0 l\u2019effort de consolidation de la paix en R\u00e9publique centrafricaine par l\u2019am\u00e9lioration du service de l\u2019Etat civil visant \u00e0 terme \u00e0 fournir \u00e0 l\u2019ensemble des citoyens une reconnaissance juridique de leur identit\u00e9 et ainsi de tous leurs droits\u201d.<\/p>\n<p><b>\u00a0<\/b><\/p>\n","protected":false},"excerpt":{"rendered":"<p>Africa-Press &#8211; CentrAfricaine.\u00a0 Le Ministre de l\u2019Administration du Territoire et de la d\u00e9centralisation, Augustin Yangana Yahot\u00e9 et l\u2019Ambassadrice de l\u2019Union europ\u00e9enne, Samuela Isopi, ont proc\u00e9d\u00e9 ce 14 mai 2021 \u00e0 Bangui, au lancement du Projet Europ\u00e9en d\u2019Appui \u00e0 la Modernisation de l\u2019\u00c9tat Civil en R\u00e9publique centrafricaine, en pr\u00e9sence de la Ministre de la Promotion de [&hellip;]<\/p>\n","protected":false},"author":82,"featured_media":7115,"comment_status":"open","ping_status":"closed","sticky":false,"template":"","format":"standard","meta":{"footnotes":""},"categories":[21,11,20,10],"tags":[36,58,30],"class_list":["post-7116","post","type-post","status-publish","format-standard","has-post-thumbnail","hentry","category-communaute","category-homepage-french","category-top-nouvelles","category-toutes-les-actualites","tag-africa-press","tag-africa-press-centrafricaine","tag-centrafricaine"],"yoast_head":"<!-- This site is optimized with the Yoast SEO Premium plugin v26.1 (Yoast SEO v27.0) - https:\/\/yoast.com\/product\/yoast-seo-premium-wordpress\/ -->\n<title>L\u2019UNION EUROPEENNE APPUIE LE GOUVERNEMENT DANS LA MODERNISATION DE L\u2019\u00c9TAT CIVIL EN R\u00c9PUBLIQUE CENTRAFRICAINE - centrafricaine<\/title>\n<meta name=\"description\" content=\"Bangui, le 18 mai 2021 : Le Ministre de l\u2019Administration du Territoire et de la d\u00e9centralisation, Augustin Yangana Ya ...\" \/>\n<meta name=\"robots\" content=\"index, follow, max-snippet:-1, max-image-preview:large, max-video-preview:-1\" \/>\n<link rel=\"canonical\" href=\"https:\/\/www.africa-press.net\/centrafricaine\/toutes-les-actualites\/lunion-europeenne-appuie-le-gouvernement-dans-la-modernisation-de-letat-civil-en-republique-centrafricaine\" \/>\n<meta property=\"og:locale\" content=\"fr_FR\" \/>\n<meta property=\"og:type\" content=\"article\" \/>\n<meta property=\"og:title\" content=\"L\u2019UNION EUROPEENNE APPUIE LE GOUVERNEMENT DANS LA MODERNISATION DE L\u2019\u00c9TAT CIVIL EN R\u00c9PUBLIQUE CENTRAFRICAINE\" \/>\n<meta property=\"og:description\" content=\"Bangui, le 18 mai 2021 : Le Ministre de l\u2019Administration du Territoire et de la d\u00e9centralisation, Augustin Yangana Ya ...\" \/>\n<meta property=\"og:url\" content=\"https:\/\/www.africa-press.net\/centrafricaine\/toutes-les-actualites\/lunion-europeenne-appuie-le-gouvernement-dans-la-modernisation-de-letat-civil-en-republique-centrafricaine\" \/>\n<meta property=\"og:site_name\" content=\"centrafricaine\" \/>\n<meta property=\"article:published_time\" content=\"2021-05-18T13:59:09+00:00\" \/>\n<meta property=\"article:modified_time\" content=\"2021-05-18T15:55:22+00:00\" \/>\n<meta property=\"og:image\" content=\"https:\/\/static.africa-press.net\/centrafricaine\/sites\/45\/2021\/05\/img-60a3c0637cdc6.jpg\" \/>\n\t<meta property=\"og:image:width\" content=\"720\" \/>\n\t<meta property=\"og:image:height\" content=\"480\" \/>\n\t<meta property=\"og:image:type\" content=\"image\/jpeg\" \/>\n<meta name=\"author\" content=\"cfeditorfr\" \/>\n<meta name=\"twitter:card\" content=\"summary_large_image\" \/>\n<meta name=\"twitter:label1\" content=\"\u00c9crit par\" \/>\n\t<meta name=\"twitter:data1\" content=\"cfeditorfr\" \/>\n\t<meta name=\"twitter:label2\" content=\"Dur\u00e9e de lecture estim\u00e9e\" \/>\n\t<meta name=\"twitter:data2\" content=\"3 minutes\" \/>\n<script type=\"application\/ld+json\" class=\"yoast-schema-graph\">{\"@context\":\"https:\/\/schema.org\",\"@graph\":[{\"@type\":\"Article\",\"@id\":\"https:\/\/www.africa-press.net\/centrafricaine\/toutes-les-actualites\/lunion-europeenne-appuie-le-gouvernement-dans-la-modernisation-de-letat-civil-en-republique-centrafricaine#article\",\"isPartOf\":{\"@id\":\"https:\/\/www.africa-press.net\/centrafricaine\/toutes-les-actualites\/lunion-europeenne-appuie-le-gouvernement-dans-la-modernisation-de-letat-civil-en-republique-centrafricaine\"},\"author\":{\"name\":\"cfeditorfr\",\"@id\":\"https:\/\/www.africa-press.net\/centrafricaine\/#\/schema\/person\/2b1cf3cd81a31e3cd26889ca66d677f1\"},\"headline\":\"L\u2019UNION EUROPEENNE APPUIE LE GOUVERNEMENT DANS LA MODERNISATION DE L\u2019\u00c9TAT CIVIL EN R\u00c9PUBLIQUE CENTRAFRICAINE\",\"datePublished\":\"2021-05-18T13:59:09+00:00\",\"dateModified\":\"2021-05-18T15:55:22+00:00\",\"mainEntityOfPage\":{\"@id\":\"https:\/\/www.africa-press.net\/centrafricaine\/toutes-les-actualites\/lunion-europeenne-appuie-le-gouvernement-dans-la-modernisation-de-letat-civil-en-republique-centrafricaine\"},\"wordCount\":556,\"commentCount\":0,\"image\":{\"@id\":\"https:\/\/www.africa-press.net\/centrafricaine\/toutes-les-actualites\/lunion-europeenne-appuie-le-gouvernement-dans-la-modernisation-de-letat-civil-en-republique-centrafricaine#primaryimage\"},\"thumbnailUrl\":\"https:\/\/static.africa-press.net\/centrafricaine\/sites\/45\/2021\/05\/img-60a3c0637cdc6.jpg\",\"keywords\":[\"Africa Press\",\"Africa Press-CentrAfricaine\",\"CentrAfricaine\"],\"articleSection\":[\"Communaut\u00e9\",\"homepage-french\",\"Top Nouvelles\",\"Toutes les actualit\u00e9s\"],\"inLanguage\":\"fr-FR\",\"potentialAction\":[{\"@type\":\"CommentAction\",\"name\":\"Comment\",\"target\":[\"https:\/\/www.africa-press.net\/centrafricaine\/toutes-les-actualites\/lunion-europeenne-appuie-le-gouvernement-dans-la-modernisation-de-letat-civil-en-republique-centrafricaine#respond\"]}]},{\"@type\":\"WebPage\",\"@id\":\"https:\/\/www.africa-press.net\/centrafricaine\/toutes-les-actualites\/lunion-europeenne-appuie-le-gouvernement-dans-la-modernisation-de-letat-civil-en-republique-centrafricaine\",\"url\":\"https:\/\/www.africa-press.net\/centrafricaine\/toutes-les-actualites\/lunion-europeenne-appuie-le-gouvernement-dans-la-modernisation-de-letat-civil-en-republique-centrafricaine\",\"name\":\"L\u2019UNION EUROPEENNE APPUIE LE GOUVERNEMENT DANS LA MODERNISATION DE L\u2019\u00c9TAT CIVIL EN R\u00c9PUBLIQUE CENTRAFRICAINE - centrafricaine\",\"isPartOf\":{\"@id\":\"https:\/\/www.africa-press.net\/centrafricaine\/#website\"},\"primaryImageOfPage\":{\"@id\":\"https:\/\/www.africa-press.net\/centrafricaine\/toutes-les-actualites\/lunion-europeenne-appuie-le-gouvernement-dans-la-modernisation-de-letat-civil-en-republique-centrafricaine#primaryimage\"},\"image\":{\"@id\":\"https:\/\/www.africa-press.net\/centrafricaine\/toutes-les-actualites\/lunion-europeenne-appuie-le-gouvernement-dans-la-modernisation-de-letat-civil-en-republique-centrafricaine#primaryimage\"},\"thumbnailUrl\":\"https:\/\/static.africa-press.net\/centrafricaine\/sites\/45\/2021\/05\/img-60a3c0637cdc6.jpg\",\"datePublished\":\"2021-05-18T13:59:09+00:00\",\"dateModified\":\"2021-05-18T15:55:22+00:00\",\"author\":{\"@id\":\"https:\/\/www.africa-press.net\/centrafricaine\/#\/schema\/person\/2b1cf3cd81a31e3cd26889ca66d677f1\"},\"description\":\"Bangui, le 18 mai 2021 : Le Ministre de l\u2019Administration du Territoire et de la d\u00e9centralisation, Augustin Yangana Ya ...\",\"breadcrumb\":{\"@id\":\"https:\/\/www.africa-press.net\/centrafricaine\/toutes-les-actualites\/lunion-europeenne-appuie-le-gouvernement-dans-la-modernisation-de-letat-civil-en-republique-centrafricaine#breadcrumb\"},\"inLanguage\":\"fr-FR\",\"potentialAction\":[{\"@type\":\"ReadAction\",\"target\":[\"https:\/\/www.africa-press.net\/centrafricaine\/toutes-les-actualites\/lunion-europeenne-appuie-le-gouvernement-dans-la-modernisation-de-letat-civil-en-republique-centrafricaine\"]}]},{\"@type\":\"ImageObject\",\"inLanguage\":\"fr-FR\",\"@id\":\"https:\/\/www.africa-press.net\/centrafricaine\/toutes-les-actualites\/lunion-europeenne-appuie-le-gouvernement-dans-la-modernisation-de-letat-civil-en-republique-centrafricaine#primaryimage\",\"url\":\"https:\/\/static.africa-press.net\/centrafricaine\/sites\/45\/2021\/05\/img-60a3c0637cdc6.jpg\",\"contentUrl\":\"https:\/\/static.africa-press.net\/centrafricaine\/sites\/45\/2021\/05\/img-60a3c0637cdc6.jpg\",\"width\":720,\"height\":480,\"caption\":\"L\u2019UNION EUROPEENNE APPUIE LE GOUVERNEMENT DANS LA MODERNISATION DE L\u2019\u00c9TAT CIVIL EN R\u00c9PUBLIQUE CENTRAFRICAINE\"},{\"@type\":\"BreadcrumbList\",\"@id\":\"https:\/\/www.africa-press.net\/centrafricaine\/toutes-les-actualites\/lunion-europeenne-appuie-le-gouvernement-dans-la-modernisation-de-letat-civil-en-republique-centrafricaine#breadcrumb\",\"itemListElement\":[{\"@type\":\"ListItem\",\"position\":1,\"name\":\"Accueil\",\"item\":\"https:\/\/www.africa-press.net\/centrafricaine\/\"},{\"@type\":\"ListItem\",\"position\":2,\"name\":\"L\u2019UNION EUROPEENNE APPUIE LE GOUVERNEMENT DANS LA MODERNISATION DE L\u2019\u00c9TAT CIVIL EN R\u00c9PUBLIQUE CENTRAFRICAINE\"}]},{\"@type\":\"WebSite\",\"@id\":\"https:\/\/www.africa-press.net\/centrafricaine\/#website\",\"url\":\"https:\/\/www.africa-press.net\/centrafricaine\/\",\"name\":\"centrafricaine\",\"description\":\"Just another Africa News Agency Sites site\",\"potentialAction\":[{\"@type\":\"SearchAction\",\"target\":{\"@type\":\"EntryPoint\",\"urlTemplate\":\"https:\/\/www.africa-press.net\/centrafricaine\/?s={search_term_string}\"},\"query-input\":{\"@type\":\"PropertyValueSpecification\",\"valueRequired\":true,\"valueName\":\"search_term_string\"}}],\"inLanguage\":\"fr-FR\"},{\"@type\":\"Person\",\"@id\":\"https:\/\/www.africa-press.net\/centrafricaine\/#\/schema\/person\/2b1cf3cd81a31e3cd26889ca66d677f1\",\"name\":\"cfeditorfr\"}]}<\/script>\n<!-- \/ Yoast SEO Premium plugin. -->","yoast_head_json":{"title":"L\u2019UNION EUROPEENNE APPUIE LE GOUVERNEMENT DANS LA MODERNISATION DE L\u2019\u00c9TAT CIVIL EN R\u00c9PUBLIQUE CENTRAFRICAINE - centrafricaine","description":"Bangui, le 18 mai 2021 : Le Ministre de l\u2019Administration du Territoire et de la d\u00e9centralisation, Augustin Yangana Ya ...","robots":{"index":"index","follow":"follow","max-snippet":"max-snippet:-1","max-image-preview":"max-image-preview:large","max-video-preview":"max-video-preview:-1"},"canonical":"https:\/\/www.africa-press.net\/centrafricaine\/toutes-les-actualites\/lunion-europeenne-appuie-le-gouvernement-dans-la-modernisation-de-letat-civil-en-republique-centrafricaine","og_locale":"fr_FR","og_type":"article","og_title":"L\u2019UNION EUROPEENNE APPUIE LE GOUVERNEMENT DANS LA MODERNISATION DE L\u2019\u00c9TAT CIVIL EN R\u00c9PUBLIQUE CENTRAFRICAINE","og_description":"Bangui, le 18 mai 2021 : Le Ministre de l\u2019Administration du Territoire et de la d\u00e9centralisation, Augustin Yangana Ya ...","og_url":"https:\/\/www.africa-press.net\/centrafricaine\/toutes-les-actualites\/lunion-europeenne-appuie-le-gouvernement-dans-la-modernisation-de-letat-civil-en-republique-centrafricaine","og_site_name":"centrafricaine","article_published_time":"2021-05-18T13:59:09+00:00","article_modified_time":"2021-05-18T15:55:22+00:00","og_image":[{"width":720,"height":480,"url":"https:\/\/static.africa-press.net\/centrafricaine\/sites\/45\/2021\/05\/img-60a3c0637cdc6.jpg","type":"image\/jpeg"}],"author":"cfeditorfr","twitter_card":"summary_large_image","twitter_misc":{"\u00c9crit par":"cfeditorfr","Dur\u00e9e de lecture estim\u00e9e":"3 minutes"},"schema":{"@context":"https:\/\/schema.org","@graph":[{"@type":"Article","@id":"https:\/\/www.africa-press.net\/centrafricaine\/toutes-les-actualites\/lunion-europeenne-appuie-le-gouvernement-dans-la-modernisation-de-letat-civil-en-republique-centrafricaine#article","isPartOf":{"@id":"https:\/\/www.africa-press.net\/centrafricaine\/toutes-les-actualites\/lunion-europeenne-appuie-le-gouvernement-dans-la-modernisation-de-letat-civil-en-republique-centrafricaine"},"author":{"name":"cfeditorfr","@id":"https:\/\/www.africa-press.net\/centrafricaine\/#\/schema\/person\/2b1cf3cd81a31e3cd26889ca66d677f1"},"headline":"L\u2019UNION EUROPEENNE APPUIE LE GOUVERNEMENT DANS LA MODERNISATION DE L\u2019\u00c9TAT CIVIL EN R\u00c9PUBLIQUE CENTRAFRICAINE","datePublished":"2021-05-18T13:59:09+00:00","dateModified":"2021-05-18T15:55:22+00:00","mainEntityOfPage":{"@id":"https:\/\/www.africa-press.net\/centrafricaine\/toutes-les-actualites\/lunion-europeenne-appuie-le-gouvernement-dans-la-modernisation-de-letat-civil-en-republique-centrafricaine"},"wordCount":556,"commentCount":0,"image":{"@id":"https:\/\/www.africa-press.net\/centrafricaine\/toutes-les-actualites\/lunion-europeenne-appuie-le-gouvernement-dans-la-modernisation-de-letat-civil-en-republique-centrafricaine#primaryimage"},"thumbnailUrl":"https:\/\/static.africa-press.net\/centrafricaine\/sites\/45\/2021\/05\/img-60a3c0637cdc6.jpg","keywords":["Africa Press","Africa Press-CentrAfricaine","CentrAfricaine"],"articleSection":["Communaut\u00e9","homepage-french","Top Nouvelles","Toutes les actualit\u00e9s"],"inLanguage":"fr-FR","potentialAction":[{"@type":"CommentAction","name":"Comment","target":["https:\/\/www.africa-press.net\/centrafricaine\/toutes-les-actualites\/lunion-europeenne-appuie-le-gouvernement-dans-la-modernisation-de-letat-civil-en-republique-centrafricaine#respond"]}]},{"@type":"WebPage","@id":"https:\/\/www.africa-press.net\/centrafricaine\/toutes-les-actualites\/lunion-europeenne-appuie-le-gouvernement-dans-la-modernisation-de-letat-civil-en-republique-centrafricaine","url":"https:\/\/www.africa-press.net\/centrafricaine\/toutes-les-actualites\/lunion-europeenne-appuie-le-gouvernement-dans-la-modernisation-de-letat-civil-en-republique-centrafricaine","name":"L\u2019UNION EUROPEENNE APPUIE LE GOUVERNEMENT DANS LA MODERNISATION DE L\u2019\u00c9TAT CIVIL EN R\u00c9PUBLIQUE CENTRAFRICAINE - centrafricaine","isPartOf":{"@id":"https:\/\/www.africa-press.net\/centrafricaine\/#website"},"primaryImageOfPage":{"@id":"https:\/\/www.africa-press.net\/centrafricaine\/toutes-les-actualites\/lunion-europeenne-appuie-le-gouvernement-dans-la-modernisation-de-letat-civil-en-republique-centrafricaine#primaryimage"},"image":{"@id":"https:\/\/www.africa-press.net\/centrafricaine\/toutes-les-actualites\/lunion-europeenne-appuie-le-gouvernement-dans-la-modernisation-de-letat-civil-en-republique-centrafricaine#primaryimage"},"thumbnailUrl":"https:\/\/static.africa-press.net\/centrafricaine\/sites\/45\/2021\/05\/img-60a3c0637cdc6.jpg","datePublished":"2021-05-18T13:59:09+00:00","dateModified":"2021-05-18T15:55:22+00:00","author":{"@id":"https:\/\/www.africa-press.net\/centrafricaine\/#\/schema\/person\/2b1cf3cd81a31e3cd26889ca66d677f1"},"description":"Bangui, le 18 mai 2021 : Le Ministre de l\u2019Administration du Territoire et de la d\u00e9centralisation, Augustin Yangana Ya ...","breadcrumb":{"@id":"https:\/\/www.africa-press.net\/centrafricaine\/toutes-les-actualites\/lunion-europeenne-appuie-le-gouvernement-dans-la-modernisation-de-letat-civil-en-republique-centrafricaine#breadcrumb"},"inLanguage":"fr-FR","potentialAction":[{"@type":"ReadAction","target":["https:\/\/www.africa-press.net\/centrafricaine\/toutes-les-actualites\/lunion-europeenne-appuie-le-gouvernement-dans-la-modernisation-de-letat-civil-en-republique-centrafricaine"]}]},{"@type":"ImageObject","inLanguage":"fr-FR","@id":"https:\/\/www.africa-press.net\/centrafricaine\/toutes-les-actualites\/lunion-europeenne-appuie-le-gouvernement-dans-la-modernisation-de-letat-civil-en-republique-centrafricaine#primaryimage","url":"https:\/\/static.africa-press.net\/centrafricaine\/sites\/45\/2021\/05\/img-60a3c0637cdc6.jpg","contentUrl":"https:\/\/static.africa-press.net\/centrafricaine\/sites\/45\/2021\/05\/img-60a3c0637cdc6.jpg","width":720,"height":480,"caption":"L\u2019UNION EUROPEENNE APPUIE LE GOUVERNEMENT DANS LA MODERNISATION DE L\u2019\u00c9TAT CIVIL EN R\u00c9PUBLIQUE CENTRAFRICAINE"},{"@type":"BreadcrumbList","@id":"https:\/\/www.africa-press.net\/centrafricaine\/toutes-les-actualites\/lunion-europeenne-appuie-le-gouvernement-dans-la-modernisation-de-letat-civil-en-republique-centrafricaine#breadcrumb","itemListElement":[{"@type":"ListItem","position":1,"name":"Accueil","item":"https:\/\/www.africa-press.net\/centrafricaine\/"},{"@type":"ListItem","position":2,"name":"L\u2019UNION EUROPEENNE APPUIE LE GOUVERNEMENT DANS LA MODERNISATION DE L\u2019\u00c9TAT CIVIL EN R\u00c9PUBLIQUE CENTRAFRICAINE"}]},{"@type":"WebSite","@id":"https:\/\/www.africa-press.net\/centrafricaine\/#website","url":"https:\/\/www.africa-press.net\/centrafricaine\/","name":"centrafricaine","description":"Just another Africa News Agency Sites site","potentialAction":[{"@type":"SearchAction","target":{"@type":"EntryPoint","urlTemplate":"https:\/\/www.africa-press.net\/centrafricaine\/?s={search_term_string}"},"query-input":{"@type":"PropertyValueSpecification","valueRequired":true,"valueName":"search_term_string"}}],"inLanguage":"fr-FR"},{"@type":"Person","@id":"https:\/\/www.africa-press.net\/centrafricaine\/#\/schema\/person\/2b1cf3cd81a31e3cd26889ca66d677f1","name":"cfeditorfr"}]}},"_links":{"self":[{"href":"https:\/\/www.africa-press.net\/centrafricaine\/wp-json\/wp\/v2\/posts\/7116","targetHints":{"allow":["GET"]}}],"collection":[{"href":"https:\/\/www.africa-press.net\/centrafricaine\/wp-json\/wp\/v2\/posts"}],"about":[{"href":"https:\/\/www.africa-press.net\/centrafricaine\/wp-json\/wp\/v2\/types\/post"}],"author":[{"embeddable":true,"href":"https:\/\/www.africa-press.net\/centrafricaine\/wp-json\/wp\/v2\/users\/82"}],"replies":[{"embeddable":true,"href":"https:\/\/www.africa-press.net\/centrafricaine\/wp-json\/wp\/v2\/comments?post=7116"}],"version-history":[{"count":0,"href":"https:\/\/www.africa-press.net\/centrafricaine\/wp-json\/wp\/v2\/posts\/7116\/revisions"}],"wp:featuredmedia":[{"embeddable":true,"href":"https:\/\/www.africa-press.net\/centrafricaine\/wp-json\/wp\/v2\/media\/7115"}],"wp:attachment":[{"href":"https:\/\/www.africa-press.net\/centrafricaine\/wp-json\/wp\/v2\/media?parent=7116"}],"wp:term":[{"taxonomy":"category","embeddable":true,"href":"https:\/\/www.africa-press.net\/centrafricaine\/wp-json\/wp\/v2\/categories?post=7116"},{"taxonomy":"post_tag","embeddable":true,"href":"https:\/\/www.africa-press.net\/centrafricaine\/wp-json\/wp\/v2\/tags?post=7116"}],"curies":[{"name":"wp","href":"https:\/\/api.w.org\/{rel}","templated":true}]}}