{"id":7158,"date":"2021-05-19T16:30:41","date_gmt":"2021-05-19T16:30:41","guid":{"rendered":"https:\/\/www.africa-press.net\/centrafricaine\/?p=7158"},"modified":"2021-05-19T17:23:19","modified_gmt":"2021-05-19T17:23:19","slug":"communique-de-presse-de-lintersyndicale-de-centrafrique-isyca","status":"publish","type":"post","link":"https:\/\/www.africa-press.net\/centrafricaine\/politique\/communique-de-presse-de-lintersyndicale-de-centrafrique-isyca","title":{"rendered":"Communiqu\u00e9 de presse de l\u2019Intersyndicale de Centrafrique (ISYCA)"},"content":{"rendered":"<p><span style=\"color: #ff6600\"><strong><a href=\"https:\/\/www.africa-press.net\/\">Africa-Press<\/a> &#8211; <a href=\"https:\/\/www.africa-press.net\/centrafricaine\">CentrAfricaine<\/a>. <\/strong><\/span>l\u2019Intersyndicale de Centrafrique (ISYCA), qui regroupe en son sein onze (11) Centrales Syndicales, invite tous les Pr\u00e9sidents et Secr\u00e9taires G\u00e9n\u00e9raux des Centrales membres ainsi que les Secr\u00e9taires G\u00e9n\u00e9raux des F\u00e9d\u00e9rations affili\u00e9es \u00e0 prendre part \u00e0 la Conf\u00e9rence de Presse qu\u2019elle organise le vendredi 21mai 2021 \u00e0 08 heures 30 minutes \u00e0 la Bourse du Travail. Le port de masque est obligatoire. Prot\u00e9gez vous tout en prot\u00e9geant les autres.<\/p>\n","protected":false},"excerpt":{"rendered":"<p>Africa-Press &#8211; CentrAfricaine. l\u2019Intersyndicale de Centrafrique (ISYCA), qui regroupe en son sein onze (11) Centrales Syndicales, invite tous les Pr\u00e9sidents et Secr\u00e9taires G\u00e9n\u00e9raux des Centrales membres ainsi que les Secr\u00e9taires G\u00e9n\u00e9raux des F\u00e9d\u00e9rations affili\u00e9es \u00e0 prendre part \u00e0 la Conf\u00e9rence de Presse qu\u2019elle organise le vendredi 21mai 2021 \u00e0 08 heures 30 minutes \u00e0 la [&hellip;]<\/p>\n","protected":false},"author":82,"featured_media":7157,"comment_status":"open","ping_status":"closed","sticky":false,"template":"","format":"standard","meta":{"footnotes":""},"categories":[11,2,10],"tags":[36,58,30],"class_list":["post-7158","post","type-post","status-publish","format-standard","has-post-thumbnail","hentry","category-homepage-french","category-politique","category-toutes-les-actualites","tag-africa-press","tag-africa-press-centrafricaine","tag-centrafricaine"],"yoast_head":"<!-- This site is optimized with the Yoast SEO Premium plugin v26.1 (Yoast SEO v27.0) - https:\/\/yoast.com\/product\/yoast-seo-premium-wordpress\/ -->\n<title>Communiqu\u00e9 de presse de l\u2019Intersyndicale de Centrafrique (ISYCA) - centrafricaine<\/title>\n<meta name=\"description\" content=\"l\u2019Intersyndicale de Centrafrique (ISYCA), qui regroupe en son sein onze (11) Centrales Syndicales, invite tous les Pr\u00e9si ...\" \/>\n<meta name=\"robots\" content=\"index, follow, max-snippet:-1, max-image-preview:large, max-video-preview:-1\" \/>\n<link rel=\"canonical\" href=\"https:\/\/www.africa-press.net\/centrafricaine\/politique\/communique-de-presse-de-lintersyndicale-de-centrafrique-isyca\" \/>\n<meta property=\"og:locale\" content=\"fr_FR\" \/>\n<meta property=\"og:type\" content=\"article\" \/>\n<meta property=\"og:title\" content=\"Communiqu\u00e9 de presse de l\u2019Intersyndicale de Centrafrique (ISYCA)\" \/>\n<meta property=\"og:description\" content=\"l\u2019Intersyndicale de Centrafrique (ISYCA), qui regroupe en son sein onze (11) Centrales Syndicales, invite tous les Pr\u00e9si ...\" \/>\n<meta property=\"og:url\" content=\"https:\/\/www.africa-press.net\/centrafricaine\/politique\/communique-de-presse-de-lintersyndicale-de-centrafrique-isyca\" \/>\n<meta property=\"og:site_name\" content=\"centrafricaine\" \/>\n<meta property=\"article:published_time\" content=\"2021-05-19T16:30:41+00:00\" \/>\n<meta property=\"article:modified_time\" content=\"2021-05-19T17:23:19+00:00\" \/>\n<meta property=\"og:image\" content=\"https:\/\/static.africa-press.net\/centrafricaine\/sites\/45\/2021\/05\/img-60a535a204a76.jpg\" \/>\n\t<meta property=\"og:image:width\" content=\"720\" \/>\n\t<meta property=\"og:image:height\" content=\"404\" \/>\n\t<meta property=\"og:image:type\" content=\"image\/jpeg\" \/>\n<meta name=\"author\" content=\"cfeditorfr\" \/>\n<meta name=\"twitter:card\" content=\"summary_large_image\" \/>\n<meta name=\"twitter:label1\" content=\"\u00c9crit par\" \/>\n\t<meta name=\"twitter:data1\" content=\"cfeditorfr\" \/>\n<script type=\"application\/ld+json\" class=\"yoast-schema-graph\">{\"@context\":\"https:\/\/schema.org\",\"@graph\":[{\"@type\":\"Article\",\"@id\":\"https:\/\/www.africa-press.net\/centrafricaine\/politique\/communique-de-presse-de-lintersyndicale-de-centrafrique-isyca#article\",\"isPartOf\":{\"@id\":\"https:\/\/www.africa-press.net\/centrafricaine\/politique\/communique-de-presse-de-lintersyndicale-de-centrafrique-isyca\"},\"author\":{\"name\":\"cfeditorfr\",\"@id\":\"https:\/\/www.africa-press.net\/centrafricaine\/#\/schema\/person\/2b1cf3cd81a31e3cd26889ca66d677f1\"},\"headline\":\"Communiqu\u00e9 de presse de l\u2019Intersyndicale de Centrafrique (ISYCA)\",\"datePublished\":\"2021-05-19T16:30:41+00:00\",\"dateModified\":\"2021-05-19T17:23:19+00:00\",\"mainEntityOfPage\":{\"@id\":\"https:\/\/www.africa-press.net\/centrafricaine\/politique\/communique-de-presse-de-lintersyndicale-de-centrafrique-isyca\"},\"wordCount\":87,\"commentCount\":0,\"image\":{\"@id\":\"https:\/\/www.africa-press.net\/centrafricaine\/politique\/communique-de-presse-de-lintersyndicale-de-centrafrique-isyca#primaryimage\"},\"thumbnailUrl\":\"https:\/\/static.africa-press.net\/centrafricaine\/sites\/45\/2021\/05\/img-60a535a204a76.jpg\",\"keywords\":[\"Africa Press\",\"Africa Press-CentrAfricaine\",\"CentrAfricaine\"],\"articleSection\":[\"homepage-french\",\"Politique\",\"Toutes les actualit\u00e9s\"],\"inLanguage\":\"fr-FR\",\"potentialAction\":[{\"@type\":\"CommentAction\",\"name\":\"Comment\",\"target\":[\"https:\/\/www.africa-press.net\/centrafricaine\/politique\/communique-de-presse-de-lintersyndicale-de-centrafrique-isyca#respond\"]}]},{\"@type\":\"WebPage\",\"@id\":\"https:\/\/www.africa-press.net\/centrafricaine\/politique\/communique-de-presse-de-lintersyndicale-de-centrafrique-isyca\",\"url\":\"https:\/\/www.africa-press.net\/centrafricaine\/politique\/communique-de-presse-de-lintersyndicale-de-centrafrique-isyca\",\"name\":\"Communiqu\u00e9 de presse de l\u2019Intersyndicale de Centrafrique (ISYCA) - centrafricaine\",\"isPartOf\":{\"@id\":\"https:\/\/www.africa-press.net\/centrafricaine\/#website\"},\"primaryImageOfPage\":{\"@id\":\"https:\/\/www.africa-press.net\/centrafricaine\/politique\/communique-de-presse-de-lintersyndicale-de-centrafrique-isyca#primaryimage\"},\"image\":{\"@id\":\"https:\/\/www.africa-press.net\/centrafricaine\/politique\/communique-de-presse-de-lintersyndicale-de-centrafrique-isyca#primaryimage\"},\"thumbnailUrl\":\"https:\/\/static.africa-press.net\/centrafricaine\/sites\/45\/2021\/05\/img-60a535a204a76.jpg\",\"datePublished\":\"2021-05-19T16:30:41+00:00\",\"dateModified\":\"2021-05-19T17:23:19+00:00\",\"author\":{\"@id\":\"https:\/\/www.africa-press.net\/centrafricaine\/#\/schema\/person\/2b1cf3cd81a31e3cd26889ca66d677f1\"},\"description\":\"l\u2019Intersyndicale de Centrafrique (ISYCA), qui regroupe en son sein onze (11) Centrales Syndicales, invite tous les Pr\u00e9si ...\",\"breadcrumb\":{\"@id\":\"https:\/\/www.africa-press.net\/centrafricaine\/politique\/communique-de-presse-de-lintersyndicale-de-centrafrique-isyca#breadcrumb\"},\"inLanguage\":\"fr-FR\",\"potentialAction\":[{\"@type\":\"ReadAction\",\"target\":[\"https:\/\/www.africa-press.net\/centrafricaine\/politique\/communique-de-presse-de-lintersyndicale-de-centrafrique-isyca\"]}]},{\"@type\":\"ImageObject\",\"inLanguage\":\"fr-FR\",\"@id\":\"https:\/\/www.africa-press.net\/centrafricaine\/politique\/communique-de-presse-de-lintersyndicale-de-centrafrique-isyca#primaryimage\",\"url\":\"https:\/\/static.africa-press.net\/centrafricaine\/sites\/45\/2021\/05\/img-60a535a204a76.jpg\",\"contentUrl\":\"https:\/\/static.africa-press.net\/centrafricaine\/sites\/45\/2021\/05\/img-60a535a204a76.jpg\",\"width\":720,\"height\":404,\"caption\":\"Communiqu\u00e9 de presse de l\u2019Intersyndicale de Centrafrique (ISYCA)\"},{\"@type\":\"BreadcrumbList\",\"@id\":\"https:\/\/www.africa-press.net\/centrafricaine\/politique\/communique-de-presse-de-lintersyndicale-de-centrafrique-isyca#breadcrumb\",\"itemListElement\":[{\"@type\":\"ListItem\",\"position\":1,\"name\":\"Accueil\",\"item\":\"https:\/\/www.africa-press.net\/centrafricaine\/\"},{\"@type\":\"ListItem\",\"position\":2,\"name\":\"Communiqu\u00e9 de presse de l\u2019Intersyndicale de Centrafrique (ISYCA)\"}]},{\"@type\":\"WebSite\",\"@id\":\"https:\/\/www.africa-press.net\/centrafricaine\/#website\",\"url\":\"https:\/\/www.africa-press.net\/centrafricaine\/\",\"name\":\"centrafricaine\",\"description\":\"Just another Africa News Agency Sites site\",\"potentialAction\":[{\"@type\":\"SearchAction\",\"target\":{\"@type\":\"EntryPoint\",\"urlTemplate\":\"https:\/\/www.africa-press.net\/centrafricaine\/?s={search_term_string}\"},\"query-input\":{\"@type\":\"PropertyValueSpecification\",\"valueRequired\":true,\"valueName\":\"search_term_string\"}}],\"inLanguage\":\"fr-FR\"},{\"@type\":\"Person\",\"@id\":\"https:\/\/www.africa-press.net\/centrafricaine\/#\/schema\/person\/2b1cf3cd81a31e3cd26889ca66d677f1\",\"name\":\"cfeditorfr\"}]}<\/script>\n<!-- \/ Yoast SEO Premium plugin. -->","yoast_head_json":{"title":"Communiqu\u00e9 de presse de l\u2019Intersyndicale de Centrafrique (ISYCA) - centrafricaine","description":"l\u2019Intersyndicale de Centrafrique (ISYCA), qui regroupe en son sein onze (11) Centrales Syndicales, invite tous les Pr\u00e9si ...","robots":{"index":"index","follow":"follow","max-snippet":"max-snippet:-1","max-image-preview":"max-image-preview:large","max-video-preview":"max-video-preview:-1"},"canonical":"https:\/\/www.africa-press.net\/centrafricaine\/politique\/communique-de-presse-de-lintersyndicale-de-centrafrique-isyca","og_locale":"fr_FR","og_type":"article","og_title":"Communiqu\u00e9 de presse de l\u2019Intersyndicale de Centrafrique (ISYCA)","og_description":"l\u2019Intersyndicale de Centrafrique (ISYCA), qui regroupe en son sein onze (11) Centrales Syndicales, invite tous les Pr\u00e9si ...","og_url":"https:\/\/www.africa-press.net\/centrafricaine\/politique\/communique-de-presse-de-lintersyndicale-de-centrafrique-isyca","og_site_name":"centrafricaine","article_published_time":"2021-05-19T16:30:41+00:00","article_modified_time":"2021-05-19T17:23:19+00:00","og_image":[{"width":720,"height":404,"url":"https:\/\/static.africa-press.net\/centrafricaine\/sites\/45\/2021\/05\/img-60a535a204a76.jpg","type":"image\/jpeg"}],"author":"cfeditorfr","twitter_card":"summary_large_image","twitter_misc":{"\u00c9crit par":"cfeditorfr"},"schema":{"@context":"https:\/\/schema.org","@graph":[{"@type":"Article","@id":"https:\/\/www.africa-press.net\/centrafricaine\/politique\/communique-de-presse-de-lintersyndicale-de-centrafrique-isyca#article","isPartOf":{"@id":"https:\/\/www.africa-press.net\/centrafricaine\/politique\/communique-de-presse-de-lintersyndicale-de-centrafrique-isyca"},"author":{"name":"cfeditorfr","@id":"https:\/\/www.africa-press.net\/centrafricaine\/#\/schema\/person\/2b1cf3cd81a31e3cd26889ca66d677f1"},"headline":"Communiqu\u00e9 de presse de l\u2019Intersyndicale de Centrafrique (ISYCA)","datePublished":"2021-05-19T16:30:41+00:00","dateModified":"2021-05-19T17:23:19+00:00","mainEntityOfPage":{"@id":"https:\/\/www.africa-press.net\/centrafricaine\/politique\/communique-de-presse-de-lintersyndicale-de-centrafrique-isyca"},"wordCount":87,"commentCount":0,"image":{"@id":"https:\/\/www.africa-press.net\/centrafricaine\/politique\/communique-de-presse-de-lintersyndicale-de-centrafrique-isyca#primaryimage"},"thumbnailUrl":"https:\/\/static.africa-press.net\/centrafricaine\/sites\/45\/2021\/05\/img-60a535a204a76.jpg","keywords":["Africa Press","Africa Press-CentrAfricaine","CentrAfricaine"],"articleSection":["homepage-french","Politique","Toutes les actualit\u00e9s"],"inLanguage":"fr-FR","potentialAction":[{"@type":"CommentAction","name":"Comment","target":["https:\/\/www.africa-press.net\/centrafricaine\/politique\/communique-de-presse-de-lintersyndicale-de-centrafrique-isyca#respond"]}]},{"@type":"WebPage","@id":"https:\/\/www.africa-press.net\/centrafricaine\/politique\/communique-de-presse-de-lintersyndicale-de-centrafrique-isyca","url":"https:\/\/www.africa-press.net\/centrafricaine\/politique\/communique-de-presse-de-lintersyndicale-de-centrafrique-isyca","name":"Communiqu\u00e9 de presse de l\u2019Intersyndicale de Centrafrique (ISYCA) - centrafricaine","isPartOf":{"@id":"https:\/\/www.africa-press.net\/centrafricaine\/#website"},"primaryImageOfPage":{"@id":"https:\/\/www.africa-press.net\/centrafricaine\/politique\/communique-de-presse-de-lintersyndicale-de-centrafrique-isyca#primaryimage"},"image":{"@id":"https:\/\/www.africa-press.net\/centrafricaine\/politique\/communique-de-presse-de-lintersyndicale-de-centrafrique-isyca#primaryimage"},"thumbnailUrl":"https:\/\/static.africa-press.net\/centrafricaine\/sites\/45\/2021\/05\/img-60a535a204a76.jpg","datePublished":"2021-05-19T16:30:41+00:00","dateModified":"2021-05-19T17:23:19+00:00","author":{"@id":"https:\/\/www.africa-press.net\/centrafricaine\/#\/schema\/person\/2b1cf3cd81a31e3cd26889ca66d677f1"},"description":"l\u2019Intersyndicale de Centrafrique (ISYCA), qui regroupe en son sein onze (11) Centrales Syndicales, invite tous les Pr\u00e9si ...","breadcrumb":{"@id":"https:\/\/www.africa-press.net\/centrafricaine\/politique\/communique-de-presse-de-lintersyndicale-de-centrafrique-isyca#breadcrumb"},"inLanguage":"fr-FR","potentialAction":[{"@type":"ReadAction","target":["https:\/\/www.africa-press.net\/centrafricaine\/politique\/communique-de-presse-de-lintersyndicale-de-centrafrique-isyca"]}]},{"@type":"ImageObject","inLanguage":"fr-FR","@id":"https:\/\/www.africa-press.net\/centrafricaine\/politique\/communique-de-presse-de-lintersyndicale-de-centrafrique-isyca#primaryimage","url":"https:\/\/static.africa-press.net\/centrafricaine\/sites\/45\/2021\/05\/img-60a535a204a76.jpg","contentUrl":"https:\/\/static.africa-press.net\/centrafricaine\/sites\/45\/2021\/05\/img-60a535a204a76.jpg","width":720,"height":404,"caption":"Communiqu\u00e9 de presse de l\u2019Intersyndicale de Centrafrique (ISYCA)"},{"@type":"BreadcrumbList","@id":"https:\/\/www.africa-press.net\/centrafricaine\/politique\/communique-de-presse-de-lintersyndicale-de-centrafrique-isyca#breadcrumb","itemListElement":[{"@type":"ListItem","position":1,"name":"Accueil","item":"https:\/\/www.africa-press.net\/centrafricaine\/"},{"@type":"ListItem","position":2,"name":"Communiqu\u00e9 de presse de l\u2019Intersyndicale de Centrafrique (ISYCA)"}]},{"@type":"WebSite","@id":"https:\/\/www.africa-press.net\/centrafricaine\/#website","url":"https:\/\/www.africa-press.net\/centrafricaine\/","name":"centrafricaine","description":"Just another Africa News Agency Sites site","potentialAction":[{"@type":"SearchAction","target":{"@type":"EntryPoint","urlTemplate":"https:\/\/www.africa-press.net\/centrafricaine\/?s={search_term_string}"},"query-input":{"@type":"PropertyValueSpecification","valueRequired":true,"valueName":"search_term_string"}}],"inLanguage":"fr-FR"},{"@type":"Person","@id":"https:\/\/www.africa-press.net\/centrafricaine\/#\/schema\/person\/2b1cf3cd81a31e3cd26889ca66d677f1","name":"cfeditorfr"}]}},"_links":{"self":[{"href":"https:\/\/www.africa-press.net\/centrafricaine\/wp-json\/wp\/v2\/posts\/7158","targetHints":{"allow":["GET"]}}],"collection":[{"href":"https:\/\/www.africa-press.net\/centrafricaine\/wp-json\/wp\/v2\/posts"}],"about":[{"href":"https:\/\/www.africa-press.net\/centrafricaine\/wp-json\/wp\/v2\/types\/post"}],"author":[{"embeddable":true,"href":"https:\/\/www.africa-press.net\/centrafricaine\/wp-json\/wp\/v2\/users\/82"}],"replies":[{"embeddable":true,"href":"https:\/\/www.africa-press.net\/centrafricaine\/wp-json\/wp\/v2\/comments?post=7158"}],"version-history":[{"count":0,"href":"https:\/\/www.africa-press.net\/centrafricaine\/wp-json\/wp\/v2\/posts\/7158\/revisions"}],"wp:featuredmedia":[{"embeddable":true,"href":"https:\/\/www.africa-press.net\/centrafricaine\/wp-json\/wp\/v2\/media\/7157"}],"wp:attachment":[{"href":"https:\/\/www.africa-press.net\/centrafricaine\/wp-json\/wp\/v2\/media?parent=7158"}],"wp:term":[{"taxonomy":"category","embeddable":true,"href":"https:\/\/www.africa-press.net\/centrafricaine\/wp-json\/wp\/v2\/categories?post=7158"},{"taxonomy":"post_tag","embeddable":true,"href":"https:\/\/www.africa-press.net\/centrafricaine\/wp-json\/wp\/v2\/tags?post=7158"}],"curies":[{"name":"wp","href":"https:\/\/api.w.org\/{rel}","templated":true}]}}