{"id":7169,"date":"2021-05-20T07:51:27","date_gmt":"2021-05-20T07:51:27","guid":{"rendered":"https:\/\/www.africa-press.net\/centrafricaine\/politique\/rca-le-premier-ministre-firmin-ngrebada-sous-la-pluie-des-critiques-donne-les-raisons-de-son-maintien-a-la-tete-du-gouvernement"},"modified":"2021-05-20T17:22:00","modified_gmt":"2021-05-20T17:22:00","slug":"rca-le-premier-ministre-firmin-ngrebada-sous-la-pluie-des-critiques-donne-les-raisons-de-son-maintien-a-la-tete-du-gouvernement","status":"publish","type":"post","link":"https:\/\/www.africa-press.net\/centrafricaine\/politique\/rca-le-premier-ministre-firmin-ngrebada-sous-la-pluie-des-critiques-donne-les-raisons-de-son-maintien-a-la-tete-du-gouvernement","title":{"rendered":"le Premier ministre Firmin NGR\u00c9BADA, sous la pluie des critiques, donne les raisons de son maintien \u00e0 la t\u00eate du gouvernement"},"content":{"rendered":"<p><span style=\"color: #ff6600\"><strong><a href=\"https:\/\/www.africa-press.net\/\">Africa-Press<\/a> &#8211; <a href=\"https:\/\/www.africa-press.net\/centrafricaine\">CentrAfricaine<\/a>.\u00a0 <\/strong><\/span>Pr\u00e8s de deux mois apr\u00e8s la prestation du Pr\u00e9sident de la R\u00e9publique Faustin Archange Touadera pour un second mandat, le gouvernement NGR\u00c9BADA 2 n\u2019a pas encore d\u00e9missionn\u00e9. Pourquoi les ministres sont-ils encore en fonction ? Le Premier ministre Firmin NGR\u00c9BADA s\u2019explique sur les antennes de la radio Nd\u00e9k\u00e8luka.<\/p>\n<p><b>\u00ab Je suis venu indiquer au Pr\u00e9sident de l\u2019Assembl\u00e9e nationale la disponibilit\u00e9 du gouvernement \u00e0 travailler avec l\u2019Assembl\u00e9e nationale dans les conditions d\u00e9finies par la Constitution \u00bb<\/b><\/p>\n<p>, a r\u00e9agi dans un premier temps le Premier ministre Firmin NGR\u00c9BADA.<\/p>\n<p>Justement, quand il parle de la disponibilit\u00e9 du gouvernement avec ce nombre totalement restreint des ministres, peut-on parler de la d\u00e9mission du gouvernement ?<\/p>\n<p><b>\u00ab La constitution pr\u00e9voit que c\u2019est le Pr\u00e9sident de la R\u00e9publique qui nomme et r\u00e9voque le Premier ministre. Donc la question de la d\u00e9mission du gouvernement, ou de la nomination, ou de la d\u00e9mission du Premier ministre, rel\u00e8ve de la haute discr\u00e9tion de monsieur le pr\u00e9sident de la R\u00e9publique. Dans aucune ligne de la constitution, il n\u2019est dit qu\u2019\u00e0 telle p\u00e9riode le Premier ministre doit n\u00e9cessairement d\u00e9missionner. Ceux qui sont impatients d\u2019avoir le d\u00e9tail de cette question, peuvent \u00eatre dans les jours \u00e0 venir ou les mois \u00e0 venir, ils auront toutes les pr\u00e9cisions sur la question \u00bb<\/b><\/p>\n<p>, a-t-il ajout\u00e9. Mais vu sa r\u00e9ponse, il y\u2019aura-t-il un remaniement en cours ?<\/p>\n<p><b>\u00ab Je vous dis que c\u2019est une question qui rel\u00e8ve de la haute discr\u00e9tion du chef de l\u2019\u00c9tat \u00bb<\/b><\/p>\n<p>&nbsp;<\/p>\n","protected":false},"excerpt":{"rendered":"<p>Africa-Press &#8211; CentrAfricaine.\u00a0 Pr\u00e8s de deux mois apr\u00e8s la prestation du Pr\u00e9sident de la R\u00e9publique Faustin Archange Touadera pour un second mandat, le gouvernement NGR\u00c9BADA 2 n\u2019a pas encore d\u00e9missionn\u00e9. Pourquoi les ministres sont-ils encore en fonction ? Le Premier ministre Firmin NGR\u00c9BADA s\u2019explique sur les antennes de la radio Nd\u00e9k\u00e8luka. \u00ab Je suis venu [&hellip;]<\/p>\n","protected":false},"author":82,"featured_media":7168,"comment_status":"open","ping_status":"closed","sticky":false,"template":"","format":"standard","meta":{"footnotes":""},"categories":[11,2,20,10],"tags":[36,58,30],"class_list":["post-7169","post","type-post","status-publish","format-standard","has-post-thumbnail","hentry","category-homepage-french","category-politique","category-top-nouvelles","category-toutes-les-actualites","tag-africa-press","tag-africa-press-centrafricaine","tag-centrafricaine"],"yoast_head":"<!-- This site is optimized with the Yoast SEO Premium plugin v26.1 (Yoast SEO v27.0) - https:\/\/yoast.com\/product\/yoast-seo-premium-wordpress\/ -->\n<title>le Premier ministre Firmin NGR\u00c9BADA, sous la pluie des critiques, donne les raisons de son maintien \u00e0 la t\u00eate du gouvernement - centrafricaine<\/title>\n<meta name=\"description\" content=\"Bangui, R\u00e9publique centrafricaine, jeudi, 20 mai 2021, 03:42:59 ( Corbeaunews-Centrafrique ). Pr\u00e8s de deux mois ...\" \/>\n<meta name=\"robots\" content=\"index, follow, max-snippet:-1, max-image-preview:large, max-video-preview:-1\" \/>\n<link rel=\"canonical\" href=\"https:\/\/www.africa-press.net\/centrafricaine\/politique\/rca-le-premier-ministre-firmin-ngrebada-sous-la-pluie-des-critiques-donne-les-raisons-de-son-maintien-a-la-tete-du-gouvernement\" \/>\n<meta property=\"og:locale\" content=\"fr_FR\" \/>\n<meta property=\"og:type\" content=\"article\" \/>\n<meta property=\"og:title\" content=\"le Premier ministre Firmin NGR\u00c9BADA, sous la pluie des critiques, donne les raisons de son maintien \u00e0 la t\u00eate du gouvernement\" \/>\n<meta property=\"og:description\" content=\"Bangui, R\u00e9publique centrafricaine, jeudi, 20 mai 2021, 03:42:59 ( Corbeaunews-Centrafrique ). Pr\u00e8s de deux mois ...\" \/>\n<meta property=\"og:url\" content=\"https:\/\/www.africa-press.net\/centrafricaine\/politique\/rca-le-premier-ministre-firmin-ngrebada-sous-la-pluie-des-critiques-donne-les-raisons-de-son-maintien-a-la-tete-du-gouvernement\" \/>\n<meta property=\"og:site_name\" content=\"centrafricaine\" \/>\n<meta property=\"article:published_time\" content=\"2021-05-20T07:51:27+00:00\" \/>\n<meta property=\"article:modified_time\" content=\"2021-05-20T17:22:00+00:00\" \/>\n<meta property=\"og:image\" content=\"https:\/\/static.africa-press.net\/centrafricaine\/sites\/45\/2021\/05\/img-60a614b6ac7af.jpg\" \/>\n\t<meta property=\"og:image:width\" content=\"750\" \/>\n\t<meta property=\"og:image:height\" content=\"562\" \/>\n\t<meta property=\"og:image:type\" content=\"image\/jpeg\" \/>\n<meta name=\"author\" content=\"cfeditorfr\" \/>\n<meta name=\"twitter:card\" content=\"summary_large_image\" \/>\n<meta name=\"twitter:label1\" content=\"\u00c9crit par\" \/>\n\t<meta name=\"twitter:data1\" content=\"cfeditorfr\" \/>\n\t<meta name=\"twitter:label2\" content=\"Dur\u00e9e de lecture estim\u00e9e\" \/>\n\t<meta name=\"twitter:data2\" content=\"2 minutes\" \/>\n<script type=\"application\/ld+json\" class=\"yoast-schema-graph\">{\"@context\":\"https:\/\/schema.org\",\"@graph\":[{\"@type\":\"Article\",\"@id\":\"https:\/\/www.africa-press.net\/centrafricaine\/politique\/rca-le-premier-ministre-firmin-ngrebada-sous-la-pluie-des-critiques-donne-les-raisons-de-son-maintien-a-la-tete-du-gouvernement#article\",\"isPartOf\":{\"@id\":\"https:\/\/www.africa-press.net\/centrafricaine\/politique\/rca-le-premier-ministre-firmin-ngrebada-sous-la-pluie-des-critiques-donne-les-raisons-de-son-maintien-a-la-tete-du-gouvernement\"},\"author\":{\"name\":\"cfeditorfr\",\"@id\":\"https:\/\/www.africa-press.net\/centrafricaine\/#\/schema\/person\/2b1cf3cd81a31e3cd26889ca66d677f1\"},\"headline\":\"le Premier ministre Firmin NGR\u00c9BADA, sous la pluie des critiques, donne les raisons de son maintien \u00e0 la t\u00eate du gouvernement\",\"datePublished\":\"2021-05-20T07:51:27+00:00\",\"dateModified\":\"2021-05-20T17:22:00+00:00\",\"mainEntityOfPage\":{\"@id\":\"https:\/\/www.africa-press.net\/centrafricaine\/politique\/rca-le-premier-ministre-firmin-ngrebada-sous-la-pluie-des-critiques-donne-les-raisons-de-son-maintien-a-la-tete-du-gouvernement\"},\"wordCount\":297,\"commentCount\":0,\"image\":{\"@id\":\"https:\/\/www.africa-press.net\/centrafricaine\/politique\/rca-le-premier-ministre-firmin-ngrebada-sous-la-pluie-des-critiques-donne-les-raisons-de-son-maintien-a-la-tete-du-gouvernement#primaryimage\"},\"thumbnailUrl\":\"https:\/\/static.africa-press.net\/centrafricaine\/sites\/45\/2021\/05\/img-60a614b6ac7af.jpg\",\"keywords\":[\"Africa Press\",\"Africa Press-CentrAfricaine\",\"CentrAfricaine\"],\"articleSection\":[\"homepage-french\",\"Politique\",\"Top Nouvelles\",\"Toutes les actualit\u00e9s\"],\"inLanguage\":\"fr-FR\",\"potentialAction\":[{\"@type\":\"CommentAction\",\"name\":\"Comment\",\"target\":[\"https:\/\/www.africa-press.net\/centrafricaine\/politique\/rca-le-premier-ministre-firmin-ngrebada-sous-la-pluie-des-critiques-donne-les-raisons-de-son-maintien-a-la-tete-du-gouvernement#respond\"]}]},{\"@type\":\"WebPage\",\"@id\":\"https:\/\/www.africa-press.net\/centrafricaine\/politique\/rca-le-premier-ministre-firmin-ngrebada-sous-la-pluie-des-critiques-donne-les-raisons-de-son-maintien-a-la-tete-du-gouvernement\",\"url\":\"https:\/\/www.africa-press.net\/centrafricaine\/politique\/rca-le-premier-ministre-firmin-ngrebada-sous-la-pluie-des-critiques-donne-les-raisons-de-son-maintien-a-la-tete-du-gouvernement\",\"name\":\"le Premier ministre Firmin NGR\u00c9BADA, sous la pluie des critiques, donne les raisons de son maintien \u00e0 la t\u00eate du gouvernement - centrafricaine\",\"isPartOf\":{\"@id\":\"https:\/\/www.africa-press.net\/centrafricaine\/#website\"},\"primaryImageOfPage\":{\"@id\":\"https:\/\/www.africa-press.net\/centrafricaine\/politique\/rca-le-premier-ministre-firmin-ngrebada-sous-la-pluie-des-critiques-donne-les-raisons-de-son-maintien-a-la-tete-du-gouvernement#primaryimage\"},\"image\":{\"@id\":\"https:\/\/www.africa-press.net\/centrafricaine\/politique\/rca-le-premier-ministre-firmin-ngrebada-sous-la-pluie-des-critiques-donne-les-raisons-de-son-maintien-a-la-tete-du-gouvernement#primaryimage\"},\"thumbnailUrl\":\"https:\/\/static.africa-press.net\/centrafricaine\/sites\/45\/2021\/05\/img-60a614b6ac7af.jpg\",\"datePublished\":\"2021-05-20T07:51:27+00:00\",\"dateModified\":\"2021-05-20T17:22:00+00:00\",\"author\":{\"@id\":\"https:\/\/www.africa-press.net\/centrafricaine\/#\/schema\/person\/2b1cf3cd81a31e3cd26889ca66d677f1\"},\"description\":\"Bangui, R\u00e9publique centrafricaine, jeudi, 20 mai 2021, 03:42:59 ( Corbeaunews-Centrafrique ). Pr\u00e8s de deux mois ...\",\"breadcrumb\":{\"@id\":\"https:\/\/www.africa-press.net\/centrafricaine\/politique\/rca-le-premier-ministre-firmin-ngrebada-sous-la-pluie-des-critiques-donne-les-raisons-de-son-maintien-a-la-tete-du-gouvernement#breadcrumb\"},\"inLanguage\":\"fr-FR\",\"potentialAction\":[{\"@type\":\"ReadAction\",\"target\":[\"https:\/\/www.africa-press.net\/centrafricaine\/politique\/rca-le-premier-ministre-firmin-ngrebada-sous-la-pluie-des-critiques-donne-les-raisons-de-son-maintien-a-la-tete-du-gouvernement\"]}]},{\"@type\":\"ImageObject\",\"inLanguage\":\"fr-FR\",\"@id\":\"https:\/\/www.africa-press.net\/centrafricaine\/politique\/rca-le-premier-ministre-firmin-ngrebada-sous-la-pluie-des-critiques-donne-les-raisons-de-son-maintien-a-la-tete-du-gouvernement#primaryimage\",\"url\":\"https:\/\/static.africa-press.net\/centrafricaine\/sites\/45\/2021\/05\/img-60a614b6ac7af.jpg\",\"contentUrl\":\"https:\/\/static.africa-press.net\/centrafricaine\/sites\/45\/2021\/05\/img-60a614b6ac7af.jpg\",\"width\":750,\"height\":562,\"caption\":\"RCA\u00a0: le Premier ministre Firmin NGR\u00c9BADA, sous la pluie des critiques, donne les raisons de son maintien \u00e0 la t\u00eate du gouvernement\"},{\"@type\":\"BreadcrumbList\",\"@id\":\"https:\/\/www.africa-press.net\/centrafricaine\/politique\/rca-le-premier-ministre-firmin-ngrebada-sous-la-pluie-des-critiques-donne-les-raisons-de-son-maintien-a-la-tete-du-gouvernement#breadcrumb\",\"itemListElement\":[{\"@type\":\"ListItem\",\"position\":1,\"name\":\"Accueil\",\"item\":\"https:\/\/www.africa-press.net\/centrafricaine\/\"},{\"@type\":\"ListItem\",\"position\":2,\"name\":\"le Premier ministre Firmin NGR\u00c9BADA, sous la pluie des critiques, donne les raisons de son maintien \u00e0 la t\u00eate du gouvernement\"}]},{\"@type\":\"WebSite\",\"@id\":\"https:\/\/www.africa-press.net\/centrafricaine\/#website\",\"url\":\"https:\/\/www.africa-press.net\/centrafricaine\/\",\"name\":\"centrafricaine\",\"description\":\"Just another Africa News Agency Sites site\",\"potentialAction\":[{\"@type\":\"SearchAction\",\"target\":{\"@type\":\"EntryPoint\",\"urlTemplate\":\"https:\/\/www.africa-press.net\/centrafricaine\/?s={search_term_string}\"},\"query-input\":{\"@type\":\"PropertyValueSpecification\",\"valueRequired\":true,\"valueName\":\"search_term_string\"}}],\"inLanguage\":\"fr-FR\"},{\"@type\":\"Person\",\"@id\":\"https:\/\/www.africa-press.net\/centrafricaine\/#\/schema\/person\/2b1cf3cd81a31e3cd26889ca66d677f1\",\"name\":\"cfeditorfr\"}]}<\/script>\n<!-- \/ Yoast SEO Premium plugin. -->","yoast_head_json":{"title":"le Premier ministre Firmin NGR\u00c9BADA, sous la pluie des critiques, donne les raisons de son maintien \u00e0 la t\u00eate du gouvernement - centrafricaine","description":"Bangui, R\u00e9publique centrafricaine, jeudi, 20 mai 2021, 03:42:59 ( Corbeaunews-Centrafrique ). Pr\u00e8s de deux mois ...","robots":{"index":"index","follow":"follow","max-snippet":"max-snippet:-1","max-image-preview":"max-image-preview:large","max-video-preview":"max-video-preview:-1"},"canonical":"https:\/\/www.africa-press.net\/centrafricaine\/politique\/rca-le-premier-ministre-firmin-ngrebada-sous-la-pluie-des-critiques-donne-les-raisons-de-son-maintien-a-la-tete-du-gouvernement","og_locale":"fr_FR","og_type":"article","og_title":"le Premier ministre Firmin NGR\u00c9BADA, sous la pluie des critiques, donne les raisons de son maintien \u00e0 la t\u00eate du gouvernement","og_description":"Bangui, R\u00e9publique centrafricaine, jeudi, 20 mai 2021, 03:42:59 ( Corbeaunews-Centrafrique ). Pr\u00e8s de deux mois ...","og_url":"https:\/\/www.africa-press.net\/centrafricaine\/politique\/rca-le-premier-ministre-firmin-ngrebada-sous-la-pluie-des-critiques-donne-les-raisons-de-son-maintien-a-la-tete-du-gouvernement","og_site_name":"centrafricaine","article_published_time":"2021-05-20T07:51:27+00:00","article_modified_time":"2021-05-20T17:22:00+00:00","og_image":[{"width":750,"height":562,"url":"https:\/\/static.africa-press.net\/centrafricaine\/sites\/45\/2021\/05\/img-60a614b6ac7af.jpg","type":"image\/jpeg"}],"author":"cfeditorfr","twitter_card":"summary_large_image","twitter_misc":{"\u00c9crit par":"cfeditorfr","Dur\u00e9e de lecture estim\u00e9e":"2 minutes"},"schema":{"@context":"https:\/\/schema.org","@graph":[{"@type":"Article","@id":"https:\/\/www.africa-press.net\/centrafricaine\/politique\/rca-le-premier-ministre-firmin-ngrebada-sous-la-pluie-des-critiques-donne-les-raisons-de-son-maintien-a-la-tete-du-gouvernement#article","isPartOf":{"@id":"https:\/\/www.africa-press.net\/centrafricaine\/politique\/rca-le-premier-ministre-firmin-ngrebada-sous-la-pluie-des-critiques-donne-les-raisons-de-son-maintien-a-la-tete-du-gouvernement"},"author":{"name":"cfeditorfr","@id":"https:\/\/www.africa-press.net\/centrafricaine\/#\/schema\/person\/2b1cf3cd81a31e3cd26889ca66d677f1"},"headline":"le Premier ministre Firmin NGR\u00c9BADA, sous la pluie des critiques, donne les raisons de son maintien \u00e0 la t\u00eate du gouvernement","datePublished":"2021-05-20T07:51:27+00:00","dateModified":"2021-05-20T17:22:00+00:00","mainEntityOfPage":{"@id":"https:\/\/www.africa-press.net\/centrafricaine\/politique\/rca-le-premier-ministre-firmin-ngrebada-sous-la-pluie-des-critiques-donne-les-raisons-de-son-maintien-a-la-tete-du-gouvernement"},"wordCount":297,"commentCount":0,"image":{"@id":"https:\/\/www.africa-press.net\/centrafricaine\/politique\/rca-le-premier-ministre-firmin-ngrebada-sous-la-pluie-des-critiques-donne-les-raisons-de-son-maintien-a-la-tete-du-gouvernement#primaryimage"},"thumbnailUrl":"https:\/\/static.africa-press.net\/centrafricaine\/sites\/45\/2021\/05\/img-60a614b6ac7af.jpg","keywords":["Africa Press","Africa Press-CentrAfricaine","CentrAfricaine"],"articleSection":["homepage-french","Politique","Top Nouvelles","Toutes les actualit\u00e9s"],"inLanguage":"fr-FR","potentialAction":[{"@type":"CommentAction","name":"Comment","target":["https:\/\/www.africa-press.net\/centrafricaine\/politique\/rca-le-premier-ministre-firmin-ngrebada-sous-la-pluie-des-critiques-donne-les-raisons-de-son-maintien-a-la-tete-du-gouvernement#respond"]}]},{"@type":"WebPage","@id":"https:\/\/www.africa-press.net\/centrafricaine\/politique\/rca-le-premier-ministre-firmin-ngrebada-sous-la-pluie-des-critiques-donne-les-raisons-de-son-maintien-a-la-tete-du-gouvernement","url":"https:\/\/www.africa-press.net\/centrafricaine\/politique\/rca-le-premier-ministre-firmin-ngrebada-sous-la-pluie-des-critiques-donne-les-raisons-de-son-maintien-a-la-tete-du-gouvernement","name":"le Premier ministre Firmin NGR\u00c9BADA, sous la pluie des critiques, donne les raisons de son maintien \u00e0 la t\u00eate du gouvernement - centrafricaine","isPartOf":{"@id":"https:\/\/www.africa-press.net\/centrafricaine\/#website"},"primaryImageOfPage":{"@id":"https:\/\/www.africa-press.net\/centrafricaine\/politique\/rca-le-premier-ministre-firmin-ngrebada-sous-la-pluie-des-critiques-donne-les-raisons-de-son-maintien-a-la-tete-du-gouvernement#primaryimage"},"image":{"@id":"https:\/\/www.africa-press.net\/centrafricaine\/politique\/rca-le-premier-ministre-firmin-ngrebada-sous-la-pluie-des-critiques-donne-les-raisons-de-son-maintien-a-la-tete-du-gouvernement#primaryimage"},"thumbnailUrl":"https:\/\/static.africa-press.net\/centrafricaine\/sites\/45\/2021\/05\/img-60a614b6ac7af.jpg","datePublished":"2021-05-20T07:51:27+00:00","dateModified":"2021-05-20T17:22:00+00:00","author":{"@id":"https:\/\/www.africa-press.net\/centrafricaine\/#\/schema\/person\/2b1cf3cd81a31e3cd26889ca66d677f1"},"description":"Bangui, R\u00e9publique centrafricaine, jeudi, 20 mai 2021, 03:42:59 ( Corbeaunews-Centrafrique ). Pr\u00e8s de deux mois ...","breadcrumb":{"@id":"https:\/\/www.africa-press.net\/centrafricaine\/politique\/rca-le-premier-ministre-firmin-ngrebada-sous-la-pluie-des-critiques-donne-les-raisons-de-son-maintien-a-la-tete-du-gouvernement#breadcrumb"},"inLanguage":"fr-FR","potentialAction":[{"@type":"ReadAction","target":["https:\/\/www.africa-press.net\/centrafricaine\/politique\/rca-le-premier-ministre-firmin-ngrebada-sous-la-pluie-des-critiques-donne-les-raisons-de-son-maintien-a-la-tete-du-gouvernement"]}]},{"@type":"ImageObject","inLanguage":"fr-FR","@id":"https:\/\/www.africa-press.net\/centrafricaine\/politique\/rca-le-premier-ministre-firmin-ngrebada-sous-la-pluie-des-critiques-donne-les-raisons-de-son-maintien-a-la-tete-du-gouvernement#primaryimage","url":"https:\/\/static.africa-press.net\/centrafricaine\/sites\/45\/2021\/05\/img-60a614b6ac7af.jpg","contentUrl":"https:\/\/static.africa-press.net\/centrafricaine\/sites\/45\/2021\/05\/img-60a614b6ac7af.jpg","width":750,"height":562,"caption":"RCA\u00a0: le Premier ministre Firmin NGR\u00c9BADA, sous la pluie des critiques, donne les raisons de son maintien \u00e0 la t\u00eate du gouvernement"},{"@type":"BreadcrumbList","@id":"https:\/\/www.africa-press.net\/centrafricaine\/politique\/rca-le-premier-ministre-firmin-ngrebada-sous-la-pluie-des-critiques-donne-les-raisons-de-son-maintien-a-la-tete-du-gouvernement#breadcrumb","itemListElement":[{"@type":"ListItem","position":1,"name":"Accueil","item":"https:\/\/www.africa-press.net\/centrafricaine\/"},{"@type":"ListItem","position":2,"name":"le Premier ministre Firmin NGR\u00c9BADA, sous la pluie des critiques, donne les raisons de son maintien \u00e0 la t\u00eate du gouvernement"}]},{"@type":"WebSite","@id":"https:\/\/www.africa-press.net\/centrafricaine\/#website","url":"https:\/\/www.africa-press.net\/centrafricaine\/","name":"centrafricaine","description":"Just another Africa News Agency Sites site","potentialAction":[{"@type":"SearchAction","target":{"@type":"EntryPoint","urlTemplate":"https:\/\/www.africa-press.net\/centrafricaine\/?s={search_term_string}"},"query-input":{"@type":"PropertyValueSpecification","valueRequired":true,"valueName":"search_term_string"}}],"inLanguage":"fr-FR"},{"@type":"Person","@id":"https:\/\/www.africa-press.net\/centrafricaine\/#\/schema\/person\/2b1cf3cd81a31e3cd26889ca66d677f1","name":"cfeditorfr"}]}},"_links":{"self":[{"href":"https:\/\/www.africa-press.net\/centrafricaine\/wp-json\/wp\/v2\/posts\/7169","targetHints":{"allow":["GET"]}}],"collection":[{"href":"https:\/\/www.africa-press.net\/centrafricaine\/wp-json\/wp\/v2\/posts"}],"about":[{"href":"https:\/\/www.africa-press.net\/centrafricaine\/wp-json\/wp\/v2\/types\/post"}],"author":[{"embeddable":true,"href":"https:\/\/www.africa-press.net\/centrafricaine\/wp-json\/wp\/v2\/users\/82"}],"replies":[{"embeddable":true,"href":"https:\/\/www.africa-press.net\/centrafricaine\/wp-json\/wp\/v2\/comments?post=7169"}],"version-history":[{"count":0,"href":"https:\/\/www.africa-press.net\/centrafricaine\/wp-json\/wp\/v2\/posts\/7169\/revisions"}],"wp:featuredmedia":[{"embeddable":true,"href":"https:\/\/www.africa-press.net\/centrafricaine\/wp-json\/wp\/v2\/media\/7168"}],"wp:attachment":[{"href":"https:\/\/www.africa-press.net\/centrafricaine\/wp-json\/wp\/v2\/media?parent=7169"}],"wp:term":[{"taxonomy":"category","embeddable":true,"href":"https:\/\/www.africa-press.net\/centrafricaine\/wp-json\/wp\/v2\/categories?post=7169"},{"taxonomy":"post_tag","embeddable":true,"href":"https:\/\/www.africa-press.net\/centrafricaine\/wp-json\/wp\/v2\/tags?post=7169"}],"curies":[{"name":"wp","href":"https:\/\/api.w.org\/{rel}","templated":true}]}}