{"id":7172,"date":"2021-05-20T08:01:04","date_gmt":"2021-05-20T08:01:04","guid":{"rendered":"https:\/\/www.africa-press.net\/centrafricaine\/?p=7172"},"modified":"2021-05-20T17:22:19","modified_gmt":"2021-05-20T17:22:19","slug":"centrafrique-des-morts-dans-des-accrochages-entre-larmee-et-les-rebelles","status":"publish","type":"post","link":"https:\/\/www.africa-press.net\/centrafricaine\/politique\/centrafrique-des-morts-dans-des-accrochages-entre-larmee-et-les-rebelles","title":{"rendered":"des morts dans des accrochages entre l\u2019arm\u00e9e et les rebelles"},"content":{"rendered":"<p><span style=\"color: #ff6600\"><strong><a href=\"https:\/\/www.africa-press.net\/\">Africa-Press<\/a> &#8211; <a href=\"https:\/\/www.africa-press.net\/centrafricaine\">CentrAfricaine<\/a>.\u00a0 <\/strong><\/span>Des rebelles de la coalition des patriotes pour le changement (CPC) ont attaqu\u00e9 depuis trois jours les positions de l\u2019arm\u00e9e nationale et de ses alli\u00e9s russes et rwandais dans la localit\u00e9 de Bemal, vers la fronti\u00e8re avec la R\u00e9publique du Tchad , a-t-on appris des sources proches de l\u2019\u00c9tat major de l\u2019arm\u00e9e nationale.<\/p>\n<p><b>\u00ab Il y a des bless\u00e9s et des morts parmi les civils, mais aussi dans le rang des forces de d\u00e9fense et de s\u00e9curit\u00e9 nationale ainsi que celui de la CPC. Des mat\u00e9riels militaires appartenant aux rebelles ont \u00e9galement \u00e9t\u00e9 d\u00e9truits \u00bb<\/b><\/p>\n<p>, a indiqu\u00e9 un officier de l\u2019arm\u00e9e nationale. Mais selon des informations recoup\u00e9es dans la localit\u00e9s, il y\u2019aurait un soldat FACA tu\u00e9s dans l\u2019affrontement, et deux autres bless\u00e9s. Tandis que du c\u00f4t\u00e9 des rebelles, on signale \u00e9galement des cas des morts et des bless\u00e9s, mais on ignore le nombre exact. Pour les civils, on d\u00e9plore un mort et trois bless\u00e9s, selon la population.<\/p>\n<p>\u00c0 Paoua, chef-lieu de la pr\u00e9fecture de Lim-Pend\u00e9, des renforts des \u00e9l\u00e9ments du quatri\u00e8me bataillon de l\u2019arm\u00e9e ainsi que des mercenaires russes ont quitt\u00e9 la ville depuis lundi pour la localit\u00e9 de Bemal afin de porter secours \u00e0 leurs compagnons d\u2019armes.<\/p>\n<p>Pour l\u2019heure, la ville de Bemal, dans la commune de Mia-Pend\u00e9, est toujours contr\u00f4l\u00e9e par l\u2019arm\u00e9e et ses alli\u00e9s. Selon des nombreuses sources, ce dernier temps, il y\u2019a r\u00e9guli\u00e8rement des incursions des rebelles dans la localit\u00e9, cr\u00e9ant ainsi un climat d\u2019ins\u00e9curit\u00e9 g\u00e9n\u00e9ralis\u00e9e.<\/p>\n<p>Rappelons que depuis une semaine, les activit\u00e9s agricole tournent au ralenti dans la r\u00e9gion \u00e0 cause de la pr\u00e9sence des rebelles de la CPC.<\/p>\n<p><b>\u00a0<\/b><\/p>\n","protected":false},"excerpt":{"rendered":"<p>Africa-Press &#8211; CentrAfricaine.\u00a0 Des rebelles de la coalition des patriotes pour le changement (CPC) ont attaqu\u00e9 depuis trois jours les positions de l\u2019arm\u00e9e nationale et de ses alli\u00e9s russes et rwandais dans la localit\u00e9 de Bemal, vers la fronti\u00e8re avec la R\u00e9publique du Tchad , a-t-on appris des sources proches de l\u2019\u00c9tat major de l\u2019arm\u00e9e [&hellip;]<\/p>\n","protected":false},"author":82,"featured_media":7171,"comment_status":"open","ping_status":"closed","sticky":false,"template":"","format":"standard","meta":{"footnotes":""},"categories":[11,2,20,10],"tags":[36,58,30],"class_list":["post-7172","post","type-post","status-publish","format-standard","has-post-thumbnail","hentry","category-homepage-french","category-politique","category-top-nouvelles","category-toutes-les-actualites","tag-africa-press","tag-africa-press-centrafricaine","tag-centrafricaine"],"yoast_head":"<!-- This site is optimized with the Yoast SEO Premium plugin v26.1 (Yoast SEO v27.0) - https:\/\/yoast.com\/product\/yoast-seo-premium-wordpress\/ -->\n<title>des morts dans des accrochages entre l\u2019arm\u00e9e et les rebelles - centrafricaine<\/title>\n<meta name=\"description\" content=\"Paoua, R\u00e9publique centrafricaine, jeudi, 20 mai 2021, 08:19:39 ( Corbeaunews-Centrafrique ). Des rebelles de la ...\" \/>\n<meta name=\"robots\" content=\"index, follow, max-snippet:-1, max-image-preview:large, max-video-preview:-1\" \/>\n<link rel=\"canonical\" href=\"https:\/\/www.africa-press.net\/centrafricaine\/politique\/centrafrique-des-morts-dans-des-accrochages-entre-larmee-et-les-rebelles\" \/>\n<meta property=\"og:locale\" content=\"fr_FR\" \/>\n<meta property=\"og:type\" content=\"article\" \/>\n<meta property=\"og:title\" content=\"des morts dans des accrochages entre l\u2019arm\u00e9e et les rebelles\" \/>\n<meta property=\"og:description\" content=\"Paoua, R\u00e9publique centrafricaine, jeudi, 20 mai 2021, 08:19:39 ( Corbeaunews-Centrafrique ). Des rebelles de la ...\" \/>\n<meta property=\"og:url\" content=\"https:\/\/www.africa-press.net\/centrafricaine\/politique\/centrafrique-des-morts-dans-des-accrochages-entre-larmee-et-les-rebelles\" \/>\n<meta property=\"og:site_name\" content=\"centrafricaine\" \/>\n<meta property=\"article:published_time\" content=\"2021-05-20T08:01:04+00:00\" \/>\n<meta property=\"article:modified_time\" content=\"2021-05-20T17:22:19+00:00\" \/>\n<meta property=\"og:image\" content=\"https:\/\/static.africa-press.net\/centrafricaine\/sites\/45\/2021\/05\/img-60a614dcc65a7.jpg\" \/>\n\t<meta property=\"og:image:width\" content=\"720\" \/>\n\t<meta property=\"og:image:height\" content=\"479\" \/>\n\t<meta property=\"og:image:type\" content=\"image\/jpeg\" \/>\n<meta name=\"author\" content=\"cfeditorfr\" \/>\n<meta name=\"twitter:card\" content=\"summary_large_image\" \/>\n<meta name=\"twitter:label1\" content=\"\u00c9crit par\" \/>\n\t<meta name=\"twitter:data1\" content=\"cfeditorfr\" \/>\n\t<meta name=\"twitter:label2\" content=\"Dur\u00e9e de lecture estim\u00e9e\" \/>\n\t<meta name=\"twitter:data2\" content=\"2 minutes\" \/>\n<script type=\"application\/ld+json\" class=\"yoast-schema-graph\">{\"@context\":\"https:\/\/schema.org\",\"@graph\":[{\"@type\":\"Article\",\"@id\":\"https:\/\/www.africa-press.net\/centrafricaine\/politique\/centrafrique-des-morts-dans-des-accrochages-entre-larmee-et-les-rebelles#article\",\"isPartOf\":{\"@id\":\"https:\/\/www.africa-press.net\/centrafricaine\/politique\/centrafrique-des-morts-dans-des-accrochages-entre-larmee-et-les-rebelles\"},\"author\":{\"name\":\"cfeditorfr\",\"@id\":\"https:\/\/www.africa-press.net\/centrafricaine\/#\/schema\/person\/2b1cf3cd81a31e3cd26889ca66d677f1\"},\"headline\":\"des morts dans des accrochages entre l\u2019arm\u00e9e et les rebelles\",\"datePublished\":\"2021-05-20T08:01:04+00:00\",\"dateModified\":\"2021-05-20T17:22:19+00:00\",\"mainEntityOfPage\":{\"@id\":\"https:\/\/www.africa-press.net\/centrafricaine\/politique\/centrafrique-des-morts-dans-des-accrochages-entre-larmee-et-les-rebelles\"},\"wordCount\":322,\"commentCount\":0,\"image\":{\"@id\":\"https:\/\/www.africa-press.net\/centrafricaine\/politique\/centrafrique-des-morts-dans-des-accrochages-entre-larmee-et-les-rebelles#primaryimage\"},\"thumbnailUrl\":\"https:\/\/static.africa-press.net\/centrafricaine\/sites\/45\/2021\/05\/img-60a614dcc65a7.jpg\",\"keywords\":[\"Africa Press\",\"Africa Press-CentrAfricaine\",\"CentrAfricaine\"],\"articleSection\":[\"homepage-french\",\"Politique\",\"Top Nouvelles\",\"Toutes les actualit\u00e9s\"],\"inLanguage\":\"fr-FR\",\"potentialAction\":[{\"@type\":\"CommentAction\",\"name\":\"Comment\",\"target\":[\"https:\/\/www.africa-press.net\/centrafricaine\/politique\/centrafrique-des-morts-dans-des-accrochages-entre-larmee-et-les-rebelles#respond\"]}]},{\"@type\":\"WebPage\",\"@id\":\"https:\/\/www.africa-press.net\/centrafricaine\/politique\/centrafrique-des-morts-dans-des-accrochages-entre-larmee-et-les-rebelles\",\"url\":\"https:\/\/www.africa-press.net\/centrafricaine\/politique\/centrafrique-des-morts-dans-des-accrochages-entre-larmee-et-les-rebelles\",\"name\":\"des morts dans des accrochages entre l\u2019arm\u00e9e et les rebelles - centrafricaine\",\"isPartOf\":{\"@id\":\"https:\/\/www.africa-press.net\/centrafricaine\/#website\"},\"primaryImageOfPage\":{\"@id\":\"https:\/\/www.africa-press.net\/centrafricaine\/politique\/centrafrique-des-morts-dans-des-accrochages-entre-larmee-et-les-rebelles#primaryimage\"},\"image\":{\"@id\":\"https:\/\/www.africa-press.net\/centrafricaine\/politique\/centrafrique-des-morts-dans-des-accrochages-entre-larmee-et-les-rebelles#primaryimage\"},\"thumbnailUrl\":\"https:\/\/static.africa-press.net\/centrafricaine\/sites\/45\/2021\/05\/img-60a614dcc65a7.jpg\",\"datePublished\":\"2021-05-20T08:01:04+00:00\",\"dateModified\":\"2021-05-20T17:22:19+00:00\",\"author\":{\"@id\":\"https:\/\/www.africa-press.net\/centrafricaine\/#\/schema\/person\/2b1cf3cd81a31e3cd26889ca66d677f1\"},\"description\":\"Paoua, R\u00e9publique centrafricaine, jeudi, 20 mai 2021, 08:19:39 ( Corbeaunews-Centrafrique ). Des rebelles de la ...\",\"breadcrumb\":{\"@id\":\"https:\/\/www.africa-press.net\/centrafricaine\/politique\/centrafrique-des-morts-dans-des-accrochages-entre-larmee-et-les-rebelles#breadcrumb\"},\"inLanguage\":\"fr-FR\",\"potentialAction\":[{\"@type\":\"ReadAction\",\"target\":[\"https:\/\/www.africa-press.net\/centrafricaine\/politique\/centrafrique-des-morts-dans-des-accrochages-entre-larmee-et-les-rebelles\"]}]},{\"@type\":\"ImageObject\",\"inLanguage\":\"fr-FR\",\"@id\":\"https:\/\/www.africa-press.net\/centrafricaine\/politique\/centrafrique-des-morts-dans-des-accrochages-entre-larmee-et-les-rebelles#primaryimage\",\"url\":\"https:\/\/static.africa-press.net\/centrafricaine\/sites\/45\/2021\/05\/img-60a614dcc65a7.jpg\",\"contentUrl\":\"https:\/\/static.africa-press.net\/centrafricaine\/sites\/45\/2021\/05\/img-60a614dcc65a7.jpg\",\"width\":720,\"height\":479,\"caption\":\"Centrafrique\u00a0: des morts dans des accrochages entre l\u2019arm\u00e9e et les rebelles\"},{\"@type\":\"BreadcrumbList\",\"@id\":\"https:\/\/www.africa-press.net\/centrafricaine\/politique\/centrafrique-des-morts-dans-des-accrochages-entre-larmee-et-les-rebelles#breadcrumb\",\"itemListElement\":[{\"@type\":\"ListItem\",\"position\":1,\"name\":\"Accueil\",\"item\":\"https:\/\/www.africa-press.net\/centrafricaine\/\"},{\"@type\":\"ListItem\",\"position\":2,\"name\":\"des morts dans des accrochages entre l\u2019arm\u00e9e et les rebelles\"}]},{\"@type\":\"WebSite\",\"@id\":\"https:\/\/www.africa-press.net\/centrafricaine\/#website\",\"url\":\"https:\/\/www.africa-press.net\/centrafricaine\/\",\"name\":\"centrafricaine\",\"description\":\"Just another Africa News Agency Sites site\",\"potentialAction\":[{\"@type\":\"SearchAction\",\"target\":{\"@type\":\"EntryPoint\",\"urlTemplate\":\"https:\/\/www.africa-press.net\/centrafricaine\/?s={search_term_string}\"},\"query-input\":{\"@type\":\"PropertyValueSpecification\",\"valueRequired\":true,\"valueName\":\"search_term_string\"}}],\"inLanguage\":\"fr-FR\"},{\"@type\":\"Person\",\"@id\":\"https:\/\/www.africa-press.net\/centrafricaine\/#\/schema\/person\/2b1cf3cd81a31e3cd26889ca66d677f1\",\"name\":\"cfeditorfr\"}]}<\/script>\n<!-- \/ Yoast SEO Premium plugin. -->","yoast_head_json":{"title":"des morts dans des accrochages entre l\u2019arm\u00e9e et les rebelles - centrafricaine","description":"Paoua, R\u00e9publique centrafricaine, jeudi, 20 mai 2021, 08:19:39 ( Corbeaunews-Centrafrique ). Des rebelles de la ...","robots":{"index":"index","follow":"follow","max-snippet":"max-snippet:-1","max-image-preview":"max-image-preview:large","max-video-preview":"max-video-preview:-1"},"canonical":"https:\/\/www.africa-press.net\/centrafricaine\/politique\/centrafrique-des-morts-dans-des-accrochages-entre-larmee-et-les-rebelles","og_locale":"fr_FR","og_type":"article","og_title":"des morts dans des accrochages entre l\u2019arm\u00e9e et les rebelles","og_description":"Paoua, R\u00e9publique centrafricaine, jeudi, 20 mai 2021, 08:19:39 ( Corbeaunews-Centrafrique ). Des rebelles de la ...","og_url":"https:\/\/www.africa-press.net\/centrafricaine\/politique\/centrafrique-des-morts-dans-des-accrochages-entre-larmee-et-les-rebelles","og_site_name":"centrafricaine","article_published_time":"2021-05-20T08:01:04+00:00","article_modified_time":"2021-05-20T17:22:19+00:00","og_image":[{"width":720,"height":479,"url":"https:\/\/static.africa-press.net\/centrafricaine\/sites\/45\/2021\/05\/img-60a614dcc65a7.jpg","type":"image\/jpeg"}],"author":"cfeditorfr","twitter_card":"summary_large_image","twitter_misc":{"\u00c9crit par":"cfeditorfr","Dur\u00e9e de lecture estim\u00e9e":"2 minutes"},"schema":{"@context":"https:\/\/schema.org","@graph":[{"@type":"Article","@id":"https:\/\/www.africa-press.net\/centrafricaine\/politique\/centrafrique-des-morts-dans-des-accrochages-entre-larmee-et-les-rebelles#article","isPartOf":{"@id":"https:\/\/www.africa-press.net\/centrafricaine\/politique\/centrafrique-des-morts-dans-des-accrochages-entre-larmee-et-les-rebelles"},"author":{"name":"cfeditorfr","@id":"https:\/\/www.africa-press.net\/centrafricaine\/#\/schema\/person\/2b1cf3cd81a31e3cd26889ca66d677f1"},"headline":"des morts dans des accrochages entre l\u2019arm\u00e9e et les rebelles","datePublished":"2021-05-20T08:01:04+00:00","dateModified":"2021-05-20T17:22:19+00:00","mainEntityOfPage":{"@id":"https:\/\/www.africa-press.net\/centrafricaine\/politique\/centrafrique-des-morts-dans-des-accrochages-entre-larmee-et-les-rebelles"},"wordCount":322,"commentCount":0,"image":{"@id":"https:\/\/www.africa-press.net\/centrafricaine\/politique\/centrafrique-des-morts-dans-des-accrochages-entre-larmee-et-les-rebelles#primaryimage"},"thumbnailUrl":"https:\/\/static.africa-press.net\/centrafricaine\/sites\/45\/2021\/05\/img-60a614dcc65a7.jpg","keywords":["Africa Press","Africa Press-CentrAfricaine","CentrAfricaine"],"articleSection":["homepage-french","Politique","Top Nouvelles","Toutes les actualit\u00e9s"],"inLanguage":"fr-FR","potentialAction":[{"@type":"CommentAction","name":"Comment","target":["https:\/\/www.africa-press.net\/centrafricaine\/politique\/centrafrique-des-morts-dans-des-accrochages-entre-larmee-et-les-rebelles#respond"]}]},{"@type":"WebPage","@id":"https:\/\/www.africa-press.net\/centrafricaine\/politique\/centrafrique-des-morts-dans-des-accrochages-entre-larmee-et-les-rebelles","url":"https:\/\/www.africa-press.net\/centrafricaine\/politique\/centrafrique-des-morts-dans-des-accrochages-entre-larmee-et-les-rebelles","name":"des morts dans des accrochages entre l\u2019arm\u00e9e et les rebelles - centrafricaine","isPartOf":{"@id":"https:\/\/www.africa-press.net\/centrafricaine\/#website"},"primaryImageOfPage":{"@id":"https:\/\/www.africa-press.net\/centrafricaine\/politique\/centrafrique-des-morts-dans-des-accrochages-entre-larmee-et-les-rebelles#primaryimage"},"image":{"@id":"https:\/\/www.africa-press.net\/centrafricaine\/politique\/centrafrique-des-morts-dans-des-accrochages-entre-larmee-et-les-rebelles#primaryimage"},"thumbnailUrl":"https:\/\/static.africa-press.net\/centrafricaine\/sites\/45\/2021\/05\/img-60a614dcc65a7.jpg","datePublished":"2021-05-20T08:01:04+00:00","dateModified":"2021-05-20T17:22:19+00:00","author":{"@id":"https:\/\/www.africa-press.net\/centrafricaine\/#\/schema\/person\/2b1cf3cd81a31e3cd26889ca66d677f1"},"description":"Paoua, R\u00e9publique centrafricaine, jeudi, 20 mai 2021, 08:19:39 ( Corbeaunews-Centrafrique ). Des rebelles de la ...","breadcrumb":{"@id":"https:\/\/www.africa-press.net\/centrafricaine\/politique\/centrafrique-des-morts-dans-des-accrochages-entre-larmee-et-les-rebelles#breadcrumb"},"inLanguage":"fr-FR","potentialAction":[{"@type":"ReadAction","target":["https:\/\/www.africa-press.net\/centrafricaine\/politique\/centrafrique-des-morts-dans-des-accrochages-entre-larmee-et-les-rebelles"]}]},{"@type":"ImageObject","inLanguage":"fr-FR","@id":"https:\/\/www.africa-press.net\/centrafricaine\/politique\/centrafrique-des-morts-dans-des-accrochages-entre-larmee-et-les-rebelles#primaryimage","url":"https:\/\/static.africa-press.net\/centrafricaine\/sites\/45\/2021\/05\/img-60a614dcc65a7.jpg","contentUrl":"https:\/\/static.africa-press.net\/centrafricaine\/sites\/45\/2021\/05\/img-60a614dcc65a7.jpg","width":720,"height":479,"caption":"Centrafrique\u00a0: des morts dans des accrochages entre l\u2019arm\u00e9e et les rebelles"},{"@type":"BreadcrumbList","@id":"https:\/\/www.africa-press.net\/centrafricaine\/politique\/centrafrique-des-morts-dans-des-accrochages-entre-larmee-et-les-rebelles#breadcrumb","itemListElement":[{"@type":"ListItem","position":1,"name":"Accueil","item":"https:\/\/www.africa-press.net\/centrafricaine\/"},{"@type":"ListItem","position":2,"name":"des morts dans des accrochages entre l\u2019arm\u00e9e et les rebelles"}]},{"@type":"WebSite","@id":"https:\/\/www.africa-press.net\/centrafricaine\/#website","url":"https:\/\/www.africa-press.net\/centrafricaine\/","name":"centrafricaine","description":"Just another Africa News Agency Sites site","potentialAction":[{"@type":"SearchAction","target":{"@type":"EntryPoint","urlTemplate":"https:\/\/www.africa-press.net\/centrafricaine\/?s={search_term_string}"},"query-input":{"@type":"PropertyValueSpecification","valueRequired":true,"valueName":"search_term_string"}}],"inLanguage":"fr-FR"},{"@type":"Person","@id":"https:\/\/www.africa-press.net\/centrafricaine\/#\/schema\/person\/2b1cf3cd81a31e3cd26889ca66d677f1","name":"cfeditorfr"}]}},"_links":{"self":[{"href":"https:\/\/www.africa-press.net\/centrafricaine\/wp-json\/wp\/v2\/posts\/7172","targetHints":{"allow":["GET"]}}],"collection":[{"href":"https:\/\/www.africa-press.net\/centrafricaine\/wp-json\/wp\/v2\/posts"}],"about":[{"href":"https:\/\/www.africa-press.net\/centrafricaine\/wp-json\/wp\/v2\/types\/post"}],"author":[{"embeddable":true,"href":"https:\/\/www.africa-press.net\/centrafricaine\/wp-json\/wp\/v2\/users\/82"}],"replies":[{"embeddable":true,"href":"https:\/\/www.africa-press.net\/centrafricaine\/wp-json\/wp\/v2\/comments?post=7172"}],"version-history":[{"count":0,"href":"https:\/\/www.africa-press.net\/centrafricaine\/wp-json\/wp\/v2\/posts\/7172\/revisions"}],"wp:featuredmedia":[{"embeddable":true,"href":"https:\/\/www.africa-press.net\/centrafricaine\/wp-json\/wp\/v2\/media\/7171"}],"wp:attachment":[{"href":"https:\/\/www.africa-press.net\/centrafricaine\/wp-json\/wp\/v2\/media?parent=7172"}],"wp:term":[{"taxonomy":"category","embeddable":true,"href":"https:\/\/www.africa-press.net\/centrafricaine\/wp-json\/wp\/v2\/categories?post=7172"},{"taxonomy":"post_tag","embeddable":true,"href":"https:\/\/www.africa-press.net\/centrafricaine\/wp-json\/wp\/v2\/tags?post=7172"}],"curies":[{"name":"wp","href":"https:\/\/api.w.org\/{rel}","templated":true}]}}