{"id":7175,"date":"2021-05-20T08:08:50","date_gmt":"2021-05-20T08:08:50","guid":{"rendered":"https:\/\/www.africa-press.net\/centrafricaine\/?p=7175"},"modified":"2021-05-20T17:22:31","modified_gmt":"2021-05-20T17:22:31","slug":"scrutin-du-23-mai-la-minusca-affirme-avoir-deploye-deja-du-materiel-sensible-et-non-sensible-de-bangui-vers-les-prefectures-concernees","status":"publish","type":"post","link":"https:\/\/www.africa-press.net\/centrafricaine\/politique\/scrutin-du-23-mai-la-minusca-affirme-avoir-deploye-deja-du-materiel-sensible-et-non-sensible-de-bangui-vers-les-prefectures-concernees","title":{"rendered":"Scrutin du 23 mai, la Minusca affirme avoir d\u00e9ploy\u00e9 d\u00e9j\u00e0 du mat\u00e9riel sensible et non sensible de Bangui vers les pr\u00e9fectures concern\u00e9es"},"content":{"rendered":"<p><span style=\"color: #ff6600\"><strong><a href=\"https:\/\/www.africa-press.net\/\">Africa-Press<\/a> &#8211; <a href=\"https:\/\/www.africa-press.net\/centrafricaine\">CentrAfricaine<\/a>.\u00a0 <\/strong><\/span>\u00a0Le dernier lot du mat\u00e9riel \u00e9lectoral sensible pour les l\u00e9gislatives du 23 mai a \u00e9t\u00e9 livr\u00e9 \u00e0 Bangui le 14 mai, dans le cadre du Projet d\u2019assistance \u00e9lectorale du Programme des Nations unies pour le d\u00e9veloppement (PNUD) et l\u2019appui financier de partenaires, y compris du PNUD.<\/p>\n<p>Le d\u00e9ploiement du mat\u00e9riel sensible et non sensible, de Bangui vers les pr\u00e9fectures concern\u00e9es, a commenc\u00e9 d\u00e8s le 15 mai gr\u00e2ce \u00e0 la MINUSCA, \u00e0 travers la Division des Affaires \u00e9lectorales et le service d\u2019appui \u00e0 la Mission. A la date du 18 mai, le d\u00e9ploiement de ce mat\u00e9riel a \u00e9t\u00e9 achev\u00e9 vers toutes les pr\u00e9fectures concern\u00e9es par les l\u00e9gislatives, \u00e0 l\u2019exception de Ombella M\u2019Poko et Bangui, o\u00f9 le d\u00e9ploiement du mat\u00e9riel \u00e9lectoral est en cours. La MINUSCA a \u00e9galement d\u00e9marr\u00e9 le d\u00e9ploiement du mat\u00e9riel des pr\u00e9fectures vers les d\u00e9membrements.<\/p>\n<p>Les pr\u00e9paratifs op\u00e9rationnels se poursuivent avec notamment la formation, les 13 et 14 mai, des membres des d\u00e9membrements par les formateurs nationaux d\u00e9ploy\u00e9s le dans les pr\u00e9fectures concern\u00e9es. A leur tour, les membres des d\u00e9membrements ont entam\u00e9 la formation des membres de bureau de vote qui prend fin ce mercredi.<\/p>\n<p>La MINUSCA continue de d\u00e9ployer tous les efforts possibles, pour accompagner le processus \u00e9lectoral en cours et pour permettre la tenue des \u00e9lections l\u00e9gislatives du 23 mai, dans les meilleures conditions.<\/p>\n<p>Ainsi \u00e0 Paoua, le bureau \u00e9lectoral r\u00e9gional de la MINUSCA a soutenu l\u2019Autorit\u00e9 nationale des \u00e9lections (ANE) et l\u2019Autorit\u00e9 sous-pr\u00e9fectorale des \u00e9lections (ASPE) dans l\u2019organisation de s\u00e9ances de sensibilisation et de formation, le 15 mai. De m\u00eame, suite \u00e0 une lettre des chefs de villages et de groupe de la commune, une mission autorit\u00e9s locales-MINUSCA a pu tenir une r\u00e9union de sensibilisation le 17 mai \u00e0 Betoko.<\/p>\n<p>A Bria, le bureau \u00e9lectoral r\u00e9gional a appuy\u00e9 l\u2019ASPE dans l\u2019organisation d\u2019une r\u00e9union avec les deux candidats en lice pour le second tour des l\u00e9gislatives dans la circonscription \u00e9lectorale Bria 2. Ces derniers ont \u00e9t\u00e9 invit\u00e9s par le Pr\u00e9fet de la Haute-Kotto, l\u2019ASPE et la MINUSCA \u00e0 s\u2019investir pour une campagne \u00e9lectorale et des \u00e9lections apais\u00e9es. Financ\u00e9e par la Mission, la campagne de sensibilisation et d\u2019\u00e9ducation civique \u00e9lectorale pour des \u00e9lections apais\u00e9es se poursuit avec des ateliers de sensibilisation et d\u2019\u00e9ducation civique.<\/p>\n<p>&nbsp;<\/p>\n","protected":false},"excerpt":{"rendered":"<p>Africa-Press &#8211; CentrAfricaine.\u00a0 \u00a0Le dernier lot du mat\u00e9riel \u00e9lectoral sensible pour les l\u00e9gislatives du 23 mai a \u00e9t\u00e9 livr\u00e9 \u00e0 Bangui le 14 mai, dans le cadre du Projet d\u2019assistance \u00e9lectorale du Programme des Nations unies pour le d\u00e9veloppement (PNUD) et l\u2019appui financier de partenaires, y compris du PNUD. Le d\u00e9ploiement du mat\u00e9riel sensible et [&hellip;]<\/p>\n","protected":false},"author":82,"featured_media":7174,"comment_status":"open","ping_status":"closed","sticky":false,"template":"","format":"standard","meta":{"footnotes":""},"categories":[11,2,20,10],"tags":[36,58,30],"class_list":["post-7175","post","type-post","status-publish","format-standard","has-post-thumbnail","hentry","category-homepage-french","category-politique","category-top-nouvelles","category-toutes-les-actualites","tag-africa-press","tag-africa-press-centrafricaine","tag-centrafricaine"],"yoast_head":"<!-- This site is optimized with the Yoast SEO Premium plugin v26.1 (Yoast SEO v27.0) - https:\/\/yoast.com\/product\/yoast-seo-premium-wordpress\/ -->\n<title>Scrutin du 23 mai, la Minusca affirme avoir d\u00e9ploy\u00e9 d\u00e9j\u00e0 du mat\u00e9riel sensible et non sensible de Bangui vers les pr\u00e9fectures concern\u00e9es - centrafricaine<\/title>\n<meta name=\"description\" content=\"Bangui, R\u00e9publique centrafricaine, jeudi, 20 mai 2021, 03:22:20 ( Corbeaunews-Centrafrique ). Le dernier lot du ...\" \/>\n<meta name=\"robots\" content=\"index, follow, max-snippet:-1, max-image-preview:large, max-video-preview:-1\" \/>\n<link rel=\"canonical\" href=\"https:\/\/www.africa-press.net\/centrafricaine\/politique\/scrutin-du-23-mai-la-minusca-affirme-avoir-deploye-deja-du-materiel-sensible-et-non-sensible-de-bangui-vers-les-prefectures-concernees\" \/>\n<meta property=\"og:locale\" content=\"fr_FR\" \/>\n<meta property=\"og:type\" content=\"article\" \/>\n<meta property=\"og:title\" content=\"Scrutin du 23 mai, la Minusca affirme avoir d\u00e9ploy\u00e9 d\u00e9j\u00e0 du mat\u00e9riel sensible et non sensible de Bangui vers les pr\u00e9fectures concern\u00e9es\" \/>\n<meta property=\"og:description\" content=\"Bangui, R\u00e9publique centrafricaine, jeudi, 20 mai 2021, 03:22:20 ( Corbeaunews-Centrafrique ). Le dernier lot du ...\" \/>\n<meta property=\"og:url\" content=\"https:\/\/www.africa-press.net\/centrafricaine\/politique\/scrutin-du-23-mai-la-minusca-affirme-avoir-deploye-deja-du-materiel-sensible-et-non-sensible-de-bangui-vers-les-prefectures-concernees\" \/>\n<meta property=\"og:site_name\" content=\"centrafricaine\" \/>\n<meta property=\"article:published_time\" content=\"2021-05-20T08:08:50+00:00\" \/>\n<meta property=\"article:modified_time\" content=\"2021-05-20T17:22:31+00:00\" \/>\n<meta property=\"og:image\" content=\"https:\/\/static.africa-press.net\/centrafricaine\/sites\/45\/2021\/05\/img-60a61546742f3.jpg\" \/>\n\t<meta property=\"og:image:width\" content=\"720\" \/>\n\t<meta property=\"og:image:height\" content=\"479\" \/>\n\t<meta property=\"og:image:type\" content=\"image\/jpeg\" \/>\n<meta name=\"author\" content=\"cfeditorfr\" \/>\n<meta name=\"twitter:card\" content=\"summary_large_image\" \/>\n<meta name=\"twitter:label1\" content=\"\u00c9crit par\" \/>\n\t<meta name=\"twitter:data1\" content=\"cfeditorfr\" \/>\n\t<meta name=\"twitter:label2\" content=\"Dur\u00e9e de lecture estim\u00e9e\" \/>\n\t<meta name=\"twitter:data2\" content=\"2 minutes\" \/>\n<script type=\"application\/ld+json\" class=\"yoast-schema-graph\">{\"@context\":\"https:\/\/schema.org\",\"@graph\":[{\"@type\":\"Article\",\"@id\":\"https:\/\/www.africa-press.net\/centrafricaine\/politique\/scrutin-du-23-mai-la-minusca-affirme-avoir-deploye-deja-du-materiel-sensible-et-non-sensible-de-bangui-vers-les-prefectures-concernees#article\",\"isPartOf\":{\"@id\":\"https:\/\/www.africa-press.net\/centrafricaine\/politique\/scrutin-du-23-mai-la-minusca-affirme-avoir-deploye-deja-du-materiel-sensible-et-non-sensible-de-bangui-vers-les-prefectures-concernees\"},\"author\":{\"name\":\"cfeditorfr\",\"@id\":\"https:\/\/www.africa-press.net\/centrafricaine\/#\/schema\/person\/2b1cf3cd81a31e3cd26889ca66d677f1\"},\"headline\":\"Scrutin du 23 mai, la Minusca affirme avoir d\u00e9ploy\u00e9 d\u00e9j\u00e0 du mat\u00e9riel sensible et non sensible de Bangui vers les pr\u00e9fectures concern\u00e9es\",\"datePublished\":\"2021-05-20T08:08:50+00:00\",\"dateModified\":\"2021-05-20T17:22:31+00:00\",\"mainEntityOfPage\":{\"@id\":\"https:\/\/www.africa-press.net\/centrafricaine\/politique\/scrutin-du-23-mai-la-minusca-affirme-avoir-deploye-deja-du-materiel-sensible-et-non-sensible-de-bangui-vers-les-prefectures-concernees\"},\"wordCount\":437,\"commentCount\":0,\"image\":{\"@id\":\"https:\/\/www.africa-press.net\/centrafricaine\/politique\/scrutin-du-23-mai-la-minusca-affirme-avoir-deploye-deja-du-materiel-sensible-et-non-sensible-de-bangui-vers-les-prefectures-concernees#primaryimage\"},\"thumbnailUrl\":\"https:\/\/static.africa-press.net\/centrafricaine\/sites\/45\/2021\/05\/img-60a61546742f3.jpg\",\"keywords\":[\"Africa Press\",\"Africa Press-CentrAfricaine\",\"CentrAfricaine\"],\"articleSection\":[\"homepage-french\",\"Politique\",\"Top Nouvelles\",\"Toutes les actualit\u00e9s\"],\"inLanguage\":\"fr-FR\",\"potentialAction\":[{\"@type\":\"CommentAction\",\"name\":\"Comment\",\"target\":[\"https:\/\/www.africa-press.net\/centrafricaine\/politique\/scrutin-du-23-mai-la-minusca-affirme-avoir-deploye-deja-du-materiel-sensible-et-non-sensible-de-bangui-vers-les-prefectures-concernees#respond\"]}]},{\"@type\":\"WebPage\",\"@id\":\"https:\/\/www.africa-press.net\/centrafricaine\/politique\/scrutin-du-23-mai-la-minusca-affirme-avoir-deploye-deja-du-materiel-sensible-et-non-sensible-de-bangui-vers-les-prefectures-concernees\",\"url\":\"https:\/\/www.africa-press.net\/centrafricaine\/politique\/scrutin-du-23-mai-la-minusca-affirme-avoir-deploye-deja-du-materiel-sensible-et-non-sensible-de-bangui-vers-les-prefectures-concernees\",\"name\":\"Scrutin du 23 mai, la Minusca affirme avoir d\u00e9ploy\u00e9 d\u00e9j\u00e0 du mat\u00e9riel sensible et non sensible de Bangui vers les pr\u00e9fectures concern\u00e9es - centrafricaine\",\"isPartOf\":{\"@id\":\"https:\/\/www.africa-press.net\/centrafricaine\/#website\"},\"primaryImageOfPage\":{\"@id\":\"https:\/\/www.africa-press.net\/centrafricaine\/politique\/scrutin-du-23-mai-la-minusca-affirme-avoir-deploye-deja-du-materiel-sensible-et-non-sensible-de-bangui-vers-les-prefectures-concernees#primaryimage\"},\"image\":{\"@id\":\"https:\/\/www.africa-press.net\/centrafricaine\/politique\/scrutin-du-23-mai-la-minusca-affirme-avoir-deploye-deja-du-materiel-sensible-et-non-sensible-de-bangui-vers-les-prefectures-concernees#primaryimage\"},\"thumbnailUrl\":\"https:\/\/static.africa-press.net\/centrafricaine\/sites\/45\/2021\/05\/img-60a61546742f3.jpg\",\"datePublished\":\"2021-05-20T08:08:50+00:00\",\"dateModified\":\"2021-05-20T17:22:31+00:00\",\"author\":{\"@id\":\"https:\/\/www.africa-press.net\/centrafricaine\/#\/schema\/person\/2b1cf3cd81a31e3cd26889ca66d677f1\"},\"description\":\"Bangui, R\u00e9publique centrafricaine, jeudi, 20 mai 2021, 03:22:20 ( Corbeaunews-Centrafrique ). Le dernier lot du ...\",\"breadcrumb\":{\"@id\":\"https:\/\/www.africa-press.net\/centrafricaine\/politique\/scrutin-du-23-mai-la-minusca-affirme-avoir-deploye-deja-du-materiel-sensible-et-non-sensible-de-bangui-vers-les-prefectures-concernees#breadcrumb\"},\"inLanguage\":\"fr-FR\",\"potentialAction\":[{\"@type\":\"ReadAction\",\"target\":[\"https:\/\/www.africa-press.net\/centrafricaine\/politique\/scrutin-du-23-mai-la-minusca-affirme-avoir-deploye-deja-du-materiel-sensible-et-non-sensible-de-bangui-vers-les-prefectures-concernees\"]}]},{\"@type\":\"ImageObject\",\"inLanguage\":\"fr-FR\",\"@id\":\"https:\/\/www.africa-press.net\/centrafricaine\/politique\/scrutin-du-23-mai-la-minusca-affirme-avoir-deploye-deja-du-materiel-sensible-et-non-sensible-de-bangui-vers-les-prefectures-concernees#primaryimage\",\"url\":\"https:\/\/static.africa-press.net\/centrafricaine\/sites\/45\/2021\/05\/img-60a61546742f3.jpg\",\"contentUrl\":\"https:\/\/static.africa-press.net\/centrafricaine\/sites\/45\/2021\/05\/img-60a61546742f3.jpg\",\"width\":720,\"height\":479,\"caption\":\"Scrutin du 23 mai, la Minusca affirme avoir d\u00e9ploy\u00e9 d\u00e9j\u00e0 du mat\u00e9riel sensible et non sensible de Bangui vers les pr\u00e9fectures concern\u00e9es\"},{\"@type\":\"BreadcrumbList\",\"@id\":\"https:\/\/www.africa-press.net\/centrafricaine\/politique\/scrutin-du-23-mai-la-minusca-affirme-avoir-deploye-deja-du-materiel-sensible-et-non-sensible-de-bangui-vers-les-prefectures-concernees#breadcrumb\",\"itemListElement\":[{\"@type\":\"ListItem\",\"position\":1,\"name\":\"Accueil\",\"item\":\"https:\/\/www.africa-press.net\/centrafricaine\/\"},{\"@type\":\"ListItem\",\"position\":2,\"name\":\"Scrutin du 23 mai, la Minusca affirme avoir d\u00e9ploy\u00e9 d\u00e9j\u00e0 du mat\u00e9riel sensible et non sensible de Bangui vers les pr\u00e9fectures concern\u00e9es\"}]},{\"@type\":\"WebSite\",\"@id\":\"https:\/\/www.africa-press.net\/centrafricaine\/#website\",\"url\":\"https:\/\/www.africa-press.net\/centrafricaine\/\",\"name\":\"centrafricaine\",\"description\":\"Just another Africa News Agency Sites site\",\"potentialAction\":[{\"@type\":\"SearchAction\",\"target\":{\"@type\":\"EntryPoint\",\"urlTemplate\":\"https:\/\/www.africa-press.net\/centrafricaine\/?s={search_term_string}\"},\"query-input\":{\"@type\":\"PropertyValueSpecification\",\"valueRequired\":true,\"valueName\":\"search_term_string\"}}],\"inLanguage\":\"fr-FR\"},{\"@type\":\"Person\",\"@id\":\"https:\/\/www.africa-press.net\/centrafricaine\/#\/schema\/person\/2b1cf3cd81a31e3cd26889ca66d677f1\",\"name\":\"cfeditorfr\"}]}<\/script>\n<!-- \/ Yoast SEO Premium plugin. -->","yoast_head_json":{"title":"Scrutin du 23 mai, la Minusca affirme avoir d\u00e9ploy\u00e9 d\u00e9j\u00e0 du mat\u00e9riel sensible et non sensible de Bangui vers les pr\u00e9fectures concern\u00e9es - centrafricaine","description":"Bangui, R\u00e9publique centrafricaine, jeudi, 20 mai 2021, 03:22:20 ( Corbeaunews-Centrafrique ). Le dernier lot du ...","robots":{"index":"index","follow":"follow","max-snippet":"max-snippet:-1","max-image-preview":"max-image-preview:large","max-video-preview":"max-video-preview:-1"},"canonical":"https:\/\/www.africa-press.net\/centrafricaine\/politique\/scrutin-du-23-mai-la-minusca-affirme-avoir-deploye-deja-du-materiel-sensible-et-non-sensible-de-bangui-vers-les-prefectures-concernees","og_locale":"fr_FR","og_type":"article","og_title":"Scrutin du 23 mai, la Minusca affirme avoir d\u00e9ploy\u00e9 d\u00e9j\u00e0 du mat\u00e9riel sensible et non sensible de Bangui vers les pr\u00e9fectures concern\u00e9es","og_description":"Bangui, R\u00e9publique centrafricaine, jeudi, 20 mai 2021, 03:22:20 ( Corbeaunews-Centrafrique ). Le dernier lot du ...","og_url":"https:\/\/www.africa-press.net\/centrafricaine\/politique\/scrutin-du-23-mai-la-minusca-affirme-avoir-deploye-deja-du-materiel-sensible-et-non-sensible-de-bangui-vers-les-prefectures-concernees","og_site_name":"centrafricaine","article_published_time":"2021-05-20T08:08:50+00:00","article_modified_time":"2021-05-20T17:22:31+00:00","og_image":[{"width":720,"height":479,"url":"https:\/\/static.africa-press.net\/centrafricaine\/sites\/45\/2021\/05\/img-60a61546742f3.jpg","type":"image\/jpeg"}],"author":"cfeditorfr","twitter_card":"summary_large_image","twitter_misc":{"\u00c9crit par":"cfeditorfr","Dur\u00e9e de lecture estim\u00e9e":"2 minutes"},"schema":{"@context":"https:\/\/schema.org","@graph":[{"@type":"Article","@id":"https:\/\/www.africa-press.net\/centrafricaine\/politique\/scrutin-du-23-mai-la-minusca-affirme-avoir-deploye-deja-du-materiel-sensible-et-non-sensible-de-bangui-vers-les-prefectures-concernees#article","isPartOf":{"@id":"https:\/\/www.africa-press.net\/centrafricaine\/politique\/scrutin-du-23-mai-la-minusca-affirme-avoir-deploye-deja-du-materiel-sensible-et-non-sensible-de-bangui-vers-les-prefectures-concernees"},"author":{"name":"cfeditorfr","@id":"https:\/\/www.africa-press.net\/centrafricaine\/#\/schema\/person\/2b1cf3cd81a31e3cd26889ca66d677f1"},"headline":"Scrutin du 23 mai, la Minusca affirme avoir d\u00e9ploy\u00e9 d\u00e9j\u00e0 du mat\u00e9riel sensible et non sensible de Bangui vers les pr\u00e9fectures concern\u00e9es","datePublished":"2021-05-20T08:08:50+00:00","dateModified":"2021-05-20T17:22:31+00:00","mainEntityOfPage":{"@id":"https:\/\/www.africa-press.net\/centrafricaine\/politique\/scrutin-du-23-mai-la-minusca-affirme-avoir-deploye-deja-du-materiel-sensible-et-non-sensible-de-bangui-vers-les-prefectures-concernees"},"wordCount":437,"commentCount":0,"image":{"@id":"https:\/\/www.africa-press.net\/centrafricaine\/politique\/scrutin-du-23-mai-la-minusca-affirme-avoir-deploye-deja-du-materiel-sensible-et-non-sensible-de-bangui-vers-les-prefectures-concernees#primaryimage"},"thumbnailUrl":"https:\/\/static.africa-press.net\/centrafricaine\/sites\/45\/2021\/05\/img-60a61546742f3.jpg","keywords":["Africa Press","Africa Press-CentrAfricaine","CentrAfricaine"],"articleSection":["homepage-french","Politique","Top Nouvelles","Toutes les actualit\u00e9s"],"inLanguage":"fr-FR","potentialAction":[{"@type":"CommentAction","name":"Comment","target":["https:\/\/www.africa-press.net\/centrafricaine\/politique\/scrutin-du-23-mai-la-minusca-affirme-avoir-deploye-deja-du-materiel-sensible-et-non-sensible-de-bangui-vers-les-prefectures-concernees#respond"]}]},{"@type":"WebPage","@id":"https:\/\/www.africa-press.net\/centrafricaine\/politique\/scrutin-du-23-mai-la-minusca-affirme-avoir-deploye-deja-du-materiel-sensible-et-non-sensible-de-bangui-vers-les-prefectures-concernees","url":"https:\/\/www.africa-press.net\/centrafricaine\/politique\/scrutin-du-23-mai-la-minusca-affirme-avoir-deploye-deja-du-materiel-sensible-et-non-sensible-de-bangui-vers-les-prefectures-concernees","name":"Scrutin du 23 mai, la Minusca affirme avoir d\u00e9ploy\u00e9 d\u00e9j\u00e0 du mat\u00e9riel sensible et non sensible de Bangui vers les pr\u00e9fectures concern\u00e9es - centrafricaine","isPartOf":{"@id":"https:\/\/www.africa-press.net\/centrafricaine\/#website"},"primaryImageOfPage":{"@id":"https:\/\/www.africa-press.net\/centrafricaine\/politique\/scrutin-du-23-mai-la-minusca-affirme-avoir-deploye-deja-du-materiel-sensible-et-non-sensible-de-bangui-vers-les-prefectures-concernees#primaryimage"},"image":{"@id":"https:\/\/www.africa-press.net\/centrafricaine\/politique\/scrutin-du-23-mai-la-minusca-affirme-avoir-deploye-deja-du-materiel-sensible-et-non-sensible-de-bangui-vers-les-prefectures-concernees#primaryimage"},"thumbnailUrl":"https:\/\/static.africa-press.net\/centrafricaine\/sites\/45\/2021\/05\/img-60a61546742f3.jpg","datePublished":"2021-05-20T08:08:50+00:00","dateModified":"2021-05-20T17:22:31+00:00","author":{"@id":"https:\/\/www.africa-press.net\/centrafricaine\/#\/schema\/person\/2b1cf3cd81a31e3cd26889ca66d677f1"},"description":"Bangui, R\u00e9publique centrafricaine, jeudi, 20 mai 2021, 03:22:20 ( Corbeaunews-Centrafrique ). Le dernier lot du ...","breadcrumb":{"@id":"https:\/\/www.africa-press.net\/centrafricaine\/politique\/scrutin-du-23-mai-la-minusca-affirme-avoir-deploye-deja-du-materiel-sensible-et-non-sensible-de-bangui-vers-les-prefectures-concernees#breadcrumb"},"inLanguage":"fr-FR","potentialAction":[{"@type":"ReadAction","target":["https:\/\/www.africa-press.net\/centrafricaine\/politique\/scrutin-du-23-mai-la-minusca-affirme-avoir-deploye-deja-du-materiel-sensible-et-non-sensible-de-bangui-vers-les-prefectures-concernees"]}]},{"@type":"ImageObject","inLanguage":"fr-FR","@id":"https:\/\/www.africa-press.net\/centrafricaine\/politique\/scrutin-du-23-mai-la-minusca-affirme-avoir-deploye-deja-du-materiel-sensible-et-non-sensible-de-bangui-vers-les-prefectures-concernees#primaryimage","url":"https:\/\/static.africa-press.net\/centrafricaine\/sites\/45\/2021\/05\/img-60a61546742f3.jpg","contentUrl":"https:\/\/static.africa-press.net\/centrafricaine\/sites\/45\/2021\/05\/img-60a61546742f3.jpg","width":720,"height":479,"caption":"Scrutin du 23 mai, la Minusca affirme avoir d\u00e9ploy\u00e9 d\u00e9j\u00e0 du mat\u00e9riel sensible et non sensible de Bangui vers les pr\u00e9fectures concern\u00e9es"},{"@type":"BreadcrumbList","@id":"https:\/\/www.africa-press.net\/centrafricaine\/politique\/scrutin-du-23-mai-la-minusca-affirme-avoir-deploye-deja-du-materiel-sensible-et-non-sensible-de-bangui-vers-les-prefectures-concernees#breadcrumb","itemListElement":[{"@type":"ListItem","position":1,"name":"Accueil","item":"https:\/\/www.africa-press.net\/centrafricaine\/"},{"@type":"ListItem","position":2,"name":"Scrutin du 23 mai, la Minusca affirme avoir d\u00e9ploy\u00e9 d\u00e9j\u00e0 du mat\u00e9riel sensible et non sensible de Bangui vers les pr\u00e9fectures concern\u00e9es"}]},{"@type":"WebSite","@id":"https:\/\/www.africa-press.net\/centrafricaine\/#website","url":"https:\/\/www.africa-press.net\/centrafricaine\/","name":"centrafricaine","description":"Just another Africa News Agency Sites site","potentialAction":[{"@type":"SearchAction","target":{"@type":"EntryPoint","urlTemplate":"https:\/\/www.africa-press.net\/centrafricaine\/?s={search_term_string}"},"query-input":{"@type":"PropertyValueSpecification","valueRequired":true,"valueName":"search_term_string"}}],"inLanguage":"fr-FR"},{"@type":"Person","@id":"https:\/\/www.africa-press.net\/centrafricaine\/#\/schema\/person\/2b1cf3cd81a31e3cd26889ca66d677f1","name":"cfeditorfr"}]}},"_links":{"self":[{"href":"https:\/\/www.africa-press.net\/centrafricaine\/wp-json\/wp\/v2\/posts\/7175","targetHints":{"allow":["GET"]}}],"collection":[{"href":"https:\/\/www.africa-press.net\/centrafricaine\/wp-json\/wp\/v2\/posts"}],"about":[{"href":"https:\/\/www.africa-press.net\/centrafricaine\/wp-json\/wp\/v2\/types\/post"}],"author":[{"embeddable":true,"href":"https:\/\/www.africa-press.net\/centrafricaine\/wp-json\/wp\/v2\/users\/82"}],"replies":[{"embeddable":true,"href":"https:\/\/www.africa-press.net\/centrafricaine\/wp-json\/wp\/v2\/comments?post=7175"}],"version-history":[{"count":0,"href":"https:\/\/www.africa-press.net\/centrafricaine\/wp-json\/wp\/v2\/posts\/7175\/revisions"}],"wp:featuredmedia":[{"embeddable":true,"href":"https:\/\/www.africa-press.net\/centrafricaine\/wp-json\/wp\/v2\/media\/7174"}],"wp:attachment":[{"href":"https:\/\/www.africa-press.net\/centrafricaine\/wp-json\/wp\/v2\/media?parent=7175"}],"wp:term":[{"taxonomy":"category","embeddable":true,"href":"https:\/\/www.africa-press.net\/centrafricaine\/wp-json\/wp\/v2\/categories?post=7175"},{"taxonomy":"post_tag","embeddable":true,"href":"https:\/\/www.africa-press.net\/centrafricaine\/wp-json\/wp\/v2\/tags?post=7175"}],"curies":[{"name":"wp","href":"https:\/\/api.w.org\/{rel}","templated":true}]}}