{"id":7178,"date":"2021-05-20T08:19:28","date_gmt":"2021-05-20T08:19:28","guid":{"rendered":"https:\/\/www.africa-press.net\/centrafricaine\/?p=7178"},"modified":"2021-05-20T17:22:45","modified_gmt":"2021-05-20T17:22:45","slug":"nana-mambere-la-campagne-legislative-perturbee-ibrahim-anour-candidat-independant-se-retire-de-la-course","status":"publish","type":"post","link":"https:\/\/www.africa-press.net\/centrafricaine\/politique\/nana-mambere-la-campagne-legislative-perturbee-ibrahim-anour-candidat-independant-se-retire-de-la-course","title":{"rendered":"Nana-Mamb\u00e9r\u00e9, la campagne l\u00e9gislative perturb\u00e9e,\u00a0 Ibrahim ANOUR, candidat ind\u00e9pendant se retire\u00a0 de la course"},"content":{"rendered":"<p><span style=\"color: #ff6600\"><strong><a href=\"https:\/\/www.africa-press.net\/\">Africa-Press<\/a> &#8211; <a href=\"https:\/\/www.africa-press.net\/centrafricaine\">CentrAfricaine<\/a>.\u00a0 <\/strong><\/span>\u00a0Ibrahim ANOUR, candidat ind\u00e9pendant aux l\u00e9gislatives dans la circonscription de Bouar 4se retire de la campagne \u00e9lectorale. Son \u00e9quipe de campagne a \u00e9t\u00e9 violemment attaqu\u00e9e mercredi par les \u00e9l\u00e9ments rebelles de la coalition des patriotes pour le changement (CPC). Bilan un mort. Les malfrats ont emport\u00e9 une moto et une somme d\u2019environ 500 000 francs CFA.<\/p>\n<p>Joint au t\u00e9l\u00e9phone, le candidat Ibrahim ANOUR s\u2019inqui\u00e8te du climat actuel de la campagne \u00e9lectorale :<\/p>\n<p><b>\u00ab Mon directeur de campagne qui a \u00e9t\u00e9 d\u00e9pouill\u00e9 \u00e0 5 heures du matin on l\u2019a ligot\u00e9, on a pris la moto, on a pris de l\u2019argent sur lui, on a pris son t\u00e9l\u00e9phone et on a pris des gens en otage, ils sont entr\u00e9s en brousse et on a abattu un. \u00c0 l\u2019instant que je vous parle, il y\u2019a un corps encore sur la route entre Bouar et Ngam, situ\u00e9e \u00e0 20 kilom\u00e8tres. Il y\u2019a des exactions qui se font. Et moi, franchement je ne peux pas. J\u2019ai d\u00e9cid\u00e9 aujourd\u2019hui. Si on ne sait pas s\u00e9curiser la commune de Niem jusqu\u2019\u00e0 Y\u00e9l\u00e9wa, ce n\u2019est pas la peine qu\u2019on envoie les files des gens \u00e0 l\u2019abattoir. Je ne peux plus parce que je ne suis pas un d\u00e9put\u00e9 qui va repr\u00e9senter une circonscription \u00e0 Bangui. Je suis le d\u00e9put\u00e9 de mon village. Ceux qui sont abattus sont des cousins, des fr\u00e8res \u00bb<\/b><\/p>\n<p>, s\u2019alarme le candidat Ibrahim ANOUR.<\/p>\n<p>Rappelons que les soldats FACA et leurs alli\u00e9s russes et rwandais avaient annonc\u00e9 avoir lib\u00e9r\u00e9 les localit\u00e9s de Niem et de Y\u00e9l\u00e9wa aux mains des rebelles de 3R, membres de la coalition des patriotes pour le changement (CPC), et que plusieurs combattants rebelles auraient \u00e9t\u00e9 captur\u00e9s et transf\u00e9r\u00e9s dans la capitale. Ce que d\u00e9ment le 3R dans un communiqu\u00e9 publi\u00e9.<\/p>\n<p>&nbsp;<\/p>\n<p>&nbsp;<\/p>\n","protected":false},"excerpt":{"rendered":"<p>Africa-Press &#8211; CentrAfricaine.\u00a0 \u00a0Ibrahim ANOUR, candidat ind\u00e9pendant aux l\u00e9gislatives dans la circonscription de Bouar 4se retire de la campagne \u00e9lectorale. Son \u00e9quipe de campagne a \u00e9t\u00e9 violemment attaqu\u00e9e mercredi par les \u00e9l\u00e9ments rebelles de la coalition des patriotes pour le changement (CPC). Bilan un mort. Les malfrats ont emport\u00e9 une moto et une somme d\u2019environ [&hellip;]<\/p>\n","protected":false},"author":82,"featured_media":7177,"comment_status":"open","ping_status":"closed","sticky":false,"template":"","format":"standard","meta":{"footnotes":""},"categories":[11,2,20,10],"tags":[36,58,30],"class_list":["post-7178","post","type-post","status-publish","format-standard","has-post-thumbnail","hentry","category-homepage-french","category-politique","category-top-nouvelles","category-toutes-les-actualites","tag-africa-press","tag-africa-press-centrafricaine","tag-centrafricaine"],"yoast_head":"<!-- This site is optimized with the Yoast SEO Premium plugin v26.1 (Yoast SEO v27.0) - https:\/\/yoast.com\/product\/yoast-seo-premium-wordpress\/ -->\n<title>Nana-Mamb\u00e9r\u00e9, la campagne l\u00e9gislative perturb\u00e9e,\u00a0 Ibrahim ANOUR, candidat ind\u00e9pendant se retire\u00a0 de la course - centrafricaine<\/title>\n<meta name=\"description\" content=\"Bangui, R\u00e9publique centrafricaine, jeudi, 20 mai 2021, 03:56:32 ( Corbeaunews-Centrafrique ). Ibrahim ANOUR, can ...\" \/>\n<meta name=\"robots\" content=\"index, follow, max-snippet:-1, max-image-preview:large, max-video-preview:-1\" \/>\n<link rel=\"canonical\" href=\"https:\/\/www.africa-press.net\/centrafricaine\/politique\/nana-mambere-la-campagne-legislative-perturbee-ibrahim-anour-candidat-independant-se-retire-de-la-course\" \/>\n<meta property=\"og:locale\" content=\"fr_FR\" \/>\n<meta property=\"og:type\" content=\"article\" \/>\n<meta property=\"og:title\" content=\"Nana-Mamb\u00e9r\u00e9, la campagne l\u00e9gislative perturb\u00e9e,\u00a0 Ibrahim ANOUR, candidat ind\u00e9pendant se retire\u00a0 de la course\" \/>\n<meta property=\"og:description\" content=\"Bangui, R\u00e9publique centrafricaine, jeudi, 20 mai 2021, 03:56:32 ( Corbeaunews-Centrafrique ). Ibrahim ANOUR, can ...\" \/>\n<meta property=\"og:url\" content=\"https:\/\/www.africa-press.net\/centrafricaine\/politique\/nana-mambere-la-campagne-legislative-perturbee-ibrahim-anour-candidat-independant-se-retire-de-la-course\" \/>\n<meta property=\"og:site_name\" content=\"centrafricaine\" \/>\n<meta property=\"article:published_time\" content=\"2021-05-20T08:19:28+00:00\" \/>\n<meta property=\"article:modified_time\" content=\"2021-05-20T17:22:45+00:00\" \/>\n<meta property=\"og:image\" content=\"https:\/\/static.africa-press.net\/centrafricaine\/sites\/45\/2021\/05\/img-60a6156c7e1af.jpg\" \/>\n\t<meta property=\"og:image:width\" content=\"720\" \/>\n\t<meta property=\"og:image:height\" content=\"538\" \/>\n\t<meta property=\"og:image:type\" content=\"image\/jpeg\" \/>\n<meta name=\"author\" content=\"cfeditorfr\" \/>\n<meta name=\"twitter:card\" content=\"summary_large_image\" \/>\n<meta name=\"twitter:label1\" content=\"\u00c9crit par\" \/>\n\t<meta name=\"twitter:data1\" content=\"cfeditorfr\" \/>\n\t<meta name=\"twitter:label2\" content=\"Dur\u00e9e de lecture estim\u00e9e\" \/>\n\t<meta name=\"twitter:data2\" content=\"2 minutes\" \/>\n<script type=\"application\/ld+json\" class=\"yoast-schema-graph\">{\"@context\":\"https:\/\/schema.org\",\"@graph\":[{\"@type\":\"Article\",\"@id\":\"https:\/\/www.africa-press.net\/centrafricaine\/politique\/nana-mambere-la-campagne-legislative-perturbee-ibrahim-anour-candidat-independant-se-retire-de-la-course#article\",\"isPartOf\":{\"@id\":\"https:\/\/www.africa-press.net\/centrafricaine\/politique\/nana-mambere-la-campagne-legislative-perturbee-ibrahim-anour-candidat-independant-se-retire-de-la-course\"},\"author\":{\"name\":\"cfeditorfr\",\"@id\":\"https:\/\/www.africa-press.net\/centrafricaine\/#\/schema\/person\/2b1cf3cd81a31e3cd26889ca66d677f1\"},\"headline\":\"Nana-Mamb\u00e9r\u00e9, la campagne l\u00e9gislative perturb\u00e9e,\u00a0 Ibrahim ANOUR, candidat ind\u00e9pendant se retire\u00a0 de la course\",\"datePublished\":\"2021-05-20T08:19:28+00:00\",\"dateModified\":\"2021-05-20T17:22:45+00:00\",\"mainEntityOfPage\":{\"@id\":\"https:\/\/www.africa-press.net\/centrafricaine\/politique\/nana-mambere-la-campagne-legislative-perturbee-ibrahim-anour-candidat-independant-se-retire-de-la-course\"},\"wordCount\":343,\"commentCount\":0,\"image\":{\"@id\":\"https:\/\/www.africa-press.net\/centrafricaine\/politique\/nana-mambere-la-campagne-legislative-perturbee-ibrahim-anour-candidat-independant-se-retire-de-la-course#primaryimage\"},\"thumbnailUrl\":\"https:\/\/static.africa-press.net\/centrafricaine\/sites\/45\/2021\/05\/img-60a6156c7e1af.jpg\",\"keywords\":[\"Africa Press\",\"Africa Press-CentrAfricaine\",\"CentrAfricaine\"],\"articleSection\":[\"homepage-french\",\"Politique\",\"Top Nouvelles\",\"Toutes les actualit\u00e9s\"],\"inLanguage\":\"fr-FR\",\"potentialAction\":[{\"@type\":\"CommentAction\",\"name\":\"Comment\",\"target\":[\"https:\/\/www.africa-press.net\/centrafricaine\/politique\/nana-mambere-la-campagne-legislative-perturbee-ibrahim-anour-candidat-independant-se-retire-de-la-course#respond\"]}]},{\"@type\":\"WebPage\",\"@id\":\"https:\/\/www.africa-press.net\/centrafricaine\/politique\/nana-mambere-la-campagne-legislative-perturbee-ibrahim-anour-candidat-independant-se-retire-de-la-course\",\"url\":\"https:\/\/www.africa-press.net\/centrafricaine\/politique\/nana-mambere-la-campagne-legislative-perturbee-ibrahim-anour-candidat-independant-se-retire-de-la-course\",\"name\":\"Nana-Mamb\u00e9r\u00e9, la campagne l\u00e9gislative perturb\u00e9e,\u00a0 Ibrahim ANOUR, candidat ind\u00e9pendant se retire\u00a0 de la course - centrafricaine\",\"isPartOf\":{\"@id\":\"https:\/\/www.africa-press.net\/centrafricaine\/#website\"},\"primaryImageOfPage\":{\"@id\":\"https:\/\/www.africa-press.net\/centrafricaine\/politique\/nana-mambere-la-campagne-legislative-perturbee-ibrahim-anour-candidat-independant-se-retire-de-la-course#primaryimage\"},\"image\":{\"@id\":\"https:\/\/www.africa-press.net\/centrafricaine\/politique\/nana-mambere-la-campagne-legislative-perturbee-ibrahim-anour-candidat-independant-se-retire-de-la-course#primaryimage\"},\"thumbnailUrl\":\"https:\/\/static.africa-press.net\/centrafricaine\/sites\/45\/2021\/05\/img-60a6156c7e1af.jpg\",\"datePublished\":\"2021-05-20T08:19:28+00:00\",\"dateModified\":\"2021-05-20T17:22:45+00:00\",\"author\":{\"@id\":\"https:\/\/www.africa-press.net\/centrafricaine\/#\/schema\/person\/2b1cf3cd81a31e3cd26889ca66d677f1\"},\"description\":\"Bangui, R\u00e9publique centrafricaine, jeudi, 20 mai 2021, 03:56:32 ( Corbeaunews-Centrafrique ). Ibrahim ANOUR, can ...\",\"breadcrumb\":{\"@id\":\"https:\/\/www.africa-press.net\/centrafricaine\/politique\/nana-mambere-la-campagne-legislative-perturbee-ibrahim-anour-candidat-independant-se-retire-de-la-course#breadcrumb\"},\"inLanguage\":\"fr-FR\",\"potentialAction\":[{\"@type\":\"ReadAction\",\"target\":[\"https:\/\/www.africa-press.net\/centrafricaine\/politique\/nana-mambere-la-campagne-legislative-perturbee-ibrahim-anour-candidat-independant-se-retire-de-la-course\"]}]},{\"@type\":\"ImageObject\",\"inLanguage\":\"fr-FR\",\"@id\":\"https:\/\/www.africa-press.net\/centrafricaine\/politique\/nana-mambere-la-campagne-legislative-perturbee-ibrahim-anour-candidat-independant-se-retire-de-la-course#primaryimage\",\"url\":\"https:\/\/static.africa-press.net\/centrafricaine\/sites\/45\/2021\/05\/img-60a6156c7e1af.jpg\",\"contentUrl\":\"https:\/\/static.africa-press.net\/centrafricaine\/sites\/45\/2021\/05\/img-60a6156c7e1af.jpg\",\"width\":720,\"height\":538,\"caption\":\"Nana-Mamb\u00e9r\u00e9, la campagne l\u00e9gislative perturb\u00e9e,\u00a0 Ibrahim ANOUR, candidat ind\u00e9pendant se retire\u00a0 de la course\"},{\"@type\":\"BreadcrumbList\",\"@id\":\"https:\/\/www.africa-press.net\/centrafricaine\/politique\/nana-mambere-la-campagne-legislative-perturbee-ibrahim-anour-candidat-independant-se-retire-de-la-course#breadcrumb\",\"itemListElement\":[{\"@type\":\"ListItem\",\"position\":1,\"name\":\"Accueil\",\"item\":\"https:\/\/www.africa-press.net\/centrafricaine\/\"},{\"@type\":\"ListItem\",\"position\":2,\"name\":\"Nana-Mamb\u00e9r\u00e9, la campagne l\u00e9gislative perturb\u00e9e,\u00a0 Ibrahim ANOUR, candidat ind\u00e9pendant se retire\u00a0 de la course\"}]},{\"@type\":\"WebSite\",\"@id\":\"https:\/\/www.africa-press.net\/centrafricaine\/#website\",\"url\":\"https:\/\/www.africa-press.net\/centrafricaine\/\",\"name\":\"centrafricaine\",\"description\":\"Just another Africa News Agency Sites site\",\"potentialAction\":[{\"@type\":\"SearchAction\",\"target\":{\"@type\":\"EntryPoint\",\"urlTemplate\":\"https:\/\/www.africa-press.net\/centrafricaine\/?s={search_term_string}\"},\"query-input\":{\"@type\":\"PropertyValueSpecification\",\"valueRequired\":true,\"valueName\":\"search_term_string\"}}],\"inLanguage\":\"fr-FR\"},{\"@type\":\"Person\",\"@id\":\"https:\/\/www.africa-press.net\/centrafricaine\/#\/schema\/person\/2b1cf3cd81a31e3cd26889ca66d677f1\",\"name\":\"cfeditorfr\"}]}<\/script>\n<!-- \/ Yoast SEO Premium plugin. -->","yoast_head_json":{"title":"Nana-Mamb\u00e9r\u00e9, la campagne l\u00e9gislative perturb\u00e9e,\u00a0 Ibrahim ANOUR, candidat ind\u00e9pendant se retire\u00a0 de la course - centrafricaine","description":"Bangui, R\u00e9publique centrafricaine, jeudi, 20 mai 2021, 03:56:32 ( Corbeaunews-Centrafrique ). Ibrahim ANOUR, can ...","robots":{"index":"index","follow":"follow","max-snippet":"max-snippet:-1","max-image-preview":"max-image-preview:large","max-video-preview":"max-video-preview:-1"},"canonical":"https:\/\/www.africa-press.net\/centrafricaine\/politique\/nana-mambere-la-campagne-legislative-perturbee-ibrahim-anour-candidat-independant-se-retire-de-la-course","og_locale":"fr_FR","og_type":"article","og_title":"Nana-Mamb\u00e9r\u00e9, la campagne l\u00e9gislative perturb\u00e9e,\u00a0 Ibrahim ANOUR, candidat ind\u00e9pendant se retire\u00a0 de la course","og_description":"Bangui, R\u00e9publique centrafricaine, jeudi, 20 mai 2021, 03:56:32 ( Corbeaunews-Centrafrique ). Ibrahim ANOUR, can ...","og_url":"https:\/\/www.africa-press.net\/centrafricaine\/politique\/nana-mambere-la-campagne-legislative-perturbee-ibrahim-anour-candidat-independant-se-retire-de-la-course","og_site_name":"centrafricaine","article_published_time":"2021-05-20T08:19:28+00:00","article_modified_time":"2021-05-20T17:22:45+00:00","og_image":[{"width":720,"height":538,"url":"https:\/\/static.africa-press.net\/centrafricaine\/sites\/45\/2021\/05\/img-60a6156c7e1af.jpg","type":"image\/jpeg"}],"author":"cfeditorfr","twitter_card":"summary_large_image","twitter_misc":{"\u00c9crit par":"cfeditorfr","Dur\u00e9e de lecture estim\u00e9e":"2 minutes"},"schema":{"@context":"https:\/\/schema.org","@graph":[{"@type":"Article","@id":"https:\/\/www.africa-press.net\/centrafricaine\/politique\/nana-mambere-la-campagne-legislative-perturbee-ibrahim-anour-candidat-independant-se-retire-de-la-course#article","isPartOf":{"@id":"https:\/\/www.africa-press.net\/centrafricaine\/politique\/nana-mambere-la-campagne-legislative-perturbee-ibrahim-anour-candidat-independant-se-retire-de-la-course"},"author":{"name":"cfeditorfr","@id":"https:\/\/www.africa-press.net\/centrafricaine\/#\/schema\/person\/2b1cf3cd81a31e3cd26889ca66d677f1"},"headline":"Nana-Mamb\u00e9r\u00e9, la campagne l\u00e9gislative perturb\u00e9e,\u00a0 Ibrahim ANOUR, candidat ind\u00e9pendant se retire\u00a0 de la course","datePublished":"2021-05-20T08:19:28+00:00","dateModified":"2021-05-20T17:22:45+00:00","mainEntityOfPage":{"@id":"https:\/\/www.africa-press.net\/centrafricaine\/politique\/nana-mambere-la-campagne-legislative-perturbee-ibrahim-anour-candidat-independant-se-retire-de-la-course"},"wordCount":343,"commentCount":0,"image":{"@id":"https:\/\/www.africa-press.net\/centrafricaine\/politique\/nana-mambere-la-campagne-legislative-perturbee-ibrahim-anour-candidat-independant-se-retire-de-la-course#primaryimage"},"thumbnailUrl":"https:\/\/static.africa-press.net\/centrafricaine\/sites\/45\/2021\/05\/img-60a6156c7e1af.jpg","keywords":["Africa Press","Africa Press-CentrAfricaine","CentrAfricaine"],"articleSection":["homepage-french","Politique","Top Nouvelles","Toutes les actualit\u00e9s"],"inLanguage":"fr-FR","potentialAction":[{"@type":"CommentAction","name":"Comment","target":["https:\/\/www.africa-press.net\/centrafricaine\/politique\/nana-mambere-la-campagne-legislative-perturbee-ibrahim-anour-candidat-independant-se-retire-de-la-course#respond"]}]},{"@type":"WebPage","@id":"https:\/\/www.africa-press.net\/centrafricaine\/politique\/nana-mambere-la-campagne-legislative-perturbee-ibrahim-anour-candidat-independant-se-retire-de-la-course","url":"https:\/\/www.africa-press.net\/centrafricaine\/politique\/nana-mambere-la-campagne-legislative-perturbee-ibrahim-anour-candidat-independant-se-retire-de-la-course","name":"Nana-Mamb\u00e9r\u00e9, la campagne l\u00e9gislative perturb\u00e9e,\u00a0 Ibrahim ANOUR, candidat ind\u00e9pendant se retire\u00a0 de la course - centrafricaine","isPartOf":{"@id":"https:\/\/www.africa-press.net\/centrafricaine\/#website"},"primaryImageOfPage":{"@id":"https:\/\/www.africa-press.net\/centrafricaine\/politique\/nana-mambere-la-campagne-legislative-perturbee-ibrahim-anour-candidat-independant-se-retire-de-la-course#primaryimage"},"image":{"@id":"https:\/\/www.africa-press.net\/centrafricaine\/politique\/nana-mambere-la-campagne-legislative-perturbee-ibrahim-anour-candidat-independant-se-retire-de-la-course#primaryimage"},"thumbnailUrl":"https:\/\/static.africa-press.net\/centrafricaine\/sites\/45\/2021\/05\/img-60a6156c7e1af.jpg","datePublished":"2021-05-20T08:19:28+00:00","dateModified":"2021-05-20T17:22:45+00:00","author":{"@id":"https:\/\/www.africa-press.net\/centrafricaine\/#\/schema\/person\/2b1cf3cd81a31e3cd26889ca66d677f1"},"description":"Bangui, R\u00e9publique centrafricaine, jeudi, 20 mai 2021, 03:56:32 ( Corbeaunews-Centrafrique ). Ibrahim ANOUR, can ...","breadcrumb":{"@id":"https:\/\/www.africa-press.net\/centrafricaine\/politique\/nana-mambere-la-campagne-legislative-perturbee-ibrahim-anour-candidat-independant-se-retire-de-la-course#breadcrumb"},"inLanguage":"fr-FR","potentialAction":[{"@type":"ReadAction","target":["https:\/\/www.africa-press.net\/centrafricaine\/politique\/nana-mambere-la-campagne-legislative-perturbee-ibrahim-anour-candidat-independant-se-retire-de-la-course"]}]},{"@type":"ImageObject","inLanguage":"fr-FR","@id":"https:\/\/www.africa-press.net\/centrafricaine\/politique\/nana-mambere-la-campagne-legislative-perturbee-ibrahim-anour-candidat-independant-se-retire-de-la-course#primaryimage","url":"https:\/\/static.africa-press.net\/centrafricaine\/sites\/45\/2021\/05\/img-60a6156c7e1af.jpg","contentUrl":"https:\/\/static.africa-press.net\/centrafricaine\/sites\/45\/2021\/05\/img-60a6156c7e1af.jpg","width":720,"height":538,"caption":"Nana-Mamb\u00e9r\u00e9, la campagne l\u00e9gislative perturb\u00e9e,\u00a0 Ibrahim ANOUR, candidat ind\u00e9pendant se retire\u00a0 de la course"},{"@type":"BreadcrumbList","@id":"https:\/\/www.africa-press.net\/centrafricaine\/politique\/nana-mambere-la-campagne-legislative-perturbee-ibrahim-anour-candidat-independant-se-retire-de-la-course#breadcrumb","itemListElement":[{"@type":"ListItem","position":1,"name":"Accueil","item":"https:\/\/www.africa-press.net\/centrafricaine\/"},{"@type":"ListItem","position":2,"name":"Nana-Mamb\u00e9r\u00e9, la campagne l\u00e9gislative perturb\u00e9e,\u00a0 Ibrahim ANOUR, candidat ind\u00e9pendant se retire\u00a0 de la course"}]},{"@type":"WebSite","@id":"https:\/\/www.africa-press.net\/centrafricaine\/#website","url":"https:\/\/www.africa-press.net\/centrafricaine\/","name":"centrafricaine","description":"Just another Africa News Agency Sites site","potentialAction":[{"@type":"SearchAction","target":{"@type":"EntryPoint","urlTemplate":"https:\/\/www.africa-press.net\/centrafricaine\/?s={search_term_string}"},"query-input":{"@type":"PropertyValueSpecification","valueRequired":true,"valueName":"search_term_string"}}],"inLanguage":"fr-FR"},{"@type":"Person","@id":"https:\/\/www.africa-press.net\/centrafricaine\/#\/schema\/person\/2b1cf3cd81a31e3cd26889ca66d677f1","name":"cfeditorfr"}]}},"_links":{"self":[{"href":"https:\/\/www.africa-press.net\/centrafricaine\/wp-json\/wp\/v2\/posts\/7178","targetHints":{"allow":["GET"]}}],"collection":[{"href":"https:\/\/www.africa-press.net\/centrafricaine\/wp-json\/wp\/v2\/posts"}],"about":[{"href":"https:\/\/www.africa-press.net\/centrafricaine\/wp-json\/wp\/v2\/types\/post"}],"author":[{"embeddable":true,"href":"https:\/\/www.africa-press.net\/centrafricaine\/wp-json\/wp\/v2\/users\/82"}],"replies":[{"embeddable":true,"href":"https:\/\/www.africa-press.net\/centrafricaine\/wp-json\/wp\/v2\/comments?post=7178"}],"version-history":[{"count":0,"href":"https:\/\/www.africa-press.net\/centrafricaine\/wp-json\/wp\/v2\/posts\/7178\/revisions"}],"wp:featuredmedia":[{"embeddable":true,"href":"https:\/\/www.africa-press.net\/centrafricaine\/wp-json\/wp\/v2\/media\/7177"}],"wp:attachment":[{"href":"https:\/\/www.africa-press.net\/centrafricaine\/wp-json\/wp\/v2\/media?parent=7178"}],"wp:term":[{"taxonomy":"category","embeddable":true,"href":"https:\/\/www.africa-press.net\/centrafricaine\/wp-json\/wp\/v2\/categories?post=7178"},{"taxonomy":"post_tag","embeddable":true,"href":"https:\/\/www.africa-press.net\/centrafricaine\/wp-json\/wp\/v2\/tags?post=7178"}],"curies":[{"name":"wp","href":"https:\/\/api.w.org\/{rel}","templated":true}]}}