{"id":7215,"date":"2021-05-21T15:14:55","date_gmt":"2021-05-21T15:14:55","guid":{"rendered":"https:\/\/www.africa-press.net\/centrafricaine\/politique\/la-constitution-de-la-republique-serait-elle-decriee-et-non-respectee"},"modified":"2021-05-21T17:05:12","modified_gmt":"2021-05-21T17:05:12","slug":"la-constitution-de-la-republique-serait-elle-decriee-et-non-respectee","status":"publish","type":"post","link":"https:\/\/www.africa-press.net\/centrafricaine\/politique\/la-constitution-de-la-republique-serait-elle-decriee-et-non-respectee","title":{"rendered":"La Constitution de la R\u00e9publique serait-elle D\u00e9cri\u00e9e et non Respect\u00e9e ?"},"content":{"rendered":"<p><span style=\"color: #ff6600\"><strong><a href=\"https:\/\/www.africa-press.net\/\">Africa-Press<\/a> &#8211; <a href=\"https:\/\/www.africa-press.net\/centrafricaine\">CentrAfricaine<\/a>.\u00a0 <\/strong><\/span>\u00a0Notre R\u00e9publique traverse une p\u00e9riode institutionnelle d\u2019exception sur les plans des diff\u00e9rends d\u00e9lais dans ces installations et transcription. \u00c0 savoir les respects, les r\u00e8gles applicables \u00e0 la mati\u00e8re des textes et, articles des lois \u00e9dict\u00e9es par la constitution, R\u00e9solument, les m\u00eames probl\u00e8mes dans ces pratiques hasardeuses, compromettant pour l\u2019avenir institutionnel persistant et qui gangr\u00e8nent la R\u00e9publique et ces institutions, auxquels on peut faire l\u2019\u00e9conomie d\u2019une nouvelle crise ou tension au sommet de l\u2019Etat et, par ailleurs au sein de la classe politique Centrafricaine. Quelques soient les positions des acteurs politiques en exercices de plein droit et pouvoir, ou en position d\u2019opposant politique de l\u2019heure.<\/p>\n<p>Les efforts objectifs de lucidit\u00e9s et, des vigilances sur les aspects et les respects des institutions sont souvent alert\u00e9 au sein des rares repr\u00e9sentants de la soci\u00e9t\u00e9 civil neutre au pouvoir, autres observateurs objectifs de la vie politique Centrafricaine, malgr\u00e9 les alertes sur les d\u00e9rapages et les manquements de d\u00e9lais r\u00e9gissantes notre constitution ne sont jamais \u00e9cout\u00e9 malheureusement.<\/p>\n<p>De fait, les multitudes probl\u00e8mes \u00ab Les Rebellions, des Factions arm\u00e9es non-conventionnelles-mercenariats, des Brigands, des bandits de grand chemin\u2026les terrorismes notoires, a cela se m\u00ealent la mauvaise Gouvernance, despotisme\u2026la corruption \u00e0 tous les niveaux \u00bb qui gangr\u00e8nes les institutions de la R\u00e9publicaine ne suffissent pas, qu\u2019il ne faut \u00e9num\u00e9rer ici ! Pourtant la R\u00e9publique a besoin d\u2019une politique d\u2019exception, d\u2019Etat d\u2019exception et non anarchique. On a r\u00e9cemment assist\u00e9 \u00e0 la r\u00e9apparition dans le champ des processus d\u00e9mocratiques embryonnaires de notre Pays, les d\u00e9cri\u00e9nements des institutions sans discernement de certaines franges des hommes politiques, autres repr\u00e9sentants des dites des ces institutions, tr\u00e8s souvent ces derniers arriver sur la sc\u00e8ne politique Centrafricaine, soient par opportunistes et qui se qualifient \u00e0 juste titre homme politique et, nous constatons les inefficiences des actes pos\u00e9es, sur les plans des respects des institutions et juridiquement parlant. Ont confirm\u00e9s la th\u00e9orie de l\u2019anarchie constitutionnelle apparente. Ce paradigme est particuli\u00e8rement inad\u00e9quat pour n\u2019expliciter des mesures a adopt\u00e9es par les d\u00e9mocraties contemporaines dans le cadre de la lutte contre tous les mots qui gangr\u00e8nes notre cher patri.<\/p>\n<p>Mes r\u00e9flexions se proposent d\u2019envisager un certain nombre de cas de consciences politiques, de pr\u00e9suppos\u00e9s de ce paradigme en particulier la r\u00e9f\u00e9rence \u00e0 la dictature dans tous les sens du terme ou de l\u2019anarchie institutionnelle de l\u2019inconstitutionnelle, dans son non-respect des diff\u00e9rents d\u00e9lais \u00e9tablies, impartis et les d\u00e9marches crit\u00e9riologiques visant \u00e0 diff\u00e9rencier \u00e0 maints \u00e9gards trompeuses, fort \u00e9loign\u00e9e des figures modernes de l\u2019Etat d\u2019Exception qui est le n\u00f4tre dans cette cacophonie entre-m\u00eal\u00e9 des crises traversantes d\u00fb \u00e0 toutes ces \u00ab Rebellions ou les Factions Arm\u00e9es non-conventionnelles et les mercenaires, des Bandits de grand chemin, les terrorismes, la mauvaise Gouvernance, despotisme, la corruption et j\u2019en passe\u2026etc. \u00bb.<\/p>\n<p>Supposant qu\u2019on puisse \u00e9laborer \u00e0 un renouvellement de la classe politique, \u00e0 partir d\u2019une nouvelle g\u00e9n\u00e9ration des hommes politiques ou une mixit\u00e9e des anciens et nouvelles hommes politiques consciencieux sur les enjeux que traverse notre Pays, capable de faire la part des choses, \u00eatres int\u00e8gres, patriotes, mais de surcro\u00eet ayant une bonne exp\u00e9rience des institutions, et aussi surtout de les respect\u00e9es, en plus des comp\u00e9tences, \u00e0 partir de la consid\u00e9ration d\u2019un type id\u00e9alis\u00e9 politiquement qu\u2019aussi humaine.<\/p>\n<p>Un paradigme coh\u00e9sif, coh\u00e9rent de l\u2019Etat d\u2019exception moderne, qu\u2019il faut int\u00e9grer. Un tel paradigme pour expliquer les \u00e9volutions politiques et constitutionnelles\u2026, boiteuses soient-elles r\u00e9cemment en R\u00e9publique Centrafricaine. Nb) Il n\u2019est jamais trop tard pour faire bien les choses d\u00e9sormais et de se raviser sans exception, envisager de tous et toutes (fils et filles) de la Centrafrique confondu religieusement, ethniquement.<\/p>\n<p>Mes observations, se proposent une critique raisonn\u00e9e du paradigme de la dictature constitutionnelle ou une anarchie constitutionnelle pour mieux dire, qui apr\u00e8s presque plusieurs d\u00e9cennies de tergiversation politique, de la mauvaise Gouvernance dans notre Pays, a refait surface avant et apr\u00e8s \u2026depuis le Brexite en 1979 de l\u2019empire de Mr. Jean-Bedel BOKASSA pour ne pas emprunter ce mot chez nos amis les anglais\u2026etc. de la dictature de feu Mr. L\u2019Empereur de la Centrafrique d\u00e9chu, un \u00e9v\u00e9nement qu\u2019occasionnait la r\u00e9installation du feu Mr. David Dacko pour une deuxi\u00e8me pr\u00e9sidence de la R\u00e9publique \u00ab un destin exceptionnel \u00bb \u00e0 travers les op\u00e9rations BarakOuda et, quelques ann\u00e9es plus tard Brexiter, par un coup d\u2019\u00e9tat camoufl\u00e9 par le Comit\u00e9 Nationale de Redressement \u00ab CNR \u00bb. Ps) Il ne s\u2019agit pas ici de refaire l\u2019histoire de la Centrafrique depuis cette p\u00e9riode qui avait fait temps de souffrance \u00e9norm\u00e9ment aux Centrafricains pendant encore dix bonnes ann\u00e9es des mots tels que le \u00ab Tribalisme\u2026, des Divisions \u00e9hont\u00e9es orchestr\u00e9s au sein de la population qui vivait en harmonie sans d\u00e9fiance, de fait, les apologies de sup\u00e9riorit\u00e9s de l\u2019ethnie au pouvoir de l\u2019\u00e9poque\u00bb, laissaient des stigmates au sein de la population ou les r\u00e9alismes politiques raisonn\u00e9s avaient pris le dessus heureusement et, ainsi des pressions internes qu\u2019externes avaient pouss\u00e9es \u00e0 la voie de multipartismes. Une \u00e9lection d\u00e9mocratique \u2026 \u00ab Un Pr\u00e9sident avait \u00e9t\u00e9 \u00e9lu en 1993 d\u00e9mocratiquement \u00bb. Puis\u2026jusqu\u2019\u00e0 ce moment une r\u00e9apparition du \u00ab d\u00e9mon de coup d\u2019Etat \u00bb qui n\u2019\u00e9tais pas si lointain a fait son apparition le Chef : \u00ab des lib\u00e9rateurs\u00bb nous savons sur ce qui suivait\u2026, \u00ab la mauvaise Gouvernance, despotisme, la corruption \u00bb, les institutions encore d\u00e9cri\u00e9es, malmen\u00e9es et favorisaient plus des frustrations des parts et d\u2019autres, puis d\u00e9clenchaient \u00e0 nouveau les \u00ab R\u00e9bellions ou resurgissaient des Factions Arm\u00e9es non-conventionnelles \u00ab SELEKA \u00bb, en prime les mercenaires s\u2019y pr\u00eataient aux jeux dans notre R\u00e9publique \u00bb, Puis la plupart de Lib\u00e9rateur se sont \u00e9rig\u00e9s comme des Brigands et des Bandits de grand chemin, par ailleurs le pouvoir en place s\u2019\u00e9rigeait aussi, pratique le terrorisme institutionnelle en s\u2019installant dans les institutions Centrafricaines. Le mot m\u00e9rite a quasiment disparu dans les promotions sociales, aux vues des fils et filles de Centrafrique. Ce qui d\u00e9terminait, l\u2019app\u00e9tence et d\u00e9termination d\u2019o\u00f9, l\u2019av\u00e8nement dite SELEKA avec ces lots de forfaits, endeuillant le peuple Centrafricain \u00e0 nouveau sous pr\u00e9texte, que nous savons tous et toutes les trag\u00e9dies inqualifiables.<\/p>\n<p>En t\u00e9moignant la r\u00e9impression du d\u00e9j\u00e0 vue, je fais appelle \u00e0 des consciences de tous(es) les hommes politiques, de bien veiller \u00e0 notre constitution si fragile et de s\u2019installer dans ce paradigme objectif, on aurait certes tort de penser que tous ceux qui ont une th\u00e9orie, opinion divergente et n\u00e9anmoins son contreproductive pour tous(tes) hommes politiques Centrafricains(es) oppositions confondues.<\/p>\n<p>Ce paradigme de la dictature institutionnelle ou l\u2019anarchie institutionnelle qui correspond \u00e0 quelques principes non discut\u00e9s entre soi, ou inavou\u00e9s, peut-\u00eatre en raison du relatif oubli dans lequel ils ou elles sont tous(ttes) tomb\u00e9s(es), n\u2019a pas vraiment fait l\u2019objet de remises en question au sein de la classe politique Centrafricaine et une certaine soci\u00e9t\u00e9 civile et association pour l\u2019heure. Sur un plan juridique contemporaine, par exemple \u00e0 la mati\u00e8re de la diplomatie politiquement correcte et autres aspects politiques qui devrait d\u2019\u00eatre raisonnablement int\u00e9gr\u00e9 selon les risques et les enjeux afin de mieux relever les d\u00e9fis avenir.<\/p>\n<p>Il est cependant possible, toutes raisons gard\u00e9es de trouver selon les d\u00e9fis \u00e0 relever plus r\u00e9cemment une remise en cause au moins indirectement, soit que l\u2019on conteste la r\u00e9f\u00e9rence \u00e0 la dictature institutionnelle ou l\u2019anarchie institutionnelle. N\u2019\u00e9puiseront pas les modalit\u00e9s d\u2019extensions exceptionnelles des pouvoirs de l\u2019ex\u00e9cutif, soit enfin que l\u2019on constate les d\u00e9versements des crises encore post-\u00e9lectorale, dans les respects des d\u00e9lais impartis sur le plan institutionnel.<\/p>\n<p>Un pr\u00e9sident r\u00e9\u00e9lu et, il est install\u00e9 malgr\u00e9 tout, pour un nouveau mandat, les l\u00e9gislateurs se sont install\u00e9s avec toutes les composantes, aussi bien que mal de la repr\u00e9sentation de la nation et du bon fonctionnement de l\u2019Etat.<\/p>\n<p>Le chef de l\u2019ex\u00e9cutif devrait pr\u00e9senter sa d\u00e9missionne. En entrainant son \u00e9quipe, qui t\u2019au pr\u00e9sident de la R\u00e9publique chef d\u2019Etat r\u00e9\u00e9lu de d\u00e9cider, \u00e0 la reconduction de son premier ministre ou pas. En toute transparence ! En esp\u00e9rant une nouvelle \u00e9quipe Gouvernementale. La pr\u00e9servation de notre jeune d\u00e9mocratie, ainsi que les institutions au passage, respecter. Notre constitution dans toute sa dimension \u00e0 travers les textes qui r\u00e9gissent avec une bonne approche dans les installations des acteurs sur la t\u00eate des institutions de la R\u00e9publique. Que soit enfin que l\u2019on constate que les \u00e9volutions r\u00e9centes en la mati\u00e8re tendent \u00e0 faire de la constitution de ses avatars un outil soit trop pr\u00e9cis ou impr\u00e9cis, soit dangereusement constitutionnelle ou inconstitutionnelle pour l\u2019avenir de la d\u00e9mocratie en Centrafrique. Qu\u2019il est temps d\u2019\u00e9viter en jetant un doute sur la valeur heuristique du concept de pleins pouvoirs et des respects de la constitution, que je qualifierai de la dictature constitutionnelle ou l\u2019anarchie constitutionnelle constituerait un pr\u00e9c\u00e9dant en R\u00e9publique Centrafricaine le plus caract\u00e9ristique et caract\u00e9riser. Ps) \u00c0 bon entendeur patriotiquement votre\u2026 Que Dieu b\u00e9nisse notre Pays.<\/p>\n<p>&nbsp;<\/p>\n","protected":false},"excerpt":{"rendered":"<p>Africa-Press &#8211; CentrAfricaine.\u00a0 \u00a0Notre R\u00e9publique traverse une p\u00e9riode institutionnelle d\u2019exception sur les plans des diff\u00e9rends d\u00e9lais dans ces installations et transcription. \u00c0 savoir les respects, les r\u00e8gles applicables \u00e0 la mati\u00e8re des textes et, articles des lois \u00e9dict\u00e9es par la constitution, R\u00e9solument, les m\u00eames probl\u00e8mes dans ces pratiques hasardeuses, compromettant pour l\u2019avenir institutionnel persistant et [&hellip;]<\/p>\n","protected":false},"author":82,"featured_media":7214,"comment_status":"open","ping_status":"closed","sticky":false,"template":"","format":"standard","meta":{"footnotes":""},"categories":[11,2,20,10],"tags":[36,58,30],"class_list":["post-7215","post","type-post","status-publish","format-standard","has-post-thumbnail","hentry","category-homepage-french","category-politique","category-top-nouvelles","category-toutes-les-actualites","tag-africa-press","tag-africa-press-centrafricaine","tag-centrafricaine"],"yoast_head":"<!-- This site is optimized with the Yoast SEO Premium plugin v26.1 (Yoast SEO v27.0) - https:\/\/yoast.com\/product\/yoast-seo-premium-wordpress\/ -->\n<title>La Constitution de la R\u00e9publique serait-elle D\u00e9cri\u00e9e et non Respect\u00e9e ? - centrafricaine<\/title>\n<meta name=\"description\" content=\"Bangui, R\u00e9publique centrafricaine, vendredi, 21 mai 2021 , 03:37:59 ( Corbeaunews-Centrafrique ). Notre R\u00e9publiq ...\" \/>\n<meta name=\"robots\" content=\"index, follow, max-snippet:-1, max-image-preview:large, max-video-preview:-1\" \/>\n<link rel=\"canonical\" href=\"https:\/\/www.africa-press.net\/centrafricaine\/politique\/la-constitution-de-la-republique-serait-elle-decriee-et-non-respectee\" \/>\n<meta property=\"og:locale\" content=\"fr_FR\" \/>\n<meta property=\"og:type\" content=\"article\" \/>\n<meta property=\"og:title\" content=\"La Constitution de la R\u00e9publique serait-elle D\u00e9cri\u00e9e et non Respect\u00e9e ?\" \/>\n<meta property=\"og:description\" content=\"Bangui, R\u00e9publique centrafricaine, vendredi, 21 mai 2021 , 03:37:59 ( Corbeaunews-Centrafrique ). Notre R\u00e9publiq ...\" \/>\n<meta property=\"og:url\" content=\"https:\/\/www.africa-press.net\/centrafricaine\/politique\/la-constitution-de-la-republique-serait-elle-decriee-et-non-respectee\" \/>\n<meta property=\"og:site_name\" content=\"centrafricaine\" \/>\n<meta property=\"article:published_time\" content=\"2021-05-21T15:14:55+00:00\" \/>\n<meta property=\"article:modified_time\" content=\"2021-05-21T17:05:12+00:00\" \/>\n<meta property=\"og:image\" content=\"https:\/\/static.africa-press.net\/centrafricaine\/sites\/45\/2021\/05\/img-60a7ce24036d1.jpg\" \/>\n\t<meta property=\"og:image:width\" content=\"720\" \/>\n\t<meta property=\"og:image:height\" content=\"479\" \/>\n\t<meta property=\"og:image:type\" content=\"image\/jpeg\" \/>\n<meta name=\"author\" content=\"cfeditorfr\" \/>\n<meta name=\"twitter:card\" content=\"summary_large_image\" \/>\n<meta name=\"twitter:label1\" content=\"\u00c9crit par\" \/>\n\t<meta name=\"twitter:data1\" content=\"cfeditorfr\" \/>\n\t<meta name=\"twitter:label2\" content=\"Dur\u00e9e de lecture estim\u00e9e\" \/>\n\t<meta name=\"twitter:data2\" content=\"7 minutes\" \/>\n<script type=\"application\/ld+json\" class=\"yoast-schema-graph\">{\"@context\":\"https:\/\/schema.org\",\"@graph\":[{\"@type\":\"Article\",\"@id\":\"https:\/\/www.africa-press.net\/centrafricaine\/politique\/la-constitution-de-la-republique-serait-elle-decriee-et-non-respectee#article\",\"isPartOf\":{\"@id\":\"https:\/\/www.africa-press.net\/centrafricaine\/politique\/la-constitution-de-la-republique-serait-elle-decriee-et-non-respectee\"},\"author\":{\"name\":\"cfeditorfr\",\"@id\":\"https:\/\/www.africa-press.net\/centrafricaine\/#\/schema\/person\/2b1cf3cd81a31e3cd26889ca66d677f1\"},\"headline\":\"La Constitution de la R\u00e9publique serait-elle D\u00e9cri\u00e9e et non Respect\u00e9e ?\",\"datePublished\":\"2021-05-21T15:14:55+00:00\",\"dateModified\":\"2021-05-21T17:05:12+00:00\",\"mainEntityOfPage\":{\"@id\":\"https:\/\/www.africa-press.net\/centrafricaine\/politique\/la-constitution-de-la-republique-serait-elle-decriee-et-non-respectee\"},\"wordCount\":1630,\"commentCount\":0,\"image\":{\"@id\":\"https:\/\/www.africa-press.net\/centrafricaine\/politique\/la-constitution-de-la-republique-serait-elle-decriee-et-non-respectee#primaryimage\"},\"thumbnailUrl\":\"https:\/\/static.africa-press.net\/centrafricaine\/sites\/45\/2021\/05\/img-60a7ce24036d1.jpg\",\"keywords\":[\"Africa Press\",\"Africa Press-CentrAfricaine\",\"CentrAfricaine\"],\"articleSection\":[\"homepage-french\",\"Politique\",\"Top Nouvelles\",\"Toutes les actualit\u00e9s\"],\"inLanguage\":\"fr-FR\",\"potentialAction\":[{\"@type\":\"CommentAction\",\"name\":\"Comment\",\"target\":[\"https:\/\/www.africa-press.net\/centrafricaine\/politique\/la-constitution-de-la-republique-serait-elle-decriee-et-non-respectee#respond\"]}]},{\"@type\":\"WebPage\",\"@id\":\"https:\/\/www.africa-press.net\/centrafricaine\/politique\/la-constitution-de-la-republique-serait-elle-decriee-et-non-respectee\",\"url\":\"https:\/\/www.africa-press.net\/centrafricaine\/politique\/la-constitution-de-la-republique-serait-elle-decriee-et-non-respectee\",\"name\":\"La Constitution de la R\u00e9publique serait-elle D\u00e9cri\u00e9e et non Respect\u00e9e ? - centrafricaine\",\"isPartOf\":{\"@id\":\"https:\/\/www.africa-press.net\/centrafricaine\/#website\"},\"primaryImageOfPage\":{\"@id\":\"https:\/\/www.africa-press.net\/centrafricaine\/politique\/la-constitution-de-la-republique-serait-elle-decriee-et-non-respectee#primaryimage\"},\"image\":{\"@id\":\"https:\/\/www.africa-press.net\/centrafricaine\/politique\/la-constitution-de-la-republique-serait-elle-decriee-et-non-respectee#primaryimage\"},\"thumbnailUrl\":\"https:\/\/static.africa-press.net\/centrafricaine\/sites\/45\/2021\/05\/img-60a7ce24036d1.jpg\",\"datePublished\":\"2021-05-21T15:14:55+00:00\",\"dateModified\":\"2021-05-21T17:05:12+00:00\",\"author\":{\"@id\":\"https:\/\/www.africa-press.net\/centrafricaine\/#\/schema\/person\/2b1cf3cd81a31e3cd26889ca66d677f1\"},\"description\":\"Bangui, R\u00e9publique centrafricaine, vendredi, 21 mai 2021 , 03:37:59 ( Corbeaunews-Centrafrique ). Notre R\u00e9publiq ...\",\"breadcrumb\":{\"@id\":\"https:\/\/www.africa-press.net\/centrafricaine\/politique\/la-constitution-de-la-republique-serait-elle-decriee-et-non-respectee#breadcrumb\"},\"inLanguage\":\"fr-FR\",\"potentialAction\":[{\"@type\":\"ReadAction\",\"target\":[\"https:\/\/www.africa-press.net\/centrafricaine\/politique\/la-constitution-de-la-republique-serait-elle-decriee-et-non-respectee\"]}]},{\"@type\":\"ImageObject\",\"inLanguage\":\"fr-FR\",\"@id\":\"https:\/\/www.africa-press.net\/centrafricaine\/politique\/la-constitution-de-la-republique-serait-elle-decriee-et-non-respectee#primaryimage\",\"url\":\"https:\/\/static.africa-press.net\/centrafricaine\/sites\/45\/2021\/05\/img-60a7ce24036d1.jpg\",\"contentUrl\":\"https:\/\/static.africa-press.net\/centrafricaine\/sites\/45\/2021\/05\/img-60a7ce24036d1.jpg\",\"width\":720,\"height\":479,\"caption\":\"La Constitution de la R\u00e9publique serait-elle D\u00e9cri\u00e9e et non Respect\u00e9e ?\"},{\"@type\":\"BreadcrumbList\",\"@id\":\"https:\/\/www.africa-press.net\/centrafricaine\/politique\/la-constitution-de-la-republique-serait-elle-decriee-et-non-respectee#breadcrumb\",\"itemListElement\":[{\"@type\":\"ListItem\",\"position\":1,\"name\":\"Accueil\",\"item\":\"https:\/\/www.africa-press.net\/centrafricaine\/\"},{\"@type\":\"ListItem\",\"position\":2,\"name\":\"La Constitution de la R\u00e9publique serait-elle D\u00e9cri\u00e9e et non Respect\u00e9e ?\"}]},{\"@type\":\"WebSite\",\"@id\":\"https:\/\/www.africa-press.net\/centrafricaine\/#website\",\"url\":\"https:\/\/www.africa-press.net\/centrafricaine\/\",\"name\":\"centrafricaine\",\"description\":\"Just another Africa News Agency Sites site\",\"potentialAction\":[{\"@type\":\"SearchAction\",\"target\":{\"@type\":\"EntryPoint\",\"urlTemplate\":\"https:\/\/www.africa-press.net\/centrafricaine\/?s={search_term_string}\"},\"query-input\":{\"@type\":\"PropertyValueSpecification\",\"valueRequired\":true,\"valueName\":\"search_term_string\"}}],\"inLanguage\":\"fr-FR\"},{\"@type\":\"Person\",\"@id\":\"https:\/\/www.africa-press.net\/centrafricaine\/#\/schema\/person\/2b1cf3cd81a31e3cd26889ca66d677f1\",\"name\":\"cfeditorfr\"}]}<\/script>\n<!-- \/ Yoast SEO Premium plugin. -->","yoast_head_json":{"title":"La Constitution de la R\u00e9publique serait-elle D\u00e9cri\u00e9e et non Respect\u00e9e ? - centrafricaine","description":"Bangui, R\u00e9publique centrafricaine, vendredi, 21 mai 2021 , 03:37:59 ( Corbeaunews-Centrafrique ). Notre R\u00e9publiq ...","robots":{"index":"index","follow":"follow","max-snippet":"max-snippet:-1","max-image-preview":"max-image-preview:large","max-video-preview":"max-video-preview:-1"},"canonical":"https:\/\/www.africa-press.net\/centrafricaine\/politique\/la-constitution-de-la-republique-serait-elle-decriee-et-non-respectee","og_locale":"fr_FR","og_type":"article","og_title":"La Constitution de la R\u00e9publique serait-elle D\u00e9cri\u00e9e et non Respect\u00e9e ?","og_description":"Bangui, R\u00e9publique centrafricaine, vendredi, 21 mai 2021 , 03:37:59 ( Corbeaunews-Centrafrique ). Notre R\u00e9publiq ...","og_url":"https:\/\/www.africa-press.net\/centrafricaine\/politique\/la-constitution-de-la-republique-serait-elle-decriee-et-non-respectee","og_site_name":"centrafricaine","article_published_time":"2021-05-21T15:14:55+00:00","article_modified_time":"2021-05-21T17:05:12+00:00","og_image":[{"width":720,"height":479,"url":"https:\/\/static.africa-press.net\/centrafricaine\/sites\/45\/2021\/05\/img-60a7ce24036d1.jpg","type":"image\/jpeg"}],"author":"cfeditorfr","twitter_card":"summary_large_image","twitter_misc":{"\u00c9crit par":"cfeditorfr","Dur\u00e9e de lecture estim\u00e9e":"7 minutes"},"schema":{"@context":"https:\/\/schema.org","@graph":[{"@type":"Article","@id":"https:\/\/www.africa-press.net\/centrafricaine\/politique\/la-constitution-de-la-republique-serait-elle-decriee-et-non-respectee#article","isPartOf":{"@id":"https:\/\/www.africa-press.net\/centrafricaine\/politique\/la-constitution-de-la-republique-serait-elle-decriee-et-non-respectee"},"author":{"name":"cfeditorfr","@id":"https:\/\/www.africa-press.net\/centrafricaine\/#\/schema\/person\/2b1cf3cd81a31e3cd26889ca66d677f1"},"headline":"La Constitution de la R\u00e9publique serait-elle D\u00e9cri\u00e9e et non Respect\u00e9e ?","datePublished":"2021-05-21T15:14:55+00:00","dateModified":"2021-05-21T17:05:12+00:00","mainEntityOfPage":{"@id":"https:\/\/www.africa-press.net\/centrafricaine\/politique\/la-constitution-de-la-republique-serait-elle-decriee-et-non-respectee"},"wordCount":1630,"commentCount":0,"image":{"@id":"https:\/\/www.africa-press.net\/centrafricaine\/politique\/la-constitution-de-la-republique-serait-elle-decriee-et-non-respectee#primaryimage"},"thumbnailUrl":"https:\/\/static.africa-press.net\/centrafricaine\/sites\/45\/2021\/05\/img-60a7ce24036d1.jpg","keywords":["Africa Press","Africa Press-CentrAfricaine","CentrAfricaine"],"articleSection":["homepage-french","Politique","Top Nouvelles","Toutes les actualit\u00e9s"],"inLanguage":"fr-FR","potentialAction":[{"@type":"CommentAction","name":"Comment","target":["https:\/\/www.africa-press.net\/centrafricaine\/politique\/la-constitution-de-la-republique-serait-elle-decriee-et-non-respectee#respond"]}]},{"@type":"WebPage","@id":"https:\/\/www.africa-press.net\/centrafricaine\/politique\/la-constitution-de-la-republique-serait-elle-decriee-et-non-respectee","url":"https:\/\/www.africa-press.net\/centrafricaine\/politique\/la-constitution-de-la-republique-serait-elle-decriee-et-non-respectee","name":"La Constitution de la R\u00e9publique serait-elle D\u00e9cri\u00e9e et non Respect\u00e9e ? - centrafricaine","isPartOf":{"@id":"https:\/\/www.africa-press.net\/centrafricaine\/#website"},"primaryImageOfPage":{"@id":"https:\/\/www.africa-press.net\/centrafricaine\/politique\/la-constitution-de-la-republique-serait-elle-decriee-et-non-respectee#primaryimage"},"image":{"@id":"https:\/\/www.africa-press.net\/centrafricaine\/politique\/la-constitution-de-la-republique-serait-elle-decriee-et-non-respectee#primaryimage"},"thumbnailUrl":"https:\/\/static.africa-press.net\/centrafricaine\/sites\/45\/2021\/05\/img-60a7ce24036d1.jpg","datePublished":"2021-05-21T15:14:55+00:00","dateModified":"2021-05-21T17:05:12+00:00","author":{"@id":"https:\/\/www.africa-press.net\/centrafricaine\/#\/schema\/person\/2b1cf3cd81a31e3cd26889ca66d677f1"},"description":"Bangui, R\u00e9publique centrafricaine, vendredi, 21 mai 2021 , 03:37:59 ( Corbeaunews-Centrafrique ). Notre R\u00e9publiq ...","breadcrumb":{"@id":"https:\/\/www.africa-press.net\/centrafricaine\/politique\/la-constitution-de-la-republique-serait-elle-decriee-et-non-respectee#breadcrumb"},"inLanguage":"fr-FR","potentialAction":[{"@type":"ReadAction","target":["https:\/\/www.africa-press.net\/centrafricaine\/politique\/la-constitution-de-la-republique-serait-elle-decriee-et-non-respectee"]}]},{"@type":"ImageObject","inLanguage":"fr-FR","@id":"https:\/\/www.africa-press.net\/centrafricaine\/politique\/la-constitution-de-la-republique-serait-elle-decriee-et-non-respectee#primaryimage","url":"https:\/\/static.africa-press.net\/centrafricaine\/sites\/45\/2021\/05\/img-60a7ce24036d1.jpg","contentUrl":"https:\/\/static.africa-press.net\/centrafricaine\/sites\/45\/2021\/05\/img-60a7ce24036d1.jpg","width":720,"height":479,"caption":"La Constitution de la R\u00e9publique serait-elle D\u00e9cri\u00e9e et non Respect\u00e9e ?"},{"@type":"BreadcrumbList","@id":"https:\/\/www.africa-press.net\/centrafricaine\/politique\/la-constitution-de-la-republique-serait-elle-decriee-et-non-respectee#breadcrumb","itemListElement":[{"@type":"ListItem","position":1,"name":"Accueil","item":"https:\/\/www.africa-press.net\/centrafricaine\/"},{"@type":"ListItem","position":2,"name":"La Constitution de la R\u00e9publique serait-elle D\u00e9cri\u00e9e et non Respect\u00e9e ?"}]},{"@type":"WebSite","@id":"https:\/\/www.africa-press.net\/centrafricaine\/#website","url":"https:\/\/www.africa-press.net\/centrafricaine\/","name":"centrafricaine","description":"Just another Africa News Agency Sites site","potentialAction":[{"@type":"SearchAction","target":{"@type":"EntryPoint","urlTemplate":"https:\/\/www.africa-press.net\/centrafricaine\/?s={search_term_string}"},"query-input":{"@type":"PropertyValueSpecification","valueRequired":true,"valueName":"search_term_string"}}],"inLanguage":"fr-FR"},{"@type":"Person","@id":"https:\/\/www.africa-press.net\/centrafricaine\/#\/schema\/person\/2b1cf3cd81a31e3cd26889ca66d677f1","name":"cfeditorfr"}]}},"_links":{"self":[{"href":"https:\/\/www.africa-press.net\/centrafricaine\/wp-json\/wp\/v2\/posts\/7215","targetHints":{"allow":["GET"]}}],"collection":[{"href":"https:\/\/www.africa-press.net\/centrafricaine\/wp-json\/wp\/v2\/posts"}],"about":[{"href":"https:\/\/www.africa-press.net\/centrafricaine\/wp-json\/wp\/v2\/types\/post"}],"author":[{"embeddable":true,"href":"https:\/\/www.africa-press.net\/centrafricaine\/wp-json\/wp\/v2\/users\/82"}],"replies":[{"embeddable":true,"href":"https:\/\/www.africa-press.net\/centrafricaine\/wp-json\/wp\/v2\/comments?post=7215"}],"version-history":[{"count":0,"href":"https:\/\/www.africa-press.net\/centrafricaine\/wp-json\/wp\/v2\/posts\/7215\/revisions"}],"wp:featuredmedia":[{"embeddable":true,"href":"https:\/\/www.africa-press.net\/centrafricaine\/wp-json\/wp\/v2\/media\/7214"}],"wp:attachment":[{"href":"https:\/\/www.africa-press.net\/centrafricaine\/wp-json\/wp\/v2\/media?parent=7215"}],"wp:term":[{"taxonomy":"category","embeddable":true,"href":"https:\/\/www.africa-press.net\/centrafricaine\/wp-json\/wp\/v2\/categories?post=7215"},{"taxonomy":"post_tag","embeddable":true,"href":"https:\/\/www.africa-press.net\/centrafricaine\/wp-json\/wp\/v2\/tags?post=7215"}],"curies":[{"name":"wp","href":"https:\/\/api.w.org\/{rel}","templated":true}]}}